{"id":104,"date":"2020-08-01T12:30:34","date_gmt":"2020-08-01T12:30:34","guid":{"rendered":"https:\/\/www.feriadeteatro.com\/catalogociascyl\/?p=104"},"modified":"2021-07-07T14:52:21","modified_gmt":"2021-07-07T14:52:21","slug":"jean-philippe-kikolas","status":"publish","type":"post","link":"https:\/\/www.feriadeteatro.com\/catalogociascyl\/2020\/08\/01\/jean-philippe-kikolas\/","title":{"rendered":"JEAN PHILIPPE KIKOLAS"},"content":{"rendered":"<p>Jean Philippe Kikolas es Quique Mendez, se forma de manera autodidacta, experimentando y descubriendo bajo la tutela de diferentes formadores y artistas esc\u00e9nicos de trayectoria internacional. En 2012 comienza su andadura en solitario como Jean Philippe Kikolas. Desde entonces ha participado con sus espect\u00e1culos\u00a0 en diferentes ferias, festivales, programaciones, ciclos&#8230; tanto en Espa\u00f1a, como en Portugal, B\u00e9lgica, Holanda, Suiza, Alemania, Austria, Suiza, Italia&#8230;..<\/p>\n<p>Sus espect\u00e1culos\u00a0 tienen un componente po\u00e9tico, sumado a una cuidada imagen\u00a0 y una mezcla de las t\u00e9cnicas de circo dentro del teatro fisico, para contar con la acci\u00f3n y la sugesti\u00f3n, m\u00e1s que con la palabra.<\/p>\n<p style=\"text-align: center;\"><a href=\"https:\/\/www.feriadeteatro.com\/catalogociascyl\/wp-content\/uploads\/2020\/07\/calorphilip-scaled.jpg\"><img decoding=\"async\" loading=\"lazy\" class=\"aligncenter size-large wp-image-107\" src=\"https:\/\/www.feriadeteatro.com\/catalogociascyl\/wp-content\/uploads\/2020\/07\/calorphilip-1024x683.jpg\" alt=\"\" width=\"1024\" height=\"683\" srcset=\"https:\/\/www.feriadeteatro.com\/catalogociascyl\/wp-content\/uploads\/2020\/07\/calorphilip-1024x683.jpg 1024w, https:\/\/www.feriadeteatro.com\/catalogociascyl\/wp-content\/uploads\/2020\/07\/calorphilip-300x200.jpg 300w, https:\/\/www.feriadeteatro.com\/catalogociascyl\/wp-content\/uploads\/2020\/07\/calorphilip-768x513.jpg 768w, https:\/\/www.feriadeteatro.com\/catalogociascyl\/wp-content\/uploads\/2020\/07\/calorphilip-1536x1025.jpg 1536w, https:\/\/www.feriadeteatro.com\/catalogociascyl\/wp-content\/uploads\/2020\/07\/calorphilip-2048x1367.jpg 2048w, https:\/\/www.feriadeteatro.com\/catalogociascyl\/wp-content\/uploads\/2020\/07\/calorphilip-1180x788.jpg 1180w, https:\/\/www.feriadeteatro.com\/catalogociascyl\/wp-content\/uploads\/2020\/07\/calorphilip-800x534.jpg 800w, https:\/\/www.feriadeteatro.com\/catalogociascyl\/wp-content\/uploads\/2020\/07\/calorphilip-650x434.jpg 650w, https:\/\/www.feriadeteatro.com\/catalogociascyl\/wp-content\/uploads\/2020\/07\/calorphilip-440x294.jpg 440w, https:\/\/www.feriadeteatro.com\/catalogociascyl\/wp-content\/uploads\/2020\/07\/calorphilip-375x249.jpg 375w\" sizes=\"(max-width: 1024px) 100vw, 1024px\" \/><\/a><\/p>\n<p>\u00b7 Personalidad Jur\u00eddica de la empresa: <strong><em>Aut\u00f3nomo<br \/>\n<\/em><\/strong>\u00b7 A\u00f1o de constituci\u00f3n de la Compa\u00f1\u00eda: <strong>2012<\/strong><\/p>\n<p><em>\u00b7 <\/em>Direcci\u00f3n:<strong><em> C\/EL TINTE, 15 6\u00baB<\/em><\/strong><\/p>\n<p>\u00b7 Enlace a WEB: <a href=\"http:\/\/jeanphilippekikolas.com\" target=\"_blank\" rel=\"noopener noreferrer\">http:\/\/jeanphilippekikolas.com<\/a><\/p>\n<p>. Mail:\u00a0<a href=\"sinremitecirco@gmail.com\">sinremitecirco@gmail.com<\/a><\/p>\n<p>\u00b7 Enlaces a Redes Sociales:<\/p>\n<p><a href=\"https:\/\/www.facebook.com\/loskikolas\" target=\"_blank\" rel=\"noopener noreferrer\">https:\/\/www.facebook.com\/loskikolas<\/a><br \/>\n<a href=\"https:\/\/www.instagram.com\/kikolas_jean_philippe\/\" target=\"_blank\" rel=\"noopener noreferrer\">https:\/\/www.instagram.com\/kikolas_jean_philippe\/<\/a><br \/>\n<a href=\"https:\/\/vimeo.com\/user24307070\" target=\"_blank\" rel=\"noopener noreferrer\">https:\/\/vimeo.com\/user24307070<\/a><\/p>\n<hr \/>\n<p><strong>ESPECT\u00c1CULO DESTACADO:<\/strong><\/p>\n<p><strong><em>Calor<\/em><\/strong><\/p>\n<p>CALOR se inspira en la situaci\u00f3n en la que viven muchas personas carentes de hogar, viajeros involuntarios que se vieron forzados a dejar sus casas, obligados a marcharse precipitadamente de sus hogares. N\u00f3madas de nuestro tiempo que atraviesan el mundo buscando un lugar, tanteando a ciegas sociedades y culturas, ciudades y pueblos extranjeros\u2026 Andantes sin tiempo que viajan con la determinaci\u00f3n y la esperanza de encontrar su nuevo hogar.<\/p>\n<p>CALOR es un espect\u00e1culo inmersivo,\u00a0 po\u00e9tico y delicado, combina el clown con las artes circenses,\u00a0 un universo on\u00edrico y po\u00e9tico donde el p\u00fablico es invitado a sentir, a imaginar y re\u00edr, a pensar y jugar.<\/p>\n<p>Se presenta en un espacio esc\u00e9nico \u00fanico. Un teatro ambulante que dispone de equipos\u00a0 de iluminaci\u00f3n y sonido propios, as\u00ed como gradas para el p\u00fablico, aforado, con capacidad para 110 personas por pase.<\/p>\n<p>De forma paralela la compa\u00f1\u00eda desarrolla otro tipo de proyectos de creaci\u00f3n colectiva, tanto con otras compa\u00f1\u00edas como las fomentadas en su propio espacio esc\u00e9nico itinerante: Un domo geod\u00e9sico , una peque\u00f1a carpa de circo.<\/p>\n<p><iframe loading=\"lazy\" src=\"https:\/\/player.vimeo.com\/video\/260670826\" width=\"640\" height=\"360\" frameborder=\"0\" allowfullscreen=\"allowfullscreen\"><\/iframe><\/p>\n<p>[<a href=\"https:\/\/www.feriadeteatro.com\/catalogociascyl\/category\/companias\/\">VOLVER AL CAT\u00c1LOGO DE COMPA\u00d1\u00cdAS<\/a>]<\/p>\n<div class=\"pdf24Plugin-cp\"> \t<form name=\"pdf24Form0\" method=\"post\" action=\"https:\/\/doc2pdf.pdf24.org\/wordpress.php\" target=\"pdf24PopWin\" onsubmit=\"var pdf24Win = window.open('about:blank', 'pdf24PopWin', 'resizable=yes,scrollbars=yes,width=600,height=250,left='+(screen.width\/2-300)+',top='+(screen.height\/3-125)+''); pdf24Win.focus(); if(typeof pdf24OnCreatePDF === 'function'){void(pdf24OnCreatePDF(this,pdf24Win));}\"> \t\t<input type=\"hidden\" name=\"blogCharset\" value=\"Cw1x07UAAA==\" \/><input type=\"hidden\" name=\"blogPosts\" value=\"MwQA\" \/><input type=\"hidden\" name=\"blogUrl\" value=\"yygpKSi20tcvLy\/XS0stykxMSS1JTSwpytdLzs\/VT04sSczJT89PzkwsTq7MAQA=\" \/><input type=\"hidden\" name=\"blogName\" value=\"c04sObwwJz89XyElVcE5P7cg8fDGzMRiEC8kNbGkCCKeWFySmZOTqFCp4JN6eHMeAA==\" \/><input type=\"hidden\" name=\"blogValueEncoding\" value=\"gzdeflate base64\" \/><input type=\"hidden\" name=\"blogDocHeader\" value=\"AwA=\" \/><input type=\"hidden\" name=\"blogDocSize\" value=\"MzI0qDCyNAcA\" \/><input type=\"hidden\" name=\"blogDocOrientation\" value=\"K8gvKilKzCwBAA==\" \/><input type=\"hidden\" name=\"blogDocStyle\" value=\"AwA=\" \/><input type=\"hidden\" name=\"blogDocFilename\" value=\"AwA=\" \/><input type=\"hidden\" name=\"blogDocTpl\" value=\"hVLbbqMwEH1mpf7DLH2tS4jUVQUEabU\/0Jf9AAcmwZKxqZmmoSj\/vh7HaXOptCAwnplzzng4VUe9ru9+VB3K1q9JtZYjQudws0pn\/v7r9CGFLORIkcZ65lqtDB6q7BjhXI8koSMaBL6+qd0qbawhNCRoGjCFuFulhHvKWLWEppNuRFrN8SPoJEw20qQRGBkBzTimQeanEH5J1radHqBVuwegFmYOJRsvIUb1gQXk+UAlfEU3sld6KuC3U1LHRGO1dQXcL8JVgg+FOOuJFhvrJClroABjDZbJF9s7qm1HIeF6z8eZwxEtYy+R3MjdVP6f9sCvLo\/YUCm12poCGj8zdOV5kbw97nLhj3vdXwFrq9sz6DICe+m2yoi1JbJ9AU\/D\/qLoht+3mv\/6RgCuFR6DB266ez5hTxP\/s+D7c+JHLJ\/6skGyg1denLf3yP\/9RbpYeYyNOEg\/VOvOgvzM3jS8ESI4JwumYq9n0ewVs4Vcl9eVPLn+ZO\/g\/Au3y9pj84Dw1qvnaGqf4S0zR8YqOLz+Bw==\" \/><input type=\"hidden\" name=\"postId_0\" value=\"MzQwAQA=\" \/><input type=\"hidden\" name=\"postTitle_0\" value=\"83J19FMI8PD08QwIcFXw9vT293EMBgA=\" \/><input type=\"hidden\" name=\"postLink_0\" value=\"BcFRDoAgCADQEynkV+s2jKhICqdsrtv33hXRxgYw58yHdKVdQii6Z\/YHmILMT2elwZ9BwYKAK+ACt9Cb2qWmrUmqWt1owA8=\" \/><input type=\"hidden\" name=\"postAuthor_0\" value=\"SylxSCnJzEvLL8pNLMlMTtQDsQE=\" \/><input type=\"hidden\" name=\"postDateTime_0\" value=\"MzIwMtA1sNA1MFQwNLIysLAyNgEA\" \/><input type=\"hidden\" name=\"postContent_0\" value=\"vVjNbiM3Er7nKYheIEgAWd2SZUlRZCEaWcjPemJnPMkeFosB1U1L9LDJHrIpSz7tPsAe9g2SSwAf5hDksMAcp99knyRfsSVZk\/VmdwdQ4ININln11Q9Z9XlYjL4SXLPLhVSyKAT7o3xpFHdMOPaNl6+8YE+FzsRdgznBro3NOcsEy7kWljPuS5PJjKclbzCxKoSVudAl15lha+xzqZ9ZKWg64zeGKc5KXwoVZGTyWljshqYgNzMWwzXjtpSuDBDS6l7L1DjaXlq+FmlprORM4pTVPJVGc9VkU83aSavNUpND2R1nzjNg4JkHRqGZM0qW3EpDOwx71OAmOxMOagDI6BRAFpwVBCWVBaDhJOR4AlUARfVD6pVxb78n8fuGwAPcNfDrSrnkSmBcWDO3PA9oaZ7KFEc\/\/EO\/fZx8yuCs0pCUqSt49RP8GDBi4dLY0s+5arAn1b2ayxTfvgBUGNZgV17e4WesBEIhaeRdaeXDly9LriTfaGk2h3Ex+mBYjK4eMaGE06DPa1JdACRMYYWp7mG8Qdw9xYZxbOAs9Qh3hgjkfC40Dq\/Dci7u0jqqlDtldZ8ibjzELZU2NRjo0tKPYqXgNLyWLoiHkzl5FwEKToYYnqay+llDtqJYzsmZmDdYXv3gGOXkZmPBFZ9ZvrWOuXKtxGlUilV5BPPnesBSssZ+Go2GnC2suD6NFmVZuEEc397eNkO8MlFDasL8OOVwnJmbFHFM1yq+LY4IHKTEvlCGZy5uJ+0kTnrYqowtQh4dOUxE1rwp5tAk8zksTXE19Pw04m6t04jR2TBX\/G4dMbjLOXwklDVG5uSdOFLczgWD1uDho1bSi5iz6YFgt5J2Z9XtHwfgjKvyNIrYrczKxWlE3yK2EHK+wDI2BSBOlL8DFkaT2wY7iKLjJFm1kyTowfhQanrd\/uqkVZuD8aHUtE6Ouyu466T2G2aH0tROOv1V67jbC5podjCbWv1k1ev3a5MwOZSiPlLh5LgT9PQPlwrdk2TV2ajB+FBqOh0k9ie1GowPdn96J6t255P6\/vRObqPwcuEx+yjnq6PwegzCBS5WH+M3WQJIPY1YPBrGfLStRm\/\/yS6FdVTFqaywr7ytXmeoHHUlYSIv0BPwARuiuBk9Hw1FPhr7EsUARXI4s5D3wTDG4jDe7IDIcfWTCZXHaBSO0tfFpJY4QYVDma1e7wml3mF3fguNNEFWEH4mrahL0mAfCJvE03P2\/Muvn09h4Anrvn3z5F0we3ZOteKpQBX90\/QJVO8XI8TnBi1JselIXm4aEkQoQnuAcoAX98UMhf9lxKxQp5E2pkDJtkyjZUJYrbDR6Lcl7Xu9yZ5yqQZvv9+hcFJbkctShGL92TzH96B\/9J++\/CqKtXUO5j0TaPvYFeUUup\/Bzp2PVl+cmRnzMiQjepEN3v\/X6v8iLkDdpMpjKCSyhFOHFs5tDr0gP77YOjJ+X0j\/i+zfwrdEP13fVe+EbXeOkx7+3gfN45IewrioASBSm9ydXl1OJ8+rv02+Pb9gZ9Or5+PJ+Oxi8O8XZe9GTOiVePwKTMbnF8+IQ8Alhaz7curucD95fUHrBerulnKJSe7TBVrIon4gHEv5psnGTV6YObcNbOQ3woIfSL00yuvQ5NcdoiMx+KaJXNyhgaXkzMQNukxq49GcUp9uZui\/Nh9zbqHQ4iAeHXT9oAwZz0MzDI10KGgVoApfVz+jJ677W+0FmUpdNJrnoBsPLIdyB5qBfjf3gf94tIg0QJutfEBPrb8Ia2iApZhDnsO9EXgJAxFCf16CwQTK4LeLhRcz5DbYFpToYP2\/\/vojG4MVBOfgwu5DIQ9xve2X6fW3udR8r78mNgBJd+HNFZoKgA1OIsuWpja6+W4YoQdm7PMIRCBHoOTSNEAKtuQhkECF9zwzgdfMoJpcAgJ0uwXliPBBID0wQjswJAjwREeQBQg9M7p6bWthO7mZ0YRWsaJ6gxBiRYQkoJiROx3CJuHimqhAq8VpKyCI1nBLXFi58fu2XYXI09GQnbWFRNsemCir3tBPk32rtzyG5zOvyPfB35l0xKCCL195WQSChYlUft\/vyGgJoKCGBRIWmFz1uiZ+eCwosQIr2rMPW5DHGz\/CdZyAUckMG1ut5OGeFMZi1YmdXWdb4k57FbFvxQPVqwsh8XRurVFYNXUmF6F+Al1g3DWNs2KDPjUKq2C3jQ15JUA4SFd0J9TV1lB4r034nwBZRVzcb6x+xLmylPRvBfhyQA7Ogj+Eyap7ooqsEahmAb8KEGV6Dwq+Y5g7a4fyGu+t+DXfeodDFYqvhW0+vIlLmQkTt7tJt5f0290dB+p2kgcKdNzFJAifGZsJexolxJmQy9deKQcPCU2M7p0F0MG4RrR7Cv\/8nlQUczE3dh0HN4P1uzgafXdx\/t30GRufs8kYr\/X5xef0WrPJxdPLcfWP6u\/jK3rj\/xJ0\/wI=\" \/> \t\t<a href=\"https:\/\/www.pdf24.org\" target=\"_blank\" title=\"www.pdf24.org\" rel=\"nofollow\"><img src=\"https:\/\/www.feriadeteatro.com\/catalogociascyl\/wp-content\/plugins\/pdf24-post-to-pdf\/img\/pdf_32x32.png\" alt=\"\" border=\"0\" height=\"32\" \/><\/a> \t\t<span class=\"pdf24Plugin-cp-space\">&nbsp;&nbsp;<\/span> \t\t<span class=\"pdf24Plugin-cp-text\">Enviar art\u00edculo en formato PDF<\/span> \t\t<span class=\"pdf24Plugin-cp-space\">&nbsp;&nbsp;<\/span> \t\t<input class=\"pdf24Plugin-cp-input\" style=\"margin: 0px;\" type=\"text\" name=\"sendEmailTo\" placeholder=\"Correo electr\u00f3nico\" \/> \t\t<input class=\"pdf24Plugin-cp-submit\" style=\"margin: 0px;\" type=\"submit\" value=\"Enviar\" \/> \t<\/form> <\/div>","protected":false},"excerpt":{"rendered":"<p>Jean Philippe Kikolas es Quique Mendez, se forma de manera autodidacta, experimentando y descubriendo bajo la tutela de diferentes formadores y artistas esc\u00e9nicos de trayectoria internacional. En 2012 comienza su andadura en solitario como Jean Philippe Kikolas. Desde entonces ha participado con sus espect\u00e1culos\u00a0 en diferentes ferias, festivales, programaciones, ciclos&#8230; tanto en Espa\u00f1a, como en [&hellip;]<\/p>\n","protected":false},"author":1,"featured_media":701,"comment_status":"open","ping_status":"open","sticky":false,"template":"","format":"standard","meta":[],"categories":[27,6,11,3,28,26,9,24],"tags":[47,46,48],"_links":{"self":[{"href":"https:\/\/www.feriadeteatro.com\/catalogociascyl\/wp-json\/wp\/v2\/posts\/104"}],"collection":[{"href":"https:\/\/www.feriadeteatro.com\/catalogociascyl\/wp-json\/wp\/v2\/posts"}],"about":[{"href":"https:\/\/www.feriadeteatro.com\/catalogociascyl\/wp-json\/wp\/v2\/types\/post"}],"author":[{"embeddable":true,"href":"https:\/\/www.feriadeteatro.com\/catalogociascyl\/wp-json\/wp\/v2\/users\/1"}],"replies":[{"embeddable":true,"href":"https:\/\/www.feriadeteatro.com\/catalogociascyl\/wp-json\/wp\/v2\/comments?post=104"}],"version-history":[{"count":5,"href":"https:\/\/www.feriadeteatro.com\/catalogociascyl\/wp-json\/wp\/v2\/posts\/104\/revisions"}],"predecessor-version":[{"id":832,"href":"https:\/\/www.feriadeteatro.com\/catalogociascyl\/wp-json\/wp\/v2\/posts\/104\/revisions\/832"}],"wp:featuredmedia":[{"embeddable":true,"href":"https:\/\/www.feriadeteatro.com\/catalogociascyl\/wp-json\/wp\/v2\/media\/701"}],"wp:attachment":[{"href":"https:\/\/www.feriadeteatro.com\/catalogociascyl\/wp-json\/wp\/v2\/media?parent=104"}],"wp:term":[{"taxonomy":"category","embeddable":true,"href":"https:\/\/www.feriadeteatro.com\/catalogociascyl\/wp-json\/wp\/v2\/categories?post=104"},{"taxonomy":"post_tag","embeddable":true,"href":"https:\/\/www.feriadeteatro.com\/catalogociascyl\/wp-json\/wp\/v2\/tags?post=104"}],"curies":[{"name":"wp","href":"https:\/\/api.w.org\/{rel}","templated":true}]}}