{"id":114,"date":"2020-08-01T10:45:06","date_gmt":"2020-08-01T10:45:06","guid":{"rendered":"https:\/\/www.feriadeteatro.com\/catalogociascyl\/?p=114"},"modified":"2020-08-23T11:02:33","modified_gmt":"2020-08-23T11:02:33","slug":"la-befana","status":"publish","type":"post","link":"https:\/\/www.feriadeteatro.com\/catalogociascyl\/2020\/08\/01\/la-befana\/","title":{"rendered":"LA BEFANA"},"content":{"rendered":"<p>La Befana teatro es una compa\u00f1\u00eda profesional de teatro y productora de artes esc\u00e9nicas que nace en 2012, pero no ser\u00e1 hasta el 2014 cuando encontraremos el sello propio de la compa\u00f1\u00eda, marca de identidad a la que nos hemos mantenido fieles con espect\u00e1culos unipersonales, de peque\u00f1o y mediano formato, que abordan el teatro cl\u00e1sico y los personajes hist\u00f3ricos, y en los que siempre se destaca la importancia de la palabra y el silencio.<\/p>\n<p style=\"text-align: center;\"><a href=\"https:\/\/www.feriadeteatro.com\/catalogociascyl\/wp-content\/uploads\/2020\/07\/Son\u0303ando-Dulcinea-scaled.jpg\"><img decoding=\"async\" loading=\"lazy\" class=\"aligncenter size-large wp-image-115\" src=\"https:\/\/www.feriadeteatro.com\/catalogociascyl\/wp-content\/uploads\/2020\/07\/Son\u0303ando-Dulcinea-683x1024.jpg\" alt=\"\" width=\"683\" height=\"1024\" srcset=\"https:\/\/www.feriadeteatro.com\/catalogociascyl\/wp-content\/uploads\/2020\/07\/Son\u0303ando-Dulcinea-683x1024.jpg 683w, https:\/\/www.feriadeteatro.com\/catalogociascyl\/wp-content\/uploads\/2020\/07\/Son\u0303ando-Dulcinea-200x300.jpg 200w, https:\/\/www.feriadeteatro.com\/catalogociascyl\/wp-content\/uploads\/2020\/07\/Son\u0303ando-Dulcinea-768x1152.jpg 768w, https:\/\/www.feriadeteatro.com\/catalogociascyl\/wp-content\/uploads\/2020\/07\/Son\u0303ando-Dulcinea-1024x1536.jpg 1024w, https:\/\/www.feriadeteatro.com\/catalogociascyl\/wp-content\/uploads\/2020\/07\/Son\u0303ando-Dulcinea-1365x2048.jpg 1365w, https:\/\/www.feriadeteatro.com\/catalogociascyl\/wp-content\/uploads\/2020\/07\/Son\u0303ando-Dulcinea-1180x1770.jpg 1180w, https:\/\/www.feriadeteatro.com\/catalogociascyl\/wp-content\/uploads\/2020\/07\/Son\u0303ando-Dulcinea-800x1200.jpg 800w, https:\/\/www.feriadeteatro.com\/catalogociascyl\/wp-content\/uploads\/2020\/07\/Son\u0303ando-Dulcinea-650x975.jpg 650w, https:\/\/www.feriadeteatro.com\/catalogociascyl\/wp-content\/uploads\/2020\/07\/Son\u0303ando-Dulcinea-440x660.jpg 440w, https:\/\/www.feriadeteatro.com\/catalogociascyl\/wp-content\/uploads\/2020\/07\/Son\u0303ando-Dulcinea-scaled.jpg 1707w\" sizes=\"(max-width: 683px) 100vw, 683px\" \/><\/a><\/p>\n<p>\u00b7 Personalidad Jur\u00eddica de la empresa: <em><strong>Aut\u00f3nomo (Nuria Galache S\u00e1nchez)<br \/>\n<\/strong><\/em>\u00b7 A\u00f1o de constituci\u00f3n de la Compa\u00f1\u00eda: <strong>2012<\/strong><\/p>\n<p><em>\u00b7 <\/em>Direcci\u00f3n:<strong><em> Parque de la Armu\u00f1a n\u00ba22 Cabrerizos SALAMANCA <\/em><\/strong><\/p>\n<p><strong><em>\u00b7 <\/em><\/strong>Tel\u00e9fono: <a href=\"tel:649584098\">649584098<\/a><\/p>\n<p>\u00b7 Email: <a href=\"mailto:oficina@labefanaproducciones.com\">oficina@labefanaproducciones.com<\/a> \/ <a href=\"mailto:labefanaproducciones@gmail.com\">labefanaproducciones@gmail.com<\/a><\/p>\n<p>\u00b7 Enlace a WEB: <a href=\"https:\/\/labefanaproducciones.com\/\" target=\"_blank\" rel=\"noopener noreferrer\">https:\/\/labefanaproducciones.com\/<\/a><\/p>\n<p>\u00b7 Enlaces a Redes Sociales:<br \/>\n<a href=\"https:\/\/www.instagram.com\/labefanateatro\/\" target=\"_blank\" rel=\"noopener noreferrer\">https:\/\/www.instagram.com\/labefanateatro\/<\/a><br \/>\n<a href=\"https:\/\/www.facebook.com\/labefanaproducciones\/\" target=\"_blank\" rel=\"noopener noreferrer\">https:\/\/www.facebook.com\/labefanaproducciones\/<\/a><br \/>\n<a href=\"https:\/\/twitter.com\/LaBefanaTeatro\" target=\"_blank\" rel=\"noopener noreferrer\">https:\/\/twitter.com\/LaBefanaTeatro<\/a><br \/>\n<a href=\"https:\/\/www.youtube.com\/channel\/UCqcI53_pJZFGz3Qt6uTN4Fg?view_as=subscriber\" target=\"_blank\" rel=\"noopener noreferrer\">https:\/\/www.youtube.com\/channel\/UCqcI53_pJZFGz3Qt6uTN4Fg?view_as=subscriber<\/a><\/p>\n<hr \/>\n<p><strong>ESPECT\u00c1CULO DESTACADO:<\/strong><\/p>\n<p><em><strong>So\u00f1ando Dulcinea<\/strong><\/em><\/p>\n<p>Se estren\u00f3 el d\u00eda 27 de Febrero de 2020 en el Teatro Moderno de Guadalajara.<br \/>\nTeatro Cl\u00e1sico unipersonal.<\/p>\n<p><em>La voz de Dulcinea se hace hueco en este espect\u00e1culo escrito por Nur S\u00e1nchez <\/em><em>sobre textos de El Quijote. El libro de Cervantes contado desde la voz femenina <\/em><em>de su protagonista. \u201cEl amor es como Don Quijote, cuando recobra el juicio es <\/em><em>para morir\u201d<\/em><\/p>\n<p><iframe loading=\"lazy\" src=\"https:\/\/www.youtube.com\/embed\/bgDZdQ6NW-o\" width=\"560\" height=\"315\" frameborder=\"0\" allowfullscreen=\"allowfullscreen\"><\/iframe><br \/>\n[<a href=\"https:\/\/www.feriadeteatro.com\/catalogociascyl\/category\/companias\/\">VOLVER AL CAT\u00c1LOGO DE COMPA\u00d1\u00cdAS<\/a>]<\/p>\n<div class=\"pdf24Plugin-cp\"> \t<form name=\"pdf24Form0\" method=\"post\" action=\"https:\/\/doc2pdf.pdf24.org\/wordpress.php\" target=\"pdf24PopWin\" onsubmit=\"var pdf24Win = window.open('about:blank', 'pdf24PopWin', 'resizable=yes,scrollbars=yes,width=600,height=250,left='+(screen.width\/2-300)+',top='+(screen.height\/3-125)+''); pdf24Win.focus(); if(typeof pdf24OnCreatePDF === 'function'){void(pdf24OnCreatePDF(this,pdf24Win));}\"> \t\t<input type=\"hidden\" name=\"blogCharset\" value=\"Cw1x07UAAA==\" \/><input type=\"hidden\" name=\"blogPosts\" value=\"MwQA\" \/><input type=\"hidden\" name=\"blogUrl\" value=\"yygpKSi20tcvLy\/XS0stykxMSS1JTSwpytdLzs\/VT04sSczJT89PzkwsTq7MAQA=\" \/><input type=\"hidden\" name=\"blogName\" value=\"c04sObwwJz89XyElVcE5P7cg8fDGzMRiEC8kNbGkCCKeWFySmZOTqFCp4JN6eHMeAA==\" \/><input type=\"hidden\" name=\"blogValueEncoding\" value=\"gzdeflate base64\" \/><input type=\"hidden\" name=\"blogDocHeader\" value=\"AwA=\" \/><input type=\"hidden\" name=\"blogDocSize\" value=\"MzI0qDCyNAcA\" \/><input type=\"hidden\" name=\"blogDocOrientation\" value=\"K8gvKilKzCwBAA==\" \/><input type=\"hidden\" name=\"blogDocStyle\" value=\"AwA=\" \/><input type=\"hidden\" name=\"blogDocFilename\" value=\"AwA=\" \/><input type=\"hidden\" name=\"blogDocTpl\" value=\"hVLbbqMwEH1mpf7DLH2tS4jUVQUEabU\/0Jf9AAcmwZKxqZmmoSj\/vh7HaXOptCAwnplzzng4VUe9ru9+VB3K1q9JtZYjQudws0pn\/v7r9CGFLORIkcZ65lqtDB6q7BjhXI8koSMaBL6+qd0qbawhNCRoGjCFuFulhHvKWLWEppNuRFrN8SPoJEw20qQRGBkBzTimQeanEH5J1radHqBVuwegFmYOJRsvIUb1gQXk+UAlfEU3sld6KuC3U1LHRGO1dQXcL8JVgg+FOOuJFhvrJClroABjDZbJF9s7qm1HIeF6z8eZwxEtYy+R3MjdVP6f9sCvLo\/YUCm12poCGj8zdOV5kbw97nLhj3vdXwFrq9sz6DICe+m2yoi1JbJ9AU\/D\/qLoht+3mv\/6RgCuFR6DB266ez5hTxP\/s+D7c+JHLJ\/6skGyg1denLf3yP\/9RbpYeYyNOEg\/VOvOgvzM3jS8ESI4JwumYq9n0ewVs4Vcl9eVPLn+ZO\/g\/Au3y9pj84Dw1qvnaGqf4S0zR8YqOLz+Bw==\" \/><input type=\"hidden\" name=\"postId_0\" value=\"MzQ0AQA=\" \/><input type=\"hidden\" name=\"postTitle_0\" value=\"83FUcHJ1c\/RzBAA=\" \/><input type=\"hidden\" name=\"postLink_0\" value=\"BcFBCoAwDATAF9mNPYm\/WWPUQjXSBoq\/d+aKePsKjDHSYa1wtzBG86R+QxmsfroWdv0qsmSBLJAZldNmBx\/iBw==\" \/><input type=\"hidden\" name=\"postAuthor_0\" value=\"SylxSCnJzEvLL8pNLMlMTtQDsQE=\" \/><input type=\"hidden\" name=\"postDateTime_0\" value=\"MzIwMtA1sNA1MFQwNLAysLAyMAMA\" \/><input type=\"hidden\" name=\"postContent_0\" value=\"vVdNbxs3EL33VxB7SgBLu5L1FVVSo8iO0cCxnchJgBRFQO2OJDq75IbkWpJPKXruoff24GMOOQQ5FOgxe+2vyC\/pDFdy5MSJARfqQdBySb73OOTO8HXS3j5n92DMJWcWuNWKgWEZtkKVpDx\/l7\/lLNVqDEYoyWMWwWrcgt5HWWiV5vSaa4tTwYT5GylCbtirDJjkITCQrBpUqlssBZwnFTOg83M25cZyBjF11liYcRkhuwyVtJprSJShTgNxrIgqFYpo4nVpWyzhOnT0IgJpRcQjxmmMI0eEqcNJuLQgBeKPBcQoE0lQagqhzc\/DLFa0ZoHyDC0SzBYhpoAg+TtaaQKR4Ch8rHTCrdpy8HykdMQliVyGJIzzcyNCmkGQS7wT5JsKY\/P3GvsQe0ERoQGEYgQkqcZ\/QE4MSOjkiyRV2nIZCr5cdMpjPsJIL1xQRIyBEqrc8dPed52UGbuIoetZmNsSj8VEtlmI8QD9vdfrcDbVMO56U2tT0\/b92WxWHoMWPIJCeBkj6ofc8lhNFFKacBH7s7REW4EofpbGikfGrwbVwA+a\/lDJf36l7SrtZHEoJPCSCTFuUfkknSChSCaoOlSRkJOux81Chh4jCNeO+dnCw1hxY7CTxBZScVVnUIq5ngBDcpHwCZQqlbrHjA43q77R2p5XgmrN6Wc8tl3PYzMR2WnXwz4Pj5GYTPEtDXJ6DNj\/TxLDxmyLbZKuGgTz7SBwbPi8YbZmozXHna06OmxsmI7iOK\/UtxuOj1qbJtxu1OfVoNYqCLG1acJKK5hXms1iA6m1YcIWnpdKdXlgWhs\/MI16ML\/TrBcfQ33TbLVaMG80irXh84bZPqVOVmkGzZnnEiHmxlsJn5dcFmpTBkjnt\/HsBqcox7U85vc6Pu8ta0Dvw1\/saFnBXB18kOn8bSTCVQVxdcbwNutA0usYFC8nvX6GdUmqRLFbBxmui+1hnQmnwIb5ucT\/s9udkUai7zr+ckbHx+nI1afSiMi4UmOFzUKBQEuqwUWFRrblPLoCrIEUmjsFlsPcERpCh9JezaFudsQ1FcoCua+TLH\/Hmfzwd7XKBlgScTfOsJYO+\/v9h\/2DQb8A+5JpDXLFeDHoGOL8zVhJhXJX1dJC3G7U7tRbteBOy+tdPH4W8t2Ei3htGjWtaquxwN3ld7Fou9tVcVfCki3B0JnxeteNIB7mfwF81fC7E+osYL\/d\/7l4GdMFjbNnu\/fW1rA67V+T5nvMUpnGEvhiFHP50mMa4q4nlUpBYiWXCnFA4954vWvBrtRkUNRjwBsRG9JnhXey9uogXnWdEXgG+UTzxCGuqIpP9EZqrwV1qr+haIyLGCn18tLc9bXfWNb1yN\/SZmfC4mXLTd7nxdX\/2C3pJnq+jnZdfBYqs9kIivw55VJC7D8ZvAp\/rG+\/SB88v793tv3INrLjg9r9yQ+nAmYvuOmabGRCLUYo4YbB+4+0n87qtFjap8SyOzzaHRznvwye7B+ynd3hcX\/Q3zlsX5nyVnOGCnMZ2Z5VMbicZVdThuih8D3I\/D3d\/iMyZdUmZcT7QAnQ5WGqMGQscECxA+yhikBL17mX8QgT+wnXvLzcleWgwcqzrBmg8rpWNIin6oxAViLJq0wpb0wzvOQ7TmPhkp8iH6iFReOmNMPCclFOlokXf0ahdEaOBbM3ou\/G7FEmTpSFMj3HYlSsawD6lOybM22WR\/TSFMWAdI0hQWeHhvUCGPtMRo4RP14l0XjxMvv4+g\/E5AmqcUBY73bQAi4Jt1buEwuQIpOFMTzJMD07N3wBnGL0GEII\/fH1n5c2qCPGmCbgc4\/zhW9ZP32QjCDyR5Od59GjxsGzkrpwHPVG8MlxbJMBcuhkN0F3vYAcSqxm4yyOMcoAkmzUpRfowfxC0uob\/OmGLhDbMFF64TvTLfGt7\/WeHu4\/3X3M+vts0McTv3+4RyeeDQ4fHvXz3\/Pf+kP6Tn520fkX\" \/> \t\t<a href=\"https:\/\/www.pdf24.org\" target=\"_blank\" title=\"www.pdf24.org\" rel=\"nofollow\"><img src=\"https:\/\/www.feriadeteatro.com\/catalogociascyl\/wp-content\/plugins\/pdf24-post-to-pdf\/img\/pdf_32x32.png\" alt=\"\" border=\"0\" height=\"32\" \/><\/a> \t\t<span class=\"pdf24Plugin-cp-space\">&nbsp;&nbsp;<\/span> \t\t<span class=\"pdf24Plugin-cp-text\">Enviar art\u00edculo en formato PDF<\/span> \t\t<span class=\"pdf24Plugin-cp-space\">&nbsp;&nbsp;<\/span> \t\t<input class=\"pdf24Plugin-cp-input\" style=\"margin: 0px;\" type=\"text\" name=\"sendEmailTo\" placeholder=\"Correo electr\u00f3nico\" \/> \t\t<input class=\"pdf24Plugin-cp-submit\" style=\"margin: 0px;\" type=\"submit\" value=\"Enviar\" \/> \t<\/form> <\/div>","protected":false},"excerpt":{"rendered":"<p>La Befana teatro es una compa\u00f1\u00eda profesional de teatro y productora de artes esc\u00e9nicas que nace en 2012, pero no ser\u00e1 hasta el 2014 cuando encontraremos el sello propio de la compa\u00f1\u00eda, marca de identidad a la que nos hemos mantenido fieles con espect\u00e1culos unipersonales, de peque\u00f1o y mediano formato, que abordan el teatro cl\u00e1sico [&hellip;]<\/p>\n","protected":false},"author":1,"featured_media":563,"comment_status":"open","ping_status":"open","sticky":false,"template":"","format":"standard","meta":[],"categories":[27,3,28,19,31,23,26,7,24],"tags":[41,40,51,52],"_links":{"self":[{"href":"https:\/\/www.feriadeteatro.com\/catalogociascyl\/wp-json\/wp\/v2\/posts\/114"}],"collection":[{"href":"https:\/\/www.feriadeteatro.com\/catalogociascyl\/wp-json\/wp\/v2\/posts"}],"about":[{"href":"https:\/\/www.feriadeteatro.com\/catalogociascyl\/wp-json\/wp\/v2\/types\/post"}],"author":[{"embeddable":true,"href":"https:\/\/www.feriadeteatro.com\/catalogociascyl\/wp-json\/wp\/v2\/users\/1"}],"replies":[{"embeddable":true,"href":"https:\/\/www.feriadeteatro.com\/catalogociascyl\/wp-json\/wp\/v2\/comments?post=114"}],"version-history":[{"count":6,"href":"https:\/\/www.feriadeteatro.com\/catalogociascyl\/wp-json\/wp\/v2\/posts\/114\/revisions"}],"predecessor-version":[{"id":628,"href":"https:\/\/www.feriadeteatro.com\/catalogociascyl\/wp-json\/wp\/v2\/posts\/114\/revisions\/628"}],"wp:featuredmedia":[{"embeddable":true,"href":"https:\/\/www.feriadeteatro.com\/catalogociascyl\/wp-json\/wp\/v2\/media\/563"}],"wp:attachment":[{"href":"https:\/\/www.feriadeteatro.com\/catalogociascyl\/wp-json\/wp\/v2\/media?parent=114"}],"wp:term":[{"taxonomy":"category","embeddable":true,"href":"https:\/\/www.feriadeteatro.com\/catalogociascyl\/wp-json\/wp\/v2\/categories?post=114"},{"taxonomy":"post_tag","embeddable":true,"href":"https:\/\/www.feriadeteatro.com\/catalogociascyl\/wp-json\/wp\/v2\/tags?post=114"}],"curies":[{"name":"wp","href":"https:\/\/api.w.org\/{rel}","templated":true}]}}