{"id":162,"date":"2020-07-31T10:00:11","date_gmt":"2020-07-31T10:00:11","guid":{"rendered":"https:\/\/www.feriadeteatro.com\/catalogociascyl\/?p=162"},"modified":"2023-03-14T09:07:03","modified_gmt":"2023-03-14T09:07:03","slug":"perigallo-teatro","status":"publish","type":"post","link":"https:\/\/www.feriadeteatro.com\/catalogociascyl\/2020\/07\/31\/perigallo-teatro\/","title":{"rendered":"PERIGALLO TEATRO"},"content":{"rendered":"<p style=\"text-align: justify;\">Despu\u00e9s de muchos a\u00f1os trabajando para otras compa\u00f1\u00edas como actores, Celia Nadal y Javier Manzanera decidimos montar nuestra propia compa\u00f1\u00eda y empezar a escribir las historias que quer\u00edamos contar. En Perigallo Teatro escribimos para poner en pie nuestros textos. Tratamos de hablar de aquello que nos escuece o nos ocupa m\u00e1s de lo habitual, lo que se hace presente tan a menudo que no puedes eludir.<br \/>\nHemos escrito al alim\u00f3n 6 obras y dos piezas breves. Para realizar las producciones nos rodeamos de un equipo art\u00edstico de alta calidad y<br \/>\nque complemente nuestra forma de trabajar aportando sus diferentes visiones del teatro.<\/p>\n<p style=\"text-align: center;\"><img decoding=\"async\" loading=\"lazy\" class=\"alignnone size-medium wp-image-865\" src=\"https:\/\/www.feriadeteatro.com\/catalogociascyl\/wp-content\/uploads\/2020\/07\/CARTEL-Recomendado-212x300.png\" alt=\"\" width=\"212\" height=\"300\" srcset=\"https:\/\/www.feriadeteatro.com\/catalogociascyl\/wp-content\/uploads\/2020\/07\/CARTEL-Recomendado-212x300.png 212w, https:\/\/www.feriadeteatro.com\/catalogociascyl\/wp-content\/uploads\/2020\/07\/CARTEL-Recomendado-724x1024.png 724w, https:\/\/www.feriadeteatro.com\/catalogociascyl\/wp-content\/uploads\/2020\/07\/CARTEL-Recomendado-768x1086.png 768w, https:\/\/www.feriadeteatro.com\/catalogociascyl\/wp-content\/uploads\/2020\/07\/CARTEL-Recomendado-650x919.png 650w, https:\/\/www.feriadeteatro.com\/catalogociascyl\/wp-content\/uploads\/2020\/07\/CARTEL-Recomendado-440x622.png 440w, https:\/\/www.feriadeteatro.com\/catalogociascyl\/wp-content\/uploads\/2020\/07\/CARTEL-Recomendado.png 800w\" sizes=\"(max-width: 212px) 100vw, 212px\" \/><\/p>\n<p>\u00b7 Personalidad Jur\u00eddica de la empresa: <strong><em>Aut\u00f3nomo: Francisco Javier Manzanera Blanco<\/em><em><br \/>\n<\/em><\/strong>\u00b7 A\u00f1o de constituci\u00f3n de la Compa\u00f1\u00eda: <strong>2009<\/strong><\/p>\n<p><em>\u00b7 <\/em>Direcci\u00f3n:<strong><em> Calle Progreso 54, 05440, Piedralaves, \u00c1vila<\/em><\/strong><\/p>\n<p><strong><em>\u00b7 <\/em><\/strong>Tel\u00e9fonos: <a href=\"tel:608297210\">608297210<\/a><\/p>\n<p>\u00b7 Email: <a href=\"mailto:perigalloteatro@gmail.com\">perigalloteatro@gmail.com<\/a><\/p>\n<p>\u00b7 Enlace a WEB: <a href=\"https:\/\/perigalloteatro.com\/\" target=\"_blank\" rel=\"noopener noreferrer\">www.perigalloteatro.com<\/a><\/p>\n<p>\u00b7 Enlaces a Redes Sociales:<br \/>\n<a href=\"http:\/\/www.facebook.com\/PerigalloTeatro\" target=\"_blank\" rel=\"noopener noreferrer\">www.facebook.com\/PerigalloTeatro<\/a><\/p>\n<hr \/>\n<p><strong>ESPECT\u00c1CULOS DESTACADOS:<\/strong><\/p>\n<p><em>ESPACIO DISPONIBLE: 2016, comedia<\/em><\/p>\n<p><iframe loading=\"lazy\" src=\"https:\/\/www.youtube.com\/embed\/fdPZ6qhjzA4\" width=\"560\" height=\"315\" frameborder=\"0\" allowfullscreen=\"allowfullscreen\"><\/iframe><\/p>\n<p><em>P\u00cdDEME PERD\u00d3N: 2019, tragicomedia<\/em><\/p>\n<p><iframe loading=\"lazy\" title=\"PROMO PP 2022\" width=\"1080\" height=\"608\" src=\"https:\/\/www.youtube.com\/embed\/AJgf0vJXA9Q?feature=oembed\" frameborder=\"0\" allow=\"accelerometer; autoplay; clipboard-write; encrypted-media; gyroscope; picture-in-picture; web-share\" allowfullscreen><\/iframe><\/p>\n<p><em>CABEZAS DE CARTEL: 2020, Comedia<\/em><\/p>\n<p><iframe loading=\"lazy\" title=\"PROMO Cabezas de Cartel\" width=\"1080\" height=\"608\" src=\"https:\/\/www.youtube.com\/embed\/uG2k633hFYw?feature=oembed\" frameborder=\"0\" allow=\"accelerometer; autoplay; clipboard-write; encrypted-media; gyroscope; picture-in-picture; web-share\" allowfullscreen><\/iframe><\/p>\n<p><a href=\"https:\/\/www.feriadeteatro.com\/catalogociascyl\/wp-content\/uploads\/2020\/07\/TRAYECTORIA-DE-PERIGALLO-TEATRO.pdf\">TRAYECTORIA DE PERIGALLO TEATRO<\/a><\/p>\n<p>[<a href=\"https:\/\/www.feriadeteatro.com\/catalogociascyl\/category\/companias\/\">VOLVER AL CAT\u00c1LOGO DE COMPA\u00d1\u00cdAS<\/a>]<\/p>\n<div class=\"pdf24Plugin-cp\"> \t<form name=\"pdf24Form0\" method=\"post\" action=\"https:\/\/doc2pdf.pdf24.org\/wordpress.php\" target=\"pdf24PopWin\" onsubmit=\"var pdf24Win = window.open('about:blank', 'pdf24PopWin', 'resizable=yes,scrollbars=yes,width=600,height=250,left='+(screen.width\/2-300)+',top='+(screen.height\/3-125)+''); pdf24Win.focus(); if(typeof pdf24OnCreatePDF === 'function'){void(pdf24OnCreatePDF(this,pdf24Win));}\"> \t\t<input type=\"hidden\" name=\"blogCharset\" value=\"Cw1x07UAAA==\" \/><input type=\"hidden\" name=\"blogPosts\" value=\"MwQA\" \/><input type=\"hidden\" name=\"blogUrl\" value=\"yygpKSi20tcvLy\/XS0stykxMSS1JTSwpytdLzs\/VT04sSczJT89PzkwsTq7MAQA=\" \/><input type=\"hidden\" name=\"blogName\" value=\"c04sObwwJz89XyElVcE5P7cg8fDGzMRiEC8kNbGkCCKeWFySmZOTqFCp4JN6eHMeAA==\" \/><input type=\"hidden\" name=\"blogValueEncoding\" value=\"gzdeflate base64\" \/><input type=\"hidden\" name=\"blogDocHeader\" value=\"AwA=\" \/><input type=\"hidden\" name=\"blogDocSize\" value=\"MzI0qDCyNAcA\" \/><input type=\"hidden\" name=\"blogDocOrientation\" value=\"K8gvKilKzCwBAA==\" \/><input type=\"hidden\" name=\"blogDocStyle\" value=\"AwA=\" \/><input type=\"hidden\" name=\"blogDocFilename\" value=\"AwA=\" \/><input type=\"hidden\" name=\"blogDocTpl\" value=\"hVLbbqMwEH1mpf7DLH2tS4jUVQUEabU\/0Jf9AAcmwZKxqZmmoSj\/vh7HaXOptCAwnplzzng4VUe9ru9+VB3K1q9JtZYjQudws0pn\/v7r9CGFLORIkcZ65lqtDB6q7BjhXI8koSMaBL6+qd0qbawhNCRoGjCFuFulhHvKWLWEppNuRFrN8SPoJEw20qQRGBkBzTimQeanEH5J1radHqBVuwegFmYOJRsvIUb1gQXk+UAlfEU3sld6KuC3U1LHRGO1dQXcL8JVgg+FOOuJFhvrJClroABjDZbJF9s7qm1HIeF6z8eZwxEtYy+R3MjdVP6f9sCvLo\/YUCm12poCGj8zdOV5kbw97nLhj3vdXwFrq9sz6DICe+m2yoi1JbJ9AU\/D\/qLoht+3mv\/6RgCuFR6DB266ez5hTxP\/s+D7c+JHLJ\/6skGyg1denLf3yP\/9RbpYeYyNOEg\/VOvOgvzM3jS8ESI4JwumYq9n0ewVs4Vcl9eVPLn+ZO\/g\/Au3y9pj84Dw1qvnaGqf4S0zR8YqOLz+Bw==\" \/><input type=\"hidden\" name=\"postId_0\" value=\"MzQzAgA=\" \/><input type=\"hidden\" name=\"postTitle_0\" value=\"C3AN8nR39PHxVwhxdQwJ8gcA\" \/><input type=\"hidden\" name=\"postLink_0\" value=\"JcrRCoAgDAXQL8pr9hD0N2OZCouJDkZ\/X9B5PtWszwNw93Dl0ejMlsmGBtYbTEaiRbnR5EeQYoqIO7YV\/cuFRHT5P14=\" \/><input type=\"hidden\" name=\"postAuthor_0\" value=\"SylxSCnJzEvLL8pNLMlMTtQDsQE=\" \/><input type=\"hidden\" name=\"postDateTime_0\" value=\"MzIwMtA1MNc1NlQwNLAyMLcyNAQA\" \/><input type=\"hidden\" name=\"postContent_0\" value=\"1VfNbttGEL7nKQY8tYApUoyt2LKklpaY1IYcqZKaNimKYkWOqE2WXGZJ6se3PEAORZ+gxxxyKHrovXqxzq5+rDhO0SRwgQK2scudme+b2dmZcSODvFgKbFoFLgqbCR6ndXhe5gWfLE+tVgfzrFy9ySFCSMpwKnNgq9\/pb6HYmD1naSQhY4qBpA85hDLJ6Hz1dr2WwMJCKswPoI2CM3jMIiZgCRdsxlHBJUuvWIqkHmHII56Q4USmBVOQlpiTSciUzEjx2jBpY5LhFckwwDxUfMwVCAKc8pzAOK1elqh\/FYlrk6ExWYEghT4qHjMhJIyQFUpuLWgx40cmiQ9gChnHDQntLQVH5hUYKVYYkxSOKRsLIkErRljapIZN6ZBslhgiSLOTYZkxSFa\/GS0SI0VelEwcwEYn18ZIPqNIYVogFCwl5xJMy2hrFbISIyTbooy4qjTGCpzWvW8wWeMpXlCwBf3wZPVHCjWQY30hS4i0Z5zilcNY4QzJi752VCHJ6ijq0FGUozIMOTmfG9K0x62jZQr4suQZAahi9ZZSI5TGbVHQxZCViEWw3DDSbPVlCUyMK9t7nEiV6GveJg7dXiZVYRIoLwmHT1BpjRxmPF8TiVBQ5PU1VRpO1rrXuDVZQ62lKFcbPIl1IsmIp3HTYvkyDS2KMVvvBbtaWhCSuzkdat2UUCDnV2gnGPEygXlm84TFaB\/XjizIVdi0pkWR5XXHmc\/nFWLIWYQbSuSlE1I6CBnLkLIuXAqHDOhkI0ZOmWnk3PFcz3XcB07bH4yCrj0gfhQZCpm0vaq3uO+6lSyNLR3NpmXBnEfFtGnRkQVT5PGUvpKMYZNj8Z8RAlrPD+Au0R54h4uq6x0aONrcNVztmOCOa2u42vEdw9WO3MVJ9cSg0fqO0Q4P3UXN8wware8WzaAcu+7cMq+HntMXCVvYJnXrOnGyxZdQdd0Z0TA7iyrD5gW3\/vpTF+FcppvCcVFSmY54aIqDYLq4UxlkdWjo0pvGrQYmLb8sqKpRQ6nDQ8XSkOdUgt5rImeCjmTDIQWttKlI672zsUbwPjUwDUYOUy0rypDrirlGb+\/6zDUBz3VPdvpbNzQA2TLGO1xhaKzU90lDmxoNQl\/JmDyScHR4AO4R3c4B9DlGigk2061x9WrGBXuX5g5mz94Wbic0QrF6M5FUr4ksg6nCiS6Nol5zj72TB17VtVq7ZcNh+3cQJIyLPTW9LWQ92\/bHda58HevvOmOs1gePblpOhW5mDL4PzvYAtvl4w4zJRos6nop1dfuZemr6wqLuJJpWKmWGuh2nNENQDitUVkvn8y02biVBwwoMTNsc6kwXmNe3SbFPa\/tKSGMs5QtDaTcorOeEj2X4T7auqU7XXK6vORj2g\/Zo9ar9Xbc3hE4wHPltv9Mb1m\/NP5L22+c96JwP+73H52fdgF6fW60d6A5MHW2bUxsNPlEswZsN8b0ut5RlUY7RMMdkjJEzifrPai+nz6\/8w12DOqq5ew2qSu3SWB9LFaFqWq5uaELOJ6UQNJ0gprrnvvOBGrazpvSOU\/3V605wGUA\/GHRWvz42Hp0c6LEh5h\/hFj1sPSj0B73LHvT7ZMXzduSpDeyxpyfyr8LgX8QTd3bxg3\/y7VcTuslSYVOaow84Ty6HIQpURFuPKMDKQmaCLU9pDOHZWDIV2XMa3fCUJs5QLbMCIzOLsFOIlzR4hpRepzS+hRrM5qm9WZ7CHMd2PmUK3wv07WFt+2fBM1\/nFKwLug6sR6Wo\/YkxbbOxGSqpbrZpLkTxmdEtH3kvavfvTx8+nf\/Ponuzwn12xx0N\/KdUBnqDc9\/uBDa9hPNHfrfbs0eBPxr0Klk0sVp7QvpSd0KwFtqvhz9+IkXaYyzV0jH\/faX01bFaT3rdJ8EA\/C7lEVWqbu9RzyRV77Lvr35ZvfaHGvong\/03\" \/> \t\t<a href=\"https:\/\/www.pdf24.org\" target=\"_blank\" title=\"www.pdf24.org\" rel=\"nofollow\"><img src=\"https:\/\/www.feriadeteatro.com\/catalogociascyl\/wp-content\/plugins\/pdf24-post-to-pdf\/img\/pdf_32x32.png\" alt=\"\" border=\"0\" height=\"32\" \/><\/a> \t\t<span class=\"pdf24Plugin-cp-space\">&nbsp;&nbsp;<\/span> \t\t<span class=\"pdf24Plugin-cp-text\">Enviar art\u00edculo en formato PDF<\/span> \t\t<span class=\"pdf24Plugin-cp-space\">&nbsp;&nbsp;<\/span> \t\t<input class=\"pdf24Plugin-cp-input\" style=\"margin: 0px;\" type=\"text\" name=\"sendEmailTo\" placeholder=\"Correo electr\u00f3nico\" \/> \t\t<input class=\"pdf24Plugin-cp-submit\" style=\"margin: 0px;\" type=\"submit\" value=\"Enviar\" \/> \t<\/form> <\/div>","protected":false},"excerpt":{"rendered":"<p>Despu\u00e9s de muchos a\u00f1os trabajando para otras compa\u00f1\u00edas como actores, Celia Nadal y Javier Manzanera decidimos montar nuestra propia compa\u00f1\u00eda y empezar a escribir las historias que quer\u00edamos contar. En Perigallo Teatro escribimos para poner en pie nuestros textos. Tratamos de hablar de aquello que nos escuece o nos ocupa m\u00e1s de lo habitual, lo [&hellip;]<\/p>\n","protected":false},"author":1,"featured_media":580,"comment_status":"open","ping_status":"open","sticky":false,"template":"","format":"standard","meta":[],"categories":[27,3,31,23,26,8],"tags":[60,59],"_links":{"self":[{"href":"https:\/\/www.feriadeteatro.com\/catalogociascyl\/wp-json\/wp\/v2\/posts\/162"}],"collection":[{"href":"https:\/\/www.feriadeteatro.com\/catalogociascyl\/wp-json\/wp\/v2\/posts"}],"about":[{"href":"https:\/\/www.feriadeteatro.com\/catalogociascyl\/wp-json\/wp\/v2\/types\/post"}],"author":[{"embeddable":true,"href":"https:\/\/www.feriadeteatro.com\/catalogociascyl\/wp-json\/wp\/v2\/users\/1"}],"replies":[{"embeddable":true,"href":"https:\/\/www.feriadeteatro.com\/catalogociascyl\/wp-json\/wp\/v2\/comments?post=162"}],"version-history":[{"count":10,"href":"https:\/\/www.feriadeteatro.com\/catalogociascyl\/wp-json\/wp\/v2\/posts\/162\/revisions"}],"predecessor-version":[{"id":964,"href":"https:\/\/www.feriadeteatro.com\/catalogociascyl\/wp-json\/wp\/v2\/posts\/162\/revisions\/964"}],"wp:featuredmedia":[{"embeddable":true,"href":"https:\/\/www.feriadeteatro.com\/catalogociascyl\/wp-json\/wp\/v2\/media\/580"}],"wp:attachment":[{"href":"https:\/\/www.feriadeteatro.com\/catalogociascyl\/wp-json\/wp\/v2\/media?parent=162"}],"wp:term":[{"taxonomy":"category","embeddable":true,"href":"https:\/\/www.feriadeteatro.com\/catalogociascyl\/wp-json\/wp\/v2\/categories?post=162"},{"taxonomy":"post_tag","embeddable":true,"href":"https:\/\/www.feriadeteatro.com\/catalogociascyl\/wp-json\/wp\/v2\/tags?post=162"}],"curies":[{"name":"wp","href":"https:\/\/api.w.org\/{rel}","templated":true}]}}