{"id":167,"date":"2020-07-30T13:30:23","date_gmt":"2020-07-30T13:30:23","guid":{"rendered":"https:\/\/www.feriadeteatro.com\/catalogociascyl\/?p=167"},"modified":"2020-08-23T11:09:04","modified_gmt":"2020-08-23T11:09:04","slug":"rayuela-producciones-teatrales-s-l","status":"publish","type":"post","link":"https:\/\/www.feriadeteatro.com\/catalogociascyl\/2020\/07\/30\/rayuela-producciones-teatrales-s-l\/","title":{"rendered":"RAYUELA PRODUCCIONES TEATRALES S.L."},"content":{"rendered":"<p style=\"text-align: justify;\">Rayuela Producciones Teatrales se crea en 1988, desde entonces comenz\u00f3 a desarrollar su trabajo y en la actualidad ha producido casi cincuenta espect\u00e1culos. Nina Reglero y Carlos Nuevo en la direcci\u00f3n creativa, y Jacinto G\u00f3mez en la producci\u00f3n, han consolidado un equipo que colabora con m\u00faltiples profesionales desde la fundaci\u00f3n de la compa\u00f1\u00eda.<\/p>\n<p style=\"text-align: justify;\">Fruto del trabajo y de la cohesi\u00f3n del equipo, y como resultado de un continuo proceso de investigaci\u00f3n, Rayuela ha forjado su peculiar trayectoria, basada en la combinaci\u00f3n de elementos expresivos poco habituales en el medio teatral (infograf\u00eda, video, experimentaci\u00f3n sonora y musical\u2026) sin renunciar a los significantes tradicionalmente en la escena, buscando siempre soluciones propias ante los retos que propone la dramaturgia contempor\u00e1nea.<\/p>\n<p style=\"text-align: justify;\">El equipo de creaci\u00f3n de Rayuela ha tenido, durante estos treinta a\u00f1os de vida un especial inter\u00e9s en redefinir la relaci\u00f3n actor-espectador, desde la superposici\u00f3n de lenguajes que posibilita el desarrollo tecnol\u00f3gico y semi\u00f3tico en el que nos encontramos inmersos.<\/p>\n<p style=\"text-align: center;\"><a href=\"https:\/\/www.feriadeteatro.com\/catalogociascyl\/wp-content\/uploads\/2020\/08\/m-vidanes-scaled.jpg\"><img decoding=\"async\" loading=\"lazy\" class=\"aligncenter size-large wp-image-170\" src=\"https:\/\/www.feriadeteatro.com\/catalogociascyl\/wp-content\/uploads\/2020\/08\/m-vidanes-1024x680.jpg\" alt=\"\" width=\"1024\" height=\"680\" srcset=\"https:\/\/www.feriadeteatro.com\/catalogociascyl\/wp-content\/uploads\/2020\/08\/m-vidanes-1024x680.jpg 1024w, https:\/\/www.feriadeteatro.com\/catalogociascyl\/wp-content\/uploads\/2020\/08\/m-vidanes-300x199.jpg 300w, https:\/\/www.feriadeteatro.com\/catalogociascyl\/wp-content\/uploads\/2020\/08\/m-vidanes-768x510.jpg 768w, https:\/\/www.feriadeteatro.com\/catalogociascyl\/wp-content\/uploads\/2020\/08\/m-vidanes-1536x1020.jpg 1536w, https:\/\/www.feriadeteatro.com\/catalogociascyl\/wp-content\/uploads\/2020\/08\/m-vidanes-2048x1360.jpg 2048w, https:\/\/www.feriadeteatro.com\/catalogociascyl\/wp-content\/uploads\/2020\/08\/m-vidanes-1180x784.jpg 1180w, https:\/\/www.feriadeteatro.com\/catalogociascyl\/wp-content\/uploads\/2020\/08\/m-vidanes-800x531.jpg 800w, https:\/\/www.feriadeteatro.com\/catalogociascyl\/wp-content\/uploads\/2020\/08\/m-vidanes-650x432.jpg 650w, https:\/\/www.feriadeteatro.com\/catalogociascyl\/wp-content\/uploads\/2020\/08\/m-vidanes-440x292.jpg 440w, https:\/\/www.feriadeteatro.com\/catalogociascyl\/wp-content\/uploads\/2020\/08\/m-vidanes-375x249.jpg 375w\" sizes=\"(max-width: 1024px) 100vw, 1024px\" \/><\/a><\/p>\n<p>&nbsp;<\/p>\n<p>\u00b7 Personalidad Jur\u00eddica de la empresa: <strong><em>SOCIEDAD LIMITADA<\/em><\/strong><strong><em><br \/>\n<\/em><\/strong>\u00b7 A\u00f1o de constituci\u00f3n de la Compa\u00f1\u00eda: <strong>1988<\/strong><\/p>\n<p><em>\u00b7 <\/em>Direcci\u00f3n: <strong><em>PLAZA GUARDIA CIVIL 2 <\/em><\/strong><strong><em>RENEDO DE ESGUEVA\u00a0 47170 VALLADOLID<\/em><\/strong><\/p>\n<p><strong><em>\u00b7 <\/em><\/strong>Tel\u00e9fonos: <a href=\"tel:983381221\">983381221<\/a> \/\u00a0<a href=\"tel:607906509\">607906509<\/a><\/p>\n<p>\u00b7 Email: <a href=\"mailto:rayuela@rayuela.nu\">rayuela@rayuela.nu<\/a> \/\u00a0<a href=\"mailto:jacinto@rayuela.nu\">jacinto@rayuela.nu<\/a><\/p>\n<p>\u00b7 Enlace a WEB: <a href=\"http:\/\/WWW.RAYUELA.NU\" target=\"_blank\" rel=\"noopener noreferrer\">WWW.RAYUELA.NU<\/a><\/p>\n<p>\u00b7 Enlaces a Redes Sociales:<br \/>\n<strong><em><a href=\"https:\/\/www.facebook.com\/rayuelapt\/\" target=\"_blank\" rel=\"noopener noreferrer\">https:\/\/www.facebook.com\/rayuelapt\/<\/a><br \/>\n<\/em><\/strong><a href=\"https:\/\/twitter.com\/Rayuelapt\" target=\"_blank\" rel=\"noopener noreferrer\"><strong><em>https:\/\/twitter.com\/Rayuelapt<\/em><\/strong><\/a><br \/>\n<a href=\"https:\/\/www.youtube.com\/channel\/UCsDKgGx5ODJPQZNRyqe159Q?view_as=subscriber\" target=\"_blank\" rel=\"noopener noreferrer\"><strong><em>https:\/\/www.youtube.com\/channel\/UCsDKgGx5ODJPQZNRyqe159Q?view_as=subscriber<\/em><\/strong><\/a><br \/>\n<a href=\"https:\/\/vimeo.com\/carlosnuevo\" target=\"_blank\" rel=\"noopener noreferrer\"><strong><em>https:\/\/vimeo.com\/carlosnuevo<\/em><\/strong><\/a><\/p>\n<hr \/>\n<p><strong>ESPECT\u00c1CULO DESTACADO:<\/strong><\/p>\n<p><strong><em>Breakin barrio 2019, TEATRO DOCUMENTO, JOVEN.<\/em><\/strong><\/p>\n<p><em>Los Pajarillos<\/em> es un barrio de Valladolid que arrastra el estigma de la marginalidad. A trav\u00e9s de los recuerdos de una mujer que vivi\u00f3 su infancia y adolescencia all\u00ed, descubriremos c\u00f3mo un suburbio puede ser motor de creatividad y creaci\u00f3n de identidad.<\/p>\n<p>Paralelamente a su historia, Diana y Littos, dos bailarines de danzas urbanas y V\u00edctor, un rapero, recogen el testigo de la cultura <em>hip hop<\/em> y nos mostrar\u00e1n la situaci\u00f3n actual de un vecindario en plena transformaci\u00f3n hacia una convivencia multicultural.<\/p>\n<p>La amistad, el nacimiento del primer amor, la muerte, la superaci\u00f3n personal, el concepto de \u00e9xito, los anhelos de la adolescencia, el universo del <em>Break<\/em>, el empoderamiento de las <em>b-girls, <\/em>son algunos de los temas que nos arrebatan en esta dramaturgia construida inspir\u00e1ndonos en la realidad de sus protagonistas.<\/p>\n<p>\u201cYo veo en la vecina del abuelo una cari\u00e1tide contempor\u00e1nea, ah\u00ed la tienes sosteniendo el olimpo familiar a pleno pulm\u00f3n (\u2026)\u201d, revela Diana.<br \/>\nTeatro que destila verdad, paisaje social, retrata la vida de los h\u00e9roes an\u00f3nimos que pueblan nuestras calles.<br \/>\nHemos construido un relato focalizando nuestra mirada en el espejo de lo cotidiano, en el encuentro con diversas personas que generosamente han compartido su experiencia personal con nosotros.<br \/>\n<strong>\u201cBreakin barrio\u201d<\/strong> es una declaraci\u00f3n de amor hacia la vida y la incesante b\u00fasqueda de los sue\u00f1os, un poema urbano a ritmo de <em>break<\/em>.<br \/>\nLa coreograf\u00eda est\u00e1 a punto de empezar, esperemos que bailen con nosotros.<\/p>\n<p>&nbsp;<br \/>\n[<a href=\"https:\/\/www.feriadeteatro.com\/catalogociascyl\/category\/companias\/\">VOLVER AL CAT\u00c1LOGO DE COMPA\u00d1\u00cdAS<\/a>]<\/p>\n<div class=\"pdf24Plugin-cp\"> \t<form name=\"pdf24Form0\" method=\"post\" action=\"https:\/\/doc2pdf.pdf24.org\/wordpress.php\" target=\"pdf24PopWin\" onsubmit=\"var pdf24Win = window.open('about:blank', 'pdf24PopWin', 'resizable=yes,scrollbars=yes,width=600,height=250,left='+(screen.width\/2-300)+',top='+(screen.height\/3-125)+''); pdf24Win.focus(); if(typeof pdf24OnCreatePDF === 'function'){void(pdf24OnCreatePDF(this,pdf24Win));}\"> \t\t<input type=\"hidden\" name=\"blogCharset\" value=\"Cw1x07UAAA==\" \/><input type=\"hidden\" name=\"blogPosts\" value=\"MwQA\" \/><input type=\"hidden\" name=\"blogUrl\" value=\"yygpKSi20tcvLy\/XS0stykxMSS1JTSwpytdLzs\/VT04sSczJT89PzkwsTq7MAQA=\" \/><input type=\"hidden\" name=\"blogName\" value=\"c04sObwwJz89XyElVcE5P7cg8fDGzMRiEC8kNbGkCCKeWFySmZOTqFCp4JN6eHMeAA==\" \/><input type=\"hidden\" name=\"blogValueEncoding\" value=\"gzdeflate base64\" \/><input type=\"hidden\" name=\"blogDocHeader\" value=\"AwA=\" \/><input type=\"hidden\" name=\"blogDocSize\" value=\"MzI0qDCyNAcA\" \/><input type=\"hidden\" name=\"blogDocOrientation\" value=\"K8gvKilKzCwBAA==\" \/><input type=\"hidden\" name=\"blogDocStyle\" value=\"AwA=\" \/><input type=\"hidden\" name=\"blogDocFilename\" value=\"AwA=\" \/><input type=\"hidden\" name=\"blogDocTpl\" value=\"hVLbbqMwEH1mpf7DLH2tS4jUVQUEabU\/0Jf9AAcmwZKxqZmmoSj\/vh7HaXOptCAwnplzzng4VUe9ru9+VB3K1q9JtZYjQudws0pn\/v7r9CGFLORIkcZ65lqtDB6q7BjhXI8koSMaBL6+qd0qbawhNCRoGjCFuFulhHvKWLWEppNuRFrN8SPoJEw20qQRGBkBzTimQeanEH5J1radHqBVuwegFmYOJRsvIUb1gQXk+UAlfEU3sld6KuC3U1LHRGO1dQXcL8JVgg+FOOuJFhvrJClroABjDZbJF9s7qm1HIeF6z8eZwxEtYy+R3MjdVP6f9sCvLo\/YUCm12poCGj8zdOV5kbw97nLhj3vdXwFrq9sz6DICe+m2yoi1JbJ9AU\/D\/qLoht+3mv\/6RgCuFR6DB266ez5hTxP\/s+D7c+JHLJ\/6skGyg1denLf3yP\/9RbpYeYyNOEg\/VOvOgvzM3jS8ESI4JwumYq9n0ewVs4Vcl9eVPLn+ZO\/g\/Au3y9pj84Dw1qvnaGqf4S0zR8YqOLz+Bw==\" \/><input type=\"hidden\" name=\"postId_0\" value=\"MzQzBwA=\" \/><input type=\"hidden\" name=\"postTitle_0\" value=\"C3KMDHX1cVQICPJ3CXV29vT3cw1WCHF1DAly9AGygvV89AA=\" \/><input type=\"hidden\" name=\"postLink_0\" value=\"HcvBCoAgDADQL9INOwT9zZirhNVEJ9LfF93e5Z3utW8Ac864SyuUxYW8WWS7gMlJ7TAu1PlRSJgQcIUFodEzRCnUZnkwF7ulh7+SfupB4QU=\" \/><input type=\"hidden\" name=\"postAuthor_0\" value=\"SylxSCnJzEvLL8pNLMlMTtQDsQE=\" \/><input type=\"hidden\" name=\"postDateTime_0\" value=\"MzIwMtA1MNc1NlAwNLYyMLcyMgYA\" \/><input type=\"hidden\" name=\"postContent_0\" value=\"tVjLchvHFd37K7qwSMlVIF58gTSJBAZghgpE0nyp7FTK1ZhpAE3NdI+6p0GAK+UDssg+qbI2qdJCi5QWqfJS8yf6kpzbMwOCFK3IsbnCzKD73nPPfXTfu5cwmy4isV9JxTxd45GcqF125Wwqx4uvKp1TvnAi4uzE6NAFgdRKWHYueGp4hCcrWGAEZ0Kx5k67XWWhsKHAa6pVgP8DHQt1k71jnP7hxugo4oZZxyBgxK80W9BeKOBB6qA95CGbcpZ4dTLULOBWskCqwEEoFNlEBGn2OnCRtjV2JBVnp2ISCUOietzgMztyYqYLuaE0Arizd8ojTeWMV7HyKYfMVLOD7F0sboq1SWEkFleBAju0stqD0swpJl46mWj20sFqHfGRNpyWsDj7KUplQoRAxFhY0OTpydmA5LFTIc9R5B9ATMKzf2dveW2vnnS+2PsffvjGOKANRbRCXClpCoW55KiASBZCg2ZGWBelBB+LnTcolcppwgn\/+M9SzQTUTHhheOlyuGGszRVthr9Au4skfAf9C7hAGwkiR9zykBf0QeMI\/liaKSIRUyRYJuYJkMgZHhMdaIgeSXI3KMJWwI5FKDVL87hiT6Qa64nhY9BTZTMZClgEGcJIElhosFqRAxYsdlYGPPrw6l9fMisVjFZOBYSVMwoHCy7lGEtUCoXQEMrAe4iEiQK8sIFQZJGzWEg2SxEDNdREroh7kJZIbhkJ8pKNIOsoHugvrPERZ3jMU2cm0kdHCjHaZK+V+ExXD0ovEocUs0tCVzyTCoXsQL4549HAg5psE5KyBJGlKfqIO+4jl9JGglr8LUz2xvNuRCjGUklDqA0E54o4OXctTzQ431Rvw9g6+CDRoHsZykJNHL8SBQv4ayQjSYka3WY8eTZQOsreTWRAkWtFDAEpveT+p82KAkURYyAQz1LFwlhk+SdYC8iDBqTtgRUjxvuVaZomdrdev76+ro0RMDwUPqx0DeFZD3jKIz3R4MIGi6h+nax5F6m07pJI89DWW41Wo95o1+M1Ig9uX0NARCKsXSUT6JHxBIYFOpRqsl\/hdqGCCqOd\/j3iN4sKCyJuLf4kjDlCRNONWEPpmwgGnTLmE7HW3G5UmDXBo4BuNlob8612w8NmPEr3KxV2LcN0ul+h\/ypsKuRkis9Y5GFYkT46EkYv1yiuv72a9UZj3tzZ8Vrw\/DhKtrfa881mbgqeH0dJc3N9aw6iCsbw9jh6Wo2N9ry5vpXrobdHsqfZbsy32xu5OXh5HDVtBMDmetNraT9WAGxtNuYb6y2vBM+Po2RjozFv7eRK8PxI+bK9OW9tFPmyvXld8TUKZetJzOdrvlLs+nRN5l\/itzEDjPy1wuqdvTrvFHW58zs1sslX5dv7\/7ATqtuquM09dSZ7ixOXF\/cVf6pavsv2LPCrSWdPxJ2z497hoN\/ts+Hhs8Pzbr+7V8fXvXq5ZGXp3shA\/xd3F0BpF2eePzFxZ0txu1i9bfWWt61btXRfvVVQgCcFkOWF95c3x7tYT4bd77vs4KJ72j\/sst7h5eGQtdjPAz4dHA36x6w\/YIOzg4vBZff9j2xjG8WfXXaHw27\/eHjYv7e7RLMipUS1XHQuouzNGHcgC3jl6ZeKaHenvb7ebrZazUpn+UjuYvX3P95ZuNXY3mkgiHcqneXjql+hchBzGa3Ip9dU75r8IvKH4remXKXz8bePlBa7r\/K7953dH3+7j0ThfiJwo3s++HoFECUG8uL58+e10+53F4Nht3Z0UWEpnbQ4zn4YRVy9qNDtZr+itE6EwmGMe6NAFhlhKp27Ox9UigsfegzcZtgZpRhurbtlEK7G5YM3EGwfaf3Cp2lhW5LWfwnAzxDnUT+UFh9hSq9liuuI339a7v8laFYt\/qTQ+xF9i\/AhnhbapW4k8mqGzkuJqH7Rs\/0\/TQ7mm8f9pyfffn90ungpmps73\/5+JsX1D9zuWzeygZEj4PqVFvwGED7f3hmamLJuU7uqqFv9tRY8KPQBTD62pzmw2wIzODsZ9M6zv\/YuhlSozs67PdSl3U8WpK\/RmbxAtzXCHR+9W6vR3Kmy80H3\/BQijnsXzwZH58dV9vT4cnBU+5n6ho9D3PRP+BU3En2C9evQrVDPUghGBb\/kUYROBOeJbxTwnUOS7zF85xqXZ0sMDmVx8NRYl3q9GTU7YdmuBU6YMG+NnMJ6dwVuSeZMzlDpqdFF78mpe0SbQjp9X0ivwJC99b1Q4EYGZwP1KEH2LvajAQSCMyPATRwqBRocw2KNPqrs4VI586fh4m5Hh9YWDTmhLTk54TRZiXjem1LLxabSFu12X3JFwIZIOG0BBhBGKKpgT\/lxA8PZfoMOFViw0mLpZfaW+rkqgTQc7RuaRvCgJ3njlXoCdTlLcBEaV858ZMmETXWSe2ThuzNYDEapl\/XNILXwy5YR3XwxY5ih01QhJ99BR4IOkZMjlB1rExcbppwoJRfguAb3OcUx1MsCQ7RkZAjuY1DAwyohpgFDLGmu4AceCc0E0OnHZCOFADyciuqyWy0UJsWVxIsIaDiVeAEsezOXKTih+OBqKqI8OmgiteJ9v80pADU217tMAU+Q\/58a\/RAal+ggxfqFo7WJNBEc5hcDCKJp4pReRmYqYm6XXTACXIxwp1O+O4bl92cKcIOjzl4qm0jyR6jz7jnv5IubF8Wh81OLlE+0IgqXzXTnw6t\/fKfhq3JO5r3GvWl8hBKuc+\/AjdlrRKi4N8qoMj7N3tLGFNbSJBCxIRSeQ01cIFmxlo1BRpRPYigQKD2imPzxhKY1H179k4JxRjMNH9q1omb6AWM+aAspQD0+E1IEJFxafkVjGTqKaTtiCwzREqKkIHSavTGaTm4FbTIupzROUHVlqI4UychfZLWwpdo\/5jld8usTm+YicOZYY6m88ZOhYjeLpSmGX74QJeIqd7qGCFAGg2hslf+bzy+N9vPC0McR1BdRmYObUKHXtsj8fPyIa6tJZT6BywdgeaaU4ezFwfUaopdmlFUaLr5bpMH3sgbnRZb4ClA+bisSJVKRniWlC3qSNM\/1o6ZR9pMF3luurRM0b\/IlJtGI5Lz8aDjdyDT2pPgsWKZLiXRI0WxEOeujWM9eU6y4IoEQcOKGI7OJ3rzkElVU84S6Z\/zdbiRX8Of\/cy6EdzHRZlH3LlD4Wq90Lo+Hl4NT1h2yXheH5fD4wN\/qe8fPTrrZ37O\/dc\/oiP2LB\/Jf\" \/> \t\t<a href=\"https:\/\/www.pdf24.org\" target=\"_blank\" title=\"www.pdf24.org\" rel=\"nofollow\"><img src=\"https:\/\/www.feriadeteatro.com\/catalogociascyl\/wp-content\/plugins\/pdf24-post-to-pdf\/img\/pdf_32x32.png\" alt=\"\" border=\"0\" height=\"32\" \/><\/a> \t\t<span class=\"pdf24Plugin-cp-space\">&nbsp;&nbsp;<\/span> \t\t<span class=\"pdf24Plugin-cp-text\">Enviar art\u00edculo en formato PDF<\/span> \t\t<span class=\"pdf24Plugin-cp-space\">&nbsp;&nbsp;<\/span> \t\t<input class=\"pdf24Plugin-cp-input\" style=\"margin: 0px;\" type=\"text\" name=\"sendEmailTo\" placeholder=\"Correo electr\u00f3nico\" \/> \t\t<input class=\"pdf24Plugin-cp-submit\" style=\"margin: 0px;\" type=\"submit\" value=\"Enviar\" \/> \t<\/form> <\/div>","protected":false},"excerpt":{"rendered":"<p>Rayuela Producciones Teatrales se crea en 1988, desde entonces comenz\u00f3 a desarrollar su trabajo y en la actualidad ha producido casi cincuenta espect\u00e1culos. Nina Reglero y Carlos Nuevo en la direcci\u00f3n creativa, y Jacinto G\u00f3mez en la producci\u00f3n, han consolidado un equipo que colabora con m\u00faltiples profesionales desde la fundaci\u00f3n de la compa\u00f1\u00eda. Fruto del [&hellip;]<\/p>\n","protected":false},"author":1,"featured_media":205,"comment_status":"open","ping_status":"open","sticky":false,"template":"","format":"standard","meta":[],"categories":[3,28,22,18,21,31,23,26,8,14,24],"tags":[62,42,61],"_links":{"self":[{"href":"https:\/\/www.feriadeteatro.com\/catalogociascyl\/wp-json\/wp\/v2\/posts\/167"}],"collection":[{"href":"https:\/\/www.feriadeteatro.com\/catalogociascyl\/wp-json\/wp\/v2\/posts"}],"about":[{"href":"https:\/\/www.feriadeteatro.com\/catalogociascyl\/wp-json\/wp\/v2\/types\/post"}],"author":[{"embeddable":true,"href":"https:\/\/www.feriadeteatro.com\/catalogociascyl\/wp-json\/wp\/v2\/users\/1"}],"replies":[{"embeddable":true,"href":"https:\/\/www.feriadeteatro.com\/catalogociascyl\/wp-json\/wp\/v2\/comments?post=167"}],"version-history":[{"count":2,"href":"https:\/\/www.feriadeteatro.com\/catalogociascyl\/wp-json\/wp\/v2\/posts\/167\/revisions"}],"predecessor-version":[{"id":652,"href":"https:\/\/www.feriadeteatro.com\/catalogociascyl\/wp-json\/wp\/v2\/posts\/167\/revisions\/652"}],"wp:featuredmedia":[{"embeddable":true,"href":"https:\/\/www.feriadeteatro.com\/catalogociascyl\/wp-json\/wp\/v2\/media\/205"}],"wp:attachment":[{"href":"https:\/\/www.feriadeteatro.com\/catalogociascyl\/wp-json\/wp\/v2\/media?parent=167"}],"wp:term":[{"taxonomy":"category","embeddable":true,"href":"https:\/\/www.feriadeteatro.com\/catalogociascyl\/wp-json\/wp\/v2\/categories?post=167"},{"taxonomy":"post_tag","embeddable":true,"href":"https:\/\/www.feriadeteatro.com\/catalogociascyl\/wp-json\/wp\/v2\/tags?post=167"}],"curies":[{"name":"wp","href":"https:\/\/api.w.org\/{rel}","templated":true}]}}