{"id":172,"date":"2020-07-30T12:30:44","date_gmt":"2020-07-30T12:30:44","guid":{"rendered":"https:\/\/www.feriadeteatro.com\/catalogociascyl\/?p=172"},"modified":"2020-08-23T11:09:55","modified_gmt":"2020-08-23T11:09:55","slug":"teatro-atopico","status":"publish","type":"post","link":"https:\/\/www.feriadeteatro.com\/catalogociascyl\/2020\/07\/30\/teatro-atopico\/","title":{"rendered":"TEATRO AT\u00d3PICO"},"content":{"rendered":"<p>Teatro At\u00f3pico es una compa\u00f1\u00eda burgalesa creada en 2012. Desde su creaci\u00f3n se centra en la producci\u00f3n de espect\u00e1culos vers\u00e1tiles y para un amplio espectro de p\u00fablico en los que el humor es el eje fundamental. Con sus ya 6 espect\u00e1culos (Claudio Cleaner, Desgraciados, Ancha es Castilla, Con la Muerte por los codos,\u00a0 La Venus de Masoch y Amigo F\u00e9lix) ha realizado m\u00e1s de 200 representaciones en las principales programaciones de la comunidad.<\/p>\n<p style=\"text-align: center;\"><a href=\"https:\/\/www.feriadeteatro.com\/catalogociascyl\/wp-content\/uploads\/2020\/08\/Amigo-F\u00e9lix-5-scaled.jpg\"><img decoding=\"async\" loading=\"lazy\" class=\"aligncenter size-large wp-image-173\" src=\"https:\/\/www.feriadeteatro.com\/catalogociascyl\/wp-content\/uploads\/2020\/08\/Amigo-F\u00e9lix-5-1024x683.jpg\" alt=\"\" width=\"1024\" height=\"683\" srcset=\"https:\/\/www.feriadeteatro.com\/catalogociascyl\/wp-content\/uploads\/2020\/08\/Amigo-F\u00e9lix-5-1024x683.jpg 1024w, https:\/\/www.feriadeteatro.com\/catalogociascyl\/wp-content\/uploads\/2020\/08\/Amigo-F\u00e9lix-5-300x200.jpg 300w, https:\/\/www.feriadeteatro.com\/catalogociascyl\/wp-content\/uploads\/2020\/08\/Amigo-F\u00e9lix-5-768x512.jpg 768w, https:\/\/www.feriadeteatro.com\/catalogociascyl\/wp-content\/uploads\/2020\/08\/Amigo-F\u00e9lix-5-1536x1024.jpg 1536w, https:\/\/www.feriadeteatro.com\/catalogociascyl\/wp-content\/uploads\/2020\/08\/Amigo-F\u00e9lix-5-2048x1366.jpg 2048w, https:\/\/www.feriadeteatro.com\/catalogociascyl\/wp-content\/uploads\/2020\/08\/Amigo-F\u00e9lix-5-1180x787.jpg 1180w, https:\/\/www.feriadeteatro.com\/catalogociascyl\/wp-content\/uploads\/2020\/08\/Amigo-F\u00e9lix-5-800x534.jpg 800w, https:\/\/www.feriadeteatro.com\/catalogociascyl\/wp-content\/uploads\/2020\/08\/Amigo-F\u00e9lix-5-650x434.jpg 650w, https:\/\/www.feriadeteatro.com\/catalogociascyl\/wp-content\/uploads\/2020\/08\/Amigo-F\u00e9lix-5-440x293.jpg 440w, https:\/\/www.feriadeteatro.com\/catalogociascyl\/wp-content\/uploads\/2020\/08\/Amigo-F\u00e9lix-5-375x249.jpg 375w\" sizes=\"(max-width: 1024px) 100vw, 1024px\" \/><\/a><\/p>\n<p>&nbsp;<\/p>\n<p>\u00b7 Personalidad Jur\u00eddica de la empresa:<strong><em> Aut\u00f3nomo <strong>(Fernando\u00a0 Ballesteros\u00a0 Hernando)<\/strong><br \/>\n<\/em><\/strong>\u00b7 A\u00f1o de constituci\u00f3n de la Compa\u00f1\u00eda: <strong>2012<\/strong><\/p>\n<p><em>\u00b7 <\/em>Direcci\u00f3n:<strong><em> Av\/ Derechos Humanos N\u00ba55,5\u00baA Cp:09007 Burgos<\/em><\/strong><\/p>\n<p><strong><em>\u00b7 <\/em><\/strong>Tel\u00e9fonos: <a href=\"tel:659759865\">659759865<\/a> \/ <a href=\"tel:634638454\">634638454<\/a><\/p>\n<p>\u00b7 Email: <a href=\"mailto:teatroatopico@gmail.com\">teatroatopico@gmail.com<\/a><\/p>\n<p>\u00b7 Enlace a WEB: <a href=\"http:\/\/www.teatroatopico.com\">www.teatroatopico.com<\/a><\/p>\n<p>\u00b7 Enlaces a Redes Sociales:<br \/>\n<a href=\"https:\/\/www.facebook.com\/At%C3%B3pico-Teatro-114994746710554\/?modal=admin_todo_tour\">https:\/\/www.facebook.com\/At%C3%B3pico-Teatro-114994746710554\/?modal=admin_todo_tour<\/a><br \/>\n<a href=\"https:\/\/twitter.com\/teatroatopico1\">https:\/\/twitter.com\/teatroatopico1<\/a><br \/>\n<a href=\"https:\/\/www.instagram.com\/teatroatopico\/?hl=es\">https:\/\/www.instagram.com\/teatroatopico\/?hl=es<\/a><br \/>\n<a href=\"https:\/\/www.youtube.com\/channel\/UCuhbGCnVWxzJWjg2bUdJjaw?view_as=subscriber\">https:\/\/www.youtube.com\/channel\/UCuhbGCnVWxzJWjg2bUdJjaw?view_as=subscriber<\/a><\/p>\n<hr \/>\n<p><strong>ESPECT\u00c1CULO DESTACADO:<\/strong><\/p>\n<p><strong><em>\u201cAmigo F\u00e9lix\u201d A\u00f1o 2020 , teatro familiar<\/em><\/strong><\/p>\n<p>40 a\u00f1os despu\u00e9s de la muerte de F\u00e9lix Rodr\u00edguez de la Fuente, dos amantes de sus programas de TV deciden hacer un documental para contar c\u00f3mo contin\u00faa la situaci\u00f3n de la Tierra. Lo que no saben, es que no vivir\u00e1n esta aventura solos. La magia del bosque desplegar\u00e1 sus alas para hacerles un precioso regalo\u2026, podr\u00e1n recordar el aut\u00e9ntico lenguaje de la naturaleza y comunicarse con sus emisarios frente a frente, para tender un puente entre ambos mundos. El hombre y la Tierra, juntos de nuevo.<\/p>\n<p><iframe loading=\"lazy\" src=\"https:\/\/www.youtube.com\/embed\/2hNBBnVN0H0\" width=\"560\" height=\"315\" frameborder=\"0\" allowfullscreen=\"allowfullscreen\"><\/iframe><br \/>\n[<a href=\"https:\/\/www.feriadeteatro.com\/catalogociascyl\/category\/companias\/\">VOLVER AL CAT\u00c1LOGO DE COMPA\u00d1\u00cdAS<\/a>]<\/p>\n<div class=\"pdf24Plugin-cp\"> \t<form name=\"pdf24Form0\" method=\"post\" action=\"https:\/\/doc2pdf.pdf24.org\/wordpress.php\" target=\"pdf24PopWin\" onsubmit=\"var pdf24Win = window.open('about:blank', 'pdf24PopWin', 'resizable=yes,scrollbars=yes,width=600,height=250,left='+(screen.width\/2-300)+',top='+(screen.height\/3-125)+''); pdf24Win.focus(); if(typeof pdf24OnCreatePDF === 'function'){void(pdf24OnCreatePDF(this,pdf24Win));}\"> \t\t<input type=\"hidden\" name=\"blogCharset\" value=\"Cw1x07UAAA==\" \/><input type=\"hidden\" name=\"blogPosts\" value=\"MwQA\" \/><input type=\"hidden\" name=\"blogUrl\" value=\"yygpKSi20tcvLy\/XS0stykxMSS1JTSwpytdLzs\/VT04sSczJT89PzkwsTq7MAQA=\" \/><input type=\"hidden\" name=\"blogName\" value=\"c04sObwwJz89XyElVcE5P7cg8fDGzMRiEC8kNbGkCCKeWFySmZOTqFCp4JN6eHMeAA==\" \/><input type=\"hidden\" name=\"blogValueEncoding\" value=\"gzdeflate base64\" \/><input type=\"hidden\" name=\"blogDocHeader\" value=\"AwA=\" \/><input type=\"hidden\" name=\"blogDocSize\" value=\"MzI0qDCyNAcA\" \/><input type=\"hidden\" name=\"blogDocOrientation\" value=\"K8gvKilKzCwBAA==\" \/><input type=\"hidden\" name=\"blogDocStyle\" value=\"AwA=\" \/><input type=\"hidden\" name=\"blogDocFilename\" value=\"AwA=\" \/><input type=\"hidden\" name=\"blogDocTpl\" value=\"hVLbbqMwEH1mpf7DLH2tS4jUVQUEabU\/0Jf9AAcmwZKxqZmmoSj\/vh7HaXOptCAwnplzzng4VUe9ru9+VB3K1q9JtZYjQudws0pn\/v7r9CGFLORIkcZ65lqtDB6q7BjhXI8koSMaBL6+qd0qbawhNCRoGjCFuFulhHvKWLWEppNuRFrN8SPoJEw20qQRGBkBzTimQeanEH5J1radHqBVuwegFmYOJRsvIUb1gQXk+UAlfEU3sld6KuC3U1LHRGO1dQXcL8JVgg+FOOuJFhvrJClroABjDZbJF9s7qm1HIeF6z8eZwxEtYy+R3MjdVP6f9sCvLo\/YUCm12poCGj8zdOV5kbw97nLhj3vdXwFrq9sz6DICe+m2yoi1JbJ9AU\/D\/qLoht+3mv\/6RgCuFR6DB266ez5hTxP\/s+D7c+JHLJ\/6skGyg1denLf3yP\/9RbpYeYyNOEg\/VOvOgvzM3jS8ESI4JwumYq9n0ewVs4Vcl9eVPLn+ZO\/g\/Au3y9pj84Dw1qvnaGqf4S0zR8YqOLz+Bw==\" \/><input type=\"hidden\" name=\"postId_0\" value=\"MzQ3AgA=\" \/><input type=\"hidden\" name=\"postTitle_0\" value=\"C3F1DAnyV3AMOTw5wNPZHwA=\" \/><input type=\"hidden\" name=\"postLink_0\" value=\"JcpBCoAwDATAF9kN9SD4mxCjBiopbSD4ew\/Oee6IPncgM8upw\/jQUI7hRfyBcHDzy8V4yttQqRJow0r418Lh3cTxAQ==\" \/><input type=\"hidden\" name=\"postAuthor_0\" value=\"SylxSCnJzEvLL8pNLMlMTtQDsQE=\" \/><input type=\"hidden\" name=\"postDateTime_0\" value=\"MzIwMtA1MNc1NlAwNLIyMLcyMQEA\" \/><input type=\"hidden\" name=\"postContent_0\" value=\"vVfLjtvIFd3PV1wQmMADSCL1oKTWSHLUcnsMo+027HZ7EQSDEllNVadYxbDIlrpXzgdkkX0CxJsAXsxi4EUAL80\/8ZfkVFFSP8aeARIoG6me95x7Wfc1zqannBW5pllRfchEpIkbKhWjSKcZq36ufmK0KPOESW6wmHMWM+KKOkG706JH3MScTOk2IlF9UGQ4RVwVuTslGWW5jsuo3sNZbjIeFdW7qJTa0CXPTfWuEBBOV5Qx3CoVsTSTQm+OghquZdXHhXTsIBQX\/1xClKRlmercMsaYX3A6L1XMUsAz2aK5BpsSghn17+E+mEtWxsCYS84UzxtWkySHCizWpkEzFS2ZlTtnBuwkazhpUOdZyfMCfABrBUXanv\/0TzpmdMYV0ED2GTM6WkKhWSoSTY+r91KsvyNIhJWkuAYGpdU7d7YTBFjNcm4s60hoZbWxUAamEyoSmTW9NSP4pdsTuCndNyqViFncGvvZ9JtxRqa4knziFXxdNAGVqJH7Gjz\/3puOGS1zfj7xlkWRmZHvr1ar1jnPoTMv3CNoQaAfMVhPJxq2MNGV9FdZM9IQoQq\/zKRmsfE7QSfwg6Hv9GvW+jXDpolANW5dZAnARJqAJewjVDLxmLlSkUf2uptLdn3lUQQtDTYt0ZomGXHNm5LlCScAi5QlvNkedD0yebQ\/5u2g01v3h13HnZgsJp5HKxEXy4ln9zxacpEssYxDjovhxf+HDtnJqkH7wuoGwRqP0EFhvEekQX+4DhE1LBLGe0Rqh93+2tqtNiBmewTrBL3hut3t9x2Yne1Ts\/YwWA+Gg1oxTPaINcTLCLu1DYd7fRn9MFj3NkgY7xGp18NrP6gdC+N9+tUgXHd6B7VfDcKV50Ibot2DlK2bLraMnG9nSA3tILgEl3rqkT8d+2y6ienT36mFyb7fzj79m14ga2qFqInIT0\/LvPopFhHb5ASe2mTCRmMDHVQyHfN0SrMS2V3pVNN2+cFjniumYo3cdcgkUgyirzaYPdlsfDf2tyIWOSh9M\/YharcIHrPqZ5ecYRFkyaLcJXnQmO\/Kh9EO09YMN0I3+lh+kOWEPxI5r0uFe\/QvfSRo7C2Rcp+UKVP4f\/7pYxg2wk8fZzTPRsFBEAzoEJWKNneJ7oBuSdwC7g6dclm9P9eQC7rbPFlwOeqHB4PwYNgPveluaD8O+ffOdXv97rAX9nBuO7z9EYF4lDIhb4m300KP6tfGCm2rr98ndtU+PW\/6lY37UpVkESdGb44Obwm3z3rzqu\/IqUV\/cfmLgg0kv+Qx\/l9ZJ8A7GW2fwxfLCVxZaP0n5zyz4tt599vDrgVo1mUmAljv4KA36PUH7SAMe\/7DVMdMTlicCvVjgWoKP2XuTfcg1On3Fe7FShRwAIdwxzDtGypfP\/Nrkq0CAv7BbPn2y7v+w6WccHNX4d8+\/1uIV7osygWvY9iSKcWl\/3peLhc\/zNXZm\/X10zcXSWfxOn56wVYPLwVf\/cjMxJQLE+Viwe\/Z\/38UdvOuljXhG188evXiaH5a\/WX++viEHh29Op3NZ49ORr\/qu5\/f\/v12Xf357T\/qQGTjMDWothads1RIwfIvx4JeQAhO2tbRJiur99uCOq2re0xq4fRSxwivScmvNycel7ZObRDKfvQpDGN31\/YZ2xLdLZye2epXxCjll3i+ue1rYh2VdXNStzo2k7CcouoDArOdCFV9ZBbFIJqy2+H0VPA8Zy061q71UZoMW3DVsD3KZuFSXIq8eqewVDBilwAqAWI0+pSW7U9QSwubJSQttLGXrPKSJwy3nALMNR2WmaMsXScItaCHNhptCrpA\/fntvxpof2IHhS2dx9ABQhlyzHvogCZNcpWU7IJvyCtmmUh+zdAT1T1LxHLjEocD5qkwLAcInefWvIg59aBR00G+jWsTZs78ZBtMnEqhCL4ZkhU0PEI7qNMF1q9uLNagi1IV7kOTKvmlbu2elDjHx+L3W5JftBm3Hz9PFzz2O8vnh4fq7HnwJNg1CWE\/uOkRuu3QIyd9AevwfOIFtqmQenVeSgmv4FzZrufOAlomv6a0dew\/\/JcNG+Y80fmV71p4hVXfm56dHJ8dvaTZMc1ncLjjkx+sw9H85NmLWfW36q+zV9ZN\/+is8x8=\" \/> \t\t<a href=\"https:\/\/www.pdf24.org\" target=\"_blank\" title=\"www.pdf24.org\" rel=\"nofollow\"><img src=\"https:\/\/www.feriadeteatro.com\/catalogociascyl\/wp-content\/plugins\/pdf24-post-to-pdf\/img\/pdf_32x32.png\" alt=\"\" border=\"0\" height=\"32\" \/><\/a> \t\t<span class=\"pdf24Plugin-cp-space\">&nbsp;&nbsp;<\/span> \t\t<span class=\"pdf24Plugin-cp-text\">Enviar art\u00edculo en formato PDF<\/span> \t\t<span class=\"pdf24Plugin-cp-space\">&nbsp;&nbsp;<\/span> \t\t<input class=\"pdf24Plugin-cp-input\" style=\"margin: 0px;\" type=\"text\" name=\"sendEmailTo\" placeholder=\"Correo electr\u00f3nico\" \/> \t\t<input class=\"pdf24Plugin-cp-submit\" style=\"margin: 0px;\" type=\"submit\" value=\"Enviar\" \/> \t<\/form> <\/div>","protected":false},"excerpt":{"rendered":"<p>Teatro At\u00f3pico es una compa\u00f1\u00eda burgalesa creada en 2012. Desde su creaci\u00f3n se centra en la producci\u00f3n de espect\u00e1culos vers\u00e1tiles y para un amplio espectro de p\u00fablico en los que el humor es el eje fundamental. Con sus ya 6 espect\u00e1culos (Claudio Cleaner, Desgraciados, Ancha es Castilla, Con la Muerte por los codos,\u00a0 La Venus [&hellip;]<\/p>\n","protected":false},"author":1,"featured_media":195,"comment_status":"open","ping_status":"open","sticky":false,"template":"","format":"standard","meta":[],"categories":[27,11,3,28,22,31,23,26,8],"tags":[41,33,63],"_links":{"self":[{"href":"https:\/\/www.feriadeteatro.com\/catalogociascyl\/wp-json\/wp\/v2\/posts\/172"}],"collection":[{"href":"https:\/\/www.feriadeteatro.com\/catalogociascyl\/wp-json\/wp\/v2\/posts"}],"about":[{"href":"https:\/\/www.feriadeteatro.com\/catalogociascyl\/wp-json\/wp\/v2\/types\/post"}],"author":[{"embeddable":true,"href":"https:\/\/www.feriadeteatro.com\/catalogociascyl\/wp-json\/wp\/v2\/users\/1"}],"replies":[{"embeddable":true,"href":"https:\/\/www.feriadeteatro.com\/catalogociascyl\/wp-json\/wp\/v2\/comments?post=172"}],"version-history":[{"count":2,"href":"https:\/\/www.feriadeteatro.com\/catalogociascyl\/wp-json\/wp\/v2\/posts\/172\/revisions"}],"predecessor-version":[{"id":653,"href":"https:\/\/www.feriadeteatro.com\/catalogociascyl\/wp-json\/wp\/v2\/posts\/172\/revisions\/653"}],"wp:featuredmedia":[{"embeddable":true,"href":"https:\/\/www.feriadeteatro.com\/catalogociascyl\/wp-json\/wp\/v2\/media\/195"}],"wp:attachment":[{"href":"https:\/\/www.feriadeteatro.com\/catalogociascyl\/wp-json\/wp\/v2\/media?parent=172"}],"wp:term":[{"taxonomy":"category","embeddable":true,"href":"https:\/\/www.feriadeteatro.com\/catalogociascyl\/wp-json\/wp\/v2\/categories?post=172"},{"taxonomy":"post_tag","embeddable":true,"href":"https:\/\/www.feriadeteatro.com\/catalogociascyl\/wp-json\/wp\/v2\/tags?post=172"}],"curies":[{"name":"wp","href":"https:\/\/api.w.org\/{rel}","templated":true}]}}