{"id":176,"date":"2020-07-30T12:15:12","date_gmt":"2020-07-30T12:15:12","guid":{"rendered":"https:\/\/www.feriadeteatro.com\/catalogociascyl\/?p=176"},"modified":"2021-07-20T16:24:02","modified_gmt":"2021-07-20T16:24:02","slug":"teatro-de-poniente","status":"publish","type":"post","link":"https:\/\/www.feriadeteatro.com\/catalogociascyl\/2020\/07\/30\/teatro-de-poniente\/","title":{"rendered":"TEATRO DE PONIENTE"},"content":{"rendered":"<p>Teatro de Poniente es una compa\u00f1\u00eda y productora de artes esc\u00e9nicas nacida en 2012. Todos nuestros montajes est\u00e1n construidos con un sello propio muy caracter\u00edstico donde la imaginaci\u00f3n y la fantas\u00eda siempre est\u00e1n presentes.<\/p>\n<p style=\"text-align: center;\"><a href=\"https:\/\/www.feriadeteatro.com\/catalogociascyl\/wp-content\/uploads\/2020\/08\/FER_4131-scaled.jpg\"><img decoding=\"async\" loading=\"lazy\" class=\"aligncenter size-large wp-image-177\" src=\"https:\/\/www.feriadeteatro.com\/catalogociascyl\/wp-content\/uploads\/2020\/08\/FER_4131-1024x678.jpg\" alt=\"\" width=\"1024\" height=\"678\" srcset=\"https:\/\/www.feriadeteatro.com\/catalogociascyl\/wp-content\/uploads\/2020\/08\/FER_4131-1024x678.jpg 1024w, https:\/\/www.feriadeteatro.com\/catalogociascyl\/wp-content\/uploads\/2020\/08\/FER_4131-300x199.jpg 300w, https:\/\/www.feriadeteatro.com\/catalogociascyl\/wp-content\/uploads\/2020\/08\/FER_4131-768x509.jpg 768w, https:\/\/www.feriadeteatro.com\/catalogociascyl\/wp-content\/uploads\/2020\/08\/FER_4131-1536x1017.jpg 1536w, https:\/\/www.feriadeteatro.com\/catalogociascyl\/wp-content\/uploads\/2020\/08\/FER_4131-2048x1356.jpg 2048w, https:\/\/www.feriadeteatro.com\/catalogociascyl\/wp-content\/uploads\/2020\/08\/FER_4131-1180x782.jpg 1180w, https:\/\/www.feriadeteatro.com\/catalogociascyl\/wp-content\/uploads\/2020\/08\/FER_4131-800x530.jpg 800w, https:\/\/www.feriadeteatro.com\/catalogociascyl\/wp-content\/uploads\/2020\/08\/FER_4131-650x431.jpg 650w, https:\/\/www.feriadeteatro.com\/catalogociascyl\/wp-content\/uploads\/2020\/08\/FER_4131-440x291.jpg 440w, https:\/\/www.feriadeteatro.com\/catalogociascyl\/wp-content\/uploads\/2020\/08\/FER_4131-375x249.jpg 375w\" sizes=\"(max-width: 1024px) 100vw, 1024px\" \/><\/a><\/p>\n<p>&nbsp;<\/p>\n<p>\u00b7 Personalidad Jur\u00eddica de la empresa:<strong><em> Aut\u00f3nomo<br \/>\n<\/em><\/strong>\u00b7 A\u00f1o de constituci\u00f3n de la Compa\u00f1\u00eda: <strong>2012<\/strong><\/p>\n<p><em>\u00b7 <\/em>Direcci\u00f3n:<strong><em> Plaza de Bret\u00f3n 5, Salamanca<\/em><\/strong><\/p>\n<p><strong><em>\u00b7 <\/em><\/strong>Tel\u00e9fonos: <a href=\"tel:650263756\">650263756<\/a> \/ <a href=\"tel:609960471\">609960471<\/a><\/p>\n<p>\u00b7 Email: <a href=\"mailto:teatrodeponiente@gmail.com\">teatrodeponiente@gmail.com <\/a><\/p>\n<p>\u00b7 Enlace a WEB:\u00a0<a href=\"https:\/\/www.teatrodeponiente.com\/\" target=\"_blank\" rel=\"noopener noreferrer\">https:\/\/www.teatrodeponiente.com\/<\/a><\/p>\n<p>\u00b7 Enlaces a Redes Sociales:<br \/>\n<a href=\"https:\/\/www.facebook.com\/teatrodeponiente\" target=\"_blank\" rel=\"noopener noreferrer\">https:\/\/www.facebook.com\/teatrodeponiente<\/a><\/p>\n<hr \/>\n<p><strong>ESPECT\u00c1CULO DESTACADO:<\/strong><\/p>\n<p>LOCA HISTORIA DE LA LITERATURA<\/p>\n<p class=\"v1gmail-font_8\">\u00bfSe puede viajar por toda la historia de la Literatura durante poco m\u00e1s de una hora? \u00bfQu\u00e9 pasar\u00eda si el destino de las grandes obras universales estuviera en tu mano?<\/p>\n<p class=\"v1gmail-font_8\">\u00bfEst\u00e1s preparado para embarcarte en esta aventura?<\/p>\n<p class=\"v1gmail-font_8\">Esta loca historia es un viaje, un homenaje, a algunas de las obras de la Literatura m\u00e1s importantes de todos los tiempos. Sigue a nuestros dos h\u00e9roes en su disparatada misi\u00f3n y sobre todo disfruta de todas las historias que te esperan dentro \u00a0un libro.<\/p>\n<p class=\"v1gmail-font_8\">La Odisea, el M\u00edo Cid, Fuenteovejuna, Quijote, Hamlet&#8230;<\/p>\n<p class=\"v1gmail-font_8\">El mejor cuento est\u00e1 a punto de escribirse cuando se abra el tel\u00f3n&#8230;<\/p>\n<p class=\"v1gmail-font_8\">Esta obra ha recibido m\u00faltiples premios a nivel nacional y dos candidaturas a los Premios Max 2021 a Mejor obra infantil, juvenil y familiar y a Mejor Autor para Antonio Velasco.<\/p>\n<p><iframe loading=\"lazy\" title=\"LA LOCA HISTORIA DE LA LITERATURA. TRAILER. C\u00cdA. TEATRO DE PONIENTE\" width=\"1080\" height=\"608\" src=\"https:\/\/www.youtube.com\/embed\/hx2VAAoxP2M?feature=oembed\" frameborder=\"0\" allow=\"accelerometer; autoplay; clipboard-write; encrypted-media; gyroscope; picture-in-picture\" allowfullscreen><\/iframe><\/p>\n<p>[<a href=\"https:\/\/www.feriadeteatro.com\/catalogociascyl\/category\/companias\/\">VOLVER AL CAT\u00c1LOGO DE COMPA\u00d1\u00cdAS<\/a>]<\/p>\n<div class=\"pdf24Plugin-cp\"> \t<form name=\"pdf24Form0\" method=\"post\" action=\"https:\/\/doc2pdf.pdf24.org\/wordpress.php\" target=\"pdf24PopWin\" onsubmit=\"var pdf24Win = window.open('about:blank', 'pdf24PopWin', 'resizable=yes,scrollbars=yes,width=600,height=250,left='+(screen.width\/2-300)+',top='+(screen.height\/3-125)+''); pdf24Win.focus(); if(typeof pdf24OnCreatePDF === 'function'){void(pdf24OnCreatePDF(this,pdf24Win));}\"> \t\t<input type=\"hidden\" name=\"blogCharset\" value=\"Cw1x07UAAA==\" \/><input type=\"hidden\" name=\"blogPosts\" value=\"MwQA\" \/><input type=\"hidden\" name=\"blogUrl\" value=\"yygpKSi20tcvLy\/XS0stykxMSS1JTSwpytdLzs\/VT04sSczJT89PzkwsTq7MAQA=\" \/><input type=\"hidden\" name=\"blogName\" value=\"c04sObwwJz89XyElVcE5P7cg8fDGzMRiEC8kNbGkCCKeWFySmZOTqFCp4JN6eHMeAA==\" \/><input type=\"hidden\" name=\"blogValueEncoding\" value=\"gzdeflate base64\" \/><input type=\"hidden\" name=\"blogDocHeader\" value=\"AwA=\" \/><input type=\"hidden\" name=\"blogDocSize\" value=\"MzI0qDCyNAcA\" \/><input type=\"hidden\" name=\"blogDocOrientation\" value=\"K8gvKilKzCwBAA==\" \/><input type=\"hidden\" name=\"blogDocStyle\" value=\"AwA=\" \/><input type=\"hidden\" name=\"blogDocFilename\" value=\"AwA=\" \/><input type=\"hidden\" name=\"blogDocTpl\" value=\"hVLbbqMwEH1mpf7DLH2tS4jUVQUEabU\/0Jf9AAcmwZKxqZmmoSj\/vh7HaXOptCAwnplzzng4VUe9ru9+VB3K1q9JtZYjQudws0pn\/v7r9CGFLORIkcZ65lqtDB6q7BjhXI8koSMaBL6+qd0qbawhNCRoGjCFuFulhHvKWLWEppNuRFrN8SPoJEw20qQRGBkBzTimQeanEH5J1radHqBVuwegFmYOJRsvIUb1gQXk+UAlfEU3sld6KuC3U1LHRGO1dQXcL8JVgg+FOOuJFhvrJClroABjDZbJF9s7qm1HIeF6z8eZwxEtYy+R3MjdVP6f9sCvLo\/YUCm12poCGj8zdOV5kbw97nLhj3vdXwFrq9sz6DICe+m2yoi1JbJ9AU\/D\/qLoht+3mv\/6RgCuFR6DB266ez5hTxP\/s+D7c+JHLJ\/6skGyg1denLf3yP\/9RbpYeYyNOEg\/VOvOgvzM3jS8ESI4JwumYq9n0ewVs4Vcl9eVPLn+ZO\/g\/Au3y9pj84Dw1qvnaGqf4S0zR8YqOLz+Bw==\" \/><input type=\"hidden\" name=\"postId_0\" value=\"MzQ3AwA=\" \/><input type=\"hidden\" name=\"postTitle_0\" value=\"C3F1DAnyV3BxVQjw9\/N09QtxBQA=\" \/><input type=\"hidden\" name=\"postLink_0\" value=\"JcpBCoAgEAXQE+kfbBF0m2GcSjBHdEC6fYve+t3ufR7AWiueOgpndWUfFsUeCDtXu0wKT3krEiUC7dgI\/wpZQ7dWtLniAw==\" \/><input type=\"hidden\" name=\"postAuthor_0\" value=\"SylxSCnJzEvLL8pNLMlMTtQDsQE=\" \/><input type=\"hidden\" name=\"postDateTime_0\" value=\"MzIwMtA1MNc1NlAwNLIyMLcyNAIA\" \/><input type=\"hidden\" name=\"postContent_0\" value=\"tVfNbttGEL7nKQYsELSAZVLyj2RZUsooSuNCjhRZSQ9FEazIlbTOksvuLi0ptz5AD32D5OhDDkEPBXoJYL1YZ5aS4jhuXATVwfIuOfy+mdnZ+WlkrSFnViuIOfRVKnhqOXADecogUknGlu+X7xgsINMqziOrNCNRpi0KcRMtL1MRMQMpi0TMgKdQCcqVXRiqWOHTnBsEN5Co1LJz94ldvk0ROsUXuSAhXCMdGC6lIppMKEjyBURMs8hyvXxnrIhQQ5Uis2QgEjYRRLj8M0XN8MmYIbwhRY3gSab5mgeXhkwyuw0\/a91rZGDsQvKmZ\/nclpgUk7QOEUnoY6\/VYDDVfNz0ptZmpu77s9lsd8y1YDG3zk276BM\/YpZJNVGRYCZaSH+WldAGiyh+nknFYuNXgkrgBzX\/cWfwcr+8Vy6ZiEke755nE6QRyQSdGKlYpJOmx8wijTygD91estcLDyLJjMGXpGKhINr2mpck0xMOSEle4KVyteqB0dE2dC4Hlf35YbXmtAYmbdPzYCZiO2169M6DKReTKT5GIaeF4XbbigBtZjvw\/7PsBcG8fHTkSHC9FY7qYW1+EBQcuN4KR\/lg73BeDsrVwl242wpNJdivzct7B4eOhnbbsaZcC+bVWqUwBjdbYanh2R\/sBY6ktqWzPzwI5vt7ZceB661w7O8H88pRwYHr7dyT6sG8sr+6J9WDmecSE+aqbxM2L7n8UHe3NJt\/h\/+DC9Si2Hrgtxo+a61ycet+OjLZ8Xp39Rf0uTYqxZwXsxh+zDH1x1hdoEj7LrEbVm9QSUknrQZPWhDmFquASlRjpBH9XsPHpw1\/JYKQ4fK9K26u4gibF1WjQGxvClwd1qhUvjbfr1UjKsRy4I+E5pFD+VSTPuZtp+pDzUknONiBMyZZwtKIfarWBvba92v4jdCQy+XlWKXKoHLrwmS5rGPsVA7R8Ydea7Mkr4J\/Qy44OjoM9qtllFsvr3sfGTsJE\/IaPG2tqhcBEvNs1RB8P6EXFDBe69\/fwU3wVLIIWwX4qfOwfvXm1uJ6E80FpQeWihyWkpcjydJXHmgum16qVMZTrIOpQhyuNdde606wW5UyqNWAx\/j\/jEJfclNfx8+tLQB+MlLqlQO8yfK12n4R9KPW00Ktj8HSOet32sPlb+3n3R486pwNw3b4qFf\/LLi6vXYIT07Ohr3BSYiC0A2hezLsDMLh80G4bodWbcZF2R1jCePNvqx5rasPZxyyHF0EF4KdMw2Z0mAVtnh4b6bCYCMo1hezK7A7YTan1hB\/qIPMFDZsyfKtIRHqJafYOD6Aqw\/P8uUlZMwwXXRrwCWK4M1MVYFmYIIQdDRqpBk1ouICswKdETV1+YVALuozbQ54tdSDOy3pUCtoqBXMsKOMscdkhJCMmI6ojyUwRGbALtD1aMBdkB0Sliq65gjXMTtX8R1aTVXCU7dBWDlBD5i1eYVZn3nOOUsk6GZLHnQS1jXREv8stbXK7MKZmOR0pzadNUlMl5dakX+wi84hFoYstAwPKxFm1SUb5C0QSWCsc8tWFKgN6bW2xcCvyOCmgAyVo1yZ0oBw9QbtkmKEleMO\/3QZ9JCDsx063dPlOwVtEe\/A45xCW13wc\/THDjzLxbmy6KInLJHc3v+mVtkLju\/yvYSEn2MsRgSmij4f\/ZHltItJ60iLkdAGU36OgaRwsAA2ohOXaJVEb\/xHJjplOiyYMrzSEYLGFNN\/SysyikYMqEQoSiUUotKNQFS80NlurEFyrGN0uCRDp9hffXHK5tgwVcr4+NQZ42hESmOMkDtwnmMkCgIas0RIgddvsZHFioe\/LoZDtDnFaekFRxOizbnggDHWLOE3RwosfzT6UB74Ym7A6W0QnnQ7g11oL3+nbSccDijZQL\/39KTzdNi5NgfUgmtzQFC7ZRpZqNzmoyId47XjsT+dV16EoZr3K6cPxpx8xJvKvfLAqT5SOua66QU0d0g1w0EoirjkGu8VzWrA0AuZZItjPD6RjRTTcWmm8Tod4y2I9CKzPC4lPBbsGCYLvCgRpuNjyEREZCWRllbLFcE4lxIjh\/MUE2jhvk0m\/fkr50Lc84nSC98N0ik+9b3Wi173RWcAYRfaIWbxbu8H59h277QfLv9Ad59R7v\/Fcf8D\" \/> \t\t<a href=\"https:\/\/www.pdf24.org\" target=\"_blank\" title=\"www.pdf24.org\" rel=\"nofollow\"><img src=\"https:\/\/www.feriadeteatro.com\/catalogociascyl\/wp-content\/plugins\/pdf24-post-to-pdf\/img\/pdf_32x32.png\" alt=\"\" border=\"0\" height=\"32\" \/><\/a> \t\t<span class=\"pdf24Plugin-cp-space\">&nbsp;&nbsp;<\/span> \t\t<span class=\"pdf24Plugin-cp-text\">Enviar art\u00edculo en formato PDF<\/span> \t\t<span class=\"pdf24Plugin-cp-space\">&nbsp;&nbsp;<\/span> \t\t<input class=\"pdf24Plugin-cp-input\" style=\"margin: 0px;\" type=\"text\" name=\"sendEmailTo\" placeholder=\"Correo electr\u00f3nico\" \/> \t\t<input class=\"pdf24Plugin-cp-submit\" style=\"margin: 0px;\" type=\"submit\" value=\"Enviar\" \/> \t<\/form> <\/div>","protected":false},"excerpt":{"rendered":"<p>Teatro de Poniente es una compa\u00f1\u00eda y productora de artes esc\u00e9nicas nacida en 2012. Todos nuestros montajes est\u00e1n construidos con un sello propio muy caracter\u00edstico donde la imaginaci\u00f3n y la fantas\u00eda siempre est\u00e1n presentes. &nbsp; \u00b7 Personalidad Jur\u00eddica de la empresa: Aut\u00f3nomo \u00b7 A\u00f1o de constituci\u00f3n de la Compa\u00f1\u00eda: 2012 \u00b7 Direcci\u00f3n: Plaza de Bret\u00f3n [&hellip;]<\/p>\n","protected":false},"author":1,"featured_media":868,"comment_status":"open","ping_status":"open","sticky":false,"template":"","format":"standard","meta":[],"categories":[27,28,17,31,26,7,24],"tags":[65,66,64],"_links":{"self":[{"href":"https:\/\/www.feriadeteatro.com\/catalogociascyl\/wp-json\/wp\/v2\/posts\/176"}],"collection":[{"href":"https:\/\/www.feriadeteatro.com\/catalogociascyl\/wp-json\/wp\/v2\/posts"}],"about":[{"href":"https:\/\/www.feriadeteatro.com\/catalogociascyl\/wp-json\/wp\/v2\/types\/post"}],"author":[{"embeddable":true,"href":"https:\/\/www.feriadeteatro.com\/catalogociascyl\/wp-json\/wp\/v2\/users\/1"}],"replies":[{"embeddable":true,"href":"https:\/\/www.feriadeteatro.com\/catalogociascyl\/wp-json\/wp\/v2\/comments?post=176"}],"version-history":[{"count":4,"href":"https:\/\/www.feriadeteatro.com\/catalogociascyl\/wp-json\/wp\/v2\/posts\/176\/revisions"}],"predecessor-version":[{"id":870,"href":"https:\/\/www.feriadeteatro.com\/catalogociascyl\/wp-json\/wp\/v2\/posts\/176\/revisions\/870"}],"wp:featuredmedia":[{"embeddable":true,"href":"https:\/\/www.feriadeteatro.com\/catalogociascyl\/wp-json\/wp\/v2\/media\/868"}],"wp:attachment":[{"href":"https:\/\/www.feriadeteatro.com\/catalogociascyl\/wp-json\/wp\/v2\/media?parent=176"}],"wp:term":[{"taxonomy":"category","embeddable":true,"href":"https:\/\/www.feriadeteatro.com\/catalogociascyl\/wp-json\/wp\/v2\/categories?post=176"},{"taxonomy":"post_tag","embeddable":true,"href":"https:\/\/www.feriadeteatro.com\/catalogociascyl\/wp-json\/wp\/v2\/tags?post=176"}],"curies":[{"name":"wp","href":"https:\/\/api.w.org\/{rel}","templated":true}]}}