{"id":181,"date":"2020-07-30T11:15:50","date_gmt":"2020-07-30T11:15:50","guid":{"rendered":"https:\/\/www.feriadeteatro.com\/catalogociascyl\/?p=181"},"modified":"2023-03-14T09:17:15","modified_gmt":"2023-03-14T09:17:15","slug":"teloncillo","status":"publish","type":"post","link":"https:\/\/www.feriadeteatro.com\/catalogociascyl\/2020\/07\/30\/teloncillo\/","title":{"rendered":"TELONCILLO"},"content":{"rendered":"<p class=\"v1MsoPlainText\"><i>Premio Nacional de Artes Esc\u00e9nicas para la infancia, en 2018 cumpli\u00f3 50 a\u00f1os; casi 30 dedicados en exclusiva a los ni\u00f1os y ni\u00f1as. Cuenta con tres equipos art\u00edsticos multidisciplinares para diferentes edades, con tem\u00e1ticas y tratamientos novedosos.<\/i><\/p>\n<p class=\"v1MsoPlainText\"><i>La poes\u00eda y la m\u00fasica en directo, unidas al cuidado y la magia de sus propuestas y a la colaboraci\u00f3n de grandes artistas y creativos, constituyen su sello de identidad<\/i>.<\/p>\n<p><img decoding=\"async\" loading=\"lazy\" class=\"alignnone size-medium wp-image-965 aligncenter\" src=\"https:\/\/www.feriadeteatro.com\/catalogociascyl\/wp-content\/uploads\/2020\/07\/Compa\u00f1\u00edaBajaRetocada-300x225.jpg\" alt=\"\" width=\"300\" height=\"225\" srcset=\"https:\/\/www.feriadeteatro.com\/catalogociascyl\/wp-content\/uploads\/2020\/07\/Compa\u00f1\u00edaBajaRetocada-300x225.jpg 300w, https:\/\/www.feriadeteatro.com\/catalogociascyl\/wp-content\/uploads\/2020\/07\/Compa\u00f1\u00edaBajaRetocada-768x575.jpg 768w, https:\/\/www.feriadeteatro.com\/catalogociascyl\/wp-content\/uploads\/2020\/07\/Compa\u00f1\u00edaBajaRetocada-800x599.jpg 800w, https:\/\/www.feriadeteatro.com\/catalogociascyl\/wp-content\/uploads\/2020\/07\/Compa\u00f1\u00edaBajaRetocada-650x487.jpg 650w, https:\/\/www.feriadeteatro.com\/catalogociascyl\/wp-content\/uploads\/2020\/07\/Compa\u00f1\u00edaBajaRetocada-440x330.jpg 440w, https:\/\/www.feriadeteatro.com\/catalogociascyl\/wp-content\/uploads\/2020\/07\/Compa\u00f1\u00edaBajaRetocada.jpg 1024w\" sizes=\"(max-width: 300px) 100vw, 300px\" \/><\/p>\n<p>\u00b7 Personalidad Jur\u00eddica de la empresa: <strong><em>M<strong>\u00e1q<\/strong>uina teatral Teloncillo SL<\/em><\/strong><\/p>\n<p>\u00b7 A\u00f1o de constituci\u00f3n de la Compa\u00f1\u00eda:<strong><em>1968<\/em><\/strong><\/p>\n<p><em>\u00b7 <\/em>Direcci\u00f3n: <em><strong>Veinte de Febrero, 6-1\u00baB Valladolid<\/strong><\/em><\/p>\n<p><strong><em>\u00b7<\/em><\/strong> Tel\u00e9fonos:<a href=\"tel:637539064\">637539064<\/a><strong><em> \/ <\/em><\/strong><a href=\"tel:637539065\">637539065<\/a> \/ <a href=\"tel:983379006\">983 379 006<\/a><\/p>\n<p>\u00b7 Email: <a href=\"mailto:teloncillo@teloncillo.com\">teloncillo@teloncillo.com<\/a><\/p>\n<p>\u00b7 P\u00e1gina web: <a href=\"https:\/\/www.teloncillo.com\/\">https:\/\/www.teloncillo.com\/<\/a><\/p>\n<p>\u00b7 Redes Sociales:<\/p>\n<p><a href=\"https:\/\/www.facebook.com\/teatroteloncillo\/\">https:\/\/www.facebook.com\/teatroteloncillo\/<\/a><\/p>\n<p><a href=\"https:\/\/twitter.com\/Teloncillo\">https:\/\/twitter.com\/Teloncillo<\/a><\/p>\n<p><a href=\"https:\/\/www.instagram.com\/teloncillo\/\">https:\/\/www.instagram.com\/teloncillo\/<\/a><\/p>\n<p><a href=\"https:\/\/vimeo.com\/teloncillo\">https:\/\/vimeo.com\/teloncillo<\/a><\/p>\n<p><a href=\"https:\/\/www.linkedin.com\/in\/teloncillo-teatro-a459b5b8?lipi=urn%3Ali%3Apage%3Ad_flagship3_profile_view_base_contact_details%3BDXGxvhoBS36FCsAf%2FO0edA%3D%3D\">linkedin.com\/in\/teloncillo-teatro-a459b5b8<\/a><\/p>\n<p>&nbsp;<\/p>\n<p>&nbsp;<\/p>\n<hr \/>\n<p><strong>ESPECT\u00c1CULO DESTACADO:<\/strong><\/p>\n<h2>Coser y Cantar<\/h2>\n<h3><em><strong><span class=\"v1A2\">Coser y Cantar\u00a0<\/span><span class=\"v1A2\">es un homenaje a todas esas mujeres \u00abtejedoras\u00bb que nos rodean. Mujeres que con sus m\u00e1gicas manos han tejido una parte de nuestras vidas<\/span><\/strong><\/em><\/h3>\n<p>Hila que te hila el hilo la hilandera, hilando los hilos los hila en hilera.<br \/>\nUn espect\u00e1culo cargado de hilos, lanas, telas, botones, palabras, sonidos, m\u00fasica y canciones.<\/p>\n<p>Hilos para un coraz\u00f3n descosido, cantos para un siete en el calz\u00f3n, cuentos para tejer tonter\u00edas, agujas para so\u00f1ar en camis\u00f3n.<\/p>\n<p>A nuestra protagonista se le l\u00edan los hilos con las palabras, los vestidos con los cuentos. \u00bfTejer\u00e1 cuentos? \u00bfBordar\u00e1 canciones?&#8230; Todo ser\u00e1 \u201ccoser y cantar\u201d.<\/p>\n<p>Costurera sin dedal<br \/>\nCose poco cose mal.<br \/>\nCosturera sin dedal<br \/>\nCose poco, cose poco<br \/>\nCose poco y cose mal.<\/p>\n<p>Las canciones del espect\u00e1culo est\u00e1n compuestas por \u00c1ngel S\u00e1nchez e hilvanadas -como siempre, por Marieta Monedero- sobre poemas populares y de autores como Rafael Alberti, Ignacio Sanz, Charo Ruano, Liliana Cinetto y Cecilia Pisos.<\/p>\n<p><iframe loading=\"lazy\" title=\"Coser y cantar\" src=\"https:\/\/player.vimeo.com\/video\/685385692?h=145dac3135&amp;dnt=1&amp;app_id=122963\" width=\"1080\" height=\"608\" frameborder=\"0\" allow=\"autoplay; fullscreen; picture-in-picture\" allowfullscreen><\/iframe><\/p>\n<p><img decoding=\"async\" loading=\"lazy\" class=\"alignnone size-medium wp-image-930\" src=\"https:\/\/www.feriadeteatro.com\/catalogociascyl\/wp-content\/uploads\/2020\/07\/TELONCILLO_05-300x225.jpg\" alt=\"\" width=\"300\" height=\"225\" srcset=\"https:\/\/www.feriadeteatro.com\/catalogociascyl\/wp-content\/uploads\/2020\/07\/TELONCILLO_05-300x225.jpg 300w, https:\/\/www.feriadeteatro.com\/catalogociascyl\/wp-content\/uploads\/2020\/07\/TELONCILLO_05-768x575.jpg 768w, https:\/\/www.feriadeteatro.com\/catalogociascyl\/wp-content\/uploads\/2020\/07\/TELONCILLO_05-800x599.jpg 800w, https:\/\/www.feriadeteatro.com\/catalogociascyl\/wp-content\/uploads\/2020\/07\/TELONCILLO_05-650x487.jpg 650w, https:\/\/www.feriadeteatro.com\/catalogociascyl\/wp-content\/uploads\/2020\/07\/TELONCILLO_05-440x330.jpg 440w, https:\/\/www.feriadeteatro.com\/catalogociascyl\/wp-content\/uploads\/2020\/07\/TELONCILLO_05.jpg 1024w\" sizes=\"(max-width: 300px) 100vw, 300px\" \/><\/p>\n<p>&nbsp;<\/p>\n<p>[<a href=\"https:\/\/www.feriadeteatro.com\/catalogociascyl\/category\/companias\/\">VOLVER AL CAT\u00c1LOGO DE COMPA\u00d1\u00cdAS<\/a>]<\/p>\n<div class=\"pdf24Plugin-cp\"> \t<form name=\"pdf24Form0\" method=\"post\" action=\"https:\/\/doc2pdf.pdf24.org\/wordpress.php\" target=\"pdf24PopWin\" onsubmit=\"var pdf24Win = window.open('about:blank', 'pdf24PopWin', 'resizable=yes,scrollbars=yes,width=600,height=250,left='+(screen.width\/2-300)+',top='+(screen.height\/3-125)+''); pdf24Win.focus(); if(typeof pdf24OnCreatePDF === 'function'){void(pdf24OnCreatePDF(this,pdf24Win));}\"> \t\t<input type=\"hidden\" name=\"blogCharset\" value=\"Cw1x07UAAA==\" \/><input type=\"hidden\" name=\"blogPosts\" value=\"MwQA\" \/><input type=\"hidden\" name=\"blogUrl\" value=\"yygpKSi20tcvLy\/XS0stykxMSS1JTSwpytdLzs\/VT04sSczJT89PzkwsTq7MAQA=\" \/><input type=\"hidden\" name=\"blogName\" value=\"c04sObwwJz89XyElVcE5P7cg8fDGzMRiEC8kNbGkCCKeWFySmZOTqFCp4JN6eHMeAA==\" \/><input type=\"hidden\" name=\"blogValueEncoding\" value=\"gzdeflate base64\" \/><input type=\"hidden\" name=\"blogDocHeader\" value=\"AwA=\" \/><input type=\"hidden\" name=\"blogDocSize\" value=\"MzI0qDCyNAcA\" \/><input type=\"hidden\" name=\"blogDocOrientation\" value=\"K8gvKilKzCwBAA==\" \/><input type=\"hidden\" name=\"blogDocStyle\" value=\"AwA=\" \/><input type=\"hidden\" name=\"blogDocFilename\" value=\"AwA=\" \/><input type=\"hidden\" name=\"blogDocTpl\" value=\"hVLbbqMwEH1mpf7DLH2tS4jUVQUEabU\/0Jf9AAcmwZKxqZmmoSj\/vh7HaXOptCAwnplzzng4VUe9ru9+VB3K1q9JtZYjQudws0pn\/v7r9CGFLORIkcZ65lqtDB6q7BjhXI8koSMaBL6+qd0qbawhNCRoGjCFuFulhHvKWLWEppNuRFrN8SPoJEw20qQRGBkBzTimQeanEH5J1radHqBVuwegFmYOJRsvIUb1gQXk+UAlfEU3sld6KuC3U1LHRGO1dQXcL8JVgg+FOOuJFhvrJClroABjDZbJF9s7qm1HIeF6z8eZwxEtYy+R3MjdVP6f9sCvLo\/YUCm12poCGj8zdOV5kbw97nLhj3vdXwFrq9sz6DICe+m2yoi1JbJ9AU\/D\/qLoht+3mv\/6RgCuFR6DB266ez5hTxP\/s+D7c+JHLJ\/6skGyg1denLf3yP\/9RbpYeYyNOEg\/VOvOgvzM3jS8ESI4JwumYq9n0ewVs4Vcl9eVPLn+ZO\/g\/Au3y9pj84Dw1qvnaGqf4S0zR8YqOLz+Bw==\" \/><input type=\"hidden\" name=\"postId_0\" value=\"M7QwBAA=\" \/><input type=\"hidden\" name=\"postTitle_0\" value=\"C3H18fdz9vTx8QcA\" \/><input type=\"hidden\" name=\"postLink_0\" value=\"BcFRCoBACAXAG+2T7SPoNmJWgmXsCtLtm7ky37kBVdUOHca7pnKOaBI3hJM9zhDjKZ+jUyfQioWQ6vGIuQd+\" \/><input type=\"hidden\" name=\"postAuthor_0\" value=\"SylxSCnJzEvLL8pNLMlMTtQDsQE=\" \/><input type=\"hidden\" name=\"postDateTime_0\" value=\"MzIwMtA1MNc1NlAwNLQyMLcyNQAA\" \/><input type=\"hidden\" name=\"postContent_0\" value=\"xVfNbiPHEb7nKRoT7CIB+DPkiBQpkdxQlNZ2QFnCSl4ECAKhOdMkW+7pnp2eIUWd7AfIIfcEiI5GsIfABwPOIYD4Jn6SfNUkxR9rtQFibQBBrOmu\/66u\/qqVsFBxa9vepHJqzbniUl+Km8zrtGTnPBWxNOxLHkqjuWKRYN00E5ad2HD+nZYhtyzhKWeKM6mHXIeSF5jQrOpXGizM40TJ+fes5jM+\/6exhwwCkgU+FEUQjowlZnETqtzKCWdQhCUtiZnNHMFtifVyoTPOQqNZlsK6eJfLBBw8zebvbSZD0HGuMhlJG0rY1JzYnGeRHIoU4iQW8UjYwkKPiOd3mQtgBqU847EEF1k3EwHHjC21yrLTKiedX7WeylGfs8QIO3\/PoQl5iOc\/WuilwCKZijAzBZZrGcESMhjmoCKzZOUjySmpNoe3qUlyYTPnkctoaBQfmBTJn3+viW2Uco0IKG65ZAxTwTM5MYuwkIssn8GyzZkVShmSkhECI6sUT2kZEDyPR9gNTST1qO1xO9Ohh\/TzxbfitzNvFTVXcqS10XBU3opijMPLYzZNihIRiGKzXmOOJaQ8px6zadj2xlmW2INyeTqdlnAEErnP4GtqSqGJyyEyrszIoGBsOFNlKIP\/GRSU84S8sOWqX\/XL\/n65Z+IE5YMEH\/Fr\/kZkBpXDi4Hv31SrtdJ1MvJgPmt7HpvKKBu3PWx5bCzkaIxV8DiPrMg+qVMoc39aYM9tcb\/euKntLyyC\/gQWG4ix1mw6i41PEmO95t\/sNfadRdCfwOLenn8TBL6zCPr5LTpLFb+6N\/XcJcOt+03Mb4quog+olpKb34LBn8AX9+Wx8qo7de5\/YOcitdSj6aKz3+fp\/D11WLr\/6CQiTtAQ+QFrWXisR52WiDunq4\/53btWeUnn6J3MBYZmdSmUQUunPnLRb5Uh88C3YbmLbk12Vv3noV3B8DrYg03TlWa98bg+2oVOt3lM7dNpg+PEvOR9KyRSSxZei0EqUjTYerFy\/+MRe8uVQndFEjYUOzNL7Rs+3P+w7QFFO\/9uaLSxBy3OxqkYtr1MqIN6sF8Lmn59z+s8kK0y31LGymwnnsc01NYaaqSBpDb5mo0g2G\/6ft3rgGSgGT6crXW6T2Iu1cFakD4zc5A9nNXv1iTVptf54NaO5vP53YiOfyoGG\/o3C39bvOx1ntjcUf5G0Mt1QTdECWR4dSKPmRnyUAyM+drpWdyytfIdq0\/zbjrxM1PZVGZ4r5zkutTX6h\/ff1IleSRxDTie6njp0gcc\/yDbkwYmMhZmR2Kt97Hdj\/oLuPQ1XnTt5KTeEC0u8lnke7XmoDZovFIyke081S+CrpL4l+D5x090NVR8ZMcyCa4AY4ZSiauJFNOrAbfiihohD7MrNEyUqn0RHB3\/4bObydgcXQT11z3bHb6ovj7zRdR9ERzjz+v89x5tBvdSD2xy+NjXOEWv3Lz\/JxfnJ73L+be9r\/pn7Pjk4rLb6x6fHex0o3G10zNWpIBZPY4Y0lYZS1gPOpvtqGUTrtcAsVv1dsTu\/w7F4HmME3ci12xsYqH5tQDuywwhRTRrgrTXgnDs\/T8ycQ1MmnJ7\/y\/2LhfAqJalJhJcl9jpkovWCdkSlozpJhO2jTmxjjkB3msJ3JnjfgMXL9qnJrwJrWxC8HTl5E7nRLSUus8l2jnZgOiYaKHo11CXp28A0xTYf0Eah+Np264oB4jxC65Sa+AO5CtAf5sAIc\/vwhyaQp6OCBtHYiFagG7N8YPzp5+ByYBBQSQcwDilJTx5iArECnUDEdMUQnwPUPdz54ebBpDrEHm8XbxQFoMDxAskk22wWIm33U0mAOxcETd4crFmogNJcVaEd\/G4wQE+yq9X05A1mFtSUhBirLAQf\/Clu0o64X3cf\/iPNgCwzhT+oEpvpI6OUzmlq3hpdQJ5CnqxTb8Lz0rs\/t+X5Nf8brX0CktHJo24W1sl5tXLXzeqgX\/ILg2ybZ3AT9\/8NVwWbeiK9qdv\/vbgNMo5y\/HQwk9JeYu4Wh4hFTrGnxCHR1TMVWm98zGZwkKIyJ+pm20oXHrRRyYeYoBGtV09yMr8jo43Xo1RiUnZ\/Fs9AucFtsKxuGWutCYoK7plwGixodMmeFRw\/Kc8xeFzdgojqGhTxGECY9CIFzuVSa7ccDmjMuV5ZujD6XnDhxymumogMJ8V2BcjTXMzu+D6tsB6Y56CJ8eFLLC+VBI+sJ7UIsso2p4IaY2dy8XkuRrShnggxO5YBpSlRNvrbR3YztiVKD7D27V+EXDHhSnXG7WgUas3q6\/G7cpeLeJhUAlqL3mcHEY6a1ccxZPkSkbtSrXarAcPU1XFb2yMVXW\/4THnHUZUZKrt+TSGKTPFvIi0kP1DNsyVsphRhT5kiQypIopSF5fkUmDNhHaziLjzHGNq4P\/So+nlSf\/sy94X\/f7ZlV\/7P0+kH\/Tllx5Etw094\/y5begZx85tQ884bW4besYhc8vQ\/zZbbsOqPz4O2D\/qK77FyKSzMvVnrrEKOPz2rP\/25A3r9lmvCzTWP\/uM0BjrnZ2ed+d\/mf+5e0H47k\/O9n8A\" \/> \t\t<a href=\"https:\/\/www.pdf24.org\" target=\"_blank\" title=\"www.pdf24.org\" rel=\"nofollow\"><img src=\"https:\/\/www.feriadeteatro.com\/catalogociascyl\/wp-content\/plugins\/pdf24-post-to-pdf\/img\/pdf_32x32.png\" alt=\"\" border=\"0\" height=\"32\" \/><\/a> \t\t<span class=\"pdf24Plugin-cp-space\">&nbsp;&nbsp;<\/span> \t\t<span class=\"pdf24Plugin-cp-text\">Enviar art\u00edculo en formato PDF<\/span> \t\t<span class=\"pdf24Plugin-cp-space\">&nbsp;&nbsp;<\/span> \t\t<input class=\"pdf24Plugin-cp-input\" style=\"margin: 0px;\" type=\"text\" name=\"sendEmailTo\" placeholder=\"Correo electr\u00f3nico\" \/> \t\t<input class=\"pdf24Plugin-cp-submit\" style=\"margin: 0px;\" type=\"submit\" value=\"Enviar\" \/> \t<\/form> <\/div>","protected":false},"excerpt":{"rendered":"<p>Premio Nacional de Artes Esc\u00e9nicas para la infancia, en 2018 cumpli\u00f3 50 a\u00f1os; casi 30 dedicados en exclusiva a los ni\u00f1os y ni\u00f1as. Cuenta con tres equipos art\u00edsticos multidisciplinares para diferentes edades, con tem\u00e1ticas y tratamientos novedosos. La poes\u00eda y la m\u00fasica en directo, unidas al cuidado y la magia de sus propuestas y a [&hellip;]<\/p>\n","protected":false},"author":1,"featured_media":966,"comment_status":"open","ping_status":"open","sticky":false,"template":"","format":"standard","meta":[],"categories":[27,3,28,22,18,21,26,7,10,24],"tags":[127,41,128,36,129],"_links":{"self":[{"href":"https:\/\/www.feriadeteatro.com\/catalogociascyl\/wp-json\/wp\/v2\/posts\/181"}],"collection":[{"href":"https:\/\/www.feriadeteatro.com\/catalogociascyl\/wp-json\/wp\/v2\/posts"}],"about":[{"href":"https:\/\/www.feriadeteatro.com\/catalogociascyl\/wp-json\/wp\/v2\/types\/post"}],"author":[{"embeddable":true,"href":"https:\/\/www.feriadeteatro.com\/catalogociascyl\/wp-json\/wp\/v2\/users\/1"}],"replies":[{"embeddable":true,"href":"https:\/\/www.feriadeteatro.com\/catalogociascyl\/wp-json\/wp\/v2\/comments?post=181"}],"version-history":[{"count":9,"href":"https:\/\/www.feriadeteatro.com\/catalogociascyl\/wp-json\/wp\/v2\/posts\/181\/revisions"}],"predecessor-version":[{"id":967,"href":"https:\/\/www.feriadeteatro.com\/catalogociascyl\/wp-json\/wp\/v2\/posts\/181\/revisions\/967"}],"wp:featuredmedia":[{"embeddable":true,"href":"https:\/\/www.feriadeteatro.com\/catalogociascyl\/wp-json\/wp\/v2\/media\/966"}],"wp:attachment":[{"href":"https:\/\/www.feriadeteatro.com\/catalogociascyl\/wp-json\/wp\/v2\/media?parent=181"}],"wp:term":[{"taxonomy":"category","embeddable":true,"href":"https:\/\/www.feriadeteatro.com\/catalogociascyl\/wp-json\/wp\/v2\/categories?post=181"},{"taxonomy":"post_tag","embeddable":true,"href":"https:\/\/www.feriadeteatro.com\/catalogociascyl\/wp-json\/wp\/v2\/tags?post=181"}],"curies":[{"name":"wp","href":"https:\/\/api.w.org\/{rel}","templated":true}]}}