{"id":216,"date":"2020-08-04T12:37:11","date_gmt":"2020-08-04T12:37:11","guid":{"rendered":"https:\/\/www.feriadeteatro.com\/catalogociascyl\/?p=216"},"modified":"2025-03-19T09:46:06","modified_gmt":"2025-03-19T09:46:06","slug":"alicia-maravillas","status":"publish","type":"post","link":"https:\/\/www.feriadeteatro.com\/catalogociascyl\/2020\/08\/04\/alicia-maravillas\/","title":{"rendered":"ALICIA MARAVILLAS"},"content":{"rendered":"<p>Formada en \u201cEl Cuerpo Po\u00e9tico\u201d de Jacques Lecoq por Mar Navarro y Andr\u00e9s Hern\u00e1ndez, se especializa en clown y buf\u00f3n de la mano de grandes maestros como Philippe Gaulier, Eric de Bont, Gabriel Cham\u00e8, Hern\u00e1n Gene, entre otros. Es creadora de sus propios espect\u00e1culos multidisciplinares en clave de clown, donde su m\u00fasica toma una gran presencia . Con ellos recorre la geograf\u00eda espa\u00f1ola y est\u00e1 preparada para expandirse al mundo entero.<br \/>\nDocente de teatro, clown, buf\u00f3n y canto creativo desde hace a\u00f1os, es tambi\u00e9n asesora teatral de creadores esc\u00e9nicos<\/p>\n<p>\u00b7 Personalidad Jur\u00eddica de la empresa: <strong><em>Aut\u00f3noma Empresarial<br \/>\n<\/em><\/strong>\u00b7 A\u00f1o de constituci\u00f3n de la Compa\u00f1\u00eda: <strong>2005<\/strong><\/p>\n<p><em>\u00b7 <\/em>Direcci\u00f3n:<strong><em>\u00a0 Valladolid<br \/>\n<\/em><\/strong><\/p>\n<p><strong><em>\u00b7 <\/em><\/strong>Tel\u00e9fonos: <a href=\"tel:629847784\">629847784<\/a><\/p>\n<p>\u00b7 Email:\u00a0<a href=\"info@aliciamaravillas.es\">info@aliciamaravillas.es<\/a><\/p>\n<p>\u00b7 Enlace a WEB:<a href=\"http:\/\/www.aliciamaravillas.es\">http:\/\/www.aliciamaravillas.es<\/a><\/p>\n<p>\u00b7 Enlaces a Redes Sociales:<\/p>\n<p><a href=\"https:\/\/www.facebook.com\/AliciaSanzpayasa\/\">https:\/\/www.facebook.com\/AliciaSanzpayasa\/<\/a><\/p>\n<p><a href=\"https:\/\/www.instagram.com\/aliciamaravillaspayasa\/\">https:\/\/www.instagram.com\/aliciamaravillaspayasa\/<\/a><\/p>\n<p>&nbsp;<\/p>\n<hr \/>\n<p><strong>ESPECT\u00c1CULO DESTACADO:<\/strong><\/p>\n<div>\n<p>\u00a0Antepresentes (a\u00f1o 2025, Residencia Horizontes Teatro Calder\u00f3n 2023).<\/p>\n<p>Estreno: Febrero de 2025 en el Teatro Calderon (Valladolid).<\/p>\n<p><img decoding=\"async\" loading=\"lazy\" class=\"alignnone size-medium wp-image-1063\" src=\"https:\/\/www.feriadeteatro.com\/catalogociascyl\/wp-content\/uploads\/2020\/08\/cartel_ANTEPRESENTES_rrss-188x300.jpg\" alt=\"\" width=\"188\" height=\"300\" srcset=\"https:\/\/www.feriadeteatro.com\/catalogociascyl\/wp-content\/uploads\/2020\/08\/cartel_ANTEPRESENTES_rrss-188x300.jpg 188w, https:\/\/www.feriadeteatro.com\/catalogociascyl\/wp-content\/uploads\/2020\/08\/cartel_ANTEPRESENTES_rrss-640x1024.jpg 640w, https:\/\/www.feriadeteatro.com\/catalogociascyl\/wp-content\/uploads\/2020\/08\/cartel_ANTEPRESENTES_rrss-768x1229.jpg 768w, https:\/\/www.feriadeteatro.com\/catalogociascyl\/wp-content\/uploads\/2020\/08\/cartel_ANTEPRESENTES_rrss-960x1536.jpg 960w, https:\/\/www.feriadeteatro.com\/catalogociascyl\/wp-content\/uploads\/2020\/08\/cartel_ANTEPRESENTES_rrss-800x1280.jpg 800w, https:\/\/www.feriadeteatro.com\/catalogociascyl\/wp-content\/uploads\/2020\/08\/cartel_ANTEPRESENTES_rrss-650x1040.jpg 650w, https:\/\/www.feriadeteatro.com\/catalogociascyl\/wp-content\/uploads\/2020\/08\/cartel_ANTEPRESENTES_rrss-440x704.jpg 440w, https:\/\/www.feriadeteatro.com\/catalogociascyl\/wp-content\/uploads\/2020\/08\/cartel_ANTEPRESENTES_rrss.jpg 1000w\" sizes=\"(max-width: 188px) 100vw, 188px\" \/><\/p>\n<p><a href=\"https:\/\/aliciamaravillas.es\/espectaculos\/antepresentes\/\">https:\/\/aliciamaravillas.es\/espectaculos\/antepresentes\/<\/a><\/p>\n<p>&nbsp;<\/p>\n<\/div>\n<p>&nbsp;<\/p>\n<hr \/>\n<p>[<a href=\"https:\/\/www.feriadeteatro.com\/catalogociascyl\/category\/companias\/\">VOLVER AL CAT\u00c1LOGO DE COMPA\u00d1\u00cdAS<\/a>]<\/p>\n<div class=\"pdf24Plugin-cp\"> \t<form name=\"pdf24Form0\" method=\"post\" action=\"https:\/\/doc2pdf.pdf24.org\/wordpress.php\" target=\"pdf24PopWin\" onsubmit=\"var pdf24Win = window.open('about:blank', 'pdf24PopWin', 'resizable=yes,scrollbars=yes,width=600,height=250,left='+(screen.width\/2-300)+',top='+(screen.height\/3-125)+''); pdf24Win.focus(); if(typeof pdf24OnCreatePDF === 'function'){void(pdf24OnCreatePDF(this,pdf24Win));}\"> \t\t<input type=\"hidden\" name=\"blogCharset\" value=\"Cw1x07UAAA==\" \/><input type=\"hidden\" name=\"blogPosts\" value=\"MwQA\" \/><input type=\"hidden\" name=\"blogUrl\" value=\"yygpKSi20tcvLy\/XS0stykxMSS1JTSwpytdLzs\/VT04sSczJT89PzkwsTq7MAQA=\" \/><input type=\"hidden\" name=\"blogName\" value=\"c04sObwwJz89XyElVcE5P7cg8fDGzMRiEC8kNbGkCCKeWFySmZOTqFCp4JN6eHMeAA==\" \/><input type=\"hidden\" name=\"blogValueEncoding\" value=\"gzdeflate base64\" \/><input type=\"hidden\" name=\"blogDocHeader\" value=\"AwA=\" \/><input type=\"hidden\" name=\"blogDocSize\" value=\"MzI0qDCyNAcA\" \/><input type=\"hidden\" name=\"blogDocOrientation\" value=\"K8gvKilKzCwBAA==\" \/><input type=\"hidden\" name=\"blogDocStyle\" value=\"AwA=\" \/><input type=\"hidden\" name=\"blogDocFilename\" value=\"AwA=\" \/><input type=\"hidden\" name=\"blogDocTpl\" value=\"hVLbbqMwEH1mpf7DLH2tS4jUVQUEabU\/0Jf9AAcmwZKxqZmmoSj\/vh7HaXOptCAwnplzzng4VUe9ru9+VB3K1q9JtZYjQudws0pn\/v7r9CGFLORIkcZ65lqtDB6q7BjhXI8koSMaBL6+qd0qbawhNCRoGjCFuFulhHvKWLWEppNuRFrN8SPoJEw20qQRGBkBzTimQeanEH5J1radHqBVuwegFmYOJRsvIUb1gQXk+UAlfEU3sld6KuC3U1LHRGO1dQXcL8JVgg+FOOuJFhvrJClroABjDZbJF9s7qm1HIeF6z8eZwxEtYy+R3MjdVP6f9sCvLo\/YUCm12poCGj8zdOV5kbw97nLhj3vdXwFrq9sz6DICe+m2yoi1JbJ9AU\/D\/qLoht+3mv\/6RgCuFR6DB266ez5hTxP\/s+D7c+JHLJ\/6skGyg1denLf3yP\/9RbpYeYyNOEg\/VOvOgvzM3jS8ESI4JwumYq9n0ewVs4Vcl9eVPLn+ZO\/g\/Au3y9pj84Dw1qvnaGqf4S0zR8YqOLz+Bw==\" \/><input type=\"hidden\" name=\"postId_0\" value=\"MzI0AwA=\" \/><input type=\"hidden\" name=\"postTitle_0\" value=\"c\/TxdPZ0VPB1DHIM8\/TxcQwGAA==\" \/><input type=\"hidden\" name=\"postLink_0\" value=\"DchBCoAwDATAF9kN4kH8zVKrBlIibbD4e53jXBF334AxRjpKU+4lCqN5yl6RGTQ\/PSt7fg2zzAJZIQto+u9U2fioGTs+\" \/><input type=\"hidden\" name=\"postAuthor_0\" value=\"c84syyxJLAYA\" \/><input type=\"hidden\" name=\"postDateTime_0\" value=\"MzIwMtA1sNA1MFEwNLIysLAyNAQA\" \/><input type=\"hidden\" name=\"postContent_0\" value=\"vVbNbttGEL7nKQY8FA4gi7Qsy7IqC2VkxkHgxIbluoeiCEbkWtqW3GV2l\/o7pQ\/QQ+8t4NzqQw5FDwV6NN8kT9LZpS2rhtKmF53EIWfm++bbmVl1895zqTJMEJiAj+9+iVLoF0zlEs5keWN4LD+++xUSBi8xflswDScslm8hlwpeoYLXOEGlJMwhFIkqbzS8YEqU70XCFjXQDJjOWcwx5QuHEKdyKsh7WFyVfwibN0XIUEj7OFJIcZpspo2SGmKZEY8xT3meMzjGIuVM1SBSPLb+z6QwNXo9VJwR7TFm5W+1ewJwzASrEaZRDKRNV4eIUiqGiVRo43WhIVcy5wTleJryfVykZGVFanjCdczzlAtURMqRxwmzga6KGiRSuCyQlX9pHiMYmSEUAl0llJppJqh4qENfCmCpTa1IP6Vc3SMmyfGq\/IAWHsvfJb2c0zPxsNE5Knsw9gfYLCdxuCJJMSV+IpG2NqZkvTtU4PeeHMnYvrD8DEMquHbP807sOcQojHQSGD6xkmtyHmNMOQlck1oaDGZDXt4IQM20FcolI0xbdyWeVUPH5EPdobt+3nvSzXu3f8IZU1oKOusEE3hZqPJDYlWpDpllVg\/sQNeerRj1uizrhYUhZla1qPqsqFXu6un65ND177wpfUgcHQsptOGmiPlDC\/VlZgUkKR8AGkGwt4y\/p2lRKZdLfsTpMFyWziqp22u4xDSlSqmStWSWyVaj7pIunS5YWt5cSSE1UUIYK3Z16BmWdlqNg3Zzf7\/d9HrLx66PvRUlowx52rm9XsZxcSW\/ImWpmzJqhwknfrrOtNf71JfHGUXqzhm+iZ51lmnHxuQd359Op\/W1yf\/9+1oITRjnzI7xQNrBZ7qzlGsVVt\/lvaKYoZQ\/1GnY\/dCBDFAscpyjRr+i8Hm+q3TWQnHqG6SJy1z844LWIn5WyCrwF2Ko8y8ra1y1zkOfRIOzqH9R\/tj\/+uQUjqLBRdgPj047j\/oq4ZNK0uuQ5rnaIob03LJDCo2gsVcjhTVPquXyQiq+kM7jws099DFNmLLDQc67T+v33CKCYUJ24DkbKtocdnZsOrvbaIH+I5r21dbDFDzk6PJsRHGxTLgYHXqo5yL2IJVY2Sku5p5dlFrTx5SPhJCCdiRfsO2MJbzIYJpv8wxHbHsnaO16oFX8qCEYLYGEVTvMyR6jwVSObDvpeJ76lCG2BQvjF7mF1j6VEfhBm1wVjdib8PVFdHYeDSL6HbxRSuvtnXZ7thsE9e\/zkUcr1Bx6Hkx5YsaHHn3yYMz4aExvyceR0sxsmhfQ87QGGwBtNYPZTtBoOlQyNoO632rPdhqNA4dKxmZQD1pU695uy6GSsRnUdkCojXZ1rmRs6Fz37Lk2K1QyNoPapG7aD6pmam6omap5CUhYz20XWjdbGc623Uh37CTls6fWYUJ0nOXRMv7k9bDmdvOrv4To\/hH6uLqKVy6J\/xn4qavCv1\/6a++Pb9ffnP8pLNlsJNXcj+3fI0Fvifnl6clldA7hCfRDuotOTo\/tXQT901dnYflz+VM4sCS\/cxT+Bg==\" \/> \t\t<a href=\"https:\/\/www.pdf24.org\" target=\"_blank\" title=\"www.pdf24.org\" rel=\"nofollow\"><img src=\"https:\/\/www.feriadeteatro.com\/catalogociascyl\/wp-content\/plugins\/pdf24-post-to-pdf\/img\/pdf_32x32.png\" alt=\"\" border=\"0\" height=\"32\" \/><\/a> \t\t<span class=\"pdf24Plugin-cp-space\">&nbsp;&nbsp;<\/span> \t\t<span class=\"pdf24Plugin-cp-text\">Enviar art\u00edculo en formato PDF<\/span> \t\t<span class=\"pdf24Plugin-cp-space\">&nbsp;&nbsp;<\/span> \t\t<input class=\"pdf24Plugin-cp-input\" style=\"margin: 0px;\" type=\"text\" name=\"sendEmailTo\" placeholder=\"Correo electr\u00f3nico\" \/> \t\t<input class=\"pdf24Plugin-cp-submit\" style=\"margin: 0px;\" type=\"submit\" value=\"Enviar\" \/> \t<\/form> <\/div>","protected":false},"excerpt":{"rendered":"<p>Formada en \u201cEl Cuerpo Po\u00e9tico\u201d de Jacques Lecoq por Mar Navarro y Andr\u00e9s Hern\u00e1ndez, se especializa en clown y buf\u00f3n de la mano de grandes maestros como Philippe Gaulier, Eric de Bont, Gabriel Cham\u00e8, Hern\u00e1n Gene, entre otros. Es creadora de sus propios espect\u00e1culos multidisciplinares en clave de clown, donde su m\u00fasica toma una gran [&hellip;]<\/p>\n","protected":false},"author":2,"featured_media":1065,"comment_status":"open","ping_status":"open","sticky":false,"template":"","format":"standard","meta":[],"categories":[16,27,6,11,3,12,25,28,22,18,19,31,23,26,9,10,24],"tags":[39,41,40,36,42],"_links":{"self":[{"href":"https:\/\/www.feriadeteatro.com\/catalogociascyl\/wp-json\/wp\/v2\/posts\/216"}],"collection":[{"href":"https:\/\/www.feriadeteatro.com\/catalogociascyl\/wp-json\/wp\/v2\/posts"}],"about":[{"href":"https:\/\/www.feriadeteatro.com\/catalogociascyl\/wp-json\/wp\/v2\/types\/post"}],"author":[{"embeddable":true,"href":"https:\/\/www.feriadeteatro.com\/catalogociascyl\/wp-json\/wp\/v2\/users\/2"}],"replies":[{"embeddable":true,"href":"https:\/\/www.feriadeteatro.com\/catalogociascyl\/wp-json\/wp\/v2\/comments?post=216"}],"version-history":[{"count":10,"href":"https:\/\/www.feriadeteatro.com\/catalogociascyl\/wp-json\/wp\/v2\/posts\/216\/revisions"}],"predecessor-version":[{"id":1064,"href":"https:\/\/www.feriadeteatro.com\/catalogociascyl\/wp-json\/wp\/v2\/posts\/216\/revisions\/1064"}],"wp:featuredmedia":[{"embeddable":true,"href":"https:\/\/www.feriadeteatro.com\/catalogociascyl\/wp-json\/wp\/v2\/media\/1065"}],"wp:attachment":[{"href":"https:\/\/www.feriadeteatro.com\/catalogociascyl\/wp-json\/wp\/v2\/media?parent=216"}],"wp:term":[{"taxonomy":"category","embeddable":true,"href":"https:\/\/www.feriadeteatro.com\/catalogociascyl\/wp-json\/wp\/v2\/categories?post=216"},{"taxonomy":"post_tag","embeddable":true,"href":"https:\/\/www.feriadeteatro.com\/catalogociascyl\/wp-json\/wp\/v2\/tags?post=216"}],"curies":[{"name":"wp","href":"https:\/\/api.w.org\/{rel}","templated":true}]}}