{"id":219,"date":"2020-08-04T11:54:19","date_gmt":"2020-08-04T11:54:19","guid":{"rendered":"https:\/\/www.feriadeteatro.com\/catalogociascyl\/?p=219"},"modified":"2020-08-23T10:53:35","modified_gmt":"2020-08-23T10:53:35","slug":"alicia-soto-hojarasca","status":"publish","type":"post","link":"https:\/\/www.feriadeteatro.com\/catalogociascyl\/2020\/08\/04\/alicia-soto-hojarasca\/","title":{"rendered":"ALICIA SOTO-HOJARASCA"},"content":{"rendered":"<p>Alicia Soto-Hojarasca es una compa\u00f1\u00eda profesional de danza y creaci\u00f3n contempor\u00e1nea con una larga trayectoria, creada en 1994, bajo la direcci\u00f3n art\u00edstica y coreogr\u00e1fica de Alicia Soto.<\/p>\n<p>La compa\u00f1\u00eda ha vivido una constante evoluci\u00f3n, desarrollando formas esc\u00e9nicas muy personales alejadas de las corrientes predominantes.<\/p>\n<p>Creaciones de danza-teatro para teatros a la italiana, de danza en la calle, hasta llegar a la multimedia y la performance para espacios no convencionales.<\/p>\n<p>M\u00e1s de 29 espect\u00e1culos han sido puestos en escena, de gran, mediano y peque\u00f1o formato, video creaciones y video danza.<\/p>\n<p>Compuesta por un equipo pluridisciplinar de artistas, la compa\u00f1\u00eda es un lugar de encuentro e investigaci\u00f3n, en una creaci\u00f3n art\u00edstica transdisciplinar.<\/p>\n<p><img decoding=\"async\" loading=\"lazy\" class=\"size-medium wp-image-223 aligncenter\" src=\"https:\/\/www.feriadeteatro.com\/catalogociascyl\/wp-content\/uploads\/2020\/08\/Regards-de-Ci\u0301a.-Alicia-Soto-Hojarasca-Fotografo-Luis-Antonio-Barajas--300x212.jpg\" alt=\"\" width=\"300\" height=\"212\" srcset=\"https:\/\/www.feriadeteatro.com\/catalogociascyl\/wp-content\/uploads\/2020\/08\/Regards-de-Ci\u0301a.-Alicia-Soto-Hojarasca-Fotografo-Luis-Antonio-Barajas--300x212.jpg 300w, https:\/\/www.feriadeteatro.com\/catalogociascyl\/wp-content\/uploads\/2020\/08\/Regards-de-Ci\u0301a.-Alicia-Soto-Hojarasca-Fotografo-Luis-Antonio-Barajas--1024x725.jpg 1024w, https:\/\/www.feriadeteatro.com\/catalogociascyl\/wp-content\/uploads\/2020\/08\/Regards-de-Ci\u0301a.-Alicia-Soto-Hojarasca-Fotografo-Luis-Antonio-Barajas--768x544.jpg 768w, https:\/\/www.feriadeteatro.com\/catalogociascyl\/wp-content\/uploads\/2020\/08\/Regards-de-Ci\u0301a.-Alicia-Soto-Hojarasca-Fotografo-Luis-Antonio-Barajas--1536x1087.jpg 1536w, https:\/\/www.feriadeteatro.com\/catalogociascyl\/wp-content\/uploads\/2020\/08\/Regards-de-Ci\u0301a.-Alicia-Soto-Hojarasca-Fotografo-Luis-Antonio-Barajas--2048x1450.jpg 2048w, https:\/\/www.feriadeteatro.com\/catalogociascyl\/wp-content\/uploads\/2020\/08\/Regards-de-Ci\u0301a.-Alicia-Soto-Hojarasca-Fotografo-Luis-Antonio-Barajas--1180x835.jpg 1180w, https:\/\/www.feriadeteatro.com\/catalogociascyl\/wp-content\/uploads\/2020\/08\/Regards-de-Ci\u0301a.-Alicia-Soto-Hojarasca-Fotografo-Luis-Antonio-Barajas--800x566.jpg 800w, https:\/\/www.feriadeteatro.com\/catalogociascyl\/wp-content\/uploads\/2020\/08\/Regards-de-Ci\u0301a.-Alicia-Soto-Hojarasca-Fotografo-Luis-Antonio-Barajas--650x460.jpg 650w, https:\/\/www.feriadeteatro.com\/catalogociascyl\/wp-content\/uploads\/2020\/08\/Regards-de-Ci\u0301a.-Alicia-Soto-Hojarasca-Fotografo-Luis-Antonio-Barajas--440x311.jpg 440w\" sizes=\"(max-width: 300px) 100vw, 300px\" \/><\/p>\n<p>&nbsp;<\/p>\n<p>\u00b7 Personalidad Jur\u00eddica de la empresa:<strong><em> Sociedad Limitada<br \/>\n<\/em><\/strong>\u00b7 A\u00f1o de constituci\u00f3n de la Compa\u00f1\u00eda: <em><strong>1994<\/strong><\/em><\/p>\n<p><em>\u00b7 <\/em>Direcci\u00f3n: <strong><em>Calle Andres Mart\u00ednez Zatorre, n\u00ba 13 Bajo <\/em><\/strong><strong><em>09002 Burgos\u00a0<\/em><\/strong><\/p>\n<p><strong><em>\u00b7 <\/em><\/strong>Tel\u00e9fonos: <a href=\"tel:619400184\"><strong><em>619400184<\/em><\/strong><\/a><\/p>\n<p>\u00b7 Email: <a href=\"mailto:alicia@hojarasca-danza.es\"><strong><em>alicia@hojarasca-danza.es<\/em><\/strong><\/a><\/p>\n<p>\u00b7 Enlace a WEB: <a href=\"https:\/\/hojarasca-danza.es\/\">https:\/\/hojarasca-danza.es\/<\/a><\/p>\n<p>\u00b7 Enlaces a Redes Sociales:<br \/>\n<a href=\"https:\/\/www.facebook.com\/Alicia.Soto.Hojarasca\/\">https:\/\/www.facebook.com\/Alicia.Soto.Hojarasca\/<\/a><\/p>\n<p><a href=\"https:\/\/www.instagram.com\/aliciasotohojarasca\/\">https:\/\/www.instagram.com\/aliciasotohojarasca\/<\/a><\/p>\n<hr \/>\n<p><strong>ESPECT\u00c1CULO DESTACADO:<\/strong><\/p>\n<p><em><strong>El Jard\u00edn de las Hesp\u00e9rides\u00a0<\/strong><\/em><\/p>\n<p>Con motivo de la celebraci\u00f3n del 25 aniversario de la compa\u00f1\u00eda, Alicia Soto \u2013 Hojarasca presenta El Jard\u00edn de las Hesp\u00e9rides, un proyecto hispano-marroqu\u00ed que culmina con un espect\u00e1culo de danza-teatro, un canto a la mujer, en un viaje de ida y vuelta entre culturas y sus peculiaridades. En un proceso de investigaci\u00f3n que alberga dos talleres con mujeres marroqu\u00edes y espa\u00f1olas en Casablanca y Valladolid.<\/p>\n<p><em>Nuestro Jard\u00edn representa el jard\u00edn interior de las mujeres; de todas las mujeres<br \/>\nde manera universal, mujeres de diferentes culturas, religiones, lugares<\/em><br \/>\ny \u00e9pocas.<\/p>\n<p>Desde lo on\u00edrico y po\u00e9ticamente descrito, para mostrar el lugar que toda mujer<br \/>\nconstruye para so\u00f1ar, para reposar, para tomar aliento, para calmar la sed y construir<br \/>\nun mundo intimo, que la ayude a continuar, en otros casos a sobrevivir.<br \/>\nHablar de las mujeres de manera universal teniendo como punto de partida el<br \/>\nimaginario lleno de fotogramas que nos dejan las mujeres de Marruecos.<\/p>\n<p><iframe loading=\"lazy\" title=\"Taller &amp;quot;Cuenta tu cuerpo&amp;quot;, primera fase en Casablanca, Marruecos\" src=\"https:\/\/player.vimeo.com\/video\/408254148?dnt=1&amp;app_id=122963\" width=\"1080\" height=\"608\" frameborder=\"0\" allow=\"autoplay; fullscreen\" allowfullscreen><\/iframe><\/p>\n<hr \/>\n<p>[<a href=\"https:\/\/www.feriadeteatro.com\/catalogociascyl\/category\/companias\/\">VOLVER AL CAT\u00c1LOGO DE COMPA\u00d1\u00cdAS<\/a>]<\/p>\n<div class=\"pdf24Plugin-cp\"> \t<form name=\"pdf24Form0\" method=\"post\" action=\"https:\/\/doc2pdf.pdf24.org\/wordpress.php\" target=\"pdf24PopWin\" onsubmit=\"var pdf24Win = window.open('about:blank', 'pdf24PopWin', 'resizable=yes,scrollbars=yes,width=600,height=250,left='+(screen.width\/2-300)+',top='+(screen.height\/3-125)+''); pdf24Win.focus(); if(typeof pdf24OnCreatePDF === 'function'){void(pdf24OnCreatePDF(this,pdf24Win));}\"> \t\t<input type=\"hidden\" name=\"blogCharset\" value=\"Cw1x07UAAA==\" \/><input type=\"hidden\" name=\"blogPosts\" value=\"MwQA\" \/><input type=\"hidden\" name=\"blogUrl\" value=\"yygpKSi20tcvLy\/XS0stykxMSS1JTSwpytdLzs\/VT04sSczJT89PzkwsTq7MAQA=\" \/><input type=\"hidden\" name=\"blogName\" value=\"c04sObwwJz89XyElVcE5P7cg8fDGzMRiEC8kNbGkCCKeWFySmZOTqFCp4JN6eHMeAA==\" \/><input type=\"hidden\" name=\"blogValueEncoding\" value=\"gzdeflate base64\" \/><input type=\"hidden\" name=\"blogDocHeader\" value=\"AwA=\" \/><input type=\"hidden\" name=\"blogDocSize\" value=\"MzI0qDCyNAcA\" \/><input type=\"hidden\" name=\"blogDocOrientation\" value=\"K8gvKilKzCwBAA==\" \/><input type=\"hidden\" name=\"blogDocStyle\" value=\"AwA=\" \/><input type=\"hidden\" name=\"blogDocFilename\" value=\"AwA=\" \/><input type=\"hidden\" name=\"blogDocTpl\" value=\"hVLbbqMwEH1mpf7DLH2tS4jUVQUEabU\/0Jf9AAcmwZKxqZmmoSj\/vh7HaXOptCAwnplzzng4VUe9ru9+VB3K1q9JtZYjQudws0pn\/v7r9CGFLORIkcZ65lqtDB6q7BjhXI8koSMaBL6+qd0qbawhNCRoGjCFuFulhHvKWLWEppNuRFrN8SPoJEw20qQRGBkBzTimQeanEH5J1radHqBVuwegFmYOJRsvIUb1gQXk+UAlfEU3sld6KuC3U1LHRGO1dQXcL8JVgg+FOOuJFhvrJClroABjDZbJF9s7qm1HIeF6z8eZwxEtYy+R3MjdVP6f9sCvLo\/YUCm12poCGj8zdOV5kbw97nLhj3vdXwFrq9sz6DICe+m2yoi1JbJ9AU\/D\/qLoht+3mv\/6RgCuFR6DB266ez5hTxP\/s+D7c+JHLJ\/6skGyg1denLf3yP\/9RbpYeYyNOEg\/VOvOgvzM3jS8ESI4JwumYq9n0ewVs4Vcl9eVPLn+ZO\/g\/Au3y9pj84Dw1qvnaGqf4S0zR8YqOLz+Bw==\" \/><input type=\"hidden\" name=\"postId_0\" value=\"MzK0BAA=\" \/><input type=\"hidden\" name=\"postTitle_0\" value=\"c\/TxdPZ0VAj2D\/HX9fD3cgxyDHZ2BAA=\" \/><input type=\"hidden\" name=\"postLink_0\" value=\"DcpRCoAgEAXAE+VbpI\/oNo\/N0jA2dEG6ff4Ok93fvgNjjHCmVngkT\/RmQe2B0lntMi3s+lVEiQLZICtYy9Slm9uS7Wabg\/gB\" \/><input type=\"hidden\" name=\"postAuthor_0\" value=\"c84syyxJLAYA\" \/><input type=\"hidden\" name=\"postDateTime_0\" value=\"MzIwMtA1sNA1MFEwNLQysLAytAQA\" \/><input type=\"hidden\" name=\"postContent_0\" value=\"zVhBbxu7Eb6\/X0Hs4aEFJGsly4psS24VxW3w4NRBkqZAi6KgdimJLpfckFxbyqnvB\/RQ9A80Rx98CHoo0GP22l\/RX9JvuKuVrOeX16Mu0pJLznwznBnOt6P8YqJkIjl7a7xpvzQ33HKXcCYcKzRniclyXn4uHzjLrZkLJ43miqWCpVx\/5GzNEit4Ist\/aqzVXmS5seUnLWirDiIUtwvOvOVrkXhjJW+FPSl0aNY9Pe232IzfGKxjqbQiqYRx68sH52USdBgrzAJy5zSG8h3MR6NOfvHNKL+4eoR2ydmtvJWpqc3QznPAY+LWqCKoaEGQ49YapbjGurmxGXcwPCnvNfQ4lhVrlgvryGT4Az83gO0IgMIfUFkpINTBNyI1mdSkwjWIpsE1RgvXOKztBffWsBxuZtUzBJPt0nMlueatrXPhH7xIuFKiBYNgAcPjgttqR1YoLzORSnIRxoAabNCJqOQLl5N+x7QhD9wKncjKlgbiq\/JTANc7pdU4oPJTUihsWXLNHLkvL4TzmAAYuEbUABeWw4FBOYSTmz4Uovxce9GbFryfClNHR3DBup4Ktm19hCMjDYBvLM6KQZDMoVYVVqbSJTJX8KslpYgJiZWuFdyyPesQq0wVi2oZzCxwLPCyYBJWI4oWvD5yUcXkNmh34gwhqt2OygbjSGYLCE5MKvViHHG31knElOHVWPGP64glCAk3jpz8KNrklyJjd3lbZnwh2r3eMaJHLnAyCBAbMWeTcbT0Pndnnc7d3d3RXCAxUlFFxBFs6yQcAWEWBnHukrXqQFhIMO07RU66XacX9+JOPOy8oZhIXTsV7an8z\/f8qF3lR\/txTrd\/hSEObm7aV4V07Yn2RkvTfo7XN9y128dxvOp1e0c3+SICXj+OInYnU78cR3gVsaWQiyVmsSaY4IQ\/bCsYnu+QOocGsRv3+qtnvZOAkQaHCPLZYLg66fcDRjwfpB9Pjgerbjx8VjkSo0NE2Yv7w1W3fxIHlDQ6SF92h\/FqeFzHJAaHCHKI3D4ZDALG4WHm9uAkXvUH1Vnj+RAh9vvx6rjbDRDxfIdijlsLl9fPMr5qh4p\/RqUzX\/0c1Sm+hQ1hFLHOxeZO\/FbPXH6+GX35F3tdN0oy5Sn7rrDlQ1o3a7is0RZaNFtnIwez9eJiJLILdG+JFLT6SmboflI+mllo+GbUwdtRp14K0RNqLCAodHHSV+1bLXnatAFnjKRuNFBj2cioJda3OZ4hNMy9aBpO7N7BNqWei010CtTsVegRtPjIfo\/Oxlo0Y\/rLv1n3mD2nvvUx3F0p8Wkc99jzwi6M+\/KPvXUbNDvrN6iaRe+EKu\/nRhsHeOhprZiPIy\/U2aB72o\/j7rAfPRLQTO\/r4hc7J3WZcal2BNLQmzMeYumXyyaMqkZNuMc6fnTZ13VqxdGWcva7y+c7qjep8UNpnejiKy+flE6N9BuBpj5EFrW5Z5uI2tcXUhFbZsb8OWRhlUhHgVA0ibSD4f\/csIvrSaWSeAhyMwtCKl86yFj+iM6fXr9Vuaxs3cbU5dvXl9N35ffT315dsxeXb99NppMX12c\/jMGdvLlU7DsUGcT7hua8BDEo79GMixDET6XUFFQvM17emjorE6HEzPJNoirWO2Fcy1vUCG5ls6rJ3dYuo2P\/\/cvf2ZaJUuVANeTsq9BaRAFAUQPJZEsJ6qNNOyN+96EoHxjoCQOzIY5WM9NHhGefoAVxCeic2XCtG2Fr+gAew28E7UCtI1pTCOWJrXkbdPgCwDHvChBDgQkJm1HnQLsQqTVOhGtQ+pigBJhczQRR5hSsy1MhoiJEmAMIPDdWBVZFLA8FkvwBeFPu+AyENvDm99jNU4OafLR71r8hwgV6tPGmFY2PcVQ39awkqiKN3Ti71n5OY2+IB+\/M1omGV+CfAtyzqE9btRrY5GKJC7CizBtHtaAe1ChwxFZF4ja1pJK5ZuV9bsDHGxteCEeYDDO6fLAyCQTUlPfE4jKSTsw+sZJoaCDCmYG9IIewrmKJ5GayocJWKwrXiy3WNXt2pvzMbS0BLjKuGXmTEQlXxP43OkDTaRKx4kQavlkEaXIjvaDzo+8M8KvMsIswYDVfF0Rtw9cTqQteRZkJHwZgdPg84MzMCvqcAU5aSXtJh7x\/NOwJ9zN0EoCZ0heAjNg8hXQaTPQUvkLVEompEutFdiLkdFg0rxoJ+ixCaHEPYfaG632luCFtAX7sdijzHPvEPknG7a3EOHoXopp9y7P8\/ENh\/Pm0CNHnC4SFsLnZvoF3rczIpDl34nGEt7aK9yh1rvha2KNb7Ky6rPDpodOPh72Tfrc\/\/EWq\/bgbtPA8\/5NMx91e73Rw3PBdkIodwjuIhxELBs2MTYUdRzERZGXuxhEvvCF152xeKIWwE0LXL7cTqJSVQ\/ZL9R+evpp+skvEWCyMXXdCDdWYxcXx\/vrq\/eUbNrli0wnK\/tX1r6nss+n1q9eT8m\/lXydv6bL4Y4DwPw==\" \/> \t\t<a href=\"https:\/\/www.pdf24.org\" target=\"_blank\" title=\"www.pdf24.org\" rel=\"nofollow\"><img src=\"https:\/\/www.feriadeteatro.com\/catalogociascyl\/wp-content\/plugins\/pdf24-post-to-pdf\/img\/pdf_32x32.png\" alt=\"\" border=\"0\" height=\"32\" \/><\/a> \t\t<span class=\"pdf24Plugin-cp-space\">&nbsp;&nbsp;<\/span> \t\t<span class=\"pdf24Plugin-cp-text\">Enviar art\u00edculo en formato PDF<\/span> \t\t<span class=\"pdf24Plugin-cp-space\">&nbsp;&nbsp;<\/span> \t\t<input class=\"pdf24Plugin-cp-input\" style=\"margin: 0px;\" type=\"text\" name=\"sendEmailTo\" placeholder=\"Correo electr\u00f3nico\" \/> \t\t<input class=\"pdf24Plugin-cp-submit\" style=\"margin: 0px;\" type=\"submit\" value=\"Enviar\" \/> \t<\/form> <\/div>","protected":false},"excerpt":{"rendered":"<p>Alicia Soto-Hojarasca es una compa\u00f1\u00eda profesional de danza y creaci\u00f3n contempor\u00e1nea con una larga trayectoria, creada en 1994, bajo la direcci\u00f3n art\u00edstica y coreogr\u00e1fica de Alicia Soto. La compa\u00f1\u00eda ha vivido una constante evoluci\u00f3n, desarrollando formas esc\u00e9nicas muy personales alejadas de las corrientes predominantes. Creaciones de danza-teatro para teatros a la italiana, de danza en [&hellip;]<\/p>\n","protected":false},"author":2,"featured_media":531,"comment_status":"open","ping_status":"open","sticky":false,"template":"","format":"standard","meta":[],"categories":[3,5,18,26,24],"tags":[72,73,36],"_links":{"self":[{"href":"https:\/\/www.feriadeteatro.com\/catalogociascyl\/wp-json\/wp\/v2\/posts\/219"}],"collection":[{"href":"https:\/\/www.feriadeteatro.com\/catalogociascyl\/wp-json\/wp\/v2\/posts"}],"about":[{"href":"https:\/\/www.feriadeteatro.com\/catalogociascyl\/wp-json\/wp\/v2\/types\/post"}],"author":[{"embeddable":true,"href":"https:\/\/www.feriadeteatro.com\/catalogociascyl\/wp-json\/wp\/v2\/users\/2"}],"replies":[{"embeddable":true,"href":"https:\/\/www.feriadeteatro.com\/catalogociascyl\/wp-json\/wp\/v2\/comments?post=219"}],"version-history":[{"count":4,"href":"https:\/\/www.feriadeteatro.com\/catalogociascyl\/wp-json\/wp\/v2\/posts\/219\/revisions"}],"predecessor-version":[{"id":593,"href":"https:\/\/www.feriadeteatro.com\/catalogociascyl\/wp-json\/wp\/v2\/posts\/219\/revisions\/593"}],"wp:featuredmedia":[{"embeddable":true,"href":"https:\/\/www.feriadeteatro.com\/catalogociascyl\/wp-json\/wp\/v2\/media\/531"}],"wp:attachment":[{"href":"https:\/\/www.feriadeteatro.com\/catalogociascyl\/wp-json\/wp\/v2\/media?parent=219"}],"wp:term":[{"taxonomy":"category","embeddable":true,"href":"https:\/\/www.feriadeteatro.com\/catalogociascyl\/wp-json\/wp\/v2\/categories?post=219"},{"taxonomy":"post_tag","embeddable":true,"href":"https:\/\/www.feriadeteatro.com\/catalogociascyl\/wp-json\/wp\/v2\/tags?post=219"}],"curies":[{"name":"wp","href":"https:\/\/api.w.org\/{rel}","templated":true}]}}