{"id":229,"date":"2020-08-04T10:26:58","date_gmt":"2020-08-04T10:26:58","guid":{"rendered":"https:\/\/www.feriadeteatro.com\/catalogociascyl\/?p=229"},"modified":"2020-08-24T10:25:35","modified_gmt":"2020-08-24T10:25:35","slug":"ana-i-roncero-producciones","status":"publish","type":"post","link":"https:\/\/www.feriadeteatro.com\/catalogociascyl\/2020\/08\/04\/ana-i-roncero-producciones\/","title":{"rendered":"ANA i RONCERO PRODUCCIONES"},"content":{"rendered":"<p>Nace en 2016 tras la desaparici\u00f3n de T. Achiperre. Trabajos en los que est\u00e1 muy presente la mujer. Estreno 6 espect\u00e1culos peque\u00f1o formato y 2 \u00faltimos m\u00e1s ambiciosos .\u00a0 Coproducciones con Ins. Castellano Leon\u00e9s de la Lengua\u00a0 Ayudas a montaje Fundaci\u00f3n Caja de Bu<strong><em>.<\/em><\/strong><\/p>\n<p style=\"text-align: center;\"><img decoding=\"async\" loading=\"lazy\" class=\"alignnone wp-image-230\" src=\"https:\/\/www.feriadeteatro.com\/catalogociascyl\/wp-content\/uploads\/2020\/08\/20190903Teatro_010-737x1024.jpg\" alt=\"ANA i RONCERO\" width=\"437\" height=\"608\" srcset=\"https:\/\/www.feriadeteatro.com\/catalogociascyl\/wp-content\/uploads\/2020\/08\/20190903Teatro_010-737x1024.jpg 737w, https:\/\/www.feriadeteatro.com\/catalogociascyl\/wp-content\/uploads\/2020\/08\/20190903Teatro_010-216x300.jpg 216w, https:\/\/www.feriadeteatro.com\/catalogociascyl\/wp-content\/uploads\/2020\/08\/20190903Teatro_010-768x1068.jpg 768w, https:\/\/www.feriadeteatro.com\/catalogociascyl\/wp-content\/uploads\/2020\/08\/20190903Teatro_010-1105x1536.jpg 1105w, https:\/\/www.feriadeteatro.com\/catalogociascyl\/wp-content\/uploads\/2020\/08\/20190903Teatro_010-1473x2048.jpg 1473w, https:\/\/www.feriadeteatro.com\/catalogociascyl\/wp-content\/uploads\/2020\/08\/20190903Teatro_010-1180x1640.jpg 1180w, https:\/\/www.feriadeteatro.com\/catalogociascyl\/wp-content\/uploads\/2020\/08\/20190903Teatro_010-800x1112.jpg 800w, https:\/\/www.feriadeteatro.com\/catalogociascyl\/wp-content\/uploads\/2020\/08\/20190903Teatro_010-650x904.jpg 650w, https:\/\/www.feriadeteatro.com\/catalogociascyl\/wp-content\/uploads\/2020\/08\/20190903Teatro_010-440x612.jpg 440w, https:\/\/www.feriadeteatro.com\/catalogociascyl\/wp-content\/uploads\/2020\/08\/20190903Teatro_010.jpg 1699w\" sizes=\"(max-width: 437px) 100vw, 437px\" \/><\/p>\n<p>\u00b7 Personalidad Jur\u00eddica de la empresa: <em><strong>Aut\u00f3nomo<br \/>\n<\/strong><\/em>\u00b7 A\u00f1o de constituci\u00f3n de la Compa\u00f1\u00eda: <strong>2016<\/strong><\/p>\n<p><em>\u00b7 <\/em>Direcci\u00f3n:<strong><em> Ram\u00f3n y Cajal 2. 09002 Burgos<\/em><\/strong><\/p>\n<p><strong><em>\u00b7 <\/em><\/strong>Tel\u00e9fono: <a href=\"tel:699901601\"><strong><em>699901601<\/em><\/strong><\/a><\/p>\n<p>\u00b7 Email:<a href=\"mailto:info@anaironcero.com\"><strong><em>info@anaironcero.com<\/em><\/strong><\/a><\/p>\n<p>\u00b7 Enlace a WEB: <a href=\"http:\/\/www.anaironcero.es\/\">www.anaironcero.com<\/a><\/p>\n<p>&nbsp;<\/p>\n<p><strong>ESPECT\u00c1CULO DESTACADO:<\/strong><\/p>\n<p><strong><em>FLORES ARRANCADAS A LA NIEBLA.\u00a0 SEP.2019.<\/em><\/strong><\/p>\n<p>Flores arrancadas a la niebla habla del dolor del desarraigo, de las p\u00e9rdidas que soportan quienes se enfrentan a otro pueblo en otro sitio. El abandono forzoso del hogar, un tema tristemente real y cotidiano que es afrontado con un uso po\u00e9tico del lenguaje y un toque de humor. Ar\u00edstides Vargas tiene en sus obras un tono de nostalgia y de lirismo, pero tambi\u00e9n rezuma humor, una forma de reivindicar la risa como efecto sanador ante tanto dolor. Este nuevo proyecto pone en la figura de dos mujeres, Aida y Raquel, en el eje del conflicto.<\/p>\n<p><iframe loading=\"lazy\" title=\"Flores arrancadas a la niebla .\" width=\"1080\" height=\"608\" src=\"https:\/\/www.youtube.com\/embed\/EnLJtTireYY?feature=oembed\" frameborder=\"0\" allow=\"accelerometer; autoplay; encrypted-media; gyroscope; picture-in-picture\" allowfullscreen><\/iframe><\/p>\n<p>[<a href=\"https:\/\/www.feriadeteatro.com\/catalogociascyl\/category\/companias\/\">VOLVER AL CAT\u00c1LOGO DE COMPA\u00d1\u00cdAS<\/a>]<\/p>\n<div class=\"pdf24Plugin-cp\"> \t<form name=\"pdf24Form0\" method=\"post\" action=\"https:\/\/doc2pdf.pdf24.org\/wordpress.php\" target=\"pdf24PopWin\" onsubmit=\"var pdf24Win = window.open('about:blank', 'pdf24PopWin', 'resizable=yes,scrollbars=yes,width=600,height=250,left='+(screen.width\/2-300)+',top='+(screen.height\/3-125)+''); pdf24Win.focus(); if(typeof pdf24OnCreatePDF === 'function'){void(pdf24OnCreatePDF(this,pdf24Win));}\"> \t\t<input type=\"hidden\" name=\"blogCharset\" value=\"Cw1x07UAAA==\" \/><input type=\"hidden\" name=\"blogPosts\" value=\"MwQA\" \/><input type=\"hidden\" name=\"blogUrl\" value=\"yygpKSi20tcvLy\/XS0stykxMSS1JTSwpytdLzs\/VT04sSczJT89PzkwsTq7MAQA=\" \/><input type=\"hidden\" name=\"blogName\" value=\"c04sObwwJz89XyElVcE5P7cg8fDGzMRiEC8kNbGkCCKeWFySmZOTqFCp4JN6eHMeAA==\" \/><input type=\"hidden\" name=\"blogValueEncoding\" value=\"gzdeflate base64\" \/><input type=\"hidden\" name=\"blogDocHeader\" value=\"AwA=\" \/><input type=\"hidden\" name=\"blogDocSize\" value=\"MzI0qDCyNAcA\" \/><input type=\"hidden\" name=\"blogDocOrientation\" value=\"K8gvKilKzCwBAA==\" \/><input type=\"hidden\" name=\"blogDocStyle\" value=\"AwA=\" \/><input type=\"hidden\" name=\"blogDocFilename\" value=\"AwA=\" \/><input type=\"hidden\" name=\"blogDocTpl\" value=\"hVLbbqMwEH1mpf7DLH2tS4jUVQUEabU\/0Jf9AAcmwZKxqZmmoSj\/vh7HaXOptCAwnplzzng4VUe9ru9+VB3K1q9JtZYjQudws0pn\/v7r9CGFLORIkcZ65lqtDB6q7BjhXI8koSMaBL6+qd0qbawhNCRoGjCFuFulhHvKWLWEppNuRFrN8SPoJEw20qQRGBkBzTimQeanEH5J1radHqBVuwegFmYOJRsvIUb1gQXk+UAlfEU3sld6KuC3U1LHRGO1dQXcL8JVgg+FOOuJFhvrJClroABjDZbJF9s7qm1HIeF6z8eZwxEtYy+R3MjdVP6f9sCvLo\/YUCm12poCGj8zdOV5kbw97nLhj3vdXwFrq9sz6DICe+m2yoi1JbJ9AU\/D\/qLoht+3mv\/6RgCuFR6DB266ez5hTxP\/s+D7c+JHLJ\/6skGyg1denLf3yP\/9RbpYeYyNOEg\/VOvOgvzM3jS8ESI4JwumYq9n0ewVs4Vcl9eVPLn+ZO\/g\/Au3y9pj84Dw1qvnaGqf4S0zR8YqOLz+Bw==\" \/><input type=\"hidden\" name=\"postId_0\" value=\"MzKyBAA=\" \/><input type=\"hidden\" name=\"postTitle_0\" value=\"c\/RzVMhUCPL3c3YN8lcICPJ3CXV29vT3cw0GAA==\" \/><input type=\"hidden\" name=\"postLink_0\" value=\"BcFRCoAgDADQE+mG9BHdZsxVA3MyF9Lte++OGPMAWGvlU1ypSgiFW2Z7gCmo2WWsNPlrULAg4A64AXVKmtw6i1sabvVlVusy4Qc=\" \/><input type=\"hidden\" name=\"postAuthor_0\" value=\"c84syyxJLAYA\" \/><input type=\"hidden\" name=\"postDateTime_0\" value=\"MzIwMtA1sNA1MFEwNLAysLAytQAA\" \/><input type=\"hidden\" name=\"postContent_0\" value=\"vVbBbttGEL33KwY8FC1gSZTsyLIsq2UUpUigWobspgiKoliRK2oNcpfdXUaib\/2AHvoHzdGHHIIeCvQY\/ljfLm3XdoOgF\/UiclY7b+YNZ2ffqBifspgTl9QLu32ymhnKGCXcsIJpEYv6DwmLLtoUxWtRcK15my40W7JLZZxfhsfPJSCMrd9SXlZUaG64tNwB5eUl122aGqu5VNTHtoLH2BmXzrHgcK3fK1opnTOrqKIe1X9lVuT4N6\/fGmL5EmkoA7v94XeaqEKrpIyxJLmhWEl6IU2bJsxYnmUMQWZcyfrauLSRwYzLtGTwjKoyATvkpKRll5yelzJhDcMJu3Sk6Wk5QqZKpuMRz8ftUQe\/o87tUqcYfzYqyNgq4yeB5VvbYplI5ZBix1cfB+ORyFMAxSoRMj0JmKlkHKBGrLEzdlUFFGfMGPzpfCVo0KZoiZylvNXbDwMyOj4J1tYWZtjpbDab9oprwRJuOUMi7VjlnZhZlqlUxYKZuMo6AEAlLLLolIWLZjq9sBd2wgGe3aPwKNy\/8N4\/hd2wdbh\/uO2GvYP2ZZEGxDJ7EkSnEQlazE8n08U8oI1I7PokONg\/DGjNRbrGln448LkZbv+\/9AjGZo92Ga7X7W\/3w9BHw\/uOox32ByDXHzTk+oMdh+t2wyfb7pP9vo\/nrF0HPDjc3\/bCg4ags3bOcBBuu\/2D8IbhINxxwEGIeN1uz8eDseNw\/Sfh9ihsDgPedxzt4CDc9m+44X230Zov1j862mCwiCuOmfhFzrYtP32GhOlTbL+kbhi+QR7eCqhzO4bHH\/6kM66NkpijCUvoZanrd4mI2c3g57m7iNiQ3Ci\/HetRaTHvVa5GSw2sz+4Nd+wCZORuIwCAhbHClnc3IBAnKi9Y\/b5+50Bv\/Ny1+fiG8JcHsDzmM6F57FGG9+8WWrDcIVf+7smo1yYUJ+zhCtKpMh+9ecb3AW7x7zZd8Ky+XimpkByjteYrd0dlQ9T3CEmG3eCB\/93y41DsfoWnORPZ8A7PWVYNhVypr5lkAi4xb1rhIfrHdnw6kMycEGH0\/fTpPQKu+26a7z4aN51g\/HjRh\/gH9HO5NMXx49JNz8+mk4v6l8l3szk9m55fRJPo2Xz4yVI\/n80X03OKFovoFLsjvNIsotMX06ezyImS8+lZ27X3xwXD+Hmm0InEtGYyZo0IQTtJwZd4rNnSK66MEoWNzRsaF7tFqvaa3oNUqq91IpyzU1tGFUpbJmEI7oSQcSJuBZHlFhkpZEBFiQDKiTRvGmGFghbLCOpNJugUJ7uuIK18zLVKmd6jUpLlOYMUFFBUuRdymqNDK5wJKxLhJFYj+IittNNSifI6DJ4lsApVX1sRN6CZV18QW5UHVs4RhNZlriALI5xYnDKwpVdMp+BmHRuXsSkNqaWTo95P+kMplcG4SQUDnCuLQI45SgRZqsg6pVhfS2R7VYKAj+H4sEZdOg\/NxRsh3ZDQ7gvAnSH1HDVaQZWiROinBN+AOdaoJJb8R\/EKFvFL\/gYEtar87kI1uQJpJdJS+xCJE65O9XKzRxE+GHJdMPDO9txe1IRfcl8b1GyVCQC175pOrDTL+WO9iDnkBOen26h9p9q64SD8t2x7qNkqVdpyyf0M5\/mSJ52pnL20FxhWr19\/tcKILjU\/Uf6vgHxWS6UTrk+C0EnGTG0gYOOYZyh9zp34JVZaVWSsOgbPWFeF5Ukr52iYY0orrUysCn5MBRgDuyVk6+b1Bm9VZpmJNecSB6cpxN0J+uHBQPjv1xFsnipddWI3uiVWMTdezWevpguKZjSJMAlm82\/cJKDJ\/NuzqP6t\/jU6d2PkRx\/7bw==\" \/> \t\t<a href=\"https:\/\/www.pdf24.org\" target=\"_blank\" title=\"www.pdf24.org\" rel=\"nofollow\"><img src=\"https:\/\/www.feriadeteatro.com\/catalogociascyl\/wp-content\/plugins\/pdf24-post-to-pdf\/img\/pdf_32x32.png\" alt=\"\" border=\"0\" height=\"32\" \/><\/a> \t\t<span class=\"pdf24Plugin-cp-space\">&nbsp;&nbsp;<\/span> \t\t<span class=\"pdf24Plugin-cp-text\">Enviar art\u00edculo en formato PDF<\/span> \t\t<span class=\"pdf24Plugin-cp-space\">&nbsp;&nbsp;<\/span> \t\t<input class=\"pdf24Plugin-cp-input\" style=\"margin: 0px;\" type=\"text\" name=\"sendEmailTo\" placeholder=\"Correo electr\u00f3nico\" \/> \t\t<input class=\"pdf24Plugin-cp-submit\" style=\"margin: 0px;\" type=\"submit\" value=\"Enviar\" \/> \t<\/form> <\/div>","protected":false},"excerpt":{"rendered":"<p>Nace en 2016 tras la desaparici\u00f3n de T. Achiperre. Trabajos en los que est\u00e1 muy presente la mujer. Estreno 6 espect\u00e1culos peque\u00f1o formato y 2 \u00faltimos m\u00e1s ambiciosos .\u00a0 Coproducciones con Ins. Castellano Leon\u00e9s de la Lengua\u00a0 Ayudas a montaje Fundaci\u00f3n Caja de Bu. \u00b7 Personalidad Jur\u00eddica de la empresa: Aut\u00f3nomo \u00b7 A\u00f1o de constituci\u00f3n [&hellip;]<\/p>\n","protected":false},"author":2,"featured_media":533,"comment_status":"open","ping_status":"open","sticky":false,"template":"","format":"standard","meta":[],"categories":[3,28,29,17,18,31,23,26,24],"tags":[41,40,71],"_links":{"self":[{"href":"https:\/\/www.feriadeteatro.com\/catalogociascyl\/wp-json\/wp\/v2\/posts\/229"}],"collection":[{"href":"https:\/\/www.feriadeteatro.com\/catalogociascyl\/wp-json\/wp\/v2\/posts"}],"about":[{"href":"https:\/\/www.feriadeteatro.com\/catalogociascyl\/wp-json\/wp\/v2\/types\/post"}],"author":[{"embeddable":true,"href":"https:\/\/www.feriadeteatro.com\/catalogociascyl\/wp-json\/wp\/v2\/users\/2"}],"replies":[{"embeddable":true,"href":"https:\/\/www.feriadeteatro.com\/catalogociascyl\/wp-json\/wp\/v2\/comments?post=229"}],"version-history":[{"count":4,"href":"https:\/\/www.feriadeteatro.com\/catalogociascyl\/wp-json\/wp\/v2\/posts\/229\/revisions"}],"predecessor-version":[{"id":681,"href":"https:\/\/www.feriadeteatro.com\/catalogociascyl\/wp-json\/wp\/v2\/posts\/229\/revisions\/681"}],"wp:featuredmedia":[{"embeddable":true,"href":"https:\/\/www.feriadeteatro.com\/catalogociascyl\/wp-json\/wp\/v2\/media\/533"}],"wp:attachment":[{"href":"https:\/\/www.feriadeteatro.com\/catalogociascyl\/wp-json\/wp\/v2\/media?parent=229"}],"wp:term":[{"taxonomy":"category","embeddable":true,"href":"https:\/\/www.feriadeteatro.com\/catalogociascyl\/wp-json\/wp\/v2\/categories?post=229"},{"taxonomy":"post_tag","embeddable":true,"href":"https:\/\/www.feriadeteatro.com\/catalogociascyl\/wp-json\/wp\/v2\/tags?post=229"}],"curies":[{"name":"wp","href":"https:\/\/api.w.org\/{rel}","templated":true}]}}