{"id":254,"date":"2020-08-03T12:15:56","date_gmt":"2020-08-03T12:15:56","guid":{"rendered":"https:\/\/www.feriadeteatro.com\/catalogociascyl\/?p=254"},"modified":"2020-08-24T10:46:26","modified_gmt":"2020-08-24T10:46:26","slug":"bambalua-teatro","status":"publish","type":"post","link":"https:\/\/www.feriadeteatro.com\/catalogociascyl\/2020\/08\/03\/bambalua-teatro\/","title":{"rendered":"BAMBAL\u00daA TEATRO"},"content":{"rendered":"<p style=\"text-align: justify;\">Bambal\u00faa Teatro nace en Burgos en 1997. La Compa\u00f1\u00eda cuenta con un equipo estable de seis personas m\u00e1s una veintena de profesionales que colaboran en proyectos puntuales. Nuestros espect\u00e1culos se caracterizan por la diversidad de t\u00e9cnicas y lenguajes dram\u00e1ticos desarrollados, buscando siempre la mejor<\/p>\n<p style=\"text-align: justify;\">manera de trasmitir desde la emoci\u00f3n<strong><em>. <\/em><\/strong>En el \u00e1mbito art\u00edstico cabe destacar los 24 espect\u00e1culos creados.<\/p>\n<p style=\"text-align: justify;\">Se mantiene la tendencia en la media de actuaciones en los dos \u00faltimos a\u00f1os.<\/p>\n<p style=\"text-align: justify;\">M\u00e1s de 60.000 espectadores entre los 9 espect\u00e1culos que bambal\u00faa ha desarrollado durante los \u00faltimos 8 a\u00f1os, en intervenciones de diferentes edificios hist\u00f3rico-art\u00edsticos.<\/p>\n<p style=\"text-align: justify;\">Bambal\u00faa teatro ha producido de media anual, durante estos \u00faltimos 4 a\u00f1os, dos espect\u00e1culos<strong><em>.<\/em><\/strong><\/p>\n<p style=\"text-align: justify;\">Forma parte de ARTESA y del Centro de Creaci\u00f3n Esc\u00e9nica \u201cLa Parrala\u201d.<\/p>\n<p style=\"text-align: justify;\">Ha colaborado como asesora junto con otras empresas creativas, en el Plan Estrat\u00e9gico de la Cultura proyectado por el ayuntamiento de Burgos a trav\u00e9s del Instituto Municipal de Cultura.<\/p>\n<figure id=\"attachment_255\" aria-describedby=\"caption-attachment-255\" style=\"width: 500px\" class=\"wp-caption aligncenter\"><img decoding=\"async\" loading=\"lazy\" class=\"wp-image-255\" src=\"https:\/\/www.feriadeteatro.com\/catalogociascyl\/wp-content\/uploads\/2020\/08\/Enzinas-0445-300x200.jpg\" alt=\"\" width=\"500\" height=\"333\" srcset=\"https:\/\/www.feriadeteatro.com\/catalogociascyl\/wp-content\/uploads\/2020\/08\/Enzinas-0445-300x200.jpg 300w, https:\/\/www.feriadeteatro.com\/catalogociascyl\/wp-content\/uploads\/2020\/08\/Enzinas-0445-1024x683.jpg 1024w, https:\/\/www.feriadeteatro.com\/catalogociascyl\/wp-content\/uploads\/2020\/08\/Enzinas-0445-768x512.jpg 768w, https:\/\/www.feriadeteatro.com\/catalogociascyl\/wp-content\/uploads\/2020\/08\/Enzinas-0445-1536x1024.jpg 1536w, https:\/\/www.feriadeteatro.com\/catalogociascyl\/wp-content\/uploads\/2020\/08\/Enzinas-0445-2048x1365.jpg 2048w, https:\/\/www.feriadeteatro.com\/catalogociascyl\/wp-content\/uploads\/2020\/08\/Enzinas-0445-1180x787.jpg 1180w, https:\/\/www.feriadeteatro.com\/catalogociascyl\/wp-content\/uploads\/2020\/08\/Enzinas-0445-800x533.jpg 800w, https:\/\/www.feriadeteatro.com\/catalogociascyl\/wp-content\/uploads\/2020\/08\/Enzinas-0445-650x433.jpg 650w, https:\/\/www.feriadeteatro.com\/catalogociascyl\/wp-content\/uploads\/2020\/08\/Enzinas-0445-440x293.jpg 440w, https:\/\/www.feriadeteatro.com\/catalogociascyl\/wp-content\/uploads\/2020\/08\/Enzinas-0445-375x249.jpg 375w\" sizes=\"(max-width: 500px) 100vw, 500px\" \/><figcaption id=\"caption-attachment-255\" class=\"wp-caption-text\">Estreno de Memoria de Ceniza en el F\u00f3rum de Bambal\u00faa teatro<\/figcaption><\/figure>\n<p>&nbsp;<\/p>\n<p>\u00b7 Personalidad Jur\u00eddica de la empresa: <strong><em>Sociedad Cooperativa<\/em><\/strong><\/p>\n<p>\u00b7 A\u00f1o de constituci\u00f3n de la Compa\u00f1\u00eda: <strong><em>1997<\/em><\/strong><\/p>\n<p><em>\u00b7 <\/em>Direcci\u00f3n: <strong><em>Calle Men\u00e9ndez Pidal 4.09002. <\/em><em>BURGOS<\/em><\/strong><\/p>\n<p><strong><em>\u00b7 <\/em><\/strong>Tel\u00e9fonos: <em><a href=\"tel:617055888\">617055888\u00a0<\/a>\u00a0\u00a0 \/\u00a0\u00a0 <a href=\"tel:625575054\">625575054<\/a>\u00a0\u00a0 \/\u00a0\u00a0\u00a0 <a href=\"tel:657381858\">657381858<\/a><\/em><\/p>\n<p>\u00b7 Email: <a href=\"mailto:bambalua@bambaluateatro.com\"><em>bambalua@bambaluateatro.com<\/em><\/a><\/p>\n<p>\u00b7 Enlace a WEB: <a href=\"http:\/\/www.bambaluateatro.com\/bambalua\/\"><em>www.bambaluateatro.com<\/em><\/a><\/p>\n<p>\u00b7 Enlaces a Redes Sociales:<\/p>\n<p>Twitter <a href=\"https:\/\/twitter.com\/bambalua\">@bambalua<\/a><\/p>\n<p><a href=\"https:\/\/www.facebook.com\/bambalua\/\">https:\/\/www.facebook.com\/bambalua\/<\/a><\/p>\n<p><a href=\"https:\/\/www.youtube.com\/user\/bambaluateatro\">https:\/\/www.youtube.com\/user\/bambaluateatro<\/a><\/p>\n<hr \/>\n<p><strong>ESPECT\u00c1CULO DESTACADO:<\/strong><\/p>\n<p><em><strong>\u00d1AM \u00d1AM<\/strong><\/em><\/p>\n<p><em>A\u00f1o: 2019<\/em><\/p>\n<p><em>G\u00e9nero: teatro<\/em><\/p>\n<p><em>P\u00fablico: todos los p\u00fablicos<\/em><\/p>\n<p>\u00d1am \u00d1am\u201d es un espect\u00e1culo de humor para todos los p\u00fablicos. Narra las desventuras de un puchero de garbanzos que va pasando de mano en mano, mediante picard\u00edas y enga\u00f1os. \u201c\u00d1am \u00d1am\u201d es una historia de enredos, hambres e ingenios: las disparatadas adversidades de una cazuela a la que todos veneran, bien por gula, avaricia o simple necesidad. M\u00e1s de treinta gags y situaciones c\u00f3micas y cr\u00edticas, cuidadosamente enlazadas \u2013extra\u00eddas de diversas farsas medievales, novelas picarescas y piezas del teatro breve del siglo de oro-, dan forma a la dramaturgia del espect\u00e1culo, siempre en favor del juego actoral y de una puesta en escena \u00e1gil y trepidante donde, tres actores, dan vida a once personajes.<\/p>\n<p><iframe loading=\"lazy\" title=\"\u00d1am \u00d1am Bambal\u00faa Teatro Teaser 2020\" width=\"1080\" height=\"608\" src=\"https:\/\/www.youtube.com\/embed\/NV1zyIBdd-I?feature=oembed\" frameborder=\"0\" allow=\"accelerometer; autoplay; encrypted-media; gyroscope; picture-in-picture\" allowfullscreen><\/iframe><br \/>\n[<a href=\"https:\/\/www.feriadeteatro.com\/catalogociascyl\/category\/companias\/\">VOLVER AL CAT\u00c1LOGO DE COMPA\u00d1\u00cdAS<\/a>]<\/p>\n<div class=\"pdf24Plugin-cp\"> \t<form name=\"pdf24Form0\" method=\"post\" action=\"https:\/\/doc2pdf.pdf24.org\/wordpress.php\" target=\"pdf24PopWin\" onsubmit=\"var pdf24Win = window.open('about:blank', 'pdf24PopWin', 'resizable=yes,scrollbars=yes,width=600,height=250,left='+(screen.width\/2-300)+',top='+(screen.height\/3-125)+''); pdf24Win.focus(); if(typeof pdf24OnCreatePDF === 'function'){void(pdf24OnCreatePDF(this,pdf24Win));}\"> \t\t<input type=\"hidden\" name=\"blogCharset\" value=\"Cw1x07UAAA==\" \/><input type=\"hidden\" name=\"blogPosts\" value=\"MwQA\" \/><input type=\"hidden\" name=\"blogUrl\" value=\"yygpKSi20tcvLy\/XS0stykxMSS1JTSwpytdLzs\/VT04sSczJT89PzkwsTq7MAQA=\" \/><input type=\"hidden\" name=\"blogName\" value=\"c04sObwwJz89XyElVcE5P7cg8fDGzMRiEC8kNbGkCCKeWFySmZOTqFCp4JN6eHMeAA==\" \/><input type=\"hidden\" name=\"blogValueEncoding\" value=\"gzdeflate base64\" \/><input type=\"hidden\" name=\"blogDocHeader\" value=\"AwA=\" \/><input type=\"hidden\" name=\"blogDocSize\" value=\"MzI0qDCyNAcA\" \/><input type=\"hidden\" name=\"blogDocOrientation\" value=\"K8gvKilKzCwBAA==\" \/><input type=\"hidden\" name=\"blogDocStyle\" value=\"AwA=\" \/><input type=\"hidden\" name=\"blogDocFilename\" value=\"AwA=\" \/><input type=\"hidden\" name=\"blogDocTpl\" value=\"hVLbbqMwEH1mpf7DLH2tS4jUVQUEabU\/0Jf9AAcmwZKxqZmmoSj\/vh7HaXOptCAwnplzzng4VUe9ru9+VB3K1q9JtZYjQudws0pn\/v7r9CGFLORIkcZ65lqtDB6q7BjhXI8koSMaBL6+qd0qbawhNCRoGjCFuFulhHvKWLWEppNuRFrN8SPoJEw20qQRGBkBzTimQeanEH5J1radHqBVuwegFmYOJRsvIUb1gQXk+UAlfEU3sld6KuC3U1LHRGO1dQXcL8JVgg+FOOuJFhvrJClroABjDZbJF9s7qm1HIeF6z8eZwxEtYy+R3MjdVP6f9sCvLo\/YUCm12poCGj8zdOV5kbw97nLhj3vdXwFrq9sz6DICe+m2yoi1JbJ9AU\/D\/qLoht+3mv\/6RgCuFR6DB266ez5hTxP\/s+D7c+JHLJ\/6skGyg1denLf3yP\/9RbpYeYyNOEg\/VOvOgvzM3jS8ESI4JwumYq9n0ewVs4Vcl9eVPLn+ZO\/g\/Au3y9pj84Dw1qvnaGqf4S0zR8YqOLz+Bw==\" \/><input type=\"hidden\" name=\"postId_0\" value=\"MzI1AQA=\" \/><input type=\"hidden\" name=\"postTitle_0\" value=\"c3L0dXL0OTzLUSHE1TEkyB8A\" \/><input type=\"hidden\" name=\"postLink_0\" value=\"JcpBDoAgDATAF+k2eDH+ZqmoJJAaqCH+3oNznsv97hswxpiP1DL35InebFarUDqLnaaZXd+CIEEgK2RBZI0sD6e\/4wM=\" \/><input type=\"hidden\" name=\"postAuthor_0\" value=\"c84syyxJLAYA\" \/><input type=\"hidden\" name=\"postDateTime_0\" value=\"MzIwMtA1sNA1MFYwNLIysLAyNQMA\" \/><input type=\"hidden\" name=\"postContent_0\" value=\"vVjLbtvKGd73KQZaFC2gC3WzZVlWKys6OSnsYyP2SRdFUYzIETUuyeGZGcqSV+kDdBF02wLJMossiiwKZBm+SZ6k3z+kZMl2am\/cha0h+c9\/m\/\/2zSBlxq4icVSxYmlrPJJh0mdXmbFytjqsDI95POVR\/oWzS8GtVizhvmAiYceZDpWhVfPgYL\/OTjgbqzjl+b\/zT5z5mUgsflTCsoSJXzKZKiaM5dNIsEAwI6RhqdBGJdywOP9gQMfZQsjECixAkmo1E0aCIBKG\/ZIJcIv4VGmekFR8XgnfQoU0S2xGRHX2UwYZmtQyKT7mH\/wswpPBXq65b4WWN9ieKs0iCJELaCADHpA8m3\/0E+lDnRWLRBJm\/ApyA82hnZU+2ATCcK1VFPFAmSqbZsbnSaCYkSJOtSCWsbhSetBIh78aPOLYmCdCO0Ot5iaWVmoSEDg2Ila+zD8nA7ImCYcDEQ\/rbNDAz6BRvpvADRHLP8RTaRXj2uafDOkJU6fkYzgbRjOyv9W54xBfC7Kh\/iRNLwSDslaKxOmG8wlE4ktOp+BMDqSzA\/7NuI8DEy4sSA5ksPxLZGWMBULjqSJPKSDAcs+re55XKg+NtWNtyddgeHDHKoqR6SZe53znwFiQIXJssXOjU6\/QqkoKU+jpBZnmTID4QM6EhjySirXEF8Pm0tj8s4ana7dOf6Jdt9lki2yCkgjkIPMlaShKZ\/IE8VzdaIyj3Na5s9Y5uBvoO+GyGy1PUu8HpWMoBLNcko5eX04uRkiHAIE2Jr87HccIHhedbGL8\/CPlDPv29p8oAOfwNo\/4t7f\/epo7fuSbnIb5vooRx0YYPIIoscrVD0X5wVyGGV6ErpULXpwZFDuPOGkCKmRwSAlQ5NA4iywcuC4UJIHyHjv4Csx5jIC2jrgsZZwycZF\/NM7eVwm0tBkoTjOYKFMeOeMLrqV9MxlmCEYZHFW4Rb7NY\/D8S6vbrSAhJa8hAH0tpyKYro4qPk8tQqt2S1lzlKWLrmVg533W9bx0WWF+xI3By7RWbmPOez5Fo64MBzIOoY6vApmEEG5WiV9BaPPiOeI3q20eMuahKKVp\/6gytzY1\/Ubj+vq6jhCXPBBFQNZxCA2fWx6pECWIG38VNUgJRXXZNrKUZJhGy2t5Da\/XmCQ3EhW85nU63Vrb85Ytz6tfpSHsj+xRpcKcVUcVWFVhcyHDOd62222nhxH2\/6AKw\/q6yp5HTtNrdZZ7vbYTRA\/PJml\/r7fsNltOENbPZ1G3vbckSwqT8PRsolpep7dstve6ThQ9PZ9VzZ633O\/tF0bh4dkk9RB53XYREL1njLy9rrfslHKwfjY5nQ4y6aCQg\/WzyWnvd5etzkGRsfvda1QIeSNQvn4T82Vtuzj+FonmLaBIWSobQ6rD6zJJtfh7lfZeUa1RX6oMqXuIxPWCU4xeuphn0PEwLZZd5ge0\/Cx23eJODx80bqUP3QNaAvW+4a+TqUkPy044\/Pofdl4MvJEbOf+Q6fxTQM1zPfO5Dtdn2138An4URD1WCuOy63wPNnZiP8JYQMzgb9e7iiZddsPNbL4rgIb3hxnSVzB1H19ILXzHbnf3mEcR+SzBGBCIG3YOyyLWqXsHntdaD6z4O\/759cuzi+\/I2eK3lrchuhRR\/nGmEmUgmD5grtNiRgNF1N9r7nvdbq\/Xqww3y6\/vBw0+\/Pr+63vWcP93dyAM9rtet4Md6+Uu\/b0d3f12r9nrkoz1knaUam58P4m5jPq3e+nRqn4xjmb89+vFbaZUnMX\/g6AUwXfEJBHhL87+ODnekkYpWWbkfT6N9atGIfJhqu9Lo8notcAowygaCWj11zSX19JiHtlVhGqDLT7siK8MN0Zuy7m319UVyJ0q9de7+j9O8yjrlcpsNhVuV2aEbuz6YlfGI8S3wuYadWg7nCcX55PxZf638c8nZ+zF5OJyNB69OOs\/mGbrPfm70Smjf1tUW2FGpJTjffTK5sG9Ty+RhELj61q3O9\/P8y\/TCPMxCBRBBwJCafnO7FDn73jM6B8meSAMB+G3cAaVlHmGOklQgT\/EDUicoAAKj0PNAFU0NDtMBV5p5s9FgSVCrqc8uSnB24LAh3GYOnCgU1H1pd9qgYwIDaUomTpAISOgDpxewEpCIPfV5g6trQu6SLRwyH2OQ3RQEpgvRJWn6uJUlYYsAlbAAw\/WtwOiVBxohd9kAtWULHMaF7bDPtTmpMqmUhS3C2EW8SrjC6AAQsp0RxCnKJWJQD4RzzpbY1y0Hkl3JSEPySIjb1G0n3+OyxsJH83C0rrK\/IwYKMOpsZFVmPadxt\/e\/gPtTHO0FV7iVzIB6xl3P+RDsaAMrrJELQTZ7NwJmOKkpFLc8AL\/lAAVfloI98LIsDh6pVUN4BOoa+bwonMG3ZNwHHLoXB3txEt1c0MC78z4QmlHcpWJUNGtAfBe5FCm83FKdzhF2zU+3QXlH0JJ3+GoFJaTzYFCu6nSG1MwIItIowUIoJACUFpfL12JDTgHbJpBT3EXKKFZEgLbxA+7d+uFH2Q\/o8llg2maXm8L1Ox5vQfA1Xb9EDGAYOOnN82b1avjIKi9+t1MkMvEkXKfKswpBzQcCH1U8QhDReoa6M73RYSEiTFn6UPGAUrTiK8O4SNfr1IrgprLjkMWrrQyPiaFQzpX4l2TSa1clvxmWRQBlQpB00rhj+Fg6srXnx6uxY\/OeHjGUepVw6cpI8FblOo3ZydvJq\/Z6ISNR6iDJ2cvqQ6y8dnp+Sh\/l\/99dEHV88\/uaP4L\" \/> \t\t<a href=\"https:\/\/www.pdf24.org\" target=\"_blank\" title=\"www.pdf24.org\" rel=\"nofollow\"><img src=\"https:\/\/www.feriadeteatro.com\/catalogociascyl\/wp-content\/plugins\/pdf24-post-to-pdf\/img\/pdf_32x32.png\" alt=\"\" border=\"0\" height=\"32\" \/><\/a> \t\t<span class=\"pdf24Plugin-cp-space\">&nbsp;&nbsp;<\/span> \t\t<span class=\"pdf24Plugin-cp-text\">Enviar art\u00edculo en formato PDF<\/span> \t\t<span class=\"pdf24Plugin-cp-space\">&nbsp;&nbsp;<\/span> \t\t<input class=\"pdf24Plugin-cp-input\" style=\"margin: 0px;\" type=\"text\" name=\"sendEmailTo\" placeholder=\"Correo electr\u00f3nico\" \/> \t\t<input class=\"pdf24Plugin-cp-submit\" style=\"margin: 0px;\" type=\"submit\" value=\"Enviar\" \/> \t<\/form> <\/div>","protected":false},"excerpt":{"rendered":"<p>Bambal\u00faa Teatro nace en Burgos en 1997. La Compa\u00f1\u00eda cuenta con un equipo estable de seis personas m\u00e1s una veintena de profesionales que colaboran en proyectos puntuales. Nuestros espect\u00e1culos se caracterizan por la diversidad de t\u00e9cnicas y lenguajes dram\u00e1ticos desarrollados, buscando siempre la mejor manera de trasmitir desde la emoci\u00f3n. En el \u00e1mbito art\u00edstico cabe [&hellip;]<\/p>\n","protected":false},"author":2,"featured_media":535,"comment_status":"open","ping_status":"open","sticky":false,"template":"","format":"standard","meta":[],"categories":[27,11,3,28,29,22,18,19,31,23,26,24],"tags":[86,36,32],"_links":{"self":[{"href":"https:\/\/www.feriadeteatro.com\/catalogociascyl\/wp-json\/wp\/v2\/posts\/254"}],"collection":[{"href":"https:\/\/www.feriadeteatro.com\/catalogociascyl\/wp-json\/wp\/v2\/posts"}],"about":[{"href":"https:\/\/www.feriadeteatro.com\/catalogociascyl\/wp-json\/wp\/v2\/types\/post"}],"author":[{"embeddable":true,"href":"https:\/\/www.feriadeteatro.com\/catalogociascyl\/wp-json\/wp\/v2\/users\/2"}],"replies":[{"embeddable":true,"href":"https:\/\/www.feriadeteatro.com\/catalogociascyl\/wp-json\/wp\/v2\/comments?post=254"}],"version-history":[{"count":4,"href":"https:\/\/www.feriadeteatro.com\/catalogociascyl\/wp-json\/wp\/v2\/posts\/254\/revisions"}],"predecessor-version":[{"id":685,"href":"https:\/\/www.feriadeteatro.com\/catalogociascyl\/wp-json\/wp\/v2\/posts\/254\/revisions\/685"}],"wp:featuredmedia":[{"embeddable":true,"href":"https:\/\/www.feriadeteatro.com\/catalogociascyl\/wp-json\/wp\/v2\/media\/535"}],"wp:attachment":[{"href":"https:\/\/www.feriadeteatro.com\/catalogociascyl\/wp-json\/wp\/v2\/media?parent=254"}],"wp:term":[{"taxonomy":"category","embeddable":true,"href":"https:\/\/www.feriadeteatro.com\/catalogociascyl\/wp-json\/wp\/v2\/categories?post=254"},{"taxonomy":"post_tag","embeddable":true,"href":"https:\/\/www.feriadeteatro.com\/catalogociascyl\/wp-json\/wp\/v2\/tags?post=254"}],"curies":[{"name":"wp","href":"https:\/\/api.w.org\/{rel}","templated":true}]}}