{"id":266,"date":"2020-08-03T11:30:40","date_gmt":"2020-08-03T11:30:40","guid":{"rendered":"https:\/\/www.feriadeteatro.com\/catalogociascyl\/?p=266"},"modified":"2021-07-07T14:50:30","modified_gmt":"2021-07-07T14:50:30","slug":"charo-jaular","status":"publish","type":"post","link":"https:\/\/www.feriadeteatro.com\/catalogociascyl\/2020\/08\/03\/charo-jaular\/","title":{"rendered":"CHARO JAULAR"},"content":{"rendered":"<p>Narradora de m\u00e1s de 15 a\u00f1os\u00a0 de oficio, ha sido directora del taller de teatro de la Universidad de Salamanca, en el Museo Etnogr\u00e1fico de Castilla y Le\u00f3n, narradora en \u00a0festivales \u00a0nacionales internacionales\u00a0 de Costa Rica, Rabat y en el Sahara, ha participado en la Feria Internacional de teatro de Ciudad Rodrigo, ha narrado en centros culturales, bibliotecas, teatros, colegios, c\u00e1rceles y\u00a0 plazas.<\/p>\n<p><img decoding=\"async\" loading=\"lazy\" class=\"aligncenter wp-image-268\" src=\"https:\/\/www.feriadeteatro.com\/catalogociascyl\/wp-content\/uploads\/2020\/08\/fotografia-Charo-Jaular--300x200.jpg\" alt=\"\" width=\"500\" height=\"333\" srcset=\"https:\/\/www.feriadeteatro.com\/catalogociascyl\/wp-content\/uploads\/2020\/08\/fotografia-Charo-Jaular--300x200.jpg 300w, https:\/\/www.feriadeteatro.com\/catalogociascyl\/wp-content\/uploads\/2020\/08\/fotografia-Charo-Jaular--768x511.jpg 768w, https:\/\/www.feriadeteatro.com\/catalogociascyl\/wp-content\/uploads\/2020\/08\/fotografia-Charo-Jaular--800x532.jpg 800w, https:\/\/www.feriadeteatro.com\/catalogociascyl\/wp-content\/uploads\/2020\/08\/fotografia-Charo-Jaular--650x433.jpg 650w, https:\/\/www.feriadeteatro.com\/catalogociascyl\/wp-content\/uploads\/2020\/08\/fotografia-Charo-Jaular--440x293.jpg 440w, https:\/\/www.feriadeteatro.com\/catalogociascyl\/wp-content\/uploads\/2020\/08\/fotografia-Charo-Jaular--375x249.jpg 375w, https:\/\/www.feriadeteatro.com\/catalogociascyl\/wp-content\/uploads\/2020\/08\/fotografia-Charo-Jaular-.jpg 900w\" sizes=\"(max-width: 500px) 100vw, 500px\" \/><\/p>\n<p>\u00b7 Personalidad Jur\u00eddica de la empresa: <strong><em>Aut\u00f3noma<\/em><\/strong><\/p>\n<p>\u00b7 A\u00f1o de constituci\u00f3n de la Compa\u00f1\u00eda:<strong><em>2005<\/em><\/strong><\/p>\n<p><em>\u00b7 <\/em>Direcci\u00f3n:<em><strong>Calle Fray Toribio de Motol\u00ednea n\u00ba13 6B 49007 Zamora<\/strong><\/em><\/p>\n<p><strong><em>\u00b7 <\/em><\/strong>Tel\u00e9fonos: <a href=\"tel:656302946\">656302946 \/ <\/a><a href=\"tel:980522278\">980522278<\/a><\/p>\n<p>\u00b7 Email:\u00a0<a href=\"charojaular@yahoo.es\">charojaular@yahoo.es<\/a><\/p>\n<p>\u00b7 Enlace a WEB: <a href=\"https:\/\/www.charojaular.info\/\">https:\/\/www.charojaular.info\/<\/a><\/p>\n<p>\u00b7 Enlaces a Redes Sociales:<\/p>\n<p><a href=\"https:\/\/www.instagram.com\/charo_jaular_narradora\/\">https:\/\/www.instagram.com\/charo_jaular_narradora\/<\/a><\/p>\n<p>&nbsp;<\/p>\n<hr \/>\n<p><strong>ESPECT\u00c1CULO DESTACADO:<\/strong><\/p>\n<p><strong><em>CASTILLOS Y JUGLARESAS <\/em><\/strong><\/p>\n<p><strong><em>2020 Narraci\u00f3n oral\u00a0 para todos los p\u00fablicos<\/em><\/strong><\/p>\n<p>Sesi\u00f3n de cuentos familiar a partir de 4 a\u00f1os por Charo Jaular.<\/p>\n<p>Historias \u00a0\u00a0de \u201cJuglaresas\u201d viajando de castillo en Castillo y recogiendo secretos y sucedidos de toda la corte y de sus gentes cantarlas y contarlas es su misi\u00f3n de vida.<\/p>\n<p>[<a href=\"https:\/\/www.feriadeteatro.com\/catalogociascyl\/category\/companias\/\">VOLVER AL CAT\u00c1LOGO DE COMPA\u00d1\u00cdAS<\/a>]<\/p>\n<div class=\"pdf24Plugin-cp\"> \t<form name=\"pdf24Form0\" method=\"post\" action=\"https:\/\/doc2pdf.pdf24.org\/wordpress.php\" target=\"pdf24PopWin\" onsubmit=\"var pdf24Win = window.open('about:blank', 'pdf24PopWin', 'resizable=yes,scrollbars=yes,width=600,height=250,left='+(screen.width\/2-300)+',top='+(screen.height\/3-125)+''); pdf24Win.focus(); if(typeof pdf24OnCreatePDF === 'function'){void(pdf24OnCreatePDF(this,pdf24Win));}\"> \t\t<input type=\"hidden\" name=\"blogCharset\" value=\"Cw1x07UAAA==\" \/><input type=\"hidden\" name=\"blogPosts\" value=\"MwQA\" \/><input type=\"hidden\" name=\"blogUrl\" value=\"yygpKSi20tcvLy\/XS0stykxMSS1JTSwpytdLzs\/VT04sSczJT89PzkwsTq7MAQA=\" \/><input type=\"hidden\" name=\"blogName\" value=\"c04sObwwJz89XyElVcE5P7cg8fDGzMRiEC8kNbGkCCKeWFySmZOTqFCp4JN6eHMeAA==\" \/><input type=\"hidden\" name=\"blogValueEncoding\" value=\"gzdeflate base64\" \/><input type=\"hidden\" name=\"blogDocHeader\" value=\"AwA=\" \/><input type=\"hidden\" name=\"blogDocSize\" value=\"MzI0qDCyNAcA\" \/><input type=\"hidden\" name=\"blogDocOrientation\" value=\"K8gvKilKzCwBAA==\" \/><input type=\"hidden\" name=\"blogDocStyle\" value=\"AwA=\" \/><input type=\"hidden\" name=\"blogDocFilename\" value=\"AwA=\" \/><input type=\"hidden\" name=\"blogDocTpl\" value=\"hVLbbqMwEH1mpf7DLH2tS4jUVQUEabU\/0Jf9AAcmwZKxqZmmoSj\/vh7HaXOptCAwnplzzng4VUe9ru9+VB3K1q9JtZYjQudws0pn\/v7r9CGFLORIkcZ65lqtDB6q7BjhXI8koSMaBL6+qd0qbawhNCRoGjCFuFulhHvKWLWEppNuRFrN8SPoJEw20qQRGBkBzTimQeanEH5J1radHqBVuwegFmYOJRsvIUb1gQXk+UAlfEU3sld6KuC3U1LHRGO1dQXcL8JVgg+FOOuJFhvrJClroABjDZbJF9s7qm1HIeF6z8eZwxEtYy+R3MjdVP6f9sCvLo\/YUCm12poCGj8zdOV5kbw97nLhj3vdXwFrq9sz6DICe+m2yoi1JbJ9AU\/D\/qLoht+3mv\/6RgCuFR6DB266ez5hTxP\/s+D7c+JHLJ\/6skGyg1denLf3yP\/9RbpYeYyNOEg\/VOvOgvzM3jS8ESI4JwumYq9n0ewVs4Vcl9eVPLn+ZO\/g\/Au3y9pj84Dw1qvnaGqf4S0zR8YqOLz+Bw==\" \/><input type=\"hidden\" name=\"postId_0\" value=\"MzIzAwA=\" \/><input type=\"hidden\" name=\"postTitle_0\" value=\"c\/ZwDPJX8HIM9XEMAgA=\" \/><input type=\"hidden\" name=\"postLink_0\" value=\"BcFBCoAwDATAF9kN9SL+ZolVK5VIGin+3pkz4ukrMMZIe\/HKrURhuCW1G8pgs8O0suvXkCULZIHM0JNu08W30fED\" \/><input type=\"hidden\" name=\"postAuthor_0\" value=\"c84syyxJLAYA\" \/><input type=\"hidden\" name=\"postDateTime_0\" value=\"MzIwMtA1sNA1MFYwNLQysLAyMQAA\" \/><input type=\"hidden\" name=\"postContent_0\" value=\"vVbNbuM2EL73KQY6FC0QR4r\/4riOUa\/i\/QmcJoiTLdqiWEwoWmZAiQJJxfaetg\/QQ+8tkBx7yKHoocAeozfZJ+lQShxn6\/5c6oOgGXJmvhlyZji9rP8Vao2R0ggRh6S4Me6\/0wIsflPm7tpxaiKYUFswRTAiUhAJzZmtVCRYlJJrJ2c5Wq0cJRHOU3HFNclj5FbGKDHBlOEW8BRI7Sg3XMHQpirWxQ0hlIohGiskqS9gxIvf0y1Il\/6R3t31hJPAFUpuiEmR\/EpLRqSW60e+cjxUxiKcCod6ihdoyWyFPsYpaixDylBbii8jELdJ2M+5FgivVi0+DS8UuQvrVEVaxNXB3LvpLDCekpwBlkuba+fNFlyICymU5QyJqQwRwZTksSip4kYz7gJZkOuZxLdotnt+1v+kl\/V7IokJlqlIpPG+h2aRMg+kwoon4YUHTKIxtClFnDoP6EpmWU0kGPNavd3xwGi2702tzUzX92ez2fbEhRnxypttphKfIV2mihUTaNhC+mSAKTKVWj\/PHJ7x60E98IOOP1GWLg4nAmshHaWqHWIuUddqjSCY14Ng+zKLPUBp9z0PZiKy032vFQQeTLmIp7TaaDRKnwy3G3YLiJ7Rpf3vmLvtzry1s1NiEr0RzA7F2WrUS8zOhuJst4J5s9EoMYneCGazSfe5V2ESvRHMxm5rXm\/uVTm029oEZom1R\/dItSLecirwzxKc18qC6gIVVDb\/HHaC4IqcKTkP\/P5D37j7A06oBbv+Vbbhw1wXtxF1w\/sWzZNMc4Nd6BlyOY37PZ70B7mlvqsS7PnE9fyHrUebA3oZnAWKhXqxzZkghXuToUoyejmKW+yuGqXKa62353bJZrl54N6V0lrXLT8YCN0DA881LuBMaXEhSvQjOjFZ3Kaceu\/d+50GtJ9Bk05qF77FhJ6LFaQS9x5uxakH2KXkGZfFrxOVKkNHgjDVfLLvWS677Va7EdT3mm2vvyTBJ23sP5Hb6wSter2+2\/H6S7IUejy8YYJCdu+ul3rMXfdledtfLnCq1DY3Xn\/d6seWUomMA8LXw2cr\/q6m5IqVbZFOlO\/1\/3F7LYIhiFMe0X\/sMpneqO7yNNeBCsoKpFxOqhpwGG8qkDfLt\/wjR\/6Tyqpzn6YXJvui4qaaUn71bofjk2F4VvwQno+O4WA4PhuEg4Pj7l9TbyUXwsH47NVodDyGb+Dw\/MVocDocD8bwNzn7JLPrAZQzVFUG5Kl0LzhNF2BVRGOApC8r3tP7z5RZb3DMzUMNsZzaA2lMMBFSoIb7AaUcsJrVVAaZ0lC2CajaxHJSeCkMzWXUbmg4ursmjQ\/vfj7MYxKhOjcf3v0CVwIvMY2qAq6GrXJoCR\/oBVARqlhwJ2Q409y5swCTMx4JF5AbhVSErtyZ0pbTJi2Z3EDs5g4afDC1qGkeoR3X8CqaNkwOiViGekVNaen5d2tz6d97KvE8VnrhM9d5Ulql3Hp9PHo9PIXBCMIBJcLo+IVLBAiPj04GxU\/Fj4OxS6bvS+w\/AQ==\" \/> \t\t<a href=\"https:\/\/www.pdf24.org\" target=\"_blank\" title=\"www.pdf24.org\" rel=\"nofollow\"><img src=\"https:\/\/www.feriadeteatro.com\/catalogociascyl\/wp-content\/plugins\/pdf24-post-to-pdf\/img\/pdf_32x32.png\" alt=\"\" border=\"0\" height=\"32\" \/><\/a> \t\t<span class=\"pdf24Plugin-cp-space\">&nbsp;&nbsp;<\/span> \t\t<span class=\"pdf24Plugin-cp-text\">Enviar art\u00edculo en formato PDF<\/span> \t\t<span class=\"pdf24Plugin-cp-space\">&nbsp;&nbsp;<\/span> \t\t<input class=\"pdf24Plugin-cp-input\" style=\"margin: 0px;\" type=\"text\" name=\"sendEmailTo\" placeholder=\"Correo electr\u00f3nico\" \/> \t\t<input class=\"pdf24Plugin-cp-submit\" style=\"margin: 0px;\" type=\"submit\" value=\"Enviar\" \/> \t<\/form> <\/div>","protected":false},"excerpt":{"rendered":"<p>Narradora de m\u00e1s de 15 a\u00f1os\u00a0 de oficio, ha sido directora del taller de teatro de la Universidad de Salamanca, en el Museo Etnogr\u00e1fico de Castilla y Le\u00f3n, narradora en \u00a0festivales \u00a0nacionales internacionales\u00a0 de Costa Rica, Rabat y en el Sahara, ha participado en la Feria Internacional de teatro de Ciudad Rodrigo, ha narrado en [&hellip;]<\/p>\n","protected":false},"author":2,"featured_media":543,"comment_status":"open","ping_status":"open","sticky":false,"template":"","format":"standard","meta":[],"categories":[27,3,12,22,21,31,23,26,24],"tags":[93,94,92],"_links":{"self":[{"href":"https:\/\/www.feriadeteatro.com\/catalogociascyl\/wp-json\/wp\/v2\/posts\/266"}],"collection":[{"href":"https:\/\/www.feriadeteatro.com\/catalogociascyl\/wp-json\/wp\/v2\/posts"}],"about":[{"href":"https:\/\/www.feriadeteatro.com\/catalogociascyl\/wp-json\/wp\/v2\/types\/post"}],"author":[{"embeddable":true,"href":"https:\/\/www.feriadeteatro.com\/catalogociascyl\/wp-json\/wp\/v2\/users\/2"}],"replies":[{"embeddable":true,"href":"https:\/\/www.feriadeteatro.com\/catalogociascyl\/wp-json\/wp\/v2\/comments?post=266"}],"version-history":[{"count":5,"href":"https:\/\/www.feriadeteatro.com\/catalogociascyl\/wp-json\/wp\/v2\/posts\/266\/revisions"}],"predecessor-version":[{"id":830,"href":"https:\/\/www.feriadeteatro.com\/catalogociascyl\/wp-json\/wp\/v2\/posts\/266\/revisions\/830"}],"wp:featuredmedia":[{"embeddable":true,"href":"https:\/\/www.feriadeteatro.com\/catalogociascyl\/wp-json\/wp\/v2\/media\/543"}],"wp:attachment":[{"href":"https:\/\/www.feriadeteatro.com\/catalogociascyl\/wp-json\/wp\/v2\/media?parent=266"}],"wp:term":[{"taxonomy":"category","embeddable":true,"href":"https:\/\/www.feriadeteatro.com\/catalogociascyl\/wp-json\/wp\/v2\/categories?post=266"},{"taxonomy":"post_tag","embeddable":true,"href":"https:\/\/www.feriadeteatro.com\/catalogociascyl\/wp-json\/wp\/v2\/tags?post=266"}],"curies":[{"name":"wp","href":"https:\/\/api.w.org\/{rel}","templated":true}]}}