{"id":276,"date":"2020-08-03T11:00:03","date_gmt":"2020-08-03T11:00:03","guid":{"rendered":"https:\/\/www.feriadeteatro.com\/catalogociascyl\/?p=276"},"modified":"2020-08-24T23:44:35","modified_gmt":"2020-08-24T23:44:35","slug":"compania-8","status":"publish","type":"post","link":"https:\/\/www.feriadeteatro.com\/catalogociascyl\/2020\/08\/03\/compania-8\/","title":{"rendered":"COMPA\u00d1\u00cdA 8"},"content":{"rendered":"<p>Nacida en el contexto de la Escuela Superior de Arte Dram\u00e1tico (Valladolid) bajo el<br \/>\nnombre de \u201cLa Perla Teatro\u201d. Los perros de mi padre supone un largo viaje que explora<br \/>\nlas preguntas que rodean la vida y la muerte. Galardonada con el Primer Premio de Arte Joven de Castilla y Le\u00f3n, da pie a ALVA, una comedia para todos los p\u00fablicos,<br \/>\nacogida en teatros como en el Teatro \u00c1lvaro de Luna, Teatro Cervantes, Teatro Principal de Tur\u00e9gano, entre otros<\/p>\n<p><img decoding=\"async\" loading=\"lazy\" class=\"aligncenter wp-image-280\" src=\"https:\/\/www.feriadeteatro.com\/catalogociascyl\/wp-content\/uploads\/2020\/08\/Cartel-212x300.png\" alt=\"\" width=\"400\" height=\"566\" srcset=\"https:\/\/www.feriadeteatro.com\/catalogociascyl\/wp-content\/uploads\/2020\/08\/Cartel-212x300.png 212w, https:\/\/www.feriadeteatro.com\/catalogociascyl\/wp-content\/uploads\/2020\/08\/Cartel-724x1024.png 724w, https:\/\/www.feriadeteatro.com\/catalogociascyl\/wp-content\/uploads\/2020\/08\/Cartel-768x1086.png 768w, https:\/\/www.feriadeteatro.com\/catalogociascyl\/wp-content\/uploads\/2020\/08\/Cartel-1086x1536.png 1086w, https:\/\/www.feriadeteatro.com\/catalogociascyl\/wp-content\/uploads\/2020\/08\/Cartel-1180x1669.png 1180w, https:\/\/www.feriadeteatro.com\/catalogociascyl\/wp-content\/uploads\/2020\/08\/Cartel-800x1132.png 800w, https:\/\/www.feriadeteatro.com\/catalogociascyl\/wp-content\/uploads\/2020\/08\/Cartel-650x919.png 650w, https:\/\/www.feriadeteatro.com\/catalogociascyl\/wp-content\/uploads\/2020\/08\/Cartel-440x622.png 440w, https:\/\/www.feriadeteatro.com\/catalogociascyl\/wp-content\/uploads\/2020\/08\/Cartel.png 1414w\" sizes=\"(max-width: 400px) 100vw, 400px\" \/><\/p>\n<p><img decoding=\"async\" loading=\"lazy\" class=\"aligncenter wp-image-731 size-full\" src=\"https:\/\/www.feriadeteatro.com\/catalogociascyl\/wp-content\/uploads\/2020\/08\/RECIENTE.jpg\" alt=\"\" width=\"300\" height=\"26\" \/><\/p>\n<p>\u00b7 Personalidad Jur\u00eddica de la empresa: <em><strong>aut\u00f3nomo<\/strong><\/em><\/p>\n<p>\u00b7 A\u00f1o de constituci\u00f3n de la Compa\u00f1\u00eda:<em><strong>2017<\/strong><\/em><\/p>\n<p><em>\u00b7 <\/em>Direcci\u00f3n: <em><strong>Calle Estocolmo, N\u00ba20 47008 Valladolid<\/strong><\/em><\/p>\n<p><strong><em>\u00b7 <\/em><\/strong>Tel\u00e9fonos: <a href=\"tel:696047633\">696047633 <\/a><\/p>\n<p>\u00b7 Email: <a href=\"mailto:companiaocho@gmail.com\">companiaocho@gmail.com<\/a><\/p>\n<p>\u00b7 P\u00e1gina web: <a href=\"http:\/\/www.companiaocho.com\/\">http:\/\/www.companiaocho.com\/<\/a><\/p>\n<p>\u00b7 Redes Sociales:<\/p>\n<p><a href=\"https:\/\/www.instagram.com\/compania_8\/\">https:\/\/www.instagram.com\/compania_8\/<\/a><\/p>\n<p><a href=\"https:\/\/www.facebook.com\/compania.ocho.9\">https:\/\/www.facebook.com\/compania.ocho.9<\/a><\/p>\n<p>&nbsp;<\/p>\n<hr \/>\n<p><strong>ESPECT\u00c1CULO DESTACADO:<\/strong><\/p>\n<p><em><strong>ALVA<br \/>\nA\u00f1o: 2019<br \/>\nG\u00e9nero: Comedia<br \/>\nP\u00fablico: apto para mayores de 12+<\/strong><\/em><\/p>\n<p><iframe loading=\"lazy\" title=\"ALVA\" width=\"1080\" height=\"608\" src=\"https:\/\/www.youtube.com\/embed\/ybYV5WoOSbw?start=1884&#038;feature=oembed\" frameborder=\"0\" allow=\"accelerometer; autoplay; encrypted-media; gyroscope; picture-in-picture\" allowfullscreen><\/iframe><\/p>\n<p>[<a href=\"https:\/\/www.feriadeteatro.com\/catalogociascyl\/category\/companias\/\">VOLVER AL CAT\u00c1LOGO DE COMPA\u00d1\u00cdAS<\/a>]<\/p>\n<div class=\"pdf24Plugin-cp\"> \t<form name=\"pdf24Form0\" method=\"post\" action=\"https:\/\/doc2pdf.pdf24.org\/wordpress.php\" target=\"pdf24PopWin\" onsubmit=\"var pdf24Win = window.open('about:blank', 'pdf24PopWin', 'resizable=yes,scrollbars=yes,width=600,height=250,left='+(screen.width\/2-300)+',top='+(screen.height\/3-125)+''); pdf24Win.focus(); if(typeof pdf24OnCreatePDF === 'function'){void(pdf24OnCreatePDF(this,pdf24Win));}\"> \t\t<input type=\"hidden\" name=\"blogCharset\" value=\"Cw1x07UAAA==\" \/><input type=\"hidden\" name=\"blogPosts\" value=\"MwQA\" \/><input type=\"hidden\" name=\"blogUrl\" value=\"yygpKSi20tcvLy\/XS0stykxMSS1JTSwpytdLzs\/VT04sSczJT89PzkwsTq7MAQA=\" \/><input type=\"hidden\" name=\"blogName\" value=\"c04sObwwJz89XyElVcE5P7cg8fDGzMRiEC8kNbGkCCKeWFySmZOTqFCp4JN6eHMeAA==\" \/><input type=\"hidden\" name=\"blogValueEncoding\" value=\"gzdeflate base64\" \/><input type=\"hidden\" name=\"blogDocHeader\" value=\"AwA=\" \/><input type=\"hidden\" name=\"blogDocSize\" value=\"MzI0qDCyNAcA\" \/><input type=\"hidden\" name=\"blogDocOrientation\" value=\"K8gvKilKzCwBAA==\" \/><input type=\"hidden\" name=\"blogDocStyle\" value=\"AwA=\" \/><input type=\"hidden\" name=\"blogDocFilename\" value=\"AwA=\" \/><input type=\"hidden\" name=\"blogDocTpl\" value=\"hVLbbqMwEH1mpf7DLH2tS4jUVQUEabU\/0Jf9AAcmwZKxqZmmoSj\/vh7HaXOptCAwnplzzng4VUe9ru9+VB3K1q9JtZYjQudws0pn\/v7r9CGFLORIkcZ65lqtDB6q7BjhXI8koSMaBL6+qd0qbawhNCRoGjCFuFulhHvKWLWEppNuRFrN8SPoJEw20qQRGBkBzTimQeanEH5J1radHqBVuwegFmYOJRsvIUb1gQXk+UAlfEU3sld6KuC3U1LHRGO1dQXcL8JVgg+FOOuJFhvrJClroABjDZbJF9s7qm1HIeF6z8eZwxEtYy+R3MjdVP6f9sCvLo\/YUCm12poCGj8zdOV5kbw97nLhj3vdXwFrq9sz6DICe+m2yoi1JbJ9AU\/D\/qLoht+3mv\/6RgCuFR6DB266ez5hTxP\/s+D7c+JHLJ\/6skGyg1denLf3yP\/9RbpYeYyNOEg\/VOvOgvzM3jS8ESI4JwumYq9n0ewVs4Vcl9eVPLn+ZO\/g\/Au3y9pj84Dw1qvnaGqf4S0zR8YqOLz+Bw==\" \/><input type=\"hidden\" name=\"postId_0\" value=\"MzI3AwA=\" \/><input type=\"hidden\" name=\"postTitle_0\" value=\"c\/b3DXA8PPFwr6OCBQA=\" \/><input type=\"hidden\" name=\"postLink_0\" value=\"DclRCoAgEAXAE+Vb7Ee6zWOzEqwVXZBuX\/M7l3sbGzDnDEfuhXv2TO8W1G4ondVO08Khb0WUKJAEWfF341O4JHw=\" \/><input type=\"hidden\" name=\"postAuthor_0\" value=\"c84syyxJLAYA\" \/><input type=\"hidden\" name=\"postDateTime_0\" value=\"MzIwMtA1sNA1MFYwNLQysLAyMAYA\" \/><input type=\"hidden\" name=\"postContent_0\" value=\"tVbBbttGEL3nKxYsECSoJVKUTNOypFaQhaCBGhu266IoimK0HFGbLrnskrSknJIP6KH39pCjDzkEPRTIMfyTfElnSVphUie5WCfuzu68NzOcnZlBMnoCXATAMGYoGVdxhutMsQCZBDZNeY70Pc8T1EJpIx7rDNmxhqh4mQmu2INLkBICJUXwkM3hqSKcwVwze3QvVtFco1F69\/yvGbBT1AR2gZBp9e753202UykjZE0fuhQJlkBACmmeqBhZHpMNOlTsSsBTZL\/nyHCdSKWhxpdA6hrDPM5oZc61ChCMGumQUxuzinIkk9vsERBaoGKgA\/LTuHuqRYSaPhgJtXXusbqiaNBuAmkmyDnCmWHxT7zHSDURyICNZ5fjPbLQQEUYCJKDBpapgHyRxq3izVxSfNK92ljgKqwDnZURSI2qqgNfBYUVL+QV6NKUGYHv3cgnqK+Afk26lZDpMRcJSHP3ItfFdQix2iO4jCKoDP7ATkb3BsloIKKQbnEViDgcWpBuYm6RkVDtJTzbWIxTMFM6lCKMOYFQWFZJS0QQYsv1HYulmg+tZZYlad+2V6tVe0EpAQFWzrTJF5tDBlKFigtI+UbaBFAmVJzZeWL4Utt1XMd2fHsCFGnZcjvuuus47SQOLQYyG1oWW4kgWw6tnkOkSxThkqT7nldakGK2UyMYrVd77K4ZDtzeuuO4vZKCNrug8Hyi8L2KwvN3QGHg1539bsVhdrsg6fjOuuN5hxUJ7XZA4jvE0em6JQdtdkDh7Tvrw07lBa13wNDrOWvPrXyg9d0zVH+g1+mt6O2JZ0jl4UEE61b5QPuMHmiyfkh54FwRd7mzqNDdWdU56HZK2tYil\/Ku68\/ZdPLd9MnFtP00+V\/l6TYrj+s1nXr7r2liKTURancQsMdUeF8FgkPdMDGifpRCnw0wGg1SMiwOR5Bn1Dyo1g\/sWjKwzfF7zHHxuqz5ZC11nCznghRqyImKEiheF6+g3wR1nc7B7XjmFmGWsmOhkZdoH5o0oZ6N1N4zxZWMqG08efvGdVjvwHF89r6hf4LgRtgg2t68QFlcL1SsUmIEttS4GFqUTH3v0HN6B163a422S9KFZhymEQjZ0DPbTPW5CUEsQPGl+jY0QvO7rdHt8o8wT4uXoaA+vcJ5A9kkUp1HTZQyjazR504\/gj\/DAFN2bnJOYtrfxqhJdJOxgv4uhDQ6VdlaI\/\/q14xfvNakvpVgARznSv32gWK7NP3wQ47P3WzS3I\/naXJU7ZblHNNIgOn56XRyUbyY\/DA7YcfT84vxZHx80m9kzfuMvNExg1M9EZms7zNK5MNa8Ki4jlGTbFLNVLX4tB6l+gwSGk3LQSuCjaKXZt5Ix\/36E3kqFhRE\/Ljm0AOTOLSMIdsnT82s8eY9x7+l3mxUnuVzLCOG0RwDezP\/6XL\/R3VyPl99Q79MZ8OO7\/fuf+V0\/aMFlaVc41CVVy1WmjJXOkA9tBxTcqRaUeXjHCX5HFEd00eMSoVKJGyOaI7jepNkGLTKUByxcEMjHVcJHtEIyg12S8StelnjmUqZco0YUxAq77fR+Pn2jPliEaU9hkpvtlmSUrpenswup2c0BbPJmBJgdvLIJACbnHx\/Oi7+LP4Yn5sk+qXk\/g8=\" \/> \t\t<a href=\"https:\/\/www.pdf24.org\" target=\"_blank\" title=\"www.pdf24.org\" rel=\"nofollow\"><img src=\"https:\/\/www.feriadeteatro.com\/catalogociascyl\/wp-content\/plugins\/pdf24-post-to-pdf\/img\/pdf_32x32.png\" alt=\"\" border=\"0\" height=\"32\" \/><\/a> \t\t<span class=\"pdf24Plugin-cp-space\">&nbsp;&nbsp;<\/span> \t\t<span class=\"pdf24Plugin-cp-text\">Enviar art\u00edculo en formato PDF<\/span> \t\t<span class=\"pdf24Plugin-cp-space\">&nbsp;&nbsp;<\/span> \t\t<input class=\"pdf24Plugin-cp-input\" style=\"margin: 0px;\" type=\"text\" name=\"sendEmailTo\" placeholder=\"Correo electr\u00f3nico\" \/> \t\t<input class=\"pdf24Plugin-cp-submit\" style=\"margin: 0px;\" type=\"submit\" value=\"Enviar\" \/> \t<\/form> <\/div>","protected":false},"excerpt":{"rendered":"<p>Nacida en el contexto de la Escuela Superior de Arte Dram\u00e1tico (Valladolid) bajo el nombre de \u201cLa Perla Teatro\u201d. Los perros de mi padre supone un largo viaje que explora las preguntas que rodean la vida y la muerte. Galardonada con el Primer Premio de Arte Joven de Castilla y Le\u00f3n, da pie a ALVA, [&hellip;]<\/p>\n","protected":false},"author":2,"featured_media":546,"comment_status":"open","ping_status":"open","sticky":false,"template":"","format":"standard","meta":[],"categories":[11,3,191,22,18,19,31,23,26,7,8,24],"tags":[98,97,49,33],"_links":{"self":[{"href":"https:\/\/www.feriadeteatro.com\/catalogociascyl\/wp-json\/wp\/v2\/posts\/276"}],"collection":[{"href":"https:\/\/www.feriadeteatro.com\/catalogociascyl\/wp-json\/wp\/v2\/posts"}],"about":[{"href":"https:\/\/www.feriadeteatro.com\/catalogociascyl\/wp-json\/wp\/v2\/types\/post"}],"author":[{"embeddable":true,"href":"https:\/\/www.feriadeteatro.com\/catalogociascyl\/wp-json\/wp\/v2\/users\/2"}],"replies":[{"embeddable":true,"href":"https:\/\/www.feriadeteatro.com\/catalogociascyl\/wp-json\/wp\/v2\/comments?post=276"}],"version-history":[{"count":5,"href":"https:\/\/www.feriadeteatro.com\/catalogociascyl\/wp-json\/wp\/v2\/posts\/276\/revisions"}],"predecessor-version":[{"id":741,"href":"https:\/\/www.feriadeteatro.com\/catalogociascyl\/wp-json\/wp\/v2\/posts\/276\/revisions\/741"}],"wp:featuredmedia":[{"embeddable":true,"href":"https:\/\/www.feriadeteatro.com\/catalogociascyl\/wp-json\/wp\/v2\/media\/546"}],"wp:attachment":[{"href":"https:\/\/www.feriadeteatro.com\/catalogociascyl\/wp-json\/wp\/v2\/media?parent=276"}],"wp:term":[{"taxonomy":"category","embeddable":true,"href":"https:\/\/www.feriadeteatro.com\/catalogociascyl\/wp-json\/wp\/v2\/categories?post=276"},{"taxonomy":"post_tag","embeddable":true,"href":"https:\/\/www.feriadeteatro.com\/catalogociascyl\/wp-json\/wp\/v2\/tags?post=276"}],"curies":[{"name":"wp","href":"https:\/\/api.w.org\/{rel}","templated":true}]}}