{"id":279,"date":"2020-08-02T10:15:00","date_gmt":"2020-08-02T10:15:00","guid":{"rendered":"https:\/\/www.feriadeteatro.com\/catalogociascyl\/?p=279"},"modified":"2020-08-24T23:50:10","modified_gmt":"2020-08-24T23:50:10","slug":"gonzalo-granados-magia","status":"publish","type":"post","link":"https:\/\/www.feriadeteatro.com\/catalogociascyl\/2020\/08\/02\/gonzalo-granados-magia\/","title":{"rendered":"GONZALO GRANADOS-MAGIA"},"content":{"rendered":"<p>Gonzalo Granados comienza su actividad m\u00e1gica en 1980, aprendiendo magia gracias a Victor Mart\u00ed, director y creador del m\u00edtico grupo de teatro-magia \u00ababracadabra\u00bb Empieza a realizar sus primeras actuaciones en teatros y salas de cultura a trav\u00e9s de las programaciones culturales de las Diputaci\u00f3nes de Valladolid, Avila y Segovia. Al mismo tiempo es invitado a participar con frecuencia en los programas de la Televisi\u00f3n auton\u00f3mica de Castilla y Le\u00f3n RTVE.<\/p>\n<p>Realiz\u00f3 estudios de Arte Dram\u00e1tico en la Escuela Oficial de Valladolid, y en los a\u00f1os de estudiante de teatro conoce a los miembros de la compa\u00f1\u00eda de Teatro: \u201cAzar-Teatro\u201d y establece una estrecha relaci\u00f3n que le lleva a trabajar junto a ellos como actor y mago.<\/p>\n<p>Sus espect\u00e1culos son programados en Redes de Teatros , circuitos esc\u00e9nicos , certamenes m\u00e1gicos nacionales e internacionales, programas de intercambio cultural, festivales y ferias de teatro en sala y en calle, as\u00ed como en eventos corporativos, eventos privados y congresos.<\/p>\n<p>Ha realizado intervenciones en numerosos programas de televisi\u00f3n de emisi\u00f3n nacional, y ha sido durante m\u00e1s de siete a\u00f1os colaborador semanal de los magazines de la Radio Televisi\u00f3n Auton\u00f3mica de Castilla y Le\u00f3n y mago y actor del programa infantil \u201cla zona que mola\u201d de la misma cadena.<\/p>\n<p>&nbsp;<\/p>\n<p>\u00b7 Personalidad Jur\u00eddica de la empresa: <strong><em>aut\u00f3nomo<\/em><\/strong><\/p>\n<p>\u00b7 A\u00f1o de constituci\u00f3n de la Compa\u00f1\u00eda: <strong><em>1986<\/em><\/strong><\/p>\n<p><em>\u00b7 <\/em>Direcci\u00f3n: <strong><em>calle cuenca, 3, 7\u00ba<\/em><\/strong><\/p>\n<p><strong><em>\u00b7 <\/em><\/strong>Tel\u00e9fonos: <strong><em><a href=\"tel:649418120\">649418120<\/a>\/\/<a href=\"tel:649418120\">983811955<\/a><\/em><\/strong><\/p>\n<p>\u00b7 Email: <a href=\"mailto:info@gonzalogranados.com\"><strong><em>info@gonzalogranados.com<\/em><\/strong><\/a><\/p>\n<p>\u00b7 P\u00e1gina web: <a href=\"http:\/\/www.gonzalogranados.com\/\">http:\/\/www.gonzalogranados.com\/<\/a><\/p>\n<p>&nbsp;<\/p>\n<p><strong>ESPECT\u00c1CULO DESTACADO:<\/strong><\/p>\n<p><strong><em>\u201cBLIM BLAM&#8230;!\u201d\u00a0 <\/em><\/strong><\/p>\n<p>Ni\u00f1os\/as de 3 a 6 a\u00f1os.<\/p>\n<p>El mago viajero espera la llegada de su tren en una fant\u00e1stica estaci\u00f3n, pero se da cuenta de que ha perdido su billete&#8230; sin \u00e9l no podr\u00e1 viajar en el tren que espera.<\/p>\n<p>Entonces decide descubrir la maravillosa estaci\u00f3n y sus misteriosas maletas que esperan amontonadas todas juntas su viaje.<\/p>\n<p>Dentro de ellas va a encontrar un mundo de objetos y cosas sorprendentes que pertenecen a otros viajeros y lugares.<\/p>\n<p>Veremos muy de cerca los colores del circo&#8230; como la luna viaja desde su maleta por el aire hasta llegar a las nubes, conoceremos la historia de la gran estrella del espect\u00e1culo&#8230; La vaca Josefina, \u00abla bailarina\u00bb con m\u00fasicas y canciones contemplaremos at\u00f3nitos como viaja la luz&#8230;!<\/p>\n<p>Descubriremos la maleta de las flores, nos haremos amigos de un rat\u00f3n y finalmente ser\u00e1n las mariposas las que dar\u00e1n la pista al viajero c\u00f3mo encontrar su billete&#8230; Y entonces, aparecer\u00e1 realmente el tren, y en \u00e9l se marchar\u00e1 dejando tras de s\u00ed una gran estela de humo..<\/p>\n<p><iframe loading=\"lazy\" title=\"Gonzalo Granados &quot;blim blam...!&quot;\" width=\"1080\" height=\"608\" src=\"https:\/\/www.youtube.com\/embed\/izHWiTn5nPM?feature=oembed\" frameborder=\"0\" allow=\"accelerometer; autoplay; encrypted-media; gyroscope; picture-in-picture\" allowfullscreen><\/iframe><br \/>\n[<a href=\"https:\/\/www.feriadeteatro.com\/catalogociascyl\/category\/companias\/\">VOLVER AL CAT\u00c1LOGO DE COMPA\u00d1\u00cdAS<\/a>]<\/p>\n<div class=\"pdf24Plugin-cp\"> \t<form name=\"pdf24Form0\" method=\"post\" action=\"https:\/\/doc2pdf.pdf24.org\/wordpress.php\" target=\"pdf24PopWin\" onsubmit=\"var pdf24Win = window.open('about:blank', 'pdf24PopWin', 'resizable=yes,scrollbars=yes,width=600,height=250,left='+(screen.width\/2-300)+',top='+(screen.height\/3-125)+''); pdf24Win.focus(); if(typeof pdf24OnCreatePDF === 'function'){void(pdf24OnCreatePDF(this,pdf24Win));}\"> \t\t<input type=\"hidden\" name=\"blogCharset\" value=\"Cw1x07UAAA==\" \/><input type=\"hidden\" name=\"blogPosts\" value=\"MwQA\" \/><input type=\"hidden\" name=\"blogUrl\" value=\"yygpKSi20tcvLy\/XS0stykxMSS1JTSwpytdLzs\/VT04sSczJT89PzkwsTq7MAQA=\" \/><input type=\"hidden\" name=\"blogName\" value=\"c04sObwwJz89XyElVcE5P7cg8fDGzMRiEC8kNbGkCCKeWFySmZOTqFCp4JN6eHMeAA==\" \/><input type=\"hidden\" name=\"blogValueEncoding\" value=\"gzdeflate base64\" \/><input type=\"hidden\" name=\"blogDocHeader\" value=\"AwA=\" \/><input type=\"hidden\" name=\"blogDocSize\" value=\"MzI0qDCyNAcA\" \/><input type=\"hidden\" name=\"blogDocOrientation\" value=\"K8gvKilKzCwBAA==\" \/><input type=\"hidden\" name=\"blogDocStyle\" value=\"AwA=\" \/><input type=\"hidden\" name=\"blogDocFilename\" value=\"AwA=\" \/><input type=\"hidden\" name=\"blogDocTpl\" value=\"hVLbbqMwEH1mpf7DLH2tS4jUVQUEabU\/0Jf9AAcmwZKxqZmmoSj\/vh7HaXOptCAwnplzzng4VUe9ru9+VB3K1q9JtZYjQudws0pn\/v7r9CGFLORIkcZ65lqtDB6q7BjhXI8koSMaBL6+qd0qbawhNCRoGjCFuFulhHvKWLWEppNuRFrN8SPoJEw20qQRGBkBzTimQeanEH5J1radHqBVuwegFmYOJRsvIUb1gQXk+UAlfEU3sld6KuC3U1LHRGO1dQXcL8JVgg+FOOuJFhvrJClroABjDZbJF9s7qm1HIeF6z8eZwxEtYy+R3MjdVP6f9sCvLo\/YUCm12poCGj8zdOV5kbw97nLhj3vdXwFrq9sz6DICe+m2yoi1JbJ9AU\/D\/qLoht+3mv\/6RgCuFR6DB266ez5hTxP\/s+D7c+JHLJ\/6skGyg1denLf3yP\/9RbpYeYyNOEg\/VOvOgvzM3jS8ESI4JwumYq9n0ewVs4Vcl9eVPLn+ZO\/g\/Au3y9pj84Dw1qvnaGqf4S0zR8YqOLz+Bw==\" \/><input type=\"hidden\" name=\"postId_0\" value=\"MzK3BAA=\" \/><input type=\"hidden\" name=\"postTitle_0\" value=\"c\/f3i3L08VdwD3L0c3TxD9b1dXT3dAQA\" \/><input type=\"hidden\" name=\"postLink_0\" value=\"DcnRCoAgDAXQL8oNn6K\/uUxbgrrQgdTX13k9l\/s9D6K1VjjzKEjZM3xYEGskcFRTk4IpT6XIkYl34khq\/f1v04GOZHNr0AL6AA==\" \/><input type=\"hidden\" name=\"postAuthor_0\" value=\"c84syyxJLAYA\" \/><input type=\"hidden\" name=\"postDateTime_0\" value=\"MzIwMtA1sNA1MFIwNLAysLAyMAAA\" \/><input type=\"hidden\" name=\"postContent_0\" value=\"hVfLbhs3FN3nKxgVyEqW7Lhx\/ZDUKraQNJBrw3ZdFEUX1Awl0eCQE5IjQ16lH9BF9y1QL43CiyKLAunO8yf5kp5LzshSEjeA4dHwcZ\/n3nOnk\/deGH3FlWEvLNc8NY4lJpMCa8wVjCdezmTKU5aV1xOZcCY029jZXm8ynluhU5xMDcv4RHI2sTyR3DHOzmXijWWH3PrytslSaUVYmLPECiixLBUKIm+9TAzuFbnBCvOCe2vWorS7v\/gIAnlKj7t\/2SDLpYBVnEGEklfcwkDHciszYUlr4gvoN1o4MjLKclDpuMI2xCeF8oUlCd7yWXkTFmkvtwa2Z\/Xt6pwSiwMHMi88tsu3Oi6ec6Xgh5Jpk\/VnUnHoORUTM5O8xfpwTbrMMC9FBs9wReqZ9LgA3TmCIhOJByKt2RihKYRG4MhqZe6tqbSzM6HETDpSznjhjS7fZpQJ7O5z56UK2oeC9k\/OzgetTjvvPerkvZMQp\/ItDPBFKk0Q2LdesAPIL69D8EkpZwMHI\/A8GsM0rj50cV7bxsu\/o5gokmsIWySO\/DGJgI90FCDKRtbUXgBVOW6Xt8Hws3Bhl71\/83sfmVyL7+\/f\/EGqnOcjJSCo0JzeEKEpZV3FDLDXBSTiD2GpkjniFwjnRaE9RVgoFWFsCBQBdoCUWcTlFLARLgcky2vkGmcdElGHnUoA3p6INKb6rAJSkyXSJoX0tO+S8kYjfGFZWM8zQciIRYJVHbAUICSQfC\/s\/UpzNcNhN+HZSJoF8ppsDL\/lLAiY48XKeLgKNOwjVMe8JEiUQD268jY6jTUxE9qHINjcWA5RBnrrVdTMLPg5p5RNrHDGLaLzclFggGswbkbwrOtKFyg34z7EqV8CKcEjq37XbhOGkEQnITSFiwQcRCvcdVLgLUIrMYqPYDH1CCcytKQAxgAoPuFXUtdVyU44ML1SHf3PVEfEAR4RFtSDaifg6RhGSUWQxJUrGB2AlsEgwmXUSXUNLPNUaL6I2BM9cvle\/Xb3DzsW1pHToXG+Kmx5m1YmQQRaAgLOd1kHyEb0ex2R9VDXMBDJ67Tx1mnXW\/cy+whPaGJGwytfJHWoIXJ\/UVurUtGotz4tkHYhNGweUHcO4lZvB1yx0Jx4k2022Vd37x6QtnSrlro4hASVN2N0BrcqvsPZ1IpxtwHo7G59ufPlxvbG0\/VGb\/Gz0+a9dvuhYzvbm9sbGzvPntGxB6M2yLhU0FsLoVdvdpFs880kEt+k4r0Waqex4spDpz7Uxpc1HlMLAHYuxWhJ79T7fLfdvry8bH1CYLvR+8yBZSWrcKsNHpweD\/bPyl\/2vx8esYPB6Vl\/v39wtPu\/uQLUnw+\/PWTPh\/3DJ19sP91c33sMrN\/9yT4d0O8k1Wg7VvwmOu1WrNpFJQxUrDDQ4IWgPoUuC8IFRAGlCag8lHuBlk09SocGT2WHRuDDcOEqlkWPpPsO7MIDBH24SgWJLoK9lBoJJI1Q4OgelfVoJZqVN4ppw3KT2vI6mAJuIH0q6iUh0bB7u9EWdRI6SyJTojTw4chKG2qeY1qQxClLBtJcURDJOTRIUCun\/gRL8LyXD77ODImG5455Q\/+JpPCA6SFICxMO4KMNFQ76woFAbSg93Lewv9AsK2jUwgEzuhC+6t6k2KHJ0ywGCSKqh3IPQkrgLWcm0FeVErqliglHC1qoPhdWZNRgi3noMERHLFKoMjZERQXyM3WYA81QVimBIcIUspjbGAaE31LEOZoLUoawRQhYmg5gsy5GxIRxYojqIW+KcBpwXdXXqATiAEBdnKxYpu3amCFMwJzIXhknxii9JkZHHB+h1LnFO2ZHGrSy8p0DxkLYeE1oFF40ZBwMJnDqwtLX00P0LPh5VdfHfb4qiNS2V35XE+M4RK4JIDq4X0nP5CTOQ8imDbqI3GGiyih3gDsQq8N9gE7mIbuqglTKq02WSwoniLEuswScZ5bA8nFd\/MhEBXEa3GFPQqoC0UfVVXFUox6VEGoPRmDyooOpuOCEPm9j8dOsQbmvMyRCfti0yExrgauOHINaibzB1HrSbSh+NW9gKvZKdBsffXc8eV0YvzdSMmMjxbNWq\/U4LjXYpUz9tNvYWN9eb7CpkJOp7za21rcbzNkkdldXdc+5KTywFbomBlCRtuXVyx\/kmX6mjw+\/HmN+KqzomrDVYMFAzBupsN0GZIPyzGW3wZMEY4U1GUJo98LUDYzM9yjGdp57ka5lAuPvHpvMUVOJycUe0pKQ7DWp16qflbxxoZTDh4\/Q6KQxJr3OyLJ279FPKwxR+xDmvVTEYS94knBPlGDo+yqZK3rH14adt8NYrbEKDjk\/Gp4PTlh\/yPb7YILh0QtiArZ\/dHjcL38rf+2fEo38HNLzHw==\" \/> \t\t<a href=\"https:\/\/www.pdf24.org\" target=\"_blank\" title=\"www.pdf24.org\" rel=\"nofollow\"><img src=\"https:\/\/www.feriadeteatro.com\/catalogociascyl\/wp-content\/plugins\/pdf24-post-to-pdf\/img\/pdf_32x32.png\" alt=\"\" border=\"0\" height=\"32\" \/><\/a> \t\t<span class=\"pdf24Plugin-cp-space\">&nbsp;&nbsp;<\/span> \t\t<span class=\"pdf24Plugin-cp-text\">Enviar art\u00edculo en formato PDF<\/span> \t\t<span class=\"pdf24Plugin-cp-space\">&nbsp;&nbsp;<\/span> \t\t<input class=\"pdf24Plugin-cp-input\" style=\"margin: 0px;\" type=\"text\" name=\"sendEmailTo\" placeholder=\"Correo electr\u00f3nico\" \/> \t\t<input class=\"pdf24Plugin-cp-submit\" style=\"margin: 0px;\" type=\"submit\" value=\"Enviar\" \/> \t<\/form> <\/div>","protected":false},"excerpt":{"rendered":"<p>Gonzalo Granados comienza su actividad m\u00e1gica en 1980, aprendiendo magia gracias a Victor Mart\u00ed, director y creador del m\u00edtico grupo de teatro-magia \u00ababracadabra\u00bb Empieza a realizar sus primeras actuaciones en teatros y salas de cultura a trav\u00e9s de las programaciones culturales de las Diputaci\u00f3nes de Valladolid, Avila y Segovia. Al mismo tiempo es invitado a [&hellip;]<\/p>\n","protected":false},"author":2,"featured_media":555,"comment_status":"open","ping_status":"open","sticky":false,"template":"","format":"standard","meta":[],"categories":[27,3,28,19,26,24],"tags":[108,107,41],"_links":{"self":[{"href":"https:\/\/www.feriadeteatro.com\/catalogociascyl\/wp-json\/wp\/v2\/posts\/279"}],"collection":[{"href":"https:\/\/www.feriadeteatro.com\/catalogociascyl\/wp-json\/wp\/v2\/posts"}],"about":[{"href":"https:\/\/www.feriadeteatro.com\/catalogociascyl\/wp-json\/wp\/v2\/types\/post"}],"author":[{"embeddable":true,"href":"https:\/\/www.feriadeteatro.com\/catalogociascyl\/wp-json\/wp\/v2\/users\/2"}],"replies":[{"embeddable":true,"href":"https:\/\/www.feriadeteatro.com\/catalogociascyl\/wp-json\/wp\/v2\/comments?post=279"}],"version-history":[{"count":3,"href":"https:\/\/www.feriadeteatro.com\/catalogociascyl\/wp-json\/wp\/v2\/posts\/279\/revisions"}],"predecessor-version":[{"id":699,"href":"https:\/\/www.feriadeteatro.com\/catalogociascyl\/wp-json\/wp\/v2\/posts\/279\/revisions\/699"}],"wp:featuredmedia":[{"embeddable":true,"href":"https:\/\/www.feriadeteatro.com\/catalogociascyl\/wp-json\/wp\/v2\/media\/555"}],"wp:attachment":[{"href":"https:\/\/www.feriadeteatro.com\/catalogociascyl\/wp-json\/wp\/v2\/media?parent=279"}],"wp:term":[{"taxonomy":"category","embeddable":true,"href":"https:\/\/www.feriadeteatro.com\/catalogociascyl\/wp-json\/wp\/v2\/categories?post=279"},{"taxonomy":"post_tag","embeddable":true,"href":"https:\/\/www.feriadeteatro.com\/catalogociascyl\/wp-json\/wp\/v2\/tags?post=279"}],"curies":[{"name":"wp","href":"https:\/\/api.w.org\/{rel}","templated":true}]}}