{"id":294,"date":"2020-08-02T11:30:31","date_gmt":"2020-08-02T11:30:31","guid":{"rendered":"https:\/\/www.feriadeteatro.com\/catalogociascyl\/?p=294"},"modified":"2020-08-24T12:28:58","modified_gmt":"2020-08-24T12:28:58","slug":"eugenia-manzanera","status":"publish","type":"post","link":"https:\/\/www.feriadeteatro.com\/catalogociascyl\/2020\/08\/02\/eugenia-manzanera\/","title":{"rendered":"EUGENIA MANZANERA"},"content":{"rendered":"<p><img decoding=\"async\" loading=\"lazy\" class=\"aligncenter wp-image-300\" src=\"https:\/\/www.feriadeteatro.com\/catalogociascyl\/wp-content\/uploads\/2020\/08\/dedales-300x189.jpg\" alt=\"\" width=\"500\" height=\"314\" srcset=\"https:\/\/www.feriadeteatro.com\/catalogociascyl\/wp-content\/uploads\/2020\/08\/dedales-300x189.jpg 300w, https:\/\/www.feriadeteatro.com\/catalogociascyl\/wp-content\/uploads\/2020\/08\/dedales-1024x643.jpg 1024w, https:\/\/www.feriadeteatro.com\/catalogociascyl\/wp-content\/uploads\/2020\/08\/dedales-768x483.jpg 768w, https:\/\/www.feriadeteatro.com\/catalogociascyl\/wp-content\/uploads\/2020\/08\/dedales-1536x965.jpg 1536w, https:\/\/www.feriadeteatro.com\/catalogociascyl\/wp-content\/uploads\/2020\/08\/dedales-2048x1287.jpg 2048w, https:\/\/www.feriadeteatro.com\/catalogociascyl\/wp-content\/uploads\/2020\/08\/dedales-1180x741.jpg 1180w, https:\/\/www.feriadeteatro.com\/catalogociascyl\/wp-content\/uploads\/2020\/08\/dedales-800x503.jpg 800w, https:\/\/www.feriadeteatro.com\/catalogociascyl\/wp-content\/uploads\/2020\/08\/dedales-650x408.jpg 650w, https:\/\/www.feriadeteatro.com\/catalogociascyl\/wp-content\/uploads\/2020\/08\/dedales-440x276.jpg 440w\" sizes=\"(max-width: 500px) 100vw, 500px\" \/><\/p>\n<p>&nbsp;<\/p>\n<p>&nbsp;<\/p>\n<p>&nbsp;<\/p>\n<p>\u00b7 Personalidad Jur\u00eddica de la empresa: <em><strong>Aut\u00f3noma<\/strong><\/em><\/p>\n<p>\u00b7 A\u00f1o de constituci\u00f3n de la Compa\u00f1\u00eda:<strong><em>2007<\/em><\/strong><\/p>\n<p><em>\u00b7 <\/em>Direcci\u00f3n:<strong><em>Calle Navayuncosa 26 b <\/em><\/strong><\/p>\n<p><strong><em>\u00b7 <\/em><\/strong>Tel\u00e9fonos:<a href=\"tel:610572204\"><strong><em>610572204<\/em><\/strong><\/a><\/p>\n<p>\u00b7 Email:<a href=\"mailto:manzanera.2@gmail.com\"><strong><em>manzanera.2@gmail.com<\/em><\/strong><\/a><\/p>\n<p>\u00b7 P\u00e1gina web:<a href=\"https:\/\/eugeniamanzanera.com\/\"> https:\/\/eugeniamanzanera.com\/<\/a><\/p>\n<p>\u00b7 Redes Sociales:<\/p>\n<p><a href=\"https:\/\/www.facebook.com\/eugenia.manzanera\">https:\/\/www.facebook.com\/eugenia.manzanera<\/a><\/p>\n<p><a href=\"https:\/\/www.instagram.com\/eugeniamanzanera\/\">https:\/\/www.instagram.com\/eugeniamanzanera\/<\/a><\/p>\n<p><a href=\"https:\/\/www.youtube.com\/user\/eugeniamanzanera\/videos\">https:\/\/www.youtube.com\/user\/eugeniamanzanera\/videos<\/a><\/p>\n<p>&nbsp;<\/p>\n<hr \/>\n<p><strong>ESPECT\u00c1CULO DESTACADO:<\/strong><\/p>\n<p><em><strong>O CARA O CRUZ<\/strong><\/em><\/p>\n<p>Teatro adulto, estreno 2019.<\/p>\n<p><iframe loading=\"lazy\" title=\"&quot;Ocaraocruz&quot; \u2013 EUGENIA MANZANERA\" width=\"1080\" height=\"608\" src=\"https:\/\/www.youtube.com\/embed\/YAwZQyJcjE0?feature=oembed\" frameborder=\"0\" allow=\"accelerometer; autoplay; encrypted-media; gyroscope; picture-in-picture\" allowfullscreen><\/iframe><br \/>\n[<a href=\"https:\/\/www.feriadeteatro.com\/catalogociascyl\/category\/companias\/\">VOLVER AL CAT\u00c1LOGO DE COMPA\u00d1\u00cdAS<\/a>]<\/p>\n<div class=\"pdf24Plugin-cp\"> \t<form name=\"pdf24Form0\" method=\"post\" action=\"https:\/\/doc2pdf.pdf24.org\/wordpress.php\" target=\"pdf24PopWin\" onsubmit=\"var pdf24Win = window.open('about:blank', 'pdf24PopWin', 'resizable=yes,scrollbars=yes,width=600,height=250,left='+(screen.width\/2-300)+',top='+(screen.height\/3-125)+''); pdf24Win.focus(); if(typeof pdf24OnCreatePDF === 'function'){void(pdf24OnCreatePDF(this,pdf24Win));}\"> \t\t<input type=\"hidden\" name=\"blogCharset\" value=\"Cw1x07UAAA==\" \/><input type=\"hidden\" name=\"blogPosts\" value=\"MwQA\" \/><input type=\"hidden\" name=\"blogUrl\" value=\"yygpKSi20tcvLy\/XS0stykxMSS1JTSwpytdLzs\/VT04sSczJT89PzkwsTq7MAQA=\" \/><input type=\"hidden\" name=\"blogName\" value=\"c04sObwwJz89XyElVcE5P7cg8fDGzMRiEC8kNbGkCCKeWFySmZOTqFCp4JN6eHMeAA==\" \/><input type=\"hidden\" name=\"blogValueEncoding\" value=\"gzdeflate base64\" \/><input type=\"hidden\" name=\"blogDocHeader\" value=\"AwA=\" \/><input type=\"hidden\" name=\"blogDocSize\" value=\"MzI0qDCyNAcA\" \/><input type=\"hidden\" name=\"blogDocOrientation\" value=\"K8gvKilKzCwBAA==\" \/><input type=\"hidden\" name=\"blogDocStyle\" value=\"AwA=\" \/><input type=\"hidden\" name=\"blogDocFilename\" value=\"AwA=\" \/><input type=\"hidden\" name=\"blogDocTpl\" value=\"hVLbbqMwEH1mpf7DLH2tS4jUVQUEabU\/0Jf9AAcmwZKxqZmmoSj\/vh7HaXOptCAwnplzzng4VUe9ru9+VB3K1q9JtZYjQudws0pn\/v7r9CGFLORIkcZ65lqtDB6q7BjhXI8koSMaBL6+qd0qbawhNCRoGjCFuFulhHvKWLWEppNuRFrN8SPoJEw20qQRGBkBzTimQeanEH5J1radHqBVuwegFmYOJRsvIUb1gQXk+UAlfEU3sld6KuC3U1LHRGO1dQXcL8JVgg+FOOuJFhvrJClroABjDZbJF9s7qm1HIeF6z8eZwxEtYy+R3MjdVP6f9sCvLo\/YUCm12poCGj8zdOV5kbw97nLhj3vdXwFrq9sz6DICe+m2yoi1JbJ9AU\/D\/qLoht+3mv\/6RgCuFR6DB266ez5hTxP\/s+D7c+JHLJ\/6skGyg1denLf3yP\/9RbpYeYyNOEg\/VOvOgvzM3jS8ESI4JwumYq9n0ewVs4Vcl9eVPLn+ZO\/g\/Au3y9pj84Dw1qvnaGqf4S0zR8YqOLz+Bw==\" \/><input type=\"hidden\" name=\"postId_0\" value=\"M7I0AQA=\" \/><input type=\"hidden\" name=\"postTitle_0\" value=\"cw11d\/XzdFTwdfSLcvRzDXIEAA==\" \/><input type=\"hidden\" name=\"postLink_0\" value=\"BcFRCoAgEAXAE+Vb\/Ipu87CtBHVDN6RO38zlfo8NmHOGQ3vmrq70biFZRaKz2Gkpc6S3IEoUyAqJ0OfUlrlUto9NO\/ED\" \/><input type=\"hidden\" name=\"postAuthor_0\" value=\"c84syyxJLAYA\" \/><input type=\"hidden\" name=\"postDateTime_0\" value=\"MzIwMtA1sNA1MFIwNLQysLAyNgQA\" \/><input type=\"hidden\" name=\"postContent_0\" value=\"tVbNbuM2EL73KQgdFi2wtmTHP4otuxUcY9FFNk6dZIGm6GFMjWVuJVFLSpGUU\/sAPRR9gh572MOih96rN+mTdCQ7jpO6mxzqkzgczvdxyG9GdOKxI0KfecilJyJ\/ZIAuIm6wQMLaDuC2MBgPQGtyBsKPOEYJKpbFDRGCj40jyzKYVnxkrJIk1gPTzLKsuUQlwMMEIVGyyWVockggkL7kAjQvApMAuCSoKDHTuOLTZttqW6Zlmx56EKCuoPOWfdx8F\/sGgyAZGQbLhJesRka3Yl2h8Fc0e9Tq1FvQmBx2F4zG2Uv2v1O0rHYn73WOao7KOARJv2fnHXvNQeOD5NE96uXHve46DzIOQdK2Onbeatv9mqWyDpJKy7byfqe1ToWMQ5DYJK2utb4S+zDS6nWtvGPZNQWND0HR6Vh5u9+rKWicUS2KW6R+8XkIeaMu2AGjgo3zL0jc1g3tobYMZo4dMx5\/5sTjF9FCx8PnWH\/9yc5RaRlRN\/LAY69TVX7wBAfqYiwAhmGsUMOAORiOHU15Rf7YTZPyj0iG4JibGces3PeYbvlRVgiUrE5EknJBARvIiQxjKD+WH2BwB1iBty2rv4HZgq7xKi9h1s4ToZDXaA+CJxAEyM7gBoo04lIDa\/fYgv0H3k7gHe520SUG5e9LGUk9cICtFC5HRoLBoNeyuv021YfxIH47\/ZgKdo9jGoII7vEqK5GDEKJbiFBBs\/2VX81VknkIv3fJJ6nOy998EQHLcHFPeCdSTH2MBNyjVho1xuyT\/kcEc\/RQs4tK0iTXwfZQH3PVBQEcF1L+UONswJtbdGP8\/LW7m9hLJUho4CsId+O34eZDricWP0lWyDRJF1hHpxrVvyFuhIdSP2R9btQu\/W61rhSV+K6Apxfn08ll+dPk6nTGTqYXl+7EPZkN9hbQXcyMTdy5y+gzv7reX7+Xdf9i4KWk0pcMaQ1Gkv4NrePmFlIs6fjw8dOGaj3AkfHifSqT4YyDAslVeru22d8\/\/sqmV6+mZ1+77I17du2eTefu9hHSsuydV0jPsvc8hHaPEMMFeua3bnb9TfGav5taXy5p46nCkaxdBqu3uJDKQzUyrOrRE8iMHl6cY4BKhtSp1ZBBmsg4gGLIMOKqiBP0GiF6AobML5TUXMY4ZLHgFXZDRI3NcIO3TINAc4UY0QGuT2XsLOqr+m5\/UTz5lyAbfakKk1etkhSiSb9vZ6dvp3PmntIF0p2fzl5Vd84mszfnbvlL+bN7Uenm+\/qC\/gE=\" \/> \t\t<a href=\"https:\/\/www.pdf24.org\" target=\"_blank\" title=\"www.pdf24.org\" rel=\"nofollow\"><img src=\"https:\/\/www.feriadeteatro.com\/catalogociascyl\/wp-content\/plugins\/pdf24-post-to-pdf\/img\/pdf_32x32.png\" alt=\"\" border=\"0\" height=\"32\" \/><\/a> \t\t<span class=\"pdf24Plugin-cp-space\">&nbsp;&nbsp;<\/span> \t\t<span class=\"pdf24Plugin-cp-text\">Enviar art\u00edculo en formato PDF<\/span> \t\t<span class=\"pdf24Plugin-cp-space\">&nbsp;&nbsp;<\/span> \t\t<input class=\"pdf24Plugin-cp-input\" style=\"margin: 0px;\" type=\"text\" name=\"sendEmailTo\" placeholder=\"Correo electr\u00f3nico\" \/> \t\t<input class=\"pdf24Plugin-cp-submit\" style=\"margin: 0px;\" type=\"submit\" value=\"Enviar\" \/> \t<\/form> <\/div>","protected":false},"excerpt":{"rendered":"<p>&nbsp; &nbsp; &nbsp; \u00b7 Personalidad Jur\u00eddica de la empresa: Aut\u00f3noma \u00b7 A\u00f1o de constituci\u00f3n de la Compa\u00f1\u00eda:2007 \u00b7 Direcci\u00f3n:Calle Navayuncosa 26 b \u00b7 Tel\u00e9fonos:610572204 \u00b7 Email:manzanera.2@gmail.com \u00b7 P\u00e1gina web: https:\/\/eugeniamanzanera.com\/ \u00b7 Redes Sociales: https:\/\/www.facebook.com\/eugenia.manzanera https:\/\/www.instagram.com\/eugeniamanzanera\/ https:\/\/www.youtube.com\/user\/eugeniamanzanera\/videos &nbsp; ESPECT\u00c1CULO DESTACADO: O CARA O CRUZ Teatro adulto, estreno 2019. [VOLVER AL CAT\u00c1LOGO DE COMPA\u00d1\u00cdAS] &nbsp;&nbsp; Enviar art\u00edculo [&hellip;]<\/p>\n","protected":false},"author":2,"featured_media":554,"comment_status":"open","ping_status":"open","sticky":false,"template":"","format":"standard","meta":[],"categories":[27,11,3,12,28,17,18,21,31,23,26,9,10,24],"tags":[41,103,36],"_links":{"self":[{"href":"https:\/\/www.feriadeteatro.com\/catalogociascyl\/wp-json\/wp\/v2\/posts\/294"}],"collection":[{"href":"https:\/\/www.feriadeteatro.com\/catalogociascyl\/wp-json\/wp\/v2\/posts"}],"about":[{"href":"https:\/\/www.feriadeteatro.com\/catalogociascyl\/wp-json\/wp\/v2\/types\/post"}],"author":[{"embeddable":true,"href":"https:\/\/www.feriadeteatro.com\/catalogociascyl\/wp-json\/wp\/v2\/users\/2"}],"replies":[{"embeddable":true,"href":"https:\/\/www.feriadeteatro.com\/catalogociascyl\/wp-json\/wp\/v2\/comments?post=294"}],"version-history":[{"count":4,"href":"https:\/\/www.feriadeteatro.com\/catalogociascyl\/wp-json\/wp\/v2\/posts\/294\/revisions"}],"predecessor-version":[{"id":695,"href":"https:\/\/www.feriadeteatro.com\/catalogociascyl\/wp-json\/wp\/v2\/posts\/294\/revisions\/695"}],"wp:featuredmedia":[{"embeddable":true,"href":"https:\/\/www.feriadeteatro.com\/catalogociascyl\/wp-json\/wp\/v2\/media\/554"}],"wp:attachment":[{"href":"https:\/\/www.feriadeteatro.com\/catalogociascyl\/wp-json\/wp\/v2\/media?parent=294"}],"wp:term":[{"taxonomy":"category","embeddable":true,"href":"https:\/\/www.feriadeteatro.com\/catalogociascyl\/wp-json\/wp\/v2\/categories?post=294"},{"taxonomy":"post_tag","embeddable":true,"href":"https:\/\/www.feriadeteatro.com\/catalogociascyl\/wp-json\/wp\/v2\/tags?post=294"}],"curies":[{"name":"wp","href":"https:\/\/api.w.org\/{rel}","templated":true}]}}