{"id":295,"date":"2020-08-02T12:00:38","date_gmt":"2020-08-02T12:00:38","guid":{"rendered":"https:\/\/www.feriadeteatro.com\/catalogociascyl\/?p=295"},"modified":"2020-08-27T12:32:39","modified_gmt":"2020-08-27T12:32:39","slug":"es-arte","status":"publish","type":"post","link":"https:\/\/www.feriadeteatro.com\/catalogociascyl\/2020\/08\/02\/es-arte\/","title":{"rendered":"ES.ARTE"},"content":{"rendered":"<p>ES.ARTE desarrolla una propuesta cultural vers\u00e1til y multidisciplinar. Proponemos, creamos, producimos y comunicamos&#8230; CRECIENDO E INTERNACIONALIZANDO, con calidad e imaginaci\u00f3n. Hemos vivido Festivales, Espacios y eventos&#8230; Residencias e intercambios, Ferias, Producciones esc\u00e9nicas y Cine&#8230; y seguimos ABRIENDO FRONTERAS con mirada diferente y marcada identidad cultural y valor art\u00edstico.<\/p>\n<p>\u00b7 Personalidad Jur\u00eddica de la empresa: <em><strong>Valladolid ESARTE SL<\/strong><\/em><\/p>\n<p>\u00b7 A\u00f1o de constituci\u00f3n de la Compa\u00f1\u00eda: <em><strong>2004<\/strong><\/em><\/p>\n<p><em>\u00b7 <\/em>Direcci\u00f3n: <em><strong>Plaza urbanizaci\u00f3n Espa\u00f1a, 4 47150 Viana de Cega (Valladolid)<\/strong><\/em><\/p>\n<p><strong><em>\u00b7 <\/em><\/strong>Tel\u00e9fonos:<a href=\"tel:629435597\"><strong><em>629435597<\/em><\/strong><\/a><\/p>\n<p>\u00b7 Email: <a href=\"mailto:es.arte.info@gmail.com\"><strong><em>es.arte.info@gmail.com<\/em><\/strong><\/a><\/p>\n<p>\u00b7 P\u00e1gina web: <a href=\"http:\/\/esarteycultura.com\/\">http:\/\/esarteycultura.com\/<\/a><\/p>\n<p>\u00b7 Redes Sociales:<\/p>\n<table style=\"width: 382px;\">\n<tbody>\n<tr>\n<td style=\"width: 382px;\" width=\"380\">\n<p><em>Enlaces a Redes Sociales:<\/em><\/p>\n<p><strong>* RRSS &#8211; ES.ARTE :<\/strong><\/p>\n<p><a href=\"https:\/\/www.facebook.com\/esarte.esarte\">https:\/\/www.facebook.com\/esarte.esarte<\/a><\/p>\n<p><a href=\"https:\/\/twitter.com\/ES__ARTE\">https:\/\/twitter.com\/ES__ARTE\u00a0<\/a><\/p>\n<p><a href=\"https:\/\/www.instagram.com\/es.arte\/\">https:\/\/www.instagram.com\/es.arte\/<\/a><\/td>\n<\/tr>\n<\/tbody>\n<\/table>\n<p>&nbsp;<\/p>\n<hr \/>\n<p><strong>DIRECTORIO DE COMPA\u00d1\u00cdAS QUE GESTIONA<\/strong><\/p>\n<p>&nbsp;<\/p>\n<table>\n<tbody>\n<tr>\n<td width=\"636\">\n<p><em>DIRECTORIO DE COMPA\u00d1\u00cdAS QUE GESTIONA (INDICAR NOMBRE DE LA COMPA\u00d1\u00cdA, FORMATO Y COMUNIDAD DE PROCEDENCIA)<\/em><\/p>\n<p><strong><em>Trabajos audiovisuales \u2013 JUAN V. CHULIA \u00a0\u00a0\u00a0<\/em><\/strong><strong>(<\/strong><strong>de origen soriano)<\/strong><\/p>\n<p>Blog-Director : <a href=\"http:\/\/juanvichulia.com\/tag\/danzantes\/\">http:\/\/juanvichulia.com\/tag\/danzantes\/<\/a><\/p>\n<p><strong><em>\u00a0<\/em><\/strong><\/p>\n<p><strong><em>Entidad asociada a Es.ARTE \u2013 Asoc. EnClaveDANZA <\/em><\/strong><em>(la Directora es socia de Valladolid ESARTE)<\/em><\/p>\n<p><a href=\"http:\/\/enclavedanza.es\/\">http:\/\/enclavedanza.es\/<\/a><\/p>\n<p><strong>Coproduce en 2019 junto a TYRSOVA<\/strong><\/p>\n<p><a href=\"https:\/\/www.tyrsovaproducciones.com\/441179860\">https:\/\/www.tyrsovaproducciones.com\/441179860<\/a><\/p>\n<p><strong>Coproduce en 2019 junto a UN INSTANTE TEATRO<\/strong><\/p>\n<p><a href=\"https:\/\/www.facebook.com\/UnInstanteTeatro\/\">https:\/\/www.facebook.com\/UnInstanteTeatro\/<\/a><\/p>\n<p><strong>Coproduce en 2018 junto a SIBILA TEATRO<\/strong><\/p>\n<p><a href=\"http:\/\/sibilateatro.es\/public\/teatro\/ficha\/a-quien-te-llevarias-a-una-isla-desierta\">http:\/\/sibilateatro.es\/public\/teatro\/ficha\/a-quien-te-llevarias-a-una-isla-desierta<\/a><\/p>\n<p><em>\u00a0<\/em><\/td>\n<\/tr>\n<\/tbody>\n<\/table>\n<p>&nbsp;<\/p>\n<div class=\"pdf24Plugin-cp\"> \t<form name=\"pdf24Form0\" method=\"post\" action=\"https:\/\/doc2pdf.pdf24.org\/wordpress.php\" target=\"pdf24PopWin\" onsubmit=\"var pdf24Win = window.open('about:blank', 'pdf24PopWin', 'resizable=yes,scrollbars=yes,width=600,height=250,left='+(screen.width\/2-300)+',top='+(screen.height\/3-125)+''); pdf24Win.focus(); if(typeof pdf24OnCreatePDF === 'function'){void(pdf24OnCreatePDF(this,pdf24Win));}\"> \t\t<input type=\"hidden\" name=\"blogCharset\" value=\"Cw1x07UAAA==\" \/><input type=\"hidden\" name=\"blogPosts\" value=\"MwQA\" \/><input type=\"hidden\" name=\"blogUrl\" value=\"yygpKSi20tcvLy\/XS0stykxMSS1JTSwpytdLzs\/VT04sSczJT89PzkwsTq7MAQA=\" \/><input type=\"hidden\" name=\"blogName\" value=\"c04sObwwJz89XyElVcE5P7cg8fDGzMRiEC8kNbGkCCKeWFySmZOTqFCp4JN6eHMeAA==\" \/><input type=\"hidden\" name=\"blogValueEncoding\" value=\"gzdeflate base64\" \/><input type=\"hidden\" name=\"blogDocHeader\" value=\"AwA=\" \/><input type=\"hidden\" name=\"blogDocSize\" value=\"MzI0qDCyNAcA\" \/><input type=\"hidden\" name=\"blogDocOrientation\" value=\"K8gvKilKzCwBAA==\" \/><input type=\"hidden\" name=\"blogDocStyle\" value=\"AwA=\" \/><input type=\"hidden\" name=\"blogDocFilename\" value=\"AwA=\" \/><input type=\"hidden\" name=\"blogDocTpl\" value=\"hVLbbqMwEH1mpf7DLH2tS4jUVQUEabU\/0Jf9AAcmwZKxqZmmoSj\/vh7HaXOptCAwnplzzng4VUe9ru9+VB3K1q9JtZYjQudws0pn\/v7r9CGFLORIkcZ65lqtDB6q7BjhXI8koSMaBL6+qd0qbawhNCRoGjCFuFulhHvKWLWEppNuRFrN8SPoJEw20qQRGBkBzTimQeanEH5J1radHqBVuwegFmYOJRsvIUb1gQXk+UAlfEU3sld6KuC3U1LHRGO1dQXcL8JVgg+FOOuJFhvrJClroABjDZbJF9s7qm1HIeF6z8eZwxEtYy+R3MjdVP6f9sCvLo\/YUCm12poCGj8zdOV5kbw97nLhj3vdXwFrq9sz6DICe+m2yoi1JbJ9AU\/D\/qLoht+3mv\/6RgCuFR6DB266ez5hTxP\/s+D7c+JHLJ\/6skGyg1denLf3yP\/9RbpYeYyNOEg\/VOvOgvzM3jS8ESI4JwumYq9n0ewVs4Vcl9eVPLn+ZO\/g\/Au3y9pj84Dw1qvnaGqf4S0zR8YqOLz+Bw==\" \/><input type=\"hidden\" name=\"postId_0\" value=\"M7I0BQA=\" \/><input type=\"hidden\" name=\"postTitle_0\" value=\"cw3WcwwKcQUA\" \/><input type=\"hidden\" name=\"postLink_0\" value=\"BcFhCoAwCAbQE7VP\/BXdRsxqsGFMQbp97z2ZbxxAVbXLVpfT0iSXN\/UJlZTht2uX0G+AiQm0gxgWm6w0\/A==\" \/><input type=\"hidden\" name=\"postAuthor_0\" value=\"c84syyxJLAYA\" \/><input type=\"hidden\" name=\"postDateTime_0\" value=\"MzIwMtA1sNA1MFIwNLIysLAytgAA\" \/><input type=\"hidden\" name=\"postContent_0\" value=\"rVZLbuNGEN3nFAUFGHgCS5Rt+SfLRmiKznBgSwolGZjZDEpkW26H6maaTTnyKhfIIsgFZpaz8MLIInvzJjlJqinJ1s+fBIEAkayufq\/+3bX4yG2XbL\/jQsgSVEpGEUIqEGIl45QlGiFII50qjGDIVJJ90TyCEQxIyEOeBDyOuEBVghZtkIINZLIOgWKYvxBKmAac3mlPIAep4IFZefPt3uZW+QAc33U8t1Fvggteo+P6Ddvxmg371Ptok5SQpIAAIx5iCAz4APvEFvDsT1GCd4YMhnzIQwknZCsfYsSI1U1i0sk52ZAJ\/cjns4SHTAQcEwMnNFNkT48bW0+YIvG6cYRspv2CkVISZF+N0QbM4YJNkUaQsH6ae2Yf+2MfTvym8cFu52YPuMIQIeQXTJERzEQNiY5kxgad+\/QQ3BGQ8VIBKp3dkiuBLNWs+OibWnx0\/xe0KPRSTOLwPlXZbUg2Uc6A0sUGsaLkVaHGBke1RCsp+kfnSJkMJe0At50nuH1asyaLNctoPsLb2Z00YGQ2Ues0D\/AE3ZGDGLO77HaBYLNcrqwGNFoEmsvqXLEgh5vf3YrwhgpN9VDwm3FC87Rld7gOFajsbmyX4ZyjyJ10WB9h7dGlt08QT4UzBjxodliUfb2QQibVGsKlYheHBc2i6s7mfmVre3t\/tzC3\/0E8j1KzcDZw7gB5RJ5NAc2nllWWlCiPrMTFhfy+b4QlKv55gtU6z7K1si+m\/OGa9WY4L7WOq5Zl2lez0aSgDJZVOHp6bQHaZ9T\/0JbUGdRC1fGKxl7EINGjiB0WrnmoL6uwtbcZ\/3JQMKs9GY7MU5m\/cLUe5J+Hha29cuGhOFwRYUB0uEy7Ipvfge+322Aab2PjAKbzqjoTpcmG2Ygk5Pb19XXpgph6Uv6UOz2OQ2n8GEfnZb3ZSC1R6GuuaYjku9z2p0\/GtEfgVav3n58FNLZw6kLsKxxMjMkLxZq3d7XOGFqHhG3lebGmWbLyZOacb0QviQ\/GFlwqsOaiXfdoJHeavteEugtO86xlZ79nv9FM+7Hrwg9uu2Pm81LsZzGnTIsFMimFna2dx1J4HR2seY2659g+NJpnx75rdE\/tGXWa3k3\/zO404YORdhte3a4brZbfdNy623A8++2Ts6KjsIdXNMkxDbkc8iQ11Qh\/\/\/oHvO\/aDTgvgfOue+rZcP\/Z\/BaadPJcW5LQ5JKK95mAhJ4o5NuluB1Hsl\/Mh6Sm4b\/c1VcpiiEPLtOIj\/uWkm6FKG6QTpTkscNf0JsrudkpuejLCh13clRhYtqUTi+kST3uQRMhm8QlcIUT4ZDV7cZHe2HwGow1OkimXtKBlUCOZUb70jm1kKbFKScCw5N7VpoNwOLCKo8dOb6PMKCUbJY39uEqpdsBOdT54Leb5\/brRooe0WE8xHjmnpCHvFLZ2Njd39spz3fqi+r\/ztRug25K7Y5NNw3ouHbHb\/6HQdgVnpkfVBsdhrTZemYYLum+xt69B3vb3rFHvfoaU4k94T0eoc6JTBrjtBfxwBoLrAuqcLSw+HPKmShqVowiNkRzbStikW6tRZ5EWKQjhTOl8aE2\/k\/QOednO+j1Q\/cf\" \/> \t\t<a href=\"https:\/\/www.pdf24.org\" target=\"_blank\" title=\"www.pdf24.org\" rel=\"nofollow\"><img src=\"https:\/\/www.feriadeteatro.com\/catalogociascyl\/wp-content\/plugins\/pdf24-post-to-pdf\/img\/pdf_32x32.png\" alt=\"\" border=\"0\" height=\"32\" \/><\/a> \t\t<span class=\"pdf24Plugin-cp-space\">&nbsp;&nbsp;<\/span> \t\t<span class=\"pdf24Plugin-cp-text\">Enviar art\u00edculo en formato PDF<\/span> \t\t<span class=\"pdf24Plugin-cp-space\">&nbsp;&nbsp;<\/span> \t\t<input class=\"pdf24Plugin-cp-input\" style=\"margin: 0px;\" type=\"text\" name=\"sendEmailTo\" placeholder=\"Correo electr\u00f3nico\" \/> \t\t<input class=\"pdf24Plugin-cp-submit\" style=\"margin: 0px;\" type=\"submit\" value=\"Enviar\" \/> \t<\/form> <\/div>","protected":false},"excerpt":{"rendered":"<p>ES.ARTE desarrolla una propuesta cultural vers\u00e1til y multidisciplinar. Proponemos, creamos, producimos y comunicamos&#8230; CRECIENDO E INTERNACIONALIZANDO, con calidad e imaginaci\u00f3n. Hemos vivido Festivales, Espacios y eventos&#8230; Residencias e intercambios, Ferias, Producciones esc\u00e9nicas y Cine&#8230; y seguimos ABRIENDO FRONTERAS con mirada diferente y marcada identidad cultural y valor art\u00edstico. \u00b7 Personalidad Jur\u00eddica de la empresa: Valladolid [&hellip;]<\/p>\n","protected":false},"author":2,"featured_media":766,"comment_status":"open","ping_status":"open","sticky":false,"template":"","format":"standard","meta":[],"categories":[3],"tags":[101,102,36],"_links":{"self":[{"href":"https:\/\/www.feriadeteatro.com\/catalogociascyl\/wp-json\/wp\/v2\/posts\/295"}],"collection":[{"href":"https:\/\/www.feriadeteatro.com\/catalogociascyl\/wp-json\/wp\/v2\/posts"}],"about":[{"href":"https:\/\/www.feriadeteatro.com\/catalogociascyl\/wp-json\/wp\/v2\/types\/post"}],"author":[{"embeddable":true,"href":"https:\/\/www.feriadeteatro.com\/catalogociascyl\/wp-json\/wp\/v2\/users\/2"}],"replies":[{"embeddable":true,"href":"https:\/\/www.feriadeteatro.com\/catalogociascyl\/wp-json\/wp\/v2\/comments?post=295"}],"version-history":[{"count":2,"href":"https:\/\/www.feriadeteatro.com\/catalogociascyl\/wp-json\/wp\/v2\/posts\/295\/revisions"}],"predecessor-version":[{"id":298,"href":"https:\/\/www.feriadeteatro.com\/catalogociascyl\/wp-json\/wp\/v2\/posts\/295\/revisions\/298"}],"wp:featuredmedia":[{"embeddable":true,"href":"https:\/\/www.feriadeteatro.com\/catalogociascyl\/wp-json\/wp\/v2\/media\/766"}],"wp:attachment":[{"href":"https:\/\/www.feriadeteatro.com\/catalogociascyl\/wp-json\/wp\/v2\/media?parent=295"}],"wp:term":[{"taxonomy":"category","embeddable":true,"href":"https:\/\/www.feriadeteatro.com\/catalogociascyl\/wp-json\/wp\/v2\/categories?post=295"},{"taxonomy":"post_tag","embeddable":true,"href":"https:\/\/www.feriadeteatro.com\/catalogociascyl\/wp-json\/wp\/v2\/tags?post=295"}],"curies":[{"name":"wp","href":"https:\/\/api.w.org\/{rel}","templated":true}]}}