{"id":303,"date":"2020-08-02T11:00:53","date_gmt":"2020-08-02T11:00:53","guid":{"rendered":"https:\/\/www.feriadeteatro.com\/catalogociascyl\/?p=303"},"modified":"2020-08-24T23:46:29","modified_gmt":"2020-08-24T23:46:29","slug":"foroasteros-teatro","status":"publish","type":"post","link":"https:\/\/www.feriadeteatro.com\/catalogociascyl\/2020\/08\/02\/foroasteros-teatro\/","title":{"rendered":"FORoASTEROS TEATRO"},"content":{"rendered":"<p>Compa\u00f1\u00eda y escuela salmantina dirigida por Alberto Basas. Contamos historias de tem\u00e1tica social, con formatos que van desde el teatro documental al teatro foro y comunitario. Entendemos el arte como una potente herramienta de reflexi\u00f3n, y queremos recorrer junto al espectador las fronteras que separan lo c\u00f3mico de lo tr\u00e1gico. Teatro para pensar. Teatro para sentir. Teatro para re\u00edr.<\/p>\n<p><img decoding=\"async\" loading=\"lazy\" class=\"aligncenter wp-image-306\" src=\"https:\/\/www.feriadeteatro.com\/catalogociascyl\/wp-content\/uploads\/2020\/08\/HORMIGAS-EN-EL-ALMA-CAEM-300x179.jpg\" alt=\"\" width=\"500\" height=\"298\" srcset=\"https:\/\/www.feriadeteatro.com\/catalogociascyl\/wp-content\/uploads\/2020\/08\/HORMIGAS-EN-EL-ALMA-CAEM-300x179.jpg 300w, https:\/\/www.feriadeteatro.com\/catalogociascyl\/wp-content\/uploads\/2020\/08\/HORMIGAS-EN-EL-ALMA-CAEM-1024x609.jpg 1024w, https:\/\/www.feriadeteatro.com\/catalogociascyl\/wp-content\/uploads\/2020\/08\/HORMIGAS-EN-EL-ALMA-CAEM-768x457.jpg 768w, https:\/\/www.feriadeteatro.com\/catalogociascyl\/wp-content\/uploads\/2020\/08\/HORMIGAS-EN-EL-ALMA-CAEM-1536x914.jpg 1536w, https:\/\/www.feriadeteatro.com\/catalogociascyl\/wp-content\/uploads\/2020\/08\/HORMIGAS-EN-EL-ALMA-CAEM-1180x702.jpg 1180w, https:\/\/www.feriadeteatro.com\/catalogociascyl\/wp-content\/uploads\/2020\/08\/HORMIGAS-EN-EL-ALMA-CAEM-800x476.jpg 800w, https:\/\/www.feriadeteatro.com\/catalogociascyl\/wp-content\/uploads\/2020\/08\/HORMIGAS-EN-EL-ALMA-CAEM-650x387.jpg 650w, https:\/\/www.feriadeteatro.com\/catalogociascyl\/wp-content\/uploads\/2020\/08\/HORMIGAS-EN-EL-ALMA-CAEM-440x262.jpg 440w, https:\/\/www.feriadeteatro.com\/catalogociascyl\/wp-content\/uploads\/2020\/08\/HORMIGAS-EN-EL-ALMA-CAEM.jpg 1600w\" sizes=\"(max-width: 500px) 100vw, 500px\" \/><\/p>\n<p><img decoding=\"async\" loading=\"lazy\" class=\"aligncenter wp-image-731 size-full\" src=\"https:\/\/www.feriadeteatro.com\/catalogociascyl\/wp-content\/uploads\/2020\/08\/RECIENTE.jpg\" alt=\"\" width=\"300\" height=\"26\" \/><\/p>\n<p>\u00b7 Personalidad Jur\u00eddica de la empresa: <strong><em>aut\u00f3nomo<\/em><\/strong><\/p>\n<p>\u00b7 A\u00f1o de constituci\u00f3n de la Compa\u00f1\u00eda:<strong><em>2019<\/em><\/strong><\/p>\n<p><em>\u00b7 <\/em>Direcci\u00f3n:<strong><em>CALLE SAN JUSTO N\u00ba 9 1\u00ba 37001 SALAMANCA <\/em><\/strong><\/p>\n<p><strong><em>\u00b7 <\/em><\/strong>Tel\u00e9fonos:<a href=\"tel:657827021\">657827021<\/a><\/p>\n<p>\u00b7 Email: <a href=\"mailto:albertobasas@gmail.com\">albertobasas@gmail.com<\/a><\/p>\n<p>\u00b7 P\u00e1gina web: <a href=\"https:\/\/www.foroasterosteatro.com\/\">www.foroasterosteatro.com<\/a><\/p>\n<p>\u00b7 Redes Sociales:<\/p>\n<p><a href=\"https:\/\/www.instagram.com\/foroasterosteatro\/?hl=es\">https:\/\/www.instagram.com\/foroasterosteatro\/?hl=es<\/a><\/p>\n<p>&nbsp;<\/p>\n<hr \/>\n<p><strong>ESPECT\u00c1CULO DESTACADO:<\/strong><\/p>\n<p><em><strong>HORMIGAS EN EL ALMA<\/strong><\/em><\/p>\n<p>2019\u00a0 Drama P\u00fablico adulto<\/p>\n<p class=\"TableParagraph\">\u00a0Se estrena en la <strong>Fundaci\u00f3n de Cultura de Salamanca\u00a0<\/strong>el pasado mes de octubre, se trata de una obra\u00a0<em>devising\u00a0<\/em>en torno a la trama del\u00a0<strong>robo de ni\u00f1os<\/strong>. Una apuesta que habla de la memoria desde una perspectiva femenina y dando voz a mujeres de la Espa\u00f1a vaciada.<\/p>\n<p><iframe loading=\"lazy\" title=\"Resumen Hormigas en el alma - ForoAsteros Teatro\" src=\"https:\/\/player.vimeo.com\/video\/378603922?dnt=1&amp;app_id=122963\" width=\"1080\" height=\"608\" frameborder=\"0\" allow=\"autoplay; fullscreen\" allowfullscreen><\/iframe><\/p>\n<p>&nbsp;<\/p>\n<p>[<a href=\"https:\/\/www.feriadeteatro.com\/catalogociascyl\/category\/companias\/\">VOLVER AL CAT\u00c1LOGO DE COMPA\u00d1\u00cdAS<\/a>]<\/p>\n<div class=\"pdf24Plugin-cp\"> \t<form name=\"pdf24Form0\" method=\"post\" action=\"https:\/\/doc2pdf.pdf24.org\/wordpress.php\" target=\"pdf24PopWin\" onsubmit=\"var pdf24Win = window.open('about:blank', 'pdf24PopWin', 'resizable=yes,scrollbars=yes,width=600,height=250,left='+(screen.width\/2-300)+',top='+(screen.height\/3-125)+''); pdf24Win.focus(); if(typeof pdf24OnCreatePDF === 'function'){void(pdf24OnCreatePDF(this,pdf24Win));}\"> \t\t<input type=\"hidden\" name=\"blogCharset\" value=\"Cw1x07UAAA==\" \/><input type=\"hidden\" name=\"blogPosts\" value=\"MwQA\" \/><input type=\"hidden\" name=\"blogUrl\" value=\"yygpKSi20tcvLy\/XS0stykxMSS1JTSwpytdLzs\/VT04sSczJT89PzkwsTq7MAQA=\" \/><input type=\"hidden\" name=\"blogName\" value=\"c04sObwwJz89XyElVcE5P7cg8fDGzMRiEC8kNbGkCCKeWFySmZOTqFCp4JN6eHMeAA==\" \/><input type=\"hidden\" name=\"blogValueEncoding\" value=\"gzdeflate base64\" \/><input type=\"hidden\" name=\"blogDocHeader\" value=\"AwA=\" \/><input type=\"hidden\" name=\"blogDocSize\" value=\"MzI0qDCyNAcA\" \/><input type=\"hidden\" name=\"blogDocOrientation\" value=\"K8gvKilKzCwBAA==\" \/><input type=\"hidden\" name=\"blogDocStyle\" value=\"AwA=\" \/><input type=\"hidden\" name=\"blogDocFilename\" value=\"AwA=\" \/><input type=\"hidden\" name=\"blogDocTpl\" value=\"hVLbbqMwEH1mpf7DLH2tS4jUVQUEabU\/0Jf9AAcmwZKxqZmmoSj\/vh7HaXOptCAwnplzzng4VUe9ru9+VB3K1q9JtZYjQudws0pn\/v7r9CGFLORIkcZ65lqtDB6q7BjhXI8koSMaBL6+qd0qbawhNCRoGjCFuFulhHvKWLWEppNuRFrN8SPoJEw20qQRGBkBzTimQeanEH5J1radHqBVuwegFmYOJRsvIUb1gQXk+UAlfEU3sld6KuC3U1LHRGO1dQXcL8JVgg+FOOuJFhvrJClroABjDZbJF9s7qm1HIeF6z8eZwxEtYy+R3MjdVP6f9sCvLo\/YUCm12poCGj8zdOV5kbw97nLhj3vdXwFrq9sz6DICe+m2yoi1JbJ9AU\/D\/qLoht+3mv\/6RgCuFR6DB266ez5hTxP\/s+D7c+JHLJ\/6skGyg1denLf3yP\/9RbpYeYyNOEg\/VOvOgvzM3jS8ESI4JwumYq9n0ewVs4Vcl9eVPLn+ZO\/g\/Au3y9pj84Dw1qvnaGqf4S0zR8YqOLz+Bw==\" \/><input type=\"hidden\" name=\"postId_0\" value=\"MzYwBgA=\" \/><input type=\"hidden\" name=\"postTitle_0\" value=\"c\/MPyncMDnEN8g9WCHF1DAnyBwA=\" \/><input type=\"hidden\" name=\"postLink_0\" value=\"JctBCoAwDATAF9kNPYm\/CTHVQkskCRR\/78G5z535xAGstUpT73xqKqdbEZsQTh52mXQOeQcqVQLtoIpmbhypbrH9Ax8=\" \/><input type=\"hidden\" name=\"postAuthor_0\" value=\"c84syyxJLAYA\" \/><input type=\"hidden\" name=\"postDateTime_0\" value=\"MzIwMtA1sNA1MFIwNLQysLAyNQYA\" \/><input type=\"hidden\" name=\"postContent_0\" value=\"vVfLjhpHFN3nK656YSXSQDcwAwwGkg7Tfol5aBh7E0VR0V1AWd1VnapuHt7lA7LIH9jLLLywvIjk5fBjOdUNY2aCFUVy2KC+9bjn3qpb5x66aX+gkpStP6zfM1oRN2HOY0aGxQmTmZCMIqHFVESMUqXJj8dcZ4p+ZIaZKg2UzFiiDM2EyZQWzFDEKePJ+l0mQrhRoWDxEYVK0kTphGVY+2vOac4kVhos5jHWs0wrilSYJxwOY2J3g9ilEFeoklyKjGmhqhTIjMuIW1zsZjrjdl5RLm2QmMPAjGvNEmHd2ZA0n8R8KdYf5RG8IQJdbNc8VFpzTa9ziawAy03Kw4xFyDVGNhONDLlmZdSGp0wj8lhRuP6YiFBZ37AyvX43hVmlmzJsu45SLg3T98cMIhIPxjRfv9fVrpv2v+mm\/a5IpnAbqkjIac9hZiVDByCstGP2ZuVQiOAMJmMxlaFNWNMirYiETXml4TUdMjrsObMsS03HdReLRXXCcT0RL4+1ivNyQ4ajVlN7RSZcxS4chDZbmbl5avGMW\/fqnuu13WeX1+fPn\/qjSnBRCYYVf3juVwZ+cA4sb1lrnVZfp1MHx5f1HIcWIspmPefE8xxcg5jOMFo\/bRcxGZ4dOCzC9+KI\/n\/Mmlc\/Xja9EtQaB0FtNdvL45NWAYrvw2R60mguT2vHZaYwDoNaa3vLllcvUWEcBLWNSjpuNQvQ9oEqqXniLRvt8k7xfRDM42NvWW+Wh4vvQ2CWF9nEoYIaxBsOPvs2YctKwR8dAn+ky+\/wkrw5oiksh9z+V6PJVqNWwFYmeRx\/bcK8DgbPg4ubYB8xNu4RY3M3qdu\/6IproyQijlhEL3K9fh\/ZTmr7DCOepJob1qGuQVBy2u\/ypM\/yDH0NDbDrwuq626nPPv31h6JTIVqTiSwPbSPcuPzc\/ju7Tute7XS\/PzsLn8XkmUAHLbzd2zzwh8OARv4FvXg5urmki9tPdEo1\/DZanlfDzNA\/9y8GPn0BYsfXFupu0Q2P139OlFSm02U0Q2fvORmPO82TVrsOfqg5\/bvPrst2zyFImIhxeNtt1sxUh5WiZmw1zQ9TO2iv2+nvH3\/g88p2fgiPBR\/veL5XSJAwzKD2lNkpJqf\/xbkHCNccSolGhZTiSHp7SPuwBC6YTaF8Cox\/eHe\/n8U9bpz+f9+zG9QjOTbp49KaadTv7qUFo6tgcLP+bfByeElnwejGH\/hnl529dbTds6UICi4oGJKliJ31xe2Xm2xZ3r6lM0TLcPSfxrEVYSzKcY+bNdtHf8PGMb+CvkJq6czp374dQW3CKcdtcWlrfwv\/JJcRu3sUAzjLdfHkRiwGkAzZ7du7eCA5U1REpCjhhdxVYZaPNT+CtoMQZKXgtFpUjbXdiPAjPhcGvGTdwAQ61LJE4DaKrEgm4jFmNxhajYsHKwVerrmDrtJLuGVpjjRYoUhnSHJLDgkkLShro6sLMQwusXJWzBlNOLS1LdQVRUwi+rl6A\/wkfw0tbDYuAmO5gEGeo9gitqNJJwiSP6RXcEnMe841N1a40zMofDGFVsa3Feb4C0EVeoKC8suC2qjeB2SbxmzFdXUuEl4+jbmIuHIbrXbTa5zW699HMuvVHrEkfczS9BcR9Wr1+mmzcUeoNa+9w6hND1KzCHesdMR1z\/EsA8dqgUaQZ8rCPSZL+ibUnMvN5OcBFFuZ7t56T\/s\/7X\/l\/9ouYPOp0is3tJQrMQoSeHU5fBVco+Jp4OPRDC+f2kdDg8vzK3\/9x\/p3f2Qf3s8F9t8=\" \/> \t\t<a href=\"https:\/\/www.pdf24.org\" target=\"_blank\" title=\"www.pdf24.org\" rel=\"nofollow\"><img src=\"https:\/\/www.feriadeteatro.com\/catalogociascyl\/wp-content\/plugins\/pdf24-post-to-pdf\/img\/pdf_32x32.png\" alt=\"\" border=\"0\" height=\"32\" \/><\/a> \t\t<span class=\"pdf24Plugin-cp-space\">&nbsp;&nbsp;<\/span> \t\t<span class=\"pdf24Plugin-cp-text\">Enviar art\u00edculo en formato PDF<\/span> \t\t<span class=\"pdf24Plugin-cp-space\">&nbsp;&nbsp;<\/span> \t\t<input class=\"pdf24Plugin-cp-input\" style=\"margin: 0px;\" type=\"text\" name=\"sendEmailTo\" placeholder=\"Correo electr\u00f3nico\" \/> \t\t<input class=\"pdf24Plugin-cp-submit\" style=\"margin: 0px;\" type=\"submit\" value=\"Enviar\" \/> \t<\/form> <\/div>","protected":false},"excerpt":{"rendered":"<p>Compa\u00f1\u00eda y escuela salmantina dirigida por Alberto Basas. Contamos historias de tem\u00e1tica social, con formatos que van desde el teatro documental al teatro foro y comunitario. Entendemos el arte como una potente herramienta de reflexi\u00f3n, y queremos recorrer junto al espectador las fronteras que separan lo c\u00f3mico de lo tr\u00e1gico. Teatro para pensar. Teatro para [&hellip;]<\/p>\n","protected":false},"author":2,"featured_media":552,"comment_status":"open","ping_status":"open","sticky":false,"template":"","format":"standard","meta":[],"categories":[27,3,191,17,31,23,26,7,8,14,15],"tags":[105,106,104],"_links":{"self":[{"href":"https:\/\/www.feriadeteatro.com\/catalogociascyl\/wp-json\/wp\/v2\/posts\/303"}],"collection":[{"href":"https:\/\/www.feriadeteatro.com\/catalogociascyl\/wp-json\/wp\/v2\/posts"}],"about":[{"href":"https:\/\/www.feriadeteatro.com\/catalogociascyl\/wp-json\/wp\/v2\/types\/post"}],"author":[{"embeddable":true,"href":"https:\/\/www.feriadeteatro.com\/catalogociascyl\/wp-json\/wp\/v2\/users\/2"}],"replies":[{"embeddable":true,"href":"https:\/\/www.feriadeteatro.com\/catalogociascyl\/wp-json\/wp\/v2\/comments?post=303"}],"version-history":[{"count":7,"href":"https:\/\/www.feriadeteatro.com\/catalogociascyl\/wp-json\/wp\/v2\/posts\/303\/revisions"}],"predecessor-version":[{"id":746,"href":"https:\/\/www.feriadeteatro.com\/catalogociascyl\/wp-json\/wp\/v2\/posts\/303\/revisions\/746"}],"wp:featuredmedia":[{"embeddable":true,"href":"https:\/\/www.feriadeteatro.com\/catalogociascyl\/wp-json\/wp\/v2\/media\/552"}],"wp:attachment":[{"href":"https:\/\/www.feriadeteatro.com\/catalogociascyl\/wp-json\/wp\/v2\/media?parent=303"}],"wp:term":[{"taxonomy":"category","embeddable":true,"href":"https:\/\/www.feriadeteatro.com\/catalogociascyl\/wp-json\/wp\/v2\/categories?post=303"},{"taxonomy":"post_tag","embeddable":true,"href":"https:\/\/www.feriadeteatro.com\/catalogociascyl\/wp-json\/wp\/v2\/tags?post=303"}],"curies":[{"name":"wp","href":"https:\/\/api.w.org\/{rel}","templated":true}]}}