{"id":325,"date":"2020-08-01T12:10:22","date_gmt":"2020-08-01T12:10:22","guid":{"rendered":"https:\/\/www.feriadeteatro.com\/catalogociascyl\/?p=325"},"modified":"2021-07-07T14:53:42","modified_gmt":"2021-07-07T14:53:42","slug":"juan-catalina","status":"publish","type":"post","link":"https:\/\/www.feriadeteatro.com\/catalogociascyl\/2020\/08\/01\/juan-catalina\/","title":{"rendered":"JUAN CATALINA"},"content":{"rendered":"<p>Con m\u00e1s de 25 a\u00f1os de trayectoria profesional, y 18 obras creadas la compa\u00f1\u00eda de teatro Juan Catalina .siempre ubicada en Cast\u00edlla y Le\u00f3n se caracteriza por ser creadora de sus propios espect\u00e1culos ,tanto de escenograf\u00eda ,texto, t\u00edteres,y m\u00fasicas .lo que le ha dado siempre una pincelada muy particular.<br \/>\nComo caracter\u00edstica de la compa\u00f1\u00eda es que en todas sus obras hay t\u00edteres y m\u00fasica en directo, con obras que van desde lo tradicional con importantes trabajos de folclorista. a locas construcciones de fantas\u00eda .contando con un amplio abanico de espect\u00e1culos .<br \/>\nPara distintas edades y con diferentes caches. Muy accesibles a todo tipo de ayuntamientos y p\u00fablicos.<\/p>\n<p><img decoding=\"async\" loading=\"lazy\" class=\"aligncenter wp-image-326\" src=\"https:\/\/www.feriadeteatro.com\/catalogociascyl\/wp-content\/uploads\/2020\/08\/JUANCATALINA-300x225.jpg\" alt=\"\" width=\"466\" height=\"350\" srcset=\"https:\/\/www.feriadeteatro.com\/catalogociascyl\/wp-content\/uploads\/2020\/08\/JUANCATALINA-300x225.jpg 300w, https:\/\/www.feriadeteatro.com\/catalogociascyl\/wp-content\/uploads\/2020\/08\/JUANCATALINA-1024x768.jpg 1024w, https:\/\/www.feriadeteatro.com\/catalogociascyl\/wp-content\/uploads\/2020\/08\/JUANCATALINA-768x576.jpg 768w, https:\/\/www.feriadeteatro.com\/catalogociascyl\/wp-content\/uploads\/2020\/08\/JUANCATALINA-1536x1152.jpg 1536w, https:\/\/www.feriadeteatro.com\/catalogociascyl\/wp-content\/uploads\/2020\/08\/JUANCATALINA-2048x1536.jpg 2048w, https:\/\/www.feriadeteatro.com\/catalogociascyl\/wp-content\/uploads\/2020\/08\/JUANCATALINA-1180x885.jpg 1180w, https:\/\/www.feriadeteatro.com\/catalogociascyl\/wp-content\/uploads\/2020\/08\/JUANCATALINA-800x600.jpg 800w, https:\/\/www.feriadeteatro.com\/catalogociascyl\/wp-content\/uploads\/2020\/08\/JUANCATALINA-650x488.jpg 650w, https:\/\/www.feriadeteatro.com\/catalogociascyl\/wp-content\/uploads\/2020\/08\/JUANCATALINA-440x330.jpg 440w\" sizes=\"(max-width: 466px) 100vw, 466px\" \/><\/p>\n<p>\u00b7 Personalidad Jur\u00eddica de la empresa: <em><strong>aut\u00f3nomo<\/strong><\/em><\/p>\n<p>\u00b7 A\u00f1o de constituci\u00f3n de la Compa\u00f1\u00eda:<strong><em> 1992<\/em><\/strong><\/p>\n<p><em>\u00b7 <\/em>Direcci\u00f3n: <strong><em>Caseta de la estaci\u00f3n sn 42360 Berlanga de Duero Soria.<\/em><\/strong><\/p>\n<p><strong><em>\u00b7 <\/em><\/strong>Tel\u00e9fonos:<a href=\"tel:699432905\">699432905<\/a><\/p>\n<p>\u00b7 Email: <a href=\"tiocatalina@yahoo.es\">tiocatalina@yahoo.es<\/a><\/p>\n<p>\u00b7 P\u00e1gina web: <a href=\"http:\/\/www.juancatalina.com\/\">www.juancatalina.com<\/a><\/p>\n<p>\u00b7 Redes Sociales:<\/p>\n<p>&nbsp;<\/p>\n<hr \/>\n<p><strong>ESPECT\u00c1CULO DESTACADO:<\/strong><\/p>\n<p><strong><em>El Circo de las ranas<\/em><\/strong><\/p>\n<p><em>. <\/em>Es nuestra ultima creaci\u00f3n. muy comprometida con el medio ambiente. Con las redes sociales, y la manipulaci\u00f3n a trav\u00e9s de los medios de comunicaci\u00f3n. Donde Beppo el barrendero nos hace reflexionar sobre toda la basura que generamos c\u00f3mo sociedad , y nos invita a buscar soluciones, quien desde su infancia nos lleva al mundo de las ranas donde todos los personajes son ranas all\u00ed nos muestran la importancia del circo. Donde cada personaje que sale a la pista muestra lo mejor de s\u00ed mismo y ah\u00ed se produce la magia&#8230;<\/p>\n<p>[<a href=\"https:\/\/www.feriadeteatro.com\/catalogociascyl\/category\/companias\/\">VOLVER AL CAT\u00c1LOGO DE COMPA\u00d1\u00cdAS<\/a>]<\/p>\n<div class=\"pdf24Plugin-cp\"> \t<form name=\"pdf24Form0\" method=\"post\" action=\"https:\/\/doc2pdf.pdf24.org\/wordpress.php\" target=\"pdf24PopWin\" onsubmit=\"var pdf24Win = window.open('about:blank', 'pdf24PopWin', 'resizable=yes,scrollbars=yes,width=600,height=250,left='+(screen.width\/2-300)+',top='+(screen.height\/3-125)+''); pdf24Win.focus(); if(typeof pdf24OnCreatePDF === 'function'){void(pdf24OnCreatePDF(this,pdf24Win));}\"> \t\t<input type=\"hidden\" name=\"blogCharset\" value=\"Cw1x07UAAA==\" \/><input type=\"hidden\" name=\"blogPosts\" value=\"MwQA\" \/><input type=\"hidden\" name=\"blogUrl\" value=\"yygpKSi20tcvLy\/XS0stykxMSS1JTSwpytdLzs\/VT04sSczJT89PzkwsTq7MAQA=\" \/><input type=\"hidden\" name=\"blogName\" value=\"c04sObwwJz89XyElVcE5P7cg8fDGzMRiEC8kNbGkCCKeWFySmZOTqFCp4JN6eHMeAA==\" \/><input type=\"hidden\" name=\"blogValueEncoding\" value=\"gzdeflate base64\" \/><input type=\"hidden\" name=\"blogDocHeader\" value=\"AwA=\" \/><input type=\"hidden\" name=\"blogDocSize\" value=\"MzI0qDCyNAcA\" \/><input type=\"hidden\" name=\"blogDocOrientation\" value=\"K8gvKilKzCwBAA==\" \/><input type=\"hidden\" name=\"blogDocStyle\" value=\"AwA=\" \/><input type=\"hidden\" name=\"blogDocFilename\" value=\"AwA=\" \/><input type=\"hidden\" name=\"blogDocTpl\" value=\"hVLbbqMwEH1mpf7DLH2tS4jUVQUEabU\/0Jf9AAcmwZKxqZmmoSj\/vh7HaXOptCAwnplzzng4VUe9ru9+VB3K1q9JtZYjQudws0pn\/v7r9CGFLORIkcZ65lqtDB6q7BjhXI8koSMaBL6+qd0qbawhNCRoGjCFuFulhHvKWLWEppNuRFrN8SPoJEw20qQRGBkBzTimQeanEH5J1radHqBVuwegFmYOJRsvIUb1gQXk+UAlfEU3sld6KuC3U1LHRGO1dQXcL8JVgg+FOOuJFhvrJClroABjDZbJF9s7qm1HIeF6z8eZwxEtYy+R3MjdVP6f9sCvLo\/YUCm12poCGj8zdOV5kbw97nLhj3vdXwFrq9sz6DICe+m2yoi1JbJ9AU\/D\/qLoht+3mv\/6RgCuFR6DB266ez5hTxP\/s+D7c+JHLJ\/6skGyg1denLf3yP\/9RbpYeYyNOEg\/VOvOgvzM3jS8ESI4JwumYq9n0ewVs4Vcl9eVPLn+ZO\/g\/Au3y9pj84Dw1qvnaGqf4S0zR8YqOLz+Bw==\" \/><input type=\"hidden\" name=\"postId_0\" value=\"MzYyBQA=\" \/><input type=\"hidden\" name=\"postTitle_0\" value=\"8wp19FNwdgxx9PH0cwQA\" \/><input type=\"hidden\" name=\"postLink_0\" value=\"HclBCoAwDATAF9mNnsTfLLFqpTbSRoq\/F5zrHO53W4Dee9hiTVyjR3q1oHZB6cy2myY2fTMmmQQyQ0acD8vwfyrEBw==\" \/><input type=\"hidden\" name=\"postAuthor_0\" value=\"c84syyxJLAYA\" \/><input type=\"hidden\" name=\"postDateTime_0\" value=\"MzIwMtA1sNA1MFQwNLIysLAyMgIA\" \/><input type=\"hidden\" name=\"postContent_0\" value=\"vVbLbhs3FN3nKy6mQNACsjTWK7IiC1VkoWjgxEbsZFN0QVG0RIMznJIzluRdPqCLfkKWWXhRZFEgy86P9VyOpChBUnSjrmb4Oue+yHsG2XBsU0rKd55mipodEuWfNvznTqyVzK3TgjJnb5TXNhWmRms67pGdOuFJOiVm+BpB0iYZzpYPIhxWIneWnhcipbHIhdGpoLrXKsmcomKqJc6R4kWflw8GAGs6V+WHlLwiKZyQuXL6HtTWYcpVVNYFdF94NinTsFT5DFaW72RhMKrlIs0t71FeqtTOnbhhk2q5WuW2RuACrvK1NXz+6GGGp7qx9FuhyChaAB4stDMUVmc6lcqwuUmxpky4XINLuPpg6qgxfDS2id1ZXD54LAcjP4+J8oEDHueWI8YuVDFciPXOLNqZxTtn2nECasBJN5sZ4w4xnSnPFJazNNMyZCZs0wkCxkEAGNam4rbK5o010iCXPhd1EjjJnuOAz10h+byqtuGk8GxwHYvAQTAYtkhJJJnRlgCZarkJ8X7ot\/G4FJwkEGmGIoWABscYZqZv4GYwTgq5UL5OLxBUISWqa2owLTg+cEtngUKsC6AkGmcsg2Tlx6kBva8PGtnw0SAbDnQyx05pZzqdn0bCr1MZwT9RjY24X0ckjfAei0bPkUzwO1pmRzoRc3XUanYj8k6eRos8z3y\/0Vgul3XYqWF4VceIRdKQXMZ2bqUWXq5NAwAcIqA1ioz5fKMZN+NG3Gs8fz16OR5dj85\/fjk6asXxqtns1G+zeUTC5KdRREs9yxenUbsL6oXS8wVmW5042OFV\/j+YQvhf1ugwPMdxs7160u0FIh4cjAkkq86TbiDC\/+E86rS6q+PjTrNyCaODUTXjdm\/FDIGKR4fz6rgXr3q9qiB4cDCmHiqvG8eBqHfAyut24lW7VxUe\/g\/G027Hq1ar8gf\/S9xcfa\/wxHyfiNVRuN59wvXOVj\/gAsR3MCSMIryQ25fr77\/oUjnPT7fGI4lmifYx+9Q9Qgvyok8DlQwHeKhtOh+KIkeTRMsZNDYzgwYvf8IcoYEzQnjcdV5IzV21ghzvGlJ\/C8jgdHxy0tzg7FA3zysmARoWz7gfBTjYtHccPVzlO6vRYSpKn1K72erG9Ew5I9J52HFWKOiCK1YV9W8w7iFvmXebrpUp39\/Y1Pr+QNDCqZvTKFem3z05abeaJ3EnGu5+Bw2xH5dJIrSB4btj2sqNMvlxLRbW1pWPhl+b\/QLosnw3ZzmzVNM9OK6zTZndQvVsQUKVRcOvTX8B+0pxn7ziUkQj7G9XHqdTnz2tRovQYPdiNLm6nIyvy7fj1+cXdDa5uh6NR2cX\/X+N6cTQWLuqg6MtkhOp8N9Ofr3KwMRTWiC36O2FydE5gyALia4HYcRax9lE5ajl0OuVoUTNWDEkU+7fqk4sNQNlcNVvXGVFicJJoCsyCKuqeASrl7vyfVAlLC8Clq8KOykgQbbkZzbF5DOVQTGAcyocFMaMqwxVAnUlFfhujFqxSIKWhJBSQYQx6VT4Ai6xrJqrVDmR4IwsP0DSsXksXojtYyid3mmUOQ4VXgYkU1TKqQYArbaqzBfYCiEF78I5Y9QdjiEcBcup\/bDTLBjPkscHL7PqQbgN4Uk3m4Qx5UOASqoUcBR3So9pZnBcclK34QjyegcW\/POINQWnM1aBWywWkYm6hcpm08GTaA\/vIcoWGECMI6uzQqoqRXMtHn\/Xa7bip9sa+eWzG\/DfX1qM1dy6dSOI5BSzuCZvLs7fTF7R6Jzw0pZvzy9+4rKm8cWLy1H5R\/n76Iovza+B+x8=\" \/> \t\t<a href=\"https:\/\/www.pdf24.org\" target=\"_blank\" title=\"www.pdf24.org\" rel=\"nofollow\"><img src=\"https:\/\/www.feriadeteatro.com\/catalogociascyl\/wp-content\/plugins\/pdf24-post-to-pdf\/img\/pdf_32x32.png\" alt=\"\" border=\"0\" height=\"32\" \/><\/a> \t\t<span class=\"pdf24Plugin-cp-space\">&nbsp;&nbsp;<\/span> \t\t<span class=\"pdf24Plugin-cp-text\">Enviar art\u00edculo en formato PDF<\/span> \t\t<span class=\"pdf24Plugin-cp-space\">&nbsp;&nbsp;<\/span> \t\t<input class=\"pdf24Plugin-cp-input\" style=\"margin: 0px;\" type=\"text\" name=\"sendEmailTo\" placeholder=\"Correo electr\u00f3nico\" \/> \t\t<input class=\"pdf24Plugin-cp-submit\" style=\"margin: 0px;\" type=\"submit\" value=\"Enviar\" \/> \t<\/form> <\/div>","protected":false},"excerpt":{"rendered":"<p>Con m\u00e1s de 25 a\u00f1os de trayectoria profesional, y 18 obras creadas la compa\u00f1\u00eda de teatro Juan Catalina .siempre ubicada en Cast\u00edlla y Le\u00f3n se caracteriza por ser creadora de sus propios espect\u00e1culos ,tanto de escenograf\u00eda ,texto, t\u00edteres,y m\u00fasicas .lo que le ha dado siempre una pincelada muy particular. Como caracter\u00edstica de la compa\u00f1\u00eda es [&hellip;]<\/p>\n","protected":false},"author":2,"featured_media":557,"comment_status":"open","ping_status":"open","sticky":false,"template":"","format":"standard","meta":[],"categories":[27,3,12,28,29,22,18,31,26,9,24],"tags":[113,115,114],"_links":{"self":[{"href":"https:\/\/www.feriadeteatro.com\/catalogociascyl\/wp-json\/wp\/v2\/posts\/325"}],"collection":[{"href":"https:\/\/www.feriadeteatro.com\/catalogociascyl\/wp-json\/wp\/v2\/posts"}],"about":[{"href":"https:\/\/www.feriadeteatro.com\/catalogociascyl\/wp-json\/wp\/v2\/types\/post"}],"author":[{"embeddable":true,"href":"https:\/\/www.feriadeteatro.com\/catalogociascyl\/wp-json\/wp\/v2\/users\/2"}],"replies":[{"embeddable":true,"href":"https:\/\/www.feriadeteatro.com\/catalogociascyl\/wp-json\/wp\/v2\/comments?post=325"}],"version-history":[{"count":7,"href":"https:\/\/www.feriadeteatro.com\/catalogociascyl\/wp-json\/wp\/v2\/posts\/325\/revisions"}],"predecessor-version":[{"id":833,"href":"https:\/\/www.feriadeteatro.com\/catalogociascyl\/wp-json\/wp\/v2\/posts\/325\/revisions\/833"}],"wp:featuredmedia":[{"embeddable":true,"href":"https:\/\/www.feriadeteatro.com\/catalogociascyl\/wp-json\/wp\/v2\/media\/557"}],"wp:attachment":[{"href":"https:\/\/www.feriadeteatro.com\/catalogociascyl\/wp-json\/wp\/v2\/media?parent=325"}],"wp:term":[{"taxonomy":"category","embeddable":true,"href":"https:\/\/www.feriadeteatro.com\/catalogociascyl\/wp-json\/wp\/v2\/categories?post=325"},{"taxonomy":"post_tag","embeddable":true,"href":"https:\/\/www.feriadeteatro.com\/catalogociascyl\/wp-json\/wp\/v2\/tags?post=325"}],"curies":[{"name":"wp","href":"https:\/\/api.w.org\/{rel}","templated":true}]}}