{"id":329,"date":"2020-08-01T12:00:53","date_gmt":"2020-08-01T12:00:53","guid":{"rendered":"https:\/\/www.feriadeteatro.com\/catalogociascyl\/?p=329"},"modified":"2021-07-20T12:09:13","modified_gmt":"2021-07-20T12:09:13","slug":"kamaru-teatro","status":"publish","type":"post","link":"https:\/\/www.feriadeteatro.com\/catalogociascyl\/2020\/08\/01\/kamaru-teatro\/","title":{"rendered":"KAMARU TEATRO"},"content":{"rendered":"<p>En Kamaru Teatro creemos en el Teatro Familiar con may\u00fasculas, para que toda la Familia disfrute del Teatro. Nacimos del peque\u00f1o formato, creciendo poco a poco para despu\u00e9s aventurarnos en el mundo del pasacalles, la animaci\u00f3n o los t\u00edteres, tanto en calle como en sala, sin abandonar nuestra esencia: Humor, participaci\u00f3n y educaci\u00f3n.<br \/>\nNuestros espect\u00e1culos son como el p\u00fablico, diversos, inquietos, multidisciplinares, divertidos y con capacidad de adaptaci\u00f3n.<\/p>\n<p><img decoding=\"async\" loading=\"lazy\" class=\"alignnone size-medium wp-image-838\" src=\"https:\/\/www.feriadeteatro.com\/catalogociascyl\/wp-content\/uploads\/2020\/08\/LA-RED-KAMARU-TEATRO_02-300x200.jpg\" alt=\"\" width=\"300\" height=\"200\" srcset=\"https:\/\/www.feriadeteatro.com\/catalogociascyl\/wp-content\/uploads\/2020\/08\/LA-RED-KAMARU-TEATRO_02-300x200.jpg 300w, https:\/\/www.feriadeteatro.com\/catalogociascyl\/wp-content\/uploads\/2020\/08\/LA-RED-KAMARU-TEATRO_02-1024x683.jpg 1024w, https:\/\/www.feriadeteatro.com\/catalogociascyl\/wp-content\/uploads\/2020\/08\/LA-RED-KAMARU-TEATRO_02-768x512.jpg 768w, https:\/\/www.feriadeteatro.com\/catalogociascyl\/wp-content\/uploads\/2020\/08\/LA-RED-KAMARU-TEATRO_02-1180x787.jpg 1180w, https:\/\/www.feriadeteatro.com\/catalogociascyl\/wp-content\/uploads\/2020\/08\/LA-RED-KAMARU-TEATRO_02-800x534.jpg 800w, https:\/\/www.feriadeteatro.com\/catalogociascyl\/wp-content\/uploads\/2020\/08\/LA-RED-KAMARU-TEATRO_02-650x433.jpg 650w, https:\/\/www.feriadeteatro.com\/catalogociascyl\/wp-content\/uploads\/2020\/08\/LA-RED-KAMARU-TEATRO_02-440x293.jpg 440w, https:\/\/www.feriadeteatro.com\/catalogociascyl\/wp-content\/uploads\/2020\/08\/LA-RED-KAMARU-TEATRO_02-375x249.jpg 375w, https:\/\/www.feriadeteatro.com\/catalogociascyl\/wp-content\/uploads\/2020\/08\/LA-RED-KAMARU-TEATRO_02.jpg 1387w\" sizes=\"(max-width: 300px) 100vw, 300px\" \/><\/p>\n<p>\u00b7 Personalidad Jur\u00eddica de la empresa: <em><strong>Pasen y Vean Animaci\u00f3n y Teatro SL<\/strong><\/em><\/p>\n<p>\u00b7 A\u00f1o de constituci\u00f3n de la Compa\u00f1\u00eda:<strong><em>2003<\/em><\/strong><\/p>\n<p><em>\u00b7 <\/em>Direcci\u00f3n: <strong><em>C\/General Casta\u00f1os, 4 Bajo, 37006 Salamanca<\/em><\/strong><\/p>\n<p><strong><em>\u00b7 <\/em><\/strong>Tel\u00e9fonos: Rub\u00e9n <a href=\"tel:654281222\">654281222<\/a> \u2013 Juli\u00e1n <a href=\"tel:646509774\">646509774 <\/a><\/p>\n<p>\u00b7 Email: <a href=\"mailto:kamaru@kamaru.es\">kamaru@kamaru.es<\/a><\/p>\n<p>\u00b7 P\u00e1gina web: <a href=\"http:\/\/www.kamaru.es\/\">http:\/\/www.kamaru.es\/<\/a><\/p>\n<p>\u00b7 Redes Sociales:<\/p>\n<p><a href=\"https:\/\/www.youtube.com\/user\/kamaruteatro\">https:\/\/www.youtube.com\/user\/kamaruteatro<\/a><\/p>\n<p><a href=\"https:\/\/www.instagram.com\/kamaruteatro\">https:\/\/www.instagram.com\/kamaruteatro<\/a><\/p>\n<p><a href=\"https:\/\/www.facebook.com\/kamaruteatro\">https:\/\/www.facebook.com\/kamaruteatro<\/a><\/p>\n<p><a href=\"https:\/\/twitter.com\/kamaru_teatro?lang=es\">https:\/\/twitter.com\/kamaru_teatro?lang=es<\/a><\/p>\n<hr \/>\n<p><strong>ESPECT\u00c1CULO DESTACADO:<\/strong><\/p>\n<p><strong><em>LA RED \/ 2021\/ Teatro sala para la infancia y juventud<\/em><\/strong><\/p>\n<p>LA RED es una organizaci\u00f3n secreta que lucha contra el ciberacoso, utilizando m\u00e9todos y tecnolog\u00eda alternativa para detener los casos que encuentra por internet. Pero la RED tambi\u00e9n sufre ataques. Ante el acecho de un h\u00e1bil hacker, la RED se ve obligada a hacer un nuevo fichaje. La llegada de este personaje supone un cambio en su estrategia y les hace mostrar sus motivaciones y debilidades en su lucha contra el ciberbullying.<\/p>\n<p>Las redes sociales e internet son una extensi\u00f3n de nuestra vida. LA RED muestra la cara menos amable de las nuevas tecnolog\u00edas y de los m\u00faltiples casos de acoso que se dan en el d\u00eda a d\u00eda. El acoso por las redes sociales cobra una dimensi\u00f3n en la que no hay horarios, no hay fronteras, no hay edades y sobre todo no hay identidades.<\/p>\n<p>La realidad cotidiana de los personajes se entremezcla con la urgencia de los casos de acoso que veremos a trav\u00e9s de las pantallas de una sofisticada inteligencia artificial. El resultado es un trepidante thriller que muestra una actual problem\u00e1tica sobre la que la sociedad tiene que tomar conciencia.<\/p>\n<p><strong><em>\u00a0<\/em><\/strong><\/p>\n<p><strong><em>\u00a0<\/em><\/strong><\/p>\n<p><a href=\"https:\/\/vimeo.com\/senseimultimedia\/la-red\">https:\/\/vimeo.com\/senseimultimedia\/la-red<\/a><br \/>\n[<a href=\"https:\/\/www.feriadeteatro.com\/catalogociascyl\/category\/companias\/\">VOLVER AL CAT\u00c1LOGO DE COMPA\u00d1\u00cdAS<\/a>]<\/p>\n<div class=\"pdf24Plugin-cp\"> \t<form name=\"pdf24Form0\" method=\"post\" action=\"https:\/\/doc2pdf.pdf24.org\/wordpress.php\" target=\"pdf24PopWin\" onsubmit=\"var pdf24Win = window.open('about:blank', 'pdf24PopWin', 'resizable=yes,scrollbars=yes,width=600,height=250,left='+(screen.width\/2-300)+',top='+(screen.height\/3-125)+''); pdf24Win.focus(); if(typeof pdf24OnCreatePDF === 'function'){void(pdf24OnCreatePDF(this,pdf24Win));}\"> \t\t<input type=\"hidden\" name=\"blogCharset\" value=\"Cw1x07UAAA==\" \/><input type=\"hidden\" name=\"blogPosts\" value=\"MwQA\" \/><input type=\"hidden\" name=\"blogUrl\" value=\"yygpKSi20tcvLy\/XS0stykxMSS1JTSwpytdLzs\/VT04sSczJT89PzkwsTq7MAQA=\" \/><input type=\"hidden\" name=\"blogName\" value=\"c04sObwwJz89XyElVcE5P7cg8fDGzMRiEC8kNbGkCCKeWFySmZOTqFCp4JN6eHMeAA==\" \/><input type=\"hidden\" name=\"blogValueEncoding\" value=\"gzdeflate base64\" \/><input type=\"hidden\" name=\"blogDocHeader\" value=\"AwA=\" \/><input type=\"hidden\" name=\"blogDocSize\" value=\"MzI0qDCyNAcA\" \/><input type=\"hidden\" name=\"blogDocOrientation\" value=\"K8gvKilKzCwBAA==\" \/><input type=\"hidden\" name=\"blogDocStyle\" value=\"AwA=\" \/><input type=\"hidden\" name=\"blogDocFilename\" value=\"AwA=\" \/><input type=\"hidden\" name=\"blogDocTpl\" value=\"hVLbbqMwEH1mpf7DLH2tS4jUVQUEabU\/0Jf9AAcmwZKxqZmmoSj\/vh7HaXOptCAwnplzzng4VUe9ru9+VB3K1q9JtZYjQudws0pn\/v7r9CGFLORIkcZ65lqtDB6q7BjhXI8koSMaBL6+qd0qbawhNCRoGjCFuFulhHvKWLWEppNuRFrN8SPoJEw20qQRGBkBzTimQeanEH5J1radHqBVuwegFmYOJRsvIUb1gQXk+UAlfEU3sld6KuC3U1LHRGO1dQXcL8JVgg+FOOuJFhvrJClroABjDZbJF9s7qm1HIeF6z8eZwxEtYy+R3MjdVP6f9sCvLo\/YUCm12poCGj8zdOV5kbw97nLhj3vdXwFrq9sz6DICe+m2yoi1JbJ9AU\/D\/qLoht+3mv\/6RgCuFR6DB266ez5hTxP\/s+D7c+JHLJ\/6skGyg1denLf3yP\/9RbpYeYyNOEg\/VOvOgvzM3jS8ESI4JwumYq9n0ewVs4Vcl9eVPLn+ZO\/g\/Au3y9pj84Dw1qvnaGqf4S0zR8YqOLz+Bw==\" \/><input type=\"hidden\" name=\"postId_0\" value=\"MzayBAA=\" \/><input type=\"hidden\" name=\"postTitle_0\" value=\"83b0dQwKVQhxdQwJ8gcA\" \/><input type=\"hidden\" name=\"postLink_0\" value=\"JcpBDoAgDATAF8lWTsbfbCoqEVIDNcTfe3DOc7rffQXGGGFPLXNLnujNglqF0lnsMM3s+hZEiQJZIDMuVrZn+jM+\" \/><input type=\"hidden\" name=\"postAuthor_0\" value=\"c84syyxJLAYA\" \/><input type=\"hidden\" name=\"postDateTime_0\" value=\"MzIwMtA1sNA1MFQwNLIysLAyNQYA\" \/><input type=\"hidden\" name=\"postContent_0\" value=\"vVfLbuPIFd3PVxS0SgBblCXZUguyEsWtzCCjGRu2pzdBMLgqlqRyF1kcVlEPr5IPyCLID8TLXvRikEWAXoZ\/ki\/JuUVRFhx7ujfximSx7vt17jAbTVLxLSWUF+JWkc+tkLlSiXVCpUKZ+vD3lGijKRfSpiKhbfnJycKQOxIZ5SR+KpTwNiZhqL4qYu3meeGViPdsmuJ7kpqZ81mmQFb+bMXc5gl5e8SipVZpbEVmpRVUPYKEWLmsKD84QSuV+iKnPN3rmBRMEliSI0nGKCgGVSjVCQSW\/0yFFQb3ffnRq5z\/ekq9ZfpwHWYl4cuRoSPhdCpoRuCawuS0UM5DBeVUKjUNxDdFYvNguddSZzsJW6HiQlYfzeEsF9Hoq+8DKSvqMiV9+QCn4cvBiZVEqFx+mhktYX2sVyp3Fsrp9KdCK8+vSWG8hishx2how7qHizgFp20IiCRWIqYYThAUU+ZrNaJs9NUwGw11ssA\/aWOdLs4b5LapbMAjVH0but82hEQ8HX4avUhTmyq44V4dJyrWRSLW2TF8uVDH\/U6\/IVwuzxtL7zM3iKL1et2cq1xTrHwVZtgWSfJk7MLCY05uTQQGUNUjeFGRsWQXtVvtVtTqR9Px8fXk7fG34+\/G1z8c307Gt9eXP7bax51Wa9NutZp32aIhyPjzRkOsdeyX5w38aoil0oslTtv8AZWc8q+rlcD7+kj830WetNrdzVm\/E2Tyx2sI7Z31N6cn7SAT769i50m\/ten1e5Wd+HgNoX3E87TTDTL7rxPPs9PWptupwon31xDZ7SJr31Qi8f4aIju90027+6YqlN7pK4is8qbT760boXmhm\/0qoc1xaBoDrtZs82sUUGsFZcJXA126bpL\/\/pe44gacogNyL\/1DkZcfYy15+PA0UUmG9ov+P1TJaMh9PV2MrghTAW34naJUjB\/nzbaenDfTYbS7O4yY8FHamIdfzMMndV77oqKshF3YJKPy5\/IjDWpRLBaNp7Njs2e6a\/E4BM\/w863GIA3coOwB9UX0tUpVTkZckPNgzxOmK35Hdxg\/nV6rdSZuMAATSiW9IOWAWy1tf+lWmfLD3GIwD8R1MSs\/pGJIYpmr+XnDKzM4O+22+yftdrsx2r8OIxqJ\/\/z57\/C20eXDU4ouyuNNr9cFRf0qmOTAi5OEtBk80vGnt4P3AdT8tno0lWuMnp484XNVPiwwYcVazQ64ccruMnZPGDVGzx4\/YXitAFrEDeczAMlg78JD1nU1bG3hi5kKdVA4lUcV16o6KnFfdPVQhWcFaaQaLXJKAv3LUl6+91kRc5JqZu37z0h48dovCvBr7QHhDoh+rKh+YwhQhuP8xVcfBS0DWjvI78nN1eTitvzLxQ\/TS\/F2cnM7vhi\/vRz8Yj1MxwJNSUQCXeokquufEWUFYfHU6ZwYQ6I93BUByMbP19mOF\/KnQErafAEoe79rLU4BJ\/sKdJtCLokbSACoRkg9Q31L61DQhQcOv2cUK5LyA+B5wIteydSizaKzMKZSeUper6hG2Z4bRMDKkoBFgxDA3kIFCZnNYQMTKd\/kbmnZKtbUUzLTXPGumOcAoZ5A6ZpoidgAoBiCLZeh2xWpWJYPM23EkuR7lR\/VLJwSKyUs0PACGBboH\/+hC+4Dga+wJmjYeqeaYgpfGhUugR8QtsIuERr3HUBrkTF2LRgVQ6UK1RciQHivFsH3KMfAXGAVwXGOCw7v7AepQc1+ihVU5Dmg3I7Fs76eFcZsAaL3UHtKTuSh8t2u8oXa+ywgf46o2sDRru739YaxgjyYV8U+2R3CO5JjkyjeeJDHM6OqIeGCY\/A4iGmleghgUn7C7pCxBlUseTng1AhBhbdjjKxqg4pDNoRHU0zM7hpH2\/yvOdLOoA5bEeuktgJ8TJWSqYVvt2Jp4VjNA2Z3MM95mOf0eKIq727BepaHBdLWv3SMhKu8f+BZaLKbzdLyVkQp1cbuE8CxZZytKlH30oSAsWpFvgjrW03wjEuwVYXNlwT8vuJlc+fmDMsi1kRyVf4SFJ5rjGzJKcixRcpWzHklRJ7CUcGPwAvY3wh2hUoGX5VBf64Jv8w1sjgPkutYM2+SvsCEznJUgkrKBxaz89DOw4ZCMNh9wmNfVrv9O6n2c16hoUHz2Zn9jy+Y6y\/dedqLVwh\/Bd2AgZzSYVflfZEiQ8fImsde\/NmroRdXS\/Mfn58qn8WLkuvb5ttIMnZKcYpB\/e5y+m5yLcZTcTFGP59efs39XFxcfnc1Lv9W\/nV8w5L\/FGz8Lw==\" \/> \t\t<a href=\"https:\/\/www.pdf24.org\" target=\"_blank\" title=\"www.pdf24.org\" rel=\"nofollow\"><img src=\"https:\/\/www.feriadeteatro.com\/catalogociascyl\/wp-content\/plugins\/pdf24-post-to-pdf\/img\/pdf_32x32.png\" alt=\"\" border=\"0\" height=\"32\" \/><\/a> \t\t<span class=\"pdf24Plugin-cp-space\">&nbsp;&nbsp;<\/span> \t\t<span class=\"pdf24Plugin-cp-text\">Enviar art\u00edculo en formato PDF<\/span> \t\t<span class=\"pdf24Plugin-cp-space\">&nbsp;&nbsp;<\/span> \t\t<input class=\"pdf24Plugin-cp-input\" style=\"margin: 0px;\" type=\"text\" name=\"sendEmailTo\" placeholder=\"Correo electr\u00f3nico\" \/> \t\t<input class=\"pdf24Plugin-cp-submit\" style=\"margin: 0px;\" type=\"submit\" value=\"Enviar\" \/> \t<\/form> <\/div>","protected":false},"excerpt":{"rendered":"<p>En Kamaru Teatro creemos en el Teatro Familiar con may\u00fasculas, para que toda la Familia disfrute del Teatro. Nacimos del peque\u00f1o formato, creciendo poco a poco para despu\u00e9s aventurarnos en el mundo del pasacalles, la animaci\u00f3n o los t\u00edteres, tanto en calle como en sala, sin abandonar nuestra esencia: Humor, participaci\u00f3n y educaci\u00f3n. Nuestros espect\u00e1culos [&hellip;]<\/p>\n","protected":false},"author":2,"featured_media":558,"comment_status":"open","ping_status":"open","sticky":false,"template":"","format":"standard","meta":[],"categories":[27,11,3,12,29,22,13,26,9,10,24],"tags":[116,117,36],"_links":{"self":[{"href":"https:\/\/www.feriadeteatro.com\/catalogociascyl\/wp-json\/wp\/v2\/posts\/329"}],"collection":[{"href":"https:\/\/www.feriadeteatro.com\/catalogociascyl\/wp-json\/wp\/v2\/posts"}],"about":[{"href":"https:\/\/www.feriadeteatro.com\/catalogociascyl\/wp-json\/wp\/v2\/types\/post"}],"author":[{"embeddable":true,"href":"https:\/\/www.feriadeteatro.com\/catalogociascyl\/wp-json\/wp\/v2\/users\/2"}],"replies":[{"embeddable":true,"href":"https:\/\/www.feriadeteatro.com\/catalogociascyl\/wp-json\/wp\/v2\/comments?post=329"}],"version-history":[{"count":9,"href":"https:\/\/www.feriadeteatro.com\/catalogociascyl\/wp-json\/wp\/v2\/posts\/329\/revisions"}],"predecessor-version":[{"id":840,"href":"https:\/\/www.feriadeteatro.com\/catalogociascyl\/wp-json\/wp\/v2\/posts\/329\/revisions\/840"}],"wp:featuredmedia":[{"embeddable":true,"href":"https:\/\/www.feriadeteatro.com\/catalogociascyl\/wp-json\/wp\/v2\/media\/558"}],"wp:attachment":[{"href":"https:\/\/www.feriadeteatro.com\/catalogociascyl\/wp-json\/wp\/v2\/media?parent=329"}],"wp:term":[{"taxonomy":"category","embeddable":true,"href":"https:\/\/www.feriadeteatro.com\/catalogociascyl\/wp-json\/wp\/v2\/categories?post=329"},{"taxonomy":"post_tag","embeddable":true,"href":"https:\/\/www.feriadeteatro.com\/catalogociascyl\/wp-json\/wp\/v2\/tags?post=329"}],"curies":[{"name":"wp","href":"https:\/\/api.w.org\/{rel}","templated":true}]}}