{"id":341,"date":"2020-08-01T11:30:53","date_gmt":"2020-08-01T11:30:53","guid":{"rendered":"https:\/\/www.feriadeteatro.com\/catalogociascyl\/?p=341"},"modified":"2020-08-24T15:56:46","modified_gmt":"2020-08-24T15:56:46","slug":"katuagalea-teatro","status":"publish","type":"post","link":"https:\/\/www.feriadeteatro.com\/catalogociascyl\/2020\/08\/01\/katuagalea-teatro\/","title":{"rendered":"KATUA&#038;GALEA TEATRO"},"content":{"rendered":"<p>Katua&amp;Galea compa\u00f1\u00eda de teatro y t\u00edteres de Salamanca creada en el a\u00f1o 2009 con<br \/>\nespect\u00e1culos de mediano y peque\u00f1o formato donde ponen en escena diversos g\u00e9neros (teatro de objetos, teatro de t\u00edteres, teatro gestual y multimedia) sin alejarse nunca de la poes\u00eda y de la m\u00fasica.<br \/>\nLa compa\u00f1\u00eda tiene diferentes l\u00edneas de trabajo: espect\u00e1culos de teatro y t\u00edteres, el proyecto \u00abSembrar para crecer\u00bb dentro del que nace su primer espect\u00e1culo para beb\u00e9s, \u00abEstaciones\u00bb, el proyecto TTD (talleres teatrales did\u00e1cticos) donde trabajan con el p\u00fablico infantil diferentes t\u00e9cnicas teatrales y el proyecto \u201cViajes literarios\u201d con el que pretenden acercar la narraci\u00f3n oral, la literatura y la poes\u00eda a p\u00fablico de todas las edades. La utilizaci\u00f3n del t\u00edtere y del objeto marca la l\u00ednea general del trabajo de esta compa\u00f1\u00eda<\/p>\n<p><img decoding=\"async\" loading=\"lazy\" class=\"aligncenter wp-image-342 size-full\" src=\"https:\/\/www.feriadeteatro.com\/catalogociascyl\/wp-content\/uploads\/2020\/08\/aleteo-e1598284144544.jpg\" alt=\"\" width=\"600\" height=\"400\" \/><\/p>\n<p>\u00b7 Personalidad Jur\u00eddica de la empresa: <strong><em>aut\u00f3nomo<\/em><\/strong><\/p>\n<p>\u00b7 A\u00f1o de constituci\u00f3n de la Compa\u00f1\u00eda: <strong><em>2009<\/em><\/strong><\/p>\n<p><em>\u00b7 <\/em>Direcci\u00f3n:<em><strong>C\/ Can\u00f3nigo Bellido 22. 37340 Aldearrubia. Salamanca\u00a0<\/strong><\/em><\/p>\n<p><strong><em>\u00b7 <\/em><\/strong>Tel\u00e9fonos: <a href=\"tel:661339580\">661339580<\/a> &#8211; <a href=\"tel:600059089\">600059089<\/a><\/p>\n<p>\u00b7 Email: <a href=\"mailto:katuaygalea@gmail.com\">katuaygalea@gmail.com<\/a><\/p>\n<p>\u00b7 P\u00e1gina web: <a href=\"http:\/\/www.katuaygalea.com\/\">http:\/\/www.katuaygalea.com\/<\/a><\/p>\n<p>\u00b7 Redes Sociales:<\/p>\n<p><a href=\"http:\/\/www.facebook.com\/katuaygalea\">http:\/\/www.facebook.com\/katuaygalea<\/a><\/p>\n<p><a href=\"http:\/\/www.twitter.com\/katuaygalea\">https:\/www.instagram.com\/katuaygalea\/<\/a><\/p>\n<p>twitter: <a href=\"http:\/\/www.twitter.com\/katuaygalea\">@katuaygalea<\/a><\/p>\n<p>&nbsp;<\/p>\n<hr \/>\n<p><strong>ESPECT\u00c1CULO DESTACADO:<\/strong><\/p>\n<p><em><strong>Aleteo<\/strong><\/em><\/p>\n<p>2019\/Teatro de t\u00edteres y otras artes \/Todos los p\u00fablicos (+7 a\u00f1os)<\/p>\n<p>\u00bfHas movido alguna vez los brazos como si fueran alas para imitar el vuelo? \u00bfHas probado a mover las piernas en el agua del mar como si fueran la aleta dorsal de un pez? \u00bfHas so\u00f1ado en alguna ocasi\u00f3n que volabas? Entonces s\u00ed que sabes de aleteos. Pero un aleteo es tambi\u00e9n la palpitaci\u00f3n violenta del coraz\u00f3n. As\u00ed que est\u00e1s a punto de mover brazos, piernas y coraz\u00f3n para disfrutar de un espect\u00e1culo de t\u00edteres para ni\u00f1os y adultos con imaginaci\u00f3n voladora o navegadora.<\/p>\n<p><iframe loading=\"lazy\" title=\"&quot;Aleteo&quot; Teatro de t\u00edteres y otras artes.\" width=\"1080\" height=\"608\" src=\"https:\/\/www.youtube.com\/embed\/4O9Kq8Unzb4?feature=oembed\" frameborder=\"0\" allow=\"accelerometer; autoplay; encrypted-media; gyroscope; picture-in-picture\" allowfullscreen><\/iframe><br \/>\n[<a href=\"https:\/\/www.feriadeteatro.com\/catalogociascyl\/category\/companias\/\">VOLVER AL CAT\u00c1LOGO DE COMPA\u00d1\u00cdAS<\/a>]<\/p>\n<div class=\"pdf24Plugin-cp\"> \t<form name=\"pdf24Form0\" method=\"post\" action=\"https:\/\/doc2pdf.pdf24.org\/wordpress.php\" target=\"pdf24PopWin\" onsubmit=\"var pdf24Win = window.open('about:blank', 'pdf24PopWin', 'resizable=yes,scrollbars=yes,width=600,height=250,left='+(screen.width\/2-300)+',top='+(screen.height\/3-125)+''); pdf24Win.focus(); if(typeof pdf24OnCreatePDF === 'function'){void(pdf24OnCreatePDF(this,pdf24Win));}\"> \t\t<input type=\"hidden\" name=\"blogCharset\" value=\"Cw1x07UAAA==\" \/><input type=\"hidden\" name=\"blogPosts\" value=\"MwQA\" \/><input type=\"hidden\" name=\"blogUrl\" value=\"yygpKSi20tcvLy\/XS0stykxMSS1JTSwpytdLzs\/VT04sSczJT89PzkwsTq7MAQA=\" \/><input type=\"hidden\" name=\"blogName\" value=\"c04sObwwJz89XyElVcE5P7cg8fDGzMRiEC8kNbGkCCKeWFySmZOTqFCp4JN6eHMeAA==\" \/><input type=\"hidden\" name=\"blogValueEncoding\" value=\"gzdeflate base64\" \/><input type=\"hidden\" name=\"blogDocHeader\" value=\"AwA=\" \/><input type=\"hidden\" name=\"blogDocSize\" value=\"MzI0qDCyNAcA\" \/><input type=\"hidden\" name=\"blogDocOrientation\" value=\"K8gvKilKzCwBAA==\" \/><input type=\"hidden\" name=\"blogDocStyle\" value=\"AwA=\" \/><input type=\"hidden\" name=\"blogDocFilename\" value=\"AwA=\" \/><input type=\"hidden\" name=\"blogDocTpl\" value=\"hVLbbqMwEH1mpf7DLH2tS4jUVQUEabU\/0Jf9AAcmwZKxqZmmoSj\/vh7HaXOptCAwnplzzng4VUe9ru9+VB3K1q9JtZYjQudws0pn\/v7r9CGFLORIkcZ65lqtDB6q7BjhXI8koSMaBL6+qd0qbawhNCRoGjCFuFulhHvKWLWEppNuRFrN8SPoJEw20qQRGBkBzTimQeanEH5J1radHqBVuwegFmYOJRsvIUb1gQXk+UAlfEU3sld6KuC3U1LHRGO1dQXcL8JVgg+FOOuJFhvrJClroABjDZbJF9s7qm1HIeF6z8eZwxEtYy+R3MjdVP6f9sCvLo\/YUCm12poCGj8zdOV5kbw97nLhj3vdXwFrq9sz6DICe+m2yoi1JbJ9AU\/D\/qLoht+3mv\/6RgCuFR6DB266ez5hTxP\/s+D7c+JHLJ\/6skGyg1denLf3yP\/9RbpYeYyNOEg\/VOvOgvzM3jS8ESI4JwumYq9n0ewVs4Vcl9eVPLn+ZO\/g\/Au3y9pj84Dw1qvnaGqf4S0zR8YqOLz+Bw==\" \/><input type=\"hidden\" name=\"postId_0\" value=\"MzYxBAA=\" \/><input type=\"hidden\" name=\"postTitle_0\" value=\"83YMCXVUUzYwtrB2d\/RxdVQIcXUMCfIHAA==\" \/><input type=\"hidden\" name=\"postLink_0\" value=\"JctBDoAgDATAF8kiJ+NvNrUiEVMDNcTfe3Duc7jffQXGGGHXVripK71ZELsgdFbLJoVd3ooUU0RcEGec9IeZVTn9AR8=\" \/><input type=\"hidden\" name=\"postAuthor_0\" value=\"c84syyxJLAYA\" \/><input type=\"hidden\" name=\"postDateTime_0\" value=\"MzIwMtA1sNA1MFQwNLQysLAyNQYA\" \/><input type=\"hidden\" name=\"postContent_0\" value=\"jVbLbhs3FN3nK4gpYDSorRnbsiPrlaiykaJxYSN2sim64MxQYzocckJyLEir9AO66L4FmqUReBF0USBZFPD8Sb6khxxJlhylLWDBw9e59557eS67Rf8ZtSXdoHnReUoFoyRReUGr99UNJSkjllGrFZkQW91Ypplxk2dU0JzKBJs1oyklTBImCE4pshNFB8CQ3ViTsP+AmYIltnqblEL5szlLOZUOsWCvS+aOjJTOqVUkVRIbCiUdHP5MwiSc4FdMGxzOqmvJND6+njmFzSq+ZFaZTXI3NXd0MZcxgwgFLOalsNw78JAYLgnivaTaMCJLFwwOCwr7zLjgJ7NxXn0wPKGNWUDHKwxZziSDiyNYlBbsiOpGMuojtZrG9FK1yWccfEbqpqOv0GqCfYrcvjtjeaypJgXVnuOE6duPOCnrGAUBc0TShBFT4hxi0itW6oMxi6trYN++OzKWJhzEmtuPq7bOzw\/BJxXC59Y7BlbgJU8BZXmizMNZYup4qHTZ9RjVh1hgA+FyRKXlYpkHW10nErQtY05WLH9689tLTi8dZxwkUM2V+fTm9zm6i7DQzDKYRqbAQAJCkA9JtUYw1Z+SKOBuurkawZbapW0ph\/TOSReASuGPwI+lNGWmQZDMEo7z6QzQUTvLic+\/mBUYySnMe0s+v6gplCJqyh+o8+wsoNKWy6MbFv0H3aLf5XmG5USlXGa9gJqJTAIiFK3Hgk4nAUngmMGi4JlMHImajIstntOMbe02d1CwU7Y1KoUIiNFJL7iwtjDtMByPxw3QzhFRXVcNOBAmFElVmUo4NclEhIACsWDThmXhLJtwJ9qJwqgVIjeWqS22vXfQ2mk1t5vNvWazcVlkAS6I7QUBGfPUXvSC\/SgKyAXj2QVmm24Q9uch3v5FTt01lfAf5JLvS13dpHxxq1iOZBraJl0DF2XW77K8T0sL1lWuuiFG3XC+dIc5cPoABPhuLLflPE0OcrjgeRXVKdB6QLcKUL94yHGtPFzbTc8BhiEZUolZninyLROIBpq20yC7j3abERmIlKH+ypjTxp0M3v6xZMobntlb8mpud7HznInqeqSkMnCfkgvNRr3AMtHe39\/e3T3Ya0VBf\/HZDWmfbHzV2tne7tzbHUXR3kHUOsDu+afbvUTiUU65WDLihla1Xznhn2RO9J9kbs4VTtBfO30P8bR6m3Fo85jFS7iuImcFuQTiyzHo\/8viPfDnDHeTnLnShWq0F2SuMTOCLsRKvfIwS7Ar5r60adnsOnA75ha3cD02bp7bw1GWNNM0v79rJagZ0nqqvmjmyRd83ZCxKTr16ML3pKVSOzo7PRqeVz8PXxyfkMOjs\/PBcHB40l57FeZnBl4A1pfwTrR9EJ5\/1lyhjgq6ZwjVTu3Dc5Witbn2NhdctOlvHvkngXm4SO7f3+FIrq7cpaIiK1FCV2zqz6HfTfEPLChIHRmV0FfXoXHANzOec4sGAL29KplQj0kNhnYSU4fmYJn26l5wpqVT+fpVkpXU6zQ0\/D48VMSpH9aVNl7OSSnxMJnO4Y2q3jt414JqfxV6mhch16CulID2m8fkSFoF1caB6savGBrXb6VaXdFrII\/KodcTxPVImsccjxrfsagouJ21oSuuBJS6djtBl5titkEGc3C0meqtcd2tlNbnpQ6+5nBzQcBkcbjmMOVmpEtHYx3oypNhObt+t+QueQChKd5NPjeSuH6Emz\/zE+GDOZCCrnzFMj9o3HW9ES4Gu9\/nIOOC9YKN16Wynbr06m\/yX2XWWHSi7ai11Ir2o9aanjhRpS1j5u8VnlMsDZsnB89et17Iadx8PGLuucB6yi8FxLsaK50y3Qsi1\/mEGqMbJwnD00jlcFN3CBqWKgSddFAQiZ4UlqVb\/j3ZIdkET9NEFawD+hOHvcXl1uxzhue6t8Fzjkncr5qd\/uxZ+eOKNPz\/vo4xy5SehP7VITELrX15cvzy6DkZHJPhAFpwfPLUaQEZnvxwOqh+rX4ZnDk9+ckn6h8=\" \/> \t\t<a href=\"https:\/\/www.pdf24.org\" target=\"_blank\" title=\"www.pdf24.org\" rel=\"nofollow\"><img src=\"https:\/\/www.feriadeteatro.com\/catalogociascyl\/wp-content\/plugins\/pdf24-post-to-pdf\/img\/pdf_32x32.png\" alt=\"\" border=\"0\" height=\"32\" \/><\/a> \t\t<span class=\"pdf24Plugin-cp-space\">&nbsp;&nbsp;<\/span> \t\t<span class=\"pdf24Plugin-cp-text\">Enviar art\u00edculo en formato PDF<\/span> \t\t<span class=\"pdf24Plugin-cp-space\">&nbsp;&nbsp;<\/span> \t\t<input class=\"pdf24Plugin-cp-input\" style=\"margin: 0px;\" type=\"text\" name=\"sendEmailTo\" placeholder=\"Correo electr\u00f3nico\" \/> \t\t<input class=\"pdf24Plugin-cp-submit\" style=\"margin: 0px;\" type=\"submit\" value=\"Enviar\" \/> \t<\/form> <\/div>","protected":false},"excerpt":{"rendered":"<p>Katua&amp;Galea compa\u00f1\u00eda de teatro y t\u00edteres de Salamanca creada en el a\u00f1o 2009 con espect\u00e1culos de mediano y peque\u00f1o formato donde ponen en escena diversos g\u00e9neros (teatro de objetos, teatro de t\u00edteres, teatro gestual y multimedia) sin alejarse nunca de la poes\u00eda y de la m\u00fasica. La compa\u00f1\u00eda tiene diferentes l\u00edneas de trabajo: espect\u00e1culos de [&hellip;]<\/p>\n","protected":false},"author":2,"featured_media":560,"comment_status":"open","ping_status":"open","sticky":false,"template":"","format":"standard","meta":[],"categories":[3,28,22,18,19,21,31,23,26,9,24],"tags":[122,121,123],"_links":{"self":[{"href":"https:\/\/www.feriadeteatro.com\/catalogociascyl\/wp-json\/wp\/v2\/posts\/341"}],"collection":[{"href":"https:\/\/www.feriadeteatro.com\/catalogociascyl\/wp-json\/wp\/v2\/posts"}],"about":[{"href":"https:\/\/www.feriadeteatro.com\/catalogociascyl\/wp-json\/wp\/v2\/types\/post"}],"author":[{"embeddable":true,"href":"https:\/\/www.feriadeteatro.com\/catalogociascyl\/wp-json\/wp\/v2\/users\/2"}],"replies":[{"embeddable":true,"href":"https:\/\/www.feriadeteatro.com\/catalogociascyl\/wp-json\/wp\/v2\/comments?post=341"}],"version-history":[{"count":4,"href":"https:\/\/www.feriadeteatro.com\/catalogociascyl\/wp-json\/wp\/v2\/posts\/341\/revisions"}],"predecessor-version":[{"id":709,"href":"https:\/\/www.feriadeteatro.com\/catalogociascyl\/wp-json\/wp\/v2\/posts\/341\/revisions\/709"}],"wp:featuredmedia":[{"embeddable":true,"href":"https:\/\/www.feriadeteatro.com\/catalogociascyl\/wp-json\/wp\/v2\/media\/560"}],"wp:attachment":[{"href":"https:\/\/www.feriadeteatro.com\/catalogociascyl\/wp-json\/wp\/v2\/media?parent=341"}],"wp:term":[{"taxonomy":"category","embeddable":true,"href":"https:\/\/www.feriadeteatro.com\/catalogociascyl\/wp-json\/wp\/v2\/categories?post=341"},{"taxonomy":"post_tag","embeddable":true,"href":"https:\/\/www.feriadeteatro.com\/catalogociascyl\/wp-json\/wp\/v2\/tags?post=341"}],"curies":[{"name":"wp","href":"https:\/\/api.w.org\/{rel}","templated":true}]}}