{"id":356,"date":"2020-08-01T10:15:20","date_gmt":"2020-08-01T10:15:20","guid":{"rendered":"https:\/\/www.feriadeteatro.com\/catalogociascyl\/?p=356"},"modified":"2020-08-24T23:47:20","modified_gmt":"2020-08-24T23:47:20","slug":"la-cuerna","status":"publish","type":"post","link":"https:\/\/www.feriadeteatro.com\/catalogociascyl\/2020\/08\/01\/la-cuerna\/","title":{"rendered":"LA CUERNA"},"content":{"rendered":"<p>La Cuerna teatro es el nombre art\u00edstico de la compa\u00f1\u00eda teatral de la empresa Estudio la<br \/>\nRecua S.L., especializada en la divulgaci\u00f3n hist\u00f3rica a trav\u00e9s del medio art\u00edstico: teatro,<br \/>\nexposiciones y c\u00f3mics. Nuestros montajes suelen tomar como base la Historia en clave<br \/>\ntragic\u00f3mica. Contamos con tres actores y una actriz que suelen realizan m\u00e1s de un<br \/>\npersonaje creando la ilusi\u00f3n de que la escena se llena de personajes.<br \/>\nEl humor es esencial en todos nuestros montajes.<\/p>\n<p><img decoding=\"async\" loading=\"lazy\" class=\"wp-image-358 aligncenter\" src=\"https:\/\/www.feriadeteatro.com\/catalogociascyl\/wp-content\/uploads\/2020\/08\/LACUERNA-300x201.jpg\" alt=\"\" width=\"399\" height=\"267\" srcset=\"https:\/\/www.feriadeteatro.com\/catalogociascyl\/wp-content\/uploads\/2020\/08\/LACUERNA-300x201.jpg 300w, https:\/\/www.feriadeteatro.com\/catalogociascyl\/wp-content\/uploads\/2020\/08\/LACUERNA-768x513.jpg 768w, https:\/\/www.feriadeteatro.com\/catalogociascyl\/wp-content\/uploads\/2020\/08\/LACUERNA-650x434.jpg 650w, https:\/\/www.feriadeteatro.com\/catalogociascyl\/wp-content\/uploads\/2020\/08\/LACUERNA-440x294.jpg 440w, https:\/\/www.feriadeteatro.com\/catalogociascyl\/wp-content\/uploads\/2020\/08\/LACUERNA.jpg 787w\" sizes=\"(max-width: 399px) 100vw, 399px\" \/><\/p>\n<p><img decoding=\"async\" loading=\"lazy\" class=\"aligncenter wp-image-731 size-full\" src=\"https:\/\/www.feriadeteatro.com\/catalogociascyl\/wp-content\/uploads\/2020\/08\/RECIENTE.jpg\" alt=\"\" width=\"300\" height=\"26\" \/><\/p>\n<p>\u00b7 Personalidad Jur\u00eddica de la empresa: <em><strong>E<\/strong><strong><em>s<\/em>tudio La Recua SL<\/strong><\/em><\/p>\n<p>\u00b7 A\u00f1o de constituci\u00f3n de la Compa\u00f1\u00eda:<strong><em>16 de noviembre del 2004<\/em><\/strong><\/p>\n<p><em>\u00b7 <\/em>Direcci\u00f3n: <strong><em>Paseo Pintor Mart\u00ednez V\u00e1zquez, 5 1\u00ba C. Arenas de San Pedro 05400 \u00c1vila<\/em><\/strong><\/p>\n<p><strong><em>\u00b7 <\/em><\/strong>Tel\u00e9fonos:<a href=\"tel:647 433 724\">647 433 724<\/a> y <a href=\"tel:606 015 088\">606 015 088<\/a><\/p>\n<p>\u00b7 Email: <a href=\"mailto:lacuernateatro@gmail.com\">lacuernateatro@gmail.com<\/a> \/<a href=\"mailto:estudio@estudiolarecua.es\">estudio@estudiolarecua.es<\/a><\/p>\n<p>\u00b7 P\u00e1gina web: <a href=\"http:\/\/www.estudiolarecua.es\/\">http:\/\/www.estudiolarecua.es\/<\/a><\/p>\n<p>\u00b7 Redes Sociales:<\/p>\n<p><a href=\"https:\/\/www.facebook.com\/Lacuernateatro\">https:\/\/www.facebook.com\/Lacuernateatro<\/a><\/p>\n<p><a href=\"https:\/\/www.facebook.com\/lamaldiciondeltem\">https:\/\/www.facebook.com\/lamaldiciondeltem<\/a><\/p>\n<p>&nbsp;<\/p>\n<hr \/>\n<p><strong>ESPECT\u00c1CULO DESTACADO:<\/strong><\/p>\n<p><em><strong>La Reina Olvidada<\/strong><\/em><\/p>\n<p>2019\/Tragicomedia hist\u00f3rica\/ Todos los p\u00fablicos<\/p>\n<p>\u201cLa Reina Olvidada\u201d es una tragicomedia hist\u00f3rica que reivindica el papel de las reinas<br \/>\nmedievales y se centra en la figura de la mujer de Alfonso X \u201cEl Sabio\u201d, la Reina Do\u00f1a Violante.<\/p>\n<p>Una actriz y tres actores encarnan a nueve personajes que, con una puesta en escena din\u00e1mica y divertida, nos acercan a nuestro pasado.<br \/>\nEs necesario recordar el importante papel que han tenido las mujeres en la historia<\/p>\n<p><iframe loading=\"lazy\" title=\"El Ajedrez &quot;La Reina Olvidada&quot;\" width=\"1080\" height=\"608\" src=\"https:\/\/www.youtube.com\/embed\/iM1AQGmW9BI?start=10&#038;feature=oembed\" frameborder=\"0\" allow=\"accelerometer; autoplay; encrypted-media; gyroscope; picture-in-picture\" allowfullscreen><\/iframe><br \/>\n[<a href=\"https:\/\/www.feriadeteatro.com\/catalogociascyl\/category\/companias\/\">VOLVER AL CAT\u00c1LOGO DE COMPA\u00d1\u00cdAS<\/a>]<\/p>\n<div class=\"pdf24Plugin-cp\"> \t<form name=\"pdf24Form0\" method=\"post\" action=\"https:\/\/doc2pdf.pdf24.org\/wordpress.php\" target=\"pdf24PopWin\" onsubmit=\"var pdf24Win = window.open('about:blank', 'pdf24PopWin', 'resizable=yes,scrollbars=yes,width=600,height=250,left='+(screen.width\/2-300)+',top='+(screen.height\/3-125)+''); pdf24Win.focus(); if(typeof pdf24OnCreatePDF === 'function'){void(pdf24OnCreatePDF(this,pdf24Win));}\"> \t\t<input type=\"hidden\" name=\"blogCharset\" value=\"Cw1x07UAAA==\" \/><input type=\"hidden\" name=\"blogPosts\" value=\"MwQA\" \/><input type=\"hidden\" name=\"blogUrl\" value=\"yygpKSi20tcvLy\/XS0stykxMSS1JTSwpytdLzs\/VT04sSczJT89PzkwsTq7MAQA=\" \/><input type=\"hidden\" name=\"blogName\" value=\"c04sObwwJz89XyElVcE5P7cg8fDGzMRiEC8kNbGkCCKeWFySmZOTqFCp4JN6eHMeAA==\" \/><input type=\"hidden\" name=\"blogValueEncoding\" value=\"gzdeflate base64\" \/><input type=\"hidden\" name=\"blogDocHeader\" value=\"AwA=\" \/><input type=\"hidden\" name=\"blogDocSize\" value=\"MzI0qDCyNAcA\" \/><input type=\"hidden\" name=\"blogDocOrientation\" value=\"K8gvKilKzCwBAA==\" \/><input type=\"hidden\" name=\"blogDocStyle\" value=\"AwA=\" \/><input type=\"hidden\" name=\"blogDocFilename\" value=\"AwA=\" \/><input type=\"hidden\" name=\"blogDocTpl\" value=\"hVLbbqMwEH1mpf7DLH2tS4jUVQUEabU\/0Jf9AAcmwZKxqZmmoSj\/vh7HaXOptCAwnplzzng4VUe9ru9+VB3K1q9JtZYjQudws0pn\/v7r9CGFLORIkcZ65lqtDB6q7BjhXI8koSMaBL6+qd0qbawhNCRoGjCFuFulhHvKWLWEppNuRFrN8SPoJEw20qQRGBkBzTimQeanEH5J1radHqBVuwegFmYOJRsvIUb1gQXk+UAlfEU3sld6KuC3U1LHRGO1dQXcL8JVgg+FOOuJFhvrJClroABjDZbJF9s7qm1HIeF6z8eZwxEtYy+R3MjdVP6f9sCvLo\/YUCm12poCGj8zdOV5kbw97nLhj3vdXwFrq9sz6DICe+m2yoi1JbJ9AU\/D\/qLoht+3mv\/6RgCuFR6DB266ez5hTxP\/s+D7c+JHLJ\/6skGyg1denLf3yP\/9RbpYeYyNOEg\/VOvOgvzM3jS8ESI4JwumYq9n0ewVs4Vcl9eVPLn+ZO\/g\/Au3y9pj84Dw1qvnaGqf4S0zR8YqOLz+Bw==\" \/><input type=\"hidden\" name=\"postId_0\" value=\"MzY1AwA=\" \/><input type=\"hidden\" name=\"postTitle_0\" value=\"83FUcA51DfJzBAA=\" \/><input type=\"hidden\" name=\"postLink_0\" value=\"BcFBCoAwDATAF9mNPYm\/WWLUQjXSRoq\/d+aMePoKjDHSbq1wszBG86R+QRmsfrgWdv0qsmSBLJAZlZO+1m7iBw==\" \/><input type=\"hidden\" name=\"postAuthor_0\" value=\"c84syyxJLAYA\" \/><input type=\"hidden\" name=\"postDateTime_0\" value=\"MzIwMtA1sNA1MFQwNLAysLAyMgAA\" \/><input type=\"hidden\" name=\"postContent_0\" value=\"tVfNbttGEL73KQYsELSAJFKWbMuypEaVhTSFEru24xYoeliRY2rdJZfZJSXLp+QBeui9PfiYQw5BDgVyDN8kT9LZJSXTP0mKIj7Y3uXuzjc7O\/PN514ymDAYZahiBimyVElADSggltFUITCV5q91yn0JAYJg4MsoYfmb\/HW5n4lyAaNEoWYw1mkWcEmfelMF7uCrQ\/QzBkeNSaNGthP0ORP8ggV0JDYHAz7PRMh8nr+NYcZ1mr9V3GdAAIrN81eaAAREaIxeudMt3a2VKHieSM19LmPyfwl+\/jbivm7A0ww1bdMQyThlZ7SoMxSEnMqIKXMdCVOm7RV+IHCpuHXMF2yOpW3yI+SFRdaAkTEUkUVfkhW6MzCfjlnYjMJIM8Uv4HmGKyiF9sYxRPmluQ1tKy0nqLSMyS3waVMcmLABF5m2waCdxooJrvaRTBs3hRnQyvqobpTGxgJmWSSVfUGNsQk02JsG5G18MxCNnpsMvuolgx6PQrLoy4DHYd9hehn7DgjJirlgF0vHxEPrvrNI6jxiIdZbmx2gW4UxOZaickArv+\/M0jTRXdddLBaNU6RQBlg8U4MC7fosZUKGkhzT\/lK4ZIximJIBN0sMnnY3vA3P9TruZDh6Nj58Oqy3PO98w2s2zpLQIcC07ziw4EE66zutnR0HZsjDGX3d2Nq2PmhM79kNoPGiBl8eY3urc77ZbFkMGt8Lxtamd95utS0Gje8Fo92mWO0UGDS+D4wiRp3tBb05v0BKzG8idl63idEFSozk\/Ftoet6cwO3MoQL5P\/leSXFY5\/52q2lh66eZEF868w\/Ho8fjp8fjOzPe86oZX73U+3\/goGAEwQMWwI+Zyl8Hhkev0XMXehgNeoYJ4nAw7rnlaPXFrOqeS78LFqfuUPL35GqvWa7gDvM3tjvQjYia08xfkRfBjtbtoluFaG6Z9VjOOdo2Yxh+w\/Papek1UPlg9JFw7OIeV+hbBLpKxeIBcbiEAx4TFcMT2ydivICT\/PKCOPSiBpvQfP8ORg0YKmJQS8NHRMkHGFDP8zbbngf5yzmntnW3DxWslS\/rTcco8lenMpa622MwU3jad1IU3a32NrRbLdjeaDuDyqTnsgF1i+t7vS3wmpvgdTq092pi9laCPY4YF92ro2aayq5gvm3iRc49DM1nk3nO4GMr1gf3ph0suvfD8q9gyrx+A7Uz+OjSDQ8P8suQU49a4LTip6mPsjxuGXCdwSeXbwAcYkAd7sgUk0CK+OqFqlDrUmQ+TqX83Vbh5FooCtD\/sLEK\/3kQwSImAqtEKKtTjD6Bc2tvFepBPNXJbjGb2QZfScPx0cF4dJy\/HD2b7MPe+Oh4OBru7XfvLJ3VGVvL5mX2xdxwBLu7oqnN7bjHVvJIo7pYRZS5cGzFhKCfJH83FbRHrw5+ePHXLYgPL\/42csToovRuk1biKORzHlu6IiZIWIKlrNRmicq1lDjmMM7Ns1P5kBoyzKxWQvKUh5la8V2UnRFl03goqDC1hF+A\/COJdMSmXJJbNbOrcHZP5m8YnJicI05e66JnV2JueV3okbZilB4xaVSSVfOqGDPXqVlpaO6cGNFl\/SsVHLWY\/NLoSDJJwhdVSmGqERMa46j8lU3zMBQHzQK5lnek4dAnDlfEy1QbUgUkYClQPEqkSo3rZeRMRGdkifoLt5JSF+Gwnptrz0qhe9URTxWL8GYPJDIX2HcoaMMzokmi0wfPM5nu3nrl4vO6TTW9TqVPbXmdO3rkUmZpNkVbBtQDMHD5k+bwp0fRzzvfP\/6OgqbSftN78LXX6uyeUhlmCvvSbnTAOjul+6PqO55pkkIuqFf7PsltRRlG3XoXWJbKRLDlrnkutUxSDOo2+XYhXJIQ9mWCu5Bw39iu87heDkt7prdrUuUYU2UU8RmUL\/Hr3Szw2a5PcwylWrr2n6iYvhLznexPTsaHMJzAaEgFPdl\/ZAoaRvtPDob5n\/kfwyNDCr\/Zp\/oX\" \/> \t\t<a href=\"https:\/\/www.pdf24.org\" target=\"_blank\" title=\"www.pdf24.org\" rel=\"nofollow\"><img src=\"https:\/\/www.feriadeteatro.com\/catalogociascyl\/wp-content\/plugins\/pdf24-post-to-pdf\/img\/pdf_32x32.png\" alt=\"\" border=\"0\" height=\"32\" \/><\/a> \t\t<span class=\"pdf24Plugin-cp-space\">&nbsp;&nbsp;<\/span> \t\t<span class=\"pdf24Plugin-cp-text\">Enviar art\u00edculo en formato PDF<\/span> \t\t<span class=\"pdf24Plugin-cp-space\">&nbsp;&nbsp;<\/span> \t\t<input class=\"pdf24Plugin-cp-input\" style=\"margin: 0px;\" type=\"text\" name=\"sendEmailTo\" placeholder=\"Correo electr\u00f3nico\" \/> \t\t<input class=\"pdf24Plugin-cp-submit\" style=\"margin: 0px;\" type=\"submit\" value=\"Enviar\" \/> \t<\/form> <\/div>","protected":false},"excerpt":{"rendered":"<p>La Cuerna teatro es el nombre art\u00edstico de la compa\u00f1\u00eda teatral de la empresa Estudio la Recua S.L., especializada en la divulgaci\u00f3n hist\u00f3rica a trav\u00e9s del medio art\u00edstico: teatro, exposiciones y c\u00f3mics. Nuestros montajes suelen tomar como base la Historia en clave tragic\u00f3mica. Contamos con tres actores y una actriz que suelen realizan m\u00e1s de [&hellip;]<\/p>\n","protected":false},"author":2,"featured_media":564,"comment_status":"open","ping_status":"open","sticky":false,"template":"","format":"standard","meta":[],"categories":[27,11,3,191,12,28,29,31,23,26,7,8,9,24],"tags":[133,134,132],"_links":{"self":[{"href":"https:\/\/www.feriadeteatro.com\/catalogociascyl\/wp-json\/wp\/v2\/posts\/356"}],"collection":[{"href":"https:\/\/www.feriadeteatro.com\/catalogociascyl\/wp-json\/wp\/v2\/posts"}],"about":[{"href":"https:\/\/www.feriadeteatro.com\/catalogociascyl\/wp-json\/wp\/v2\/types\/post"}],"author":[{"embeddable":true,"href":"https:\/\/www.feriadeteatro.com\/catalogociascyl\/wp-json\/wp\/v2\/users\/2"}],"replies":[{"embeddable":true,"href":"https:\/\/www.feriadeteatro.com\/catalogociascyl\/wp-json\/wp\/v2\/comments?post=356"}],"version-history":[{"count":5,"href":"https:\/\/www.feriadeteatro.com\/catalogociascyl\/wp-json\/wp\/v2\/posts\/356\/revisions"}],"predecessor-version":[{"id":750,"href":"https:\/\/www.feriadeteatro.com\/catalogociascyl\/wp-json\/wp\/v2\/posts\/356\/revisions\/750"}],"wp:featuredmedia":[{"embeddable":true,"href":"https:\/\/www.feriadeteatro.com\/catalogociascyl\/wp-json\/wp\/v2\/media\/564"}],"wp:attachment":[{"href":"https:\/\/www.feriadeteatro.com\/catalogociascyl\/wp-json\/wp\/v2\/media?parent=356"}],"wp:term":[{"taxonomy":"category","embeddable":true,"href":"https:\/\/www.feriadeteatro.com\/catalogociascyl\/wp-json\/wp\/v2\/categories?post=356"},{"taxonomy":"post_tag","embeddable":true,"href":"https:\/\/www.feriadeteatro.com\/catalogociascyl\/wp-json\/wp\/v2\/tags?post=356"}],"curies":[{"name":"wp","href":"https:\/\/api.w.org\/{rel}","templated":true}]}}