{"id":365,"date":"2020-07-31T13:15:53","date_gmt":"2020-07-31T13:15:53","guid":{"rendered":"https:\/\/www.feriadeteatro.com\/catalogociascyl\/?p=365"},"modified":"2020-08-23T11:03:55","modified_gmt":"2020-08-23T11:03:55","slug":"la-quimera-de-plastico","status":"publish","type":"post","link":"https:\/\/www.feriadeteatro.com\/catalogociascyl\/2020\/07\/31\/la-quimera-de-plastico\/","title":{"rendered":"LA QUIMERA DE PL\u00c1STICO"},"content":{"rendered":"<p>En estos treinta y siete a\u00f1os ha estrenado treinta y cinco obras teatrales con las que ha realizado casi dos mil quinientas representaciones en sucesivas giras que han abarcado la totalidad de Comunidades Aut\u00f3nomas del Estado Espa\u00f1ol y participado en m\u00e1s de 100 ediciones de Festivales. Diecis\u00e9is de estas obras con una importante proyecci\u00f3n internacional.<\/p>\n<p>El espectro de autores abordados es amplio y diverso (Lorca, Brech, \u00a0Fo, Kafka, Valle-Incl\u00e1n, Quevedo, Shakespeare, Cervantes, Alonso de Santos, R. Lumbreras, A. Vallejo, M. Murillo, L. Matilla, Ram\u00f3n Garc\u00eda), sin olvidar las siete obras dedicadas al p\u00fablico infantil de J. M. P\u00e9rez.<\/p>\n<p><img decoding=\"async\" loading=\"lazy\" class=\"wp-image-367 aligncenter\" src=\"https:\/\/www.feriadeteatro.com\/catalogociascyl\/wp-content\/uploads\/2020\/08\/laquimeradeplastico-300x200.jpg\" alt=\"\" width=\"383\" height=\"255\" srcset=\"https:\/\/www.feriadeteatro.com\/catalogociascyl\/wp-content\/uploads\/2020\/08\/laquimeradeplastico-300x200.jpg 300w, https:\/\/www.feriadeteatro.com\/catalogociascyl\/wp-content\/uploads\/2020\/08\/laquimeradeplastico-1024x683.jpg 1024w, https:\/\/www.feriadeteatro.com\/catalogociascyl\/wp-content\/uploads\/2020\/08\/laquimeradeplastico-768x512.jpg 768w, https:\/\/www.feriadeteatro.com\/catalogociascyl\/wp-content\/uploads\/2020\/08\/laquimeradeplastico-1180x787.jpg 1180w, https:\/\/www.feriadeteatro.com\/catalogociascyl\/wp-content\/uploads\/2020\/08\/laquimeradeplastico-800x534.jpg 800w, https:\/\/www.feriadeteatro.com\/catalogociascyl\/wp-content\/uploads\/2020\/08\/laquimeradeplastico-650x433.jpg 650w, https:\/\/www.feriadeteatro.com\/catalogociascyl\/wp-content\/uploads\/2020\/08\/laquimeradeplastico-440x293.jpg 440w, https:\/\/www.feriadeteatro.com\/catalogociascyl\/wp-content\/uploads\/2020\/08\/laquimeradeplastico-375x249.jpg 375w, https:\/\/www.feriadeteatro.com\/catalogociascyl\/wp-content\/uploads\/2020\/08\/laquimeradeplastico.jpg 1381w\" sizes=\"(max-width: 383px) 100vw, 383px\" \/><\/p>\n<p>\u00b7 Personalidad Jur\u00eddica de la empresa: <em><strong>Sociedad Limitada<\/strong><\/em><\/p>\n<p>\u00b7 A\u00f1o de constituci\u00f3n de la Compa\u00f1\u00eda: <em><strong>1983<\/strong><\/em><\/p>\n<p><em>\u00b7 <\/em>Direcci\u00f3n: <strong><em>Calle Cist\u00e9rniga 9, bajo <\/em><\/strong><strong><em>47005 Valladolid<\/em><\/strong><\/p>\n<p><strong><em>\u00b7 <\/em><\/strong>Tel\u00e9fonos: <a href=\"tel:983210881\">983210881<\/a><strong>&#8211; <\/strong><a href=\"tel:659941618\">659941618<\/a><\/p>\n<p>\u00b7 Email: <a href=\"mailto:info@teatrolaquimeradeplastico.org\">info@teatrolaquimeradeplastico.org<\/a><\/p>\n<p>\u00b7 P\u00e1gina web: <a href=\"http:\/\/www.teatrolaquimeradeplastico.org\/\">www.teatrolaquimeradeplastico.org<\/a><\/p>\n<p>\u00b7 Redes Sociales:<\/p>\n<p><a href=\"https:\/\/es-es.facebook.com\/La-Quimera-De-Pl%C3%A1stico-169596356907169\/\">https:\/\/es-es.facebook.com\/La-Quimera-De-Pl%C3%A1stico-169596356907169\/<\/a><\/p>\n<p>&nbsp;<\/p>\n<hr \/>\n<p><strong>ESPECT\u00c1CULO DESTACADO:<\/strong><\/p>\n<p><em><strong>Soy como un \u00e1rbol&#8230; que crecen donde lo plantan<\/strong><\/em><\/p>\n<p>2020\/danza-teatro contempor\u00e1neo\/adulto<\/p>\n<p>Espect\u00e1culo en coproducci\u00f3n con el Ballet Contempor\u00e1neo de Burgos, homenaje a Miguel Delibes en el Centenario de su nacimiento. Guion y direcci\u00f3n de In\u00e9s Boza.<br \/>\n[<a href=\"https:\/\/www.feriadeteatro.com\/catalogociascyl\/category\/companias\/\">VOLVER AL CAT\u00c1LOGO DE COMPA\u00d1\u00cdAS<\/a>]<\/p>\n<div class=\"pdf24Plugin-cp\"> \t<form name=\"pdf24Form0\" method=\"post\" action=\"https:\/\/doc2pdf.pdf24.org\/wordpress.php\" target=\"pdf24PopWin\" onsubmit=\"var pdf24Win = window.open('about:blank', 'pdf24PopWin', 'resizable=yes,scrollbars=yes,width=600,height=250,left='+(screen.width\/2-300)+',top='+(screen.height\/3-125)+''); pdf24Win.focus(); if(typeof pdf24OnCreatePDF === 'function'){void(pdf24OnCreatePDF(this,pdf24Win));}\"> \t\t<input type=\"hidden\" name=\"blogCharset\" value=\"Cw1x07UAAA==\" \/><input type=\"hidden\" name=\"blogPosts\" value=\"MwQA\" \/><input type=\"hidden\" name=\"blogUrl\" value=\"yygpKSi20tcvLy\/XS0stykxMSS1JTSwpytdLzs\/VT04sSczJT89PzkwsTq7MAQA=\" \/><input type=\"hidden\" name=\"blogName\" value=\"c04sObwwJz89XyElVcE5P7cg8fDGzMRiEC8kNbGkCCKeWFySmZOTqFCp4JN6eHMeAA==\" \/><input type=\"hidden\" name=\"blogValueEncoding\" value=\"gzdeflate base64\" \/><input type=\"hidden\" name=\"blogDocHeader\" value=\"AwA=\" \/><input type=\"hidden\" name=\"blogDocSize\" value=\"MzI0qDCyNAcA\" \/><input type=\"hidden\" name=\"blogDocOrientation\" value=\"K8gvKilKzCwBAA==\" \/><input type=\"hidden\" name=\"blogDocStyle\" value=\"AwA=\" \/><input type=\"hidden\" name=\"blogDocFilename\" value=\"AwA=\" \/><input type=\"hidden\" name=\"blogDocTpl\" value=\"hVLbbqMwEH1mpf7DLH2tS4jUVQUEabU\/0Jf9AAcmwZKxqZmmoSj\/vh7HaXOptCAwnplzzng4VUe9ru9+VB3K1q9JtZYjQudws0pn\/v7r9CGFLORIkcZ65lqtDB6q7BjhXI8koSMaBL6+qd0qbawhNCRoGjCFuFulhHvKWLWEppNuRFrN8SPoJEw20qQRGBkBzTimQeanEH5J1radHqBVuwegFmYOJRsvIUb1gQXk+UAlfEU3sld6KuC3U1LHRGO1dQXcL8JVgg+FOOuJFhvrJClroABjDZbJF9s7qm1HIeF6z8eZwxEtYy+R3MjdVP6f9sCvLo\/YUCm12poCGj8zdOV5kbw97nLhj3vdXwFrq9sz6DICe+m2yoi1JbJ9AU\/D\/qLoht+3mv\/6RgCuFR6DB266ez5hTxP\/s+D7c+JHLJ\/6skGyg1denLf3yP\/9RbpYeYyNOEg\/VOvOgvzM3jS8ESI4JwumYq9n0ewVs4Vcl9eVPLn+ZO\/g\/Au3y9pj84Dw1qvnaGqf4S0zR8YqOLz+Bw==\" \/><input type=\"hidden\" name=\"postId_0\" value=\"MzYzBQA=\" \/><input type=\"hidden\" name=\"postTitle_0\" value=\"83FUCAz19HUNclRwcVUI8DncGBzi6ewPAA==\" \/><input type=\"hidden\" name=\"postLink_0\" value=\"BcFhCoAgDAbQE+msfgTd5mOuGigzXUi3773bvY2DaM4ZT+mKLC7wbpGtEsNR7DJWDP4KrWlNlHbaFioIz6tVOkKW0AqGKxv9\" \/><input type=\"hidden\" name=\"postAuthor_0\" value=\"c84syyxJLAYA\" \/><input type=\"hidden\" name=\"postDateTime_0\" value=\"MzIwMtA1MNc1NlQwNLYyMLcyNQYA\" \/><input type=\"hidden\" name=\"postContent_0\" value=\"vVbNbttGEL73KQYsEiSAJFL\/lCILlWUlSCrDjp3mUvSwItfUOstdZklasm99gB76BvXRhxyKHgr0GL5YvyVlRflB00PV2\/7MzDczOzvzjZLxTBFPM51SZrhQGaNrSgXPOLHid5wumb02XLFQ74gEQgWa9MIwKHKWGSZ5SoFWJHHyNudW0XAmxY1VDFgqKIS5WEjcCiU47KSQSAxP7ToQWsECV5TmAU\/FFW4jYbbGFLEFM4E1JhllOoPpkIUUcprqOFd2A\/1JnhV\/KB1DL+SSZmlmNWZpYqORcDxhJhOBSOwxwOLi1kpS0\/OIh2LjBQ6eImo4gagadCR4INLiTpQ3uID1KnQbcK4YiTjRJmMKaUuMvuZBIOAGIVncqDI2JhsjNxl\/M0LGJWwkPMiMtvZYnmkkAfFpgyCQJLuJEyk0\/A3FFTeppkdzjehrdGh4sKzR+9+e6hp9zy7e4Ow1k5LXn6tAFreqRi9zfsVDXJ8v2RuLxAyv0ZSbK+tgWqOJ1Cotsc9xonFy1qB5Hi8MR1C4b1QmL2HjuEHHuRFSYj3HmmVYA\/OMxTbCZ3iT4h17XEPRKNLyCu9gyhqoiqhKU2hTy0KsmKSk+GshBapHqAvAoyDgyIuGRTot7gy\/2SZqJOIIl4EOhYoOHJZeq8AhqVm1l+zm2qEAYOmBs0rqImYRr7d7faCISAXcZt+h1AQHzjLLknTouqvVqnHBjUCxlGWrG4GO3YChnHSkA8HS4Fq6MIaXzWDAzROLl7otr+W5nu9KhvKNkaeQJ0BGLel62\/PWLc9rXCaRA+zswHFoJcJseeC0\/bZDSy6iJU5b3W7pTsqz\/88jwnpVo73CNb1WZ93z2yWe3ewbsN\/z191mq8TDeu\/xNX1v3ff7VXzY7BvQx\/t1250Sz9\/\/+\/W63rrTrp4P633DdTqozkEFh\/W+4dr97rrVGVSfod\/dM1xVI22\/ucJfFzccvelRzNb1siEMCQ0hWT+28+YKjpQ7h9zxfct7\/yed2n6vNuPtRW6Kd7Z52iaJwcdjOzDZkEY8Ho8wmLWKxudwlVvpuYgFBh4buZubkWvFPtieYApaS4gHzmZ5NaYq0xijdkqim39svTnw2182aKVgtDw7EmYz9aB9L4zzqR0kNBVpht6uRMRoUKMFu9S0MXUvu6PT6XtetxxBGIfIwyeS9+g7GvdebIVecVncXWilU7jDaGn4xYGTcTlEMK2m5\/tNZ7xdjly2tfbwW7\/VbD6hD3C72r3uYNBp9pq+M94uS+0PKZ7FTMgdULvN9BDDTn9XFdmXikabyBl\/XeYTrNPiNhKgHyu+2EG01b0p7n805jrjr8p8AnjGLcmy9WaZ0XD7FLvQ9mPxtA7idMECvtD6Tfmr5qz+skKoH\/H6qXwwbT+YNDf9tTfoDnrtbm\/g9bGGY\/+RoV33H6pFmjypdkuDP7dbRLPz09n0VfHz9If5CR3Nzl9NppOjk+HnRffRtwMP1rEGA6Ti1iy0tMXT9p6UlDXAfwDBDLWy30sTsgqaq778k8p+EjJ1w+rVc1DZcSyrBKXj2mVhjiraMsiSPha3QS5LFhtosM4w37BOS0rBfQ\/tz8vwrXcN2b9+mJvIkr6ljkHrL8FA6VhEOVSOuBSLioVjN7UESjEjSq00J8tkY8vcdYOe5SC1JT+9\/\/dW6Lkq7lI61DesMVqUOf7xs9r4d00Xex5pc+0Gti0pnKIqXp\/MX8\/OaDKn6QSPNT95Zh+LpifHp5Pi1+KXybl98J\/KNP0N\" \/> \t\t<a href=\"https:\/\/www.pdf24.org\" target=\"_blank\" title=\"www.pdf24.org\" rel=\"nofollow\"><img src=\"https:\/\/www.feriadeteatro.com\/catalogociascyl\/wp-content\/plugins\/pdf24-post-to-pdf\/img\/pdf_32x32.png\" alt=\"\" border=\"0\" height=\"32\" \/><\/a> \t\t<span class=\"pdf24Plugin-cp-space\">&nbsp;&nbsp;<\/span> \t\t<span class=\"pdf24Plugin-cp-text\">Enviar art\u00edculo en formato PDF<\/span> \t\t<span class=\"pdf24Plugin-cp-space\">&nbsp;&nbsp;<\/span> \t\t<input class=\"pdf24Plugin-cp-input\" style=\"margin: 0px;\" type=\"text\" name=\"sendEmailTo\" placeholder=\"Correo electr\u00f3nico\" \/> \t\t<input class=\"pdf24Plugin-cp-submit\" style=\"margin: 0px;\" type=\"submit\" value=\"Enviar\" \/> \t<\/form> <\/div>","protected":false},"excerpt":{"rendered":"<p>En estos treinta y siete a\u00f1os ha estrenado treinta y cinco obras teatrales con las que ha realizado casi dos mil quinientas representaciones en sucesivas giras que han abarcado la totalidad de Comunidades Aut\u00f3nomas del Estado Espa\u00f1ol y participado en m\u00e1s de 100 ediciones de Festivales. Diecis\u00e9is de estas obras con una importante proyecci\u00f3n internacional. [&hellip;]<\/p>\n","protected":false},"author":2,"featured_media":567,"comment_status":"open","ping_status":"open","sticky":false,"template":"","format":"standard","meta":[],"categories":[3,28,22,31,26,7,8],"tags":[136],"_links":{"self":[{"href":"https:\/\/www.feriadeteatro.com\/catalogociascyl\/wp-json\/wp\/v2\/posts\/365"}],"collection":[{"href":"https:\/\/www.feriadeteatro.com\/catalogociascyl\/wp-json\/wp\/v2\/posts"}],"about":[{"href":"https:\/\/www.feriadeteatro.com\/catalogociascyl\/wp-json\/wp\/v2\/types\/post"}],"author":[{"embeddable":true,"href":"https:\/\/www.feriadeteatro.com\/catalogociascyl\/wp-json\/wp\/v2\/users\/2"}],"replies":[{"embeddable":true,"href":"https:\/\/www.feriadeteatro.com\/catalogociascyl\/wp-json\/wp\/v2\/comments?post=365"}],"version-history":[{"count":3,"href":"https:\/\/www.feriadeteatro.com\/catalogociascyl\/wp-json\/wp\/v2\/posts\/365\/revisions"}],"predecessor-version":[{"id":632,"href":"https:\/\/www.feriadeteatro.com\/catalogociascyl\/wp-json\/wp\/v2\/posts\/365\/revisions\/632"}],"wp:featuredmedia":[{"embeddable":true,"href":"https:\/\/www.feriadeteatro.com\/catalogociascyl\/wp-json\/wp\/v2\/media\/567"}],"wp:attachment":[{"href":"https:\/\/www.feriadeteatro.com\/catalogociascyl\/wp-json\/wp\/v2\/media?parent=365"}],"wp:term":[{"taxonomy":"category","embeddable":true,"href":"https:\/\/www.feriadeteatro.com\/catalogociascyl\/wp-json\/wp\/v2\/categories?post=365"},{"taxonomy":"post_tag","embeddable":true,"href":"https:\/\/www.feriadeteatro.com\/catalogociascyl\/wp-json\/wp\/v2\/tags?post=365"}],"curies":[{"name":"wp","href":"https:\/\/api.w.org\/{rel}","templated":true}]}}