{"id":375,"date":"2020-07-31T13:00:47","date_gmt":"2020-07-31T13:00:47","guid":{"rendered":"https:\/\/www.feriadeteatro.com\/catalogociascyl\/?p=375"},"modified":"2020-08-23T11:04:49","modified_gmt":"2020-08-23T11:04:49","slug":"libera-teatro","status":"publish","type":"post","link":"https:\/\/www.feriadeteatro.com\/catalogociascyl\/2020\/07\/31\/libera-teatro\/","title":{"rendered":"L\u00cdBERA TEATRO"},"content":{"rendered":"<p>Compa\u00f1\u00eda vallisoletana de teatro profesional, especializada en teatro infantil familiar que desarrolla diferentes proyectos en el \u00e1mbito cultural.<\/p>\n<p>Nuestra inquietud\u00a0 principal es inculcar en los m\u00e1s j\u00f3venes la curiosidad por las Artes, la Literatura, la Ciencia, la Ecolog\u00eda, la Igualdad y Diversidad; de manera accesible, pedag\u00f3gica\u00a0 y divertida.<\/p>\n<p>Queremos transmitir\u00a0 nuestro amor a la Cultura poni\u00e9ndola en valor como parte esencial para su formaci\u00f3n personal.<\/p>\n<p>L\u00edbera Teatro est\u00e1 compuesta por dos actrices: Evangelina Valdespino y Anah\u00ed van der Blick.<\/p>\n<p><img decoding=\"async\" loading=\"lazy\" class=\" wp-image-377 aligncenter\" src=\"https:\/\/www.feriadeteatro.com\/catalogociascyl\/wp-content\/uploads\/2020\/08\/CARTEL-TEXTURA-219x300.jpg\" alt=\"\" width=\"280\" height=\"384\" srcset=\"https:\/\/www.feriadeteatro.com\/catalogociascyl\/wp-content\/uploads\/2020\/08\/CARTEL-TEXTURA-219x300.jpg 219w, https:\/\/www.feriadeteatro.com\/catalogociascyl\/wp-content\/uploads\/2020\/08\/CARTEL-TEXTURA-749x1024.jpg 749w, https:\/\/www.feriadeteatro.com\/catalogociascyl\/wp-content\/uploads\/2020\/08\/CARTEL-TEXTURA-768x1050.jpg 768w, https:\/\/www.feriadeteatro.com\/catalogociascyl\/wp-content\/uploads\/2020\/08\/CARTEL-TEXTURA-1124x1536.jpg 1124w, https:\/\/www.feriadeteatro.com\/catalogociascyl\/wp-content\/uploads\/2020\/08\/CARTEL-TEXTURA-1498x2048.jpg 1498w, https:\/\/www.feriadeteatro.com\/catalogociascyl\/wp-content\/uploads\/2020\/08\/CARTEL-TEXTURA-1180x1613.jpg 1180w, https:\/\/www.feriadeteatro.com\/catalogociascyl\/wp-content\/uploads\/2020\/08\/CARTEL-TEXTURA-800x1094.jpg 800w, https:\/\/www.feriadeteatro.com\/catalogociascyl\/wp-content\/uploads\/2020\/08\/CARTEL-TEXTURA-650x889.jpg 650w, https:\/\/www.feriadeteatro.com\/catalogociascyl\/wp-content\/uploads\/2020\/08\/CARTEL-TEXTURA-440x602.jpg 440w, https:\/\/www.feriadeteatro.com\/catalogociascyl\/wp-content\/uploads\/2020\/08\/CARTEL-TEXTURA-scaled.jpg 1873w\" sizes=\"(max-width: 280px) 100vw, 280px\" \/><\/p>\n<p>\u00b7 Personalidad Jur\u00eddica de la empresa: <em><strong>aut\u00f3noma<\/strong><\/em><\/p>\n<p>\u00b7 A\u00f1o de constituci\u00f3n de la Compa\u00f1\u00eda: <em><strong>2007<\/strong><\/em><\/p>\n<p><em>\u00b7 <\/em>Direcci\u00f3n: <strong><em>C\/ Moradas 1, 47130 Simancas, Valladolid<\/em><\/strong><\/p>\n<p><strong><em>\u00b7 <\/em><\/strong>Tel\u00e9fonos:<\/p>\n<p>DISTRIBUCI\u00d3N: <a href=\"tel:+34 651383522\">+34 651383522<\/a><\/p>\n<p>COMPA\u00d1\u00cdA:<a href=\"tel:+34 691274829\">+34 691274829<\/a> \/<a href=\"tel:691274830\">+34 691274830<\/a><\/p>\n<p>\u00b7 Email:<\/p>\n<p>Distribuci\u00f3n:<\/p>\n<p><a href=\"mailto:Info@liberateatro.com\"><strong><em>Info@liberateatro.com<\/em><\/strong><\/a><\/p>\n<p><strong><em>\u00a0 \u00a0 \u00a0 \u00a0<\/em><\/strong>Compa\u00f1\u00eda:<\/p>\n<p><a href=\"mailto:liberateatro@hotmail.com\"><strong><em>liberateatro@hotmail.com<\/em><\/strong><\/a><\/p>\n<p>\u00b7 P\u00e1gina web: <a href=\"https:\/\/www.liberateatro.com\/\">https:\/\/www.liberateatro.com\/<\/a><\/p>\n<p>\u00b7 Redes Sociales:<\/p>\n<p><a href=\"https:\/\/www.facebook.com\/evayanahi\/\">https:\/\/www.facebook.com\/evayanahi\/<\/a><\/p>\n<p><a href=\"https:\/\/www.instagram.com\/liberateatro\/\">https:\/\/www.instagram.com\/liberateatro\/<\/a><\/p>\n<p>&nbsp;<\/p>\n<hr \/>\n<p><strong>ESPECT\u00c1CULO DESTACADO:<\/strong><\/p>\n<p><em><strong>\u00bfQu\u00e9 Pacha, Mama?<\/strong><\/em><\/p>\n<p>Estreno enero 2020\/infantil y familiar<\/p>\n<p>Igualdad y ecolog\u00eda en un espect\u00e1culo desternillante y divertido cuyo objetivo es despertar una conciencia respetuosa y prevenir la violencia de g\u00e9nero.<\/p>\n<p>El Hada Exagerada y la Elfa Belfa aterrizan en nuestro mundo para dar la voz de alarma: \u00a1las mujeres y la Madre Tierra est\u00e1n sufriendo una devastaci\u00f3n sin precedentes!<\/p>\n<p>Una carta de la mism\u00edsima Mama obliga a nuestra Hada a encarnar un mont\u00f3n de personajes femeninos hist\u00f3ricos, desde la mujer prehist\u00f3rica Cleopatra, Juana de Arco, Marcela de Carpio, Marie Curie, Frida Kahlo, Jane Goodall, hasta Lady Gaga. Su compa\u00f1era Elfa, por ser tan trasto, tendr\u00e1 que encargarse de los personajes secundarios, como un conejo, una pir\u00e1mide o un palo, d\u00e1ndose situaciones divertid\u00edsimas.<\/p>\n<p>Esperemos que la misi\u00f3n pueda completarse ya que solo los humanos pueden salvar a la Pacha Mama.<\/p>\n<p><iframe loading=\"lazy\" title=\"Que Pacha Mama\" src=\"https:\/\/player.vimeo.com\/video\/342096778?dnt=1&amp;app_id=122963\" width=\"1080\" height=\"608\" frameborder=\"0\" allow=\"autoplay; fullscreen\" allowfullscreen><\/iframe><br \/>\n[<a href=\"https:\/\/www.feriadeteatro.com\/catalogociascyl\/category\/companias\/\">VOLVER AL CAT\u00c1LOGO DE COMPA\u00d1\u00cdAS<\/a>]<\/p>\n<div class=\"pdf24Plugin-cp\"> \t<form name=\"pdf24Form0\" method=\"post\" action=\"https:\/\/doc2pdf.pdf24.org\/wordpress.php\" target=\"pdf24PopWin\" onsubmit=\"var pdf24Win = window.open('about:blank', 'pdf24PopWin', 'resizable=yes,scrollbars=yes,width=600,height=250,left='+(screen.width\/2-300)+',top='+(screen.height\/3-125)+''); pdf24Win.focus(); if(typeof pdf24OnCreatePDF === 'function'){void(pdf24OnCreatePDF(this,pdf24Win));}\"> \t\t<input type=\"hidden\" name=\"blogCharset\" value=\"Cw1x07UAAA==\" \/><input type=\"hidden\" name=\"blogPosts\" value=\"MwQA\" \/><input type=\"hidden\" name=\"blogUrl\" value=\"yygpKSi20tcvLy\/XS0stykxMSS1JTSwpytdLzs\/VT04sSczJT89PzkwsTq7MAQA=\" \/><input type=\"hidden\" name=\"blogName\" value=\"c04sObwwJz89XyElVcE5P7cg8fDGzMRiEC8kNbGkCCKeWFySmZOTqFCp4JN6eHMeAA==\" \/><input type=\"hidden\" name=\"blogValueEncoding\" value=\"gzdeflate base64\" \/><input type=\"hidden\" name=\"blogDocHeader\" value=\"AwA=\" \/><input type=\"hidden\" name=\"blogDocSize\" value=\"MzI0qDCyNAcA\" \/><input type=\"hidden\" name=\"blogDocOrientation\" value=\"K8gvKilKzCwBAA==\" \/><input type=\"hidden\" name=\"blogDocStyle\" value=\"AwA=\" \/><input type=\"hidden\" name=\"blogDocFilename\" value=\"AwA=\" \/><input type=\"hidden\" name=\"blogDocTpl\" value=\"hVLbbqMwEH1mpf7DLH2tS4jUVQUEabU\/0Jf9AAcmwZKxqZmmoSj\/vh7HaXOptCAwnplzzng4VUe9ru9+VB3K1q9JtZYjQudws0pn\/v7r9CGFLORIkcZ65lqtDB6q7BjhXI8koSMaBL6+qd0qbawhNCRoGjCFuFulhHvKWLWEppNuRFrN8SPoJEw20qQRGBkBzTimQeanEH5J1radHqBVuwegFmYOJRsvIUb1gQXk+UAlfEU3sld6KuC3U1LHRGO1dQXcL8JVgg+FOOuJFhvrJClroABjDZbJF9s7qm1HIeF6z8eZwxEtYy+R3MjdVP6f9sCvLo\/YUCm12poCGj8zdOV5kbw97nLhj3vdXwFrq9sz6DICe+m2yoi1JbJ9AU\/D\/qLoht+3mv\/6RgCuFR6DB266ez5hTxP\/s+D7c+JHLJ\/6skGyg1denLf3yP\/9RbpYeYyNOEg\/VOvOgvzM3jS8ESI4JwumYq9n0ewVs4Vcl9eVPLn+ZO\/g\/Au3y9pj84Dw1qvnaGqf4S0zR8YqOLz+Bw==\" \/><input type=\"hidden\" name=\"postId_0\" value=\"MzY3BQA=\" \/><input type=\"hidden\" name=\"postTitle_0\" value=\"8znc6+Qa5KgQ4uoYEuQPAA==\" \/><input type=\"hidden\" name=\"postLink_0\" value=\"JcpBCoAwDATAF9mt9SD4mxhjLUQiaaD4ew\/Oea6Ip2\/AGCOd4o0OCaFwS2w3mILUqnGjzq+i5JKRVywztO3iNP0ZHw==\" \/><input type=\"hidden\" name=\"postAuthor_0\" value=\"c84syyxJLAYA\" \/><input type=\"hidden\" name=\"postDateTime_0\" value=\"MzIwMtA1MNc1NlQwNLYyMLcyMQcA\" \/><input type=\"hidden\" name=\"postContent_0\" value=\"vVfLbhvJFd3nKyq9GCSIJDYfFh8mOUNTHEceeeSRaCNAEASX3cVmaaqreqq6KdK7+YAsgvzAaOmFFgMvsgzg\/rGcqiYpSpYnKwUQBNbr3nMffe89\/Ww41mlG5a\/lLbElSSmsljwnRSzmLOeUG80yo+fcCq1IHjBuMx4JkuI9xcS42l4Sak4qF5LNKRVSkGE\/FRxCLBmjpYQ8MeeGq5xbJ3DNo1xb955LVt6kM5FrFhUyLwzJo34tG\/6unw2\/L7jNDUH4T4XgeRF\/+gWPhYpERhJQcIA3EZRBkIS8tLyx7Kr8uOQKp9AaFUZoK2KKWaYNdiwbGWA4cIdnIueGnEq\/HAsOydXvSaSlTuAVvzpNCpJOxpqdiCU3XuBz56KUFEQwiiJ4aCb5Act4TEn5MRERAe0aduNBjgc7q34o4IgUaGGasqnIhcFN5W3VjFLgJI+ncgeAK1F+ULGW3uEIE25EOkVkCLbADx63dEtitmBzbVKKRPlRAY2xLnA75Wfl7cwhnlZhg87yxgnLnHryTooBjaLcCNjUY5MlqYRLgZR4Bycg\/kJp2DVStChvgUbBD4a9kCL6caelL9IE25GOhUoGAdm1igJEiKq1pPfrgEWIhh0E7Do7FCkl\/LDZbjNkVqIilycmYNZEg2CR55nt1WrX19dHSCFBMa9y7giwaxHl8Eei4QAbrWUNwiKN1yqvFZlTaGuNsBHWwk5tPLqYTs4Op5O\/TN9ejA4b9e6qGYZHV1kSQG0+CABFxPliEDQ6YcAWXCQL7DY7LY\/E8vz\/Aobh9\/UBeypN7VZ3VQ8bLa8Ki6dUddyBqmeVVVg8oap6vdFa1Z81j70ut3pKZa1uZ9UIW51KGVZPalknXNWP682NZZ3wCZV1QugKu1VyYPGEqo6fhatOp+s14fcTamq1wtVx2PCa8PsJNdmIJI+rQHXazWvUDfGeo8b9IaXVoS8uPYbikq3+yOphuAQUvwpYbbgtnZ\/+zd5sirZvW68KU97G6Cau3bgOkGYGXbXH+jwd9l3LUMmQihzVXqfUr212+jV3fCdzVP6qnQRYYnORF1V7qETezQD3pTbCsP24QHcLQv3eiTA88uLwensZ++Mae60NpgTL6ges1a43Q3aJQq8iQvtFL5GElibijeCdmo2GPUlbTbtLUy7LD3OttO1t75+cXk4vTl+8HZ+W\/\/oeQIgtDJ8PgpzL3p+aLaRYvdlpPms0guG9Zb9GO53j89dvRuU\/y3+Mep+\/79Yb7Van0d283y7de1a7d31z1gzvXW2G+6pg0iQlIe\/wC9gmZlVcdrs7ue5urnunaq6\/kcJ18LuEDe4569ErD31Mj\/v5F7b9u\/9gL0G+hGxf4zcLnbvtz8F96daX8bnPobxJ3PhxzWd7gd3\/hh+aWwuGv3n8QMEFx1jDLt0HL7n93MR75YIiPtP6Ry+HL2mNWXkhHij8wqV7fn9MuMC3SYmh1D\/ch\/1AwW9c3FfylZrZ7Hm1WhgUmf2ITy7fTMbT8ufx27NzdjK5nI7Go5Pz3udf4l5F+PSfH4ryA3tD0QKT8WtK6evHC8QEmxxzIuZwTJm+XO4YwnrHEba39+Zrvh283ahbqIpvYEbFnO\/ql8VcqARKB+rx3nDtuMNaMz274rlYurHW3cXwm4MbFMgdlL2oGu+ZcQd5oS1BAGopuIJwzIAtBbiPv4KymGDiBvTdRDuR7M+O8UxWmFRdVcNjxxPknNgL7v4jAMaAFimHfDvNpwXm9mowj6nSot87+SQJQ3qPfbpxnCQtrsAJbCXzNcWGs6mAOKoGdIWpfm6AH7IKz82WhASoargVypkRIYkdu\/r9FvFbZzYIwrZxpMKm5a1FBfaBg7MwagP2BitV9jm\/45XyfmMp+t6mT2yYxBVQznkKn6H6sgWqVvkRTEGjpMPjG03OGodpd4weI7nOkKBIm1fFhl+OTKRdFpmIS78xJpOJaktgBe4GQvWtQR9k39FC4uQV+BZ7qXWM9oE+7rzAzihes5eU0BG7LDyXQa1yHMcF58BTGgs8YLWOcdkcYtDMYwPi4ziqtzchY7l3FKzaM9XyCBEkRyIPKs4FryCZ+BWkuFBkAnJSgZf+CLwUBzFCBhbFEZu8QJi0Y6PbXK1iYO8yy+Wp54MOTRWoirsVoJLeHkfJHb41+Tvg6NoDXRRopw5w4YLPLMklbcij\/0R9oPdI2RwVgz+kYZgGJB8EYKV7jx5wr0zSmpujpUh5VUGXsFjXmq1G2D1utztfxyof1L+iNHtOWfZ3EQ\/qjUb3uLljVPVwn1Idh52AeTAzbcAeB0HoKJjU1+CKRa6duudsXkhpI8O52hzebaDOVMYM+zNf1\/76eLH+n7Md1jzRZl3zaaOwi0r77vzs3eSCjc7YeIQCeXb+0hVIdjceXLoi+zfv1\/8C\" \/> \t\t<a href=\"https:\/\/www.pdf24.org\" target=\"_blank\" title=\"www.pdf24.org\" rel=\"nofollow\"><img src=\"https:\/\/www.feriadeteatro.com\/catalogociascyl\/wp-content\/plugins\/pdf24-post-to-pdf\/img\/pdf_32x32.png\" alt=\"\" border=\"0\" height=\"32\" \/><\/a> \t\t<span class=\"pdf24Plugin-cp-space\">&nbsp;&nbsp;<\/span> \t\t<span class=\"pdf24Plugin-cp-text\">Enviar art\u00edculo en formato PDF<\/span> \t\t<span class=\"pdf24Plugin-cp-space\">&nbsp;&nbsp;<\/span> \t\t<input class=\"pdf24Plugin-cp-input\" style=\"margin: 0px;\" type=\"text\" name=\"sendEmailTo\" placeholder=\"Correo electr\u00f3nico\" \/> \t\t<input class=\"pdf24Plugin-cp-submit\" style=\"margin: 0px;\" type=\"submit\" value=\"Enviar\" \/> \t<\/form> <\/div>","protected":false},"excerpt":{"rendered":"<p>Compa\u00f1\u00eda vallisoletana de teatro profesional, especializada en teatro infantil familiar que desarrolla diferentes proyectos en el \u00e1mbito cultural. Nuestra inquietud\u00a0 principal es inculcar en los m\u00e1s j\u00f3venes la curiosidad por las Artes, la Literatura, la Ciencia, la Ecolog\u00eda, la Igualdad y Diversidad; de manera accesible, pedag\u00f3gica\u00a0 y divertida. Queremos transmitir\u00a0 nuestro amor a la Cultura [&hellip;]<\/p>\n","protected":false},"author":2,"featured_media":568,"comment_status":"open","ping_status":"open","sticky":false,"template":"","format":"standard","meta":[],"categories":[27,3,22,19,21,23,26,24],"tags":[139,138,140],"_links":{"self":[{"href":"https:\/\/www.feriadeteatro.com\/catalogociascyl\/wp-json\/wp\/v2\/posts\/375"}],"collection":[{"href":"https:\/\/www.feriadeteatro.com\/catalogociascyl\/wp-json\/wp\/v2\/posts"}],"about":[{"href":"https:\/\/www.feriadeteatro.com\/catalogociascyl\/wp-json\/wp\/v2\/types\/post"}],"author":[{"embeddable":true,"href":"https:\/\/www.feriadeteatro.com\/catalogociascyl\/wp-json\/wp\/v2\/users\/2"}],"replies":[{"embeddable":true,"href":"https:\/\/www.feriadeteatro.com\/catalogociascyl\/wp-json\/wp\/v2\/comments?post=375"}],"version-history":[{"count":3,"href":"https:\/\/www.feriadeteatro.com\/catalogociascyl\/wp-json\/wp\/v2\/posts\/375\/revisions"}],"predecessor-version":[{"id":633,"href":"https:\/\/www.feriadeteatro.com\/catalogociascyl\/wp-json\/wp\/v2\/posts\/375\/revisions\/633"}],"wp:featuredmedia":[{"embeddable":true,"href":"https:\/\/www.feriadeteatro.com\/catalogociascyl\/wp-json\/wp\/v2\/media\/568"}],"wp:attachment":[{"href":"https:\/\/www.feriadeteatro.com\/catalogociascyl\/wp-json\/wp\/v2\/media?parent=375"}],"wp:term":[{"taxonomy":"category","embeddable":true,"href":"https:\/\/www.feriadeteatro.com\/catalogociascyl\/wp-json\/wp\/v2\/categories?post=375"},{"taxonomy":"post_tag","embeddable":true,"href":"https:\/\/www.feriadeteatro.com\/catalogociascyl\/wp-json\/wp\/v2\/tags?post=375"}],"curies":[{"name":"wp","href":"https:\/\/api.w.org\/{rel}","templated":true}]}}