{"id":380,"date":"2020-07-31T12:45:17","date_gmt":"2020-07-31T12:45:17","guid":{"rendered":"https:\/\/www.feriadeteatro.com\/catalogociascyl\/?p=380"},"modified":"2023-03-14T09:19:54","modified_gmt":"2023-03-14T09:19:54","slug":"los-absurdos-teatro","status":"publish","type":"post","link":"https:\/\/www.feriadeteatro.com\/catalogociascyl\/2020\/07\/31\/los-absurdos-teatro\/","title":{"rendered":"LOS ABSURDOS TEATRO"},"content":{"rendered":"<p><strong>LOS ABSURDOS TEATRO <\/strong>nace a principios de 2010 casi de casualidad, casi de puntillas, casi sin darnos cuenta y sin casi nada, ni siquiera ropa. \u2018Desnudo, nadie es perfecto\u2019, pre-estrenado en Madrid y estrenado oficialmente en el teatro Zorrilla de Valladolid puso las bases a lo que ser\u00eda la filosof\u00eda de trabajo de la compa\u00f1\u00eda.<\/p>\n<p>Una puesta en escena limpia y precisa, con los elementos justos y necesarios para hacer montajes muy \u00e1giles, r\u00e1pidos, en los que las conversaciones y los pensamientos se cruzan del mismo modo en que se cruzan por la vida, sin pedir permiso. Del mismo modo en que se cruzan en un folio la prosa y el verso, con un simple cambio de rengl\u00f3n. Del mismo modo en que la cuarta pared aparece y desaparece y los personajes se abrazan y distancian del p\u00fablico, con un simple gui\u00f1o.<\/p>\n<p>Y todo esto lo pretendemos hacer a trav\u00e9s de nuestro imaginario, de nuestra visi\u00f3n expresada en nuestras propias palabras. Textos propios que conforman nuestro propio universo. Un universo que nos lleva a buscar en cada montaje \u2013quiz\u00e1 de forma necia, pero siempre divertida- la lente de aumento m\u00e1s adecuada a nuestra mirada autocr\u00edtica con el fin de encontrar el famoso punto sobre la i. Y as\u00ed nos hemos visto colocando el punto sobre la i de la incongruencia (diosa absurda donde las haya); sobre la i de la idiotez (el virus m\u00e1s mort\u00edfero y contagioso que jam\u00e1s haya existido); sobre la i de la injusticia (ese gran mantra que est\u00e1 en la base de este maltrecho mundo); sobre la i de la incompetencia (en la que posiblemente hayamos ca\u00eddo varias veces).<\/p>\n<p>Nuestro aut\u00e9ntico reto es mostrar dramas sin caer en dramatismos; plantear dudas sin imponer soluciones; sacar sonrisas sin buscarlas. En definitiva, buscamos que la gente se divierta y que adem\u00e1s piense y se emocione y reflexione y al tiempo se abandone y simplemente disfrute.<\/p>\n<p><img decoding=\"async\" loading=\"lazy\" class=\"alignnone size-medium wp-image-939 aligncenter\" src=\"https:\/\/www.feriadeteatro.com\/catalogociascyl\/wp-content\/uploads\/2020\/07\/VONLUSTIG-300x200.jpg\" alt=\"\" width=\"300\" height=\"200\" srcset=\"https:\/\/www.feriadeteatro.com\/catalogociascyl\/wp-content\/uploads\/2020\/07\/VONLUSTIG-300x200.jpg 300w, https:\/\/www.feriadeteatro.com\/catalogociascyl\/wp-content\/uploads\/2020\/07\/VONLUSTIG-1024x682.jpg 1024w, https:\/\/www.feriadeteatro.com\/catalogociascyl\/wp-content\/uploads\/2020\/07\/VONLUSTIG-768x512.jpg 768w, https:\/\/www.feriadeteatro.com\/catalogociascyl\/wp-content\/uploads\/2020\/07\/VONLUSTIG-1536x1024.jpg 1536w, https:\/\/www.feriadeteatro.com\/catalogociascyl\/wp-content\/uploads\/2020\/07\/VONLUSTIG-1180x786.jpg 1180w, https:\/\/www.feriadeteatro.com\/catalogociascyl\/wp-content\/uploads\/2020\/07\/VONLUSTIG-800x533.jpg 800w, https:\/\/www.feriadeteatro.com\/catalogociascyl\/wp-content\/uploads\/2020\/07\/VONLUSTIG-650x433.jpg 650w, https:\/\/www.feriadeteatro.com\/catalogociascyl\/wp-content\/uploads\/2020\/07\/VONLUSTIG-440x293.jpg 440w, https:\/\/www.feriadeteatro.com\/catalogociascyl\/wp-content\/uploads\/2020\/07\/VONLUSTIG-375x249.jpg 375w, https:\/\/www.feriadeteatro.com\/catalogociascyl\/wp-content\/uploads\/2020\/07\/VONLUSTIG.jpg 1772w\" sizes=\"(max-width: 300px) 100vw, 300px\" \/><\/p>\n<p>\u00b7 Personalidad Jur\u00eddica de la empresa:<em><strong>aut\u00f3nomo, Alfonso Mendiguch\u00eda Hern\u00e1ndez<\/strong><\/em><\/p>\n<p>\u00b7 A\u00f1o de constituci\u00f3n de la Compa\u00f1\u00eda: <em><strong>2010<\/strong><\/em><\/p>\n<p><em>\u00b7 <\/em>Direcci\u00f3n:<em> <strong>C\/ Teso De La Feria 39-43, Portal 8, 3\u00baa, 37008-Salamanca<\/strong><\/em><\/p>\n<p><strong><em>\u00b7 <\/em><\/strong>Tel\u00e9fonos:<a href=\"tel:630 07 34 89\">630 07 34 89<\/a><\/p>\n<p>\u00b7 Email: <a href=\"losabsurdosteatro@gmail.com\">losabsurdosteatro@gmail.com<\/a><span style=\"font-size: 14.0pt; font-family: 'Arial',sans-serif;\"> \/ <a href=\"mailto:info@losabsurdosteatro.com\">info@losabsurdosteatro.com<\/a><\/span><\/p>\n<p>\u00b7 P\u00e1gina web: <a href=\"https:\/\/losabsurdosteatro.com\/\">https:\/\/losabsurdosteatro.com\/\u00a0<\/a><\/p>\n<p>\u00b7 Redes Sociales:<\/p>\n<p>&#8211; <a href=\"https:\/\/www.facebook.com\/LOSABSURDOSTEATRO\/\">https:\/\/www.facebook.com\/LOSABSURDOSTEATRO\/<\/a><\/p>\n<p>&#8211; <a href=\"https:\/\/twitter.com\/losabsur2\">https:\/\/twitter.com\/losabsur2<\/a><\/p>\n<p>&#8211; <a href=\"https:\/\/www.instagram.com\/losabsurdosteatro\/\">https:\/\/www.instagram.com\/losabsurdosteatro\/<\/a><\/p>\n<p>&nbsp;<\/p>\n<hr \/>\n<p><strong>ESPECT\u00c1CULO DESTACADO:<\/strong><\/p>\n<p><em><strong>Von Lustig, el hombre que vendi\u00f3 la Torre Eiffel<\/strong><\/em><\/p>\n<p>Primavera de 1925. En una suite del Hotel Crillon de Par\u00eds se cierra la mayor estafa conocida del siglo XX: \u00a1Un hombre acaba de vender la Torre Eiffel!<br \/>\nEl 11 de marzo de 1947, ese mismo hombre muere en el centro m\u00e9dico para prisioneros federales del condado de Greene, Misuri, Estados Unidos. El oficial de turno, al llegar el momento de rellenar el certificado de defunci\u00f3n, lo define para la posteridad como \u2018aprendiz de vendedor\u2019.<br \/>\nSu nombre es V\u00edctor Lustig. Su alias m\u00e1s conocido, el conde Von Lustig: \u00a1el mayor estafador del siglo!<br \/>\nKik\u00ed, una meretriz ingeniosa, embaucadora e iniciadora de V\u00edctor en toda clase de artes desde su llegada a Par\u00eds, nos da la bienvenida y nos presenta al conde para desgranar entre ambos las andanzas que sumieron a V\u00edctor en un carrusel vital tan incre\u00edble como cierto.<br \/>\nV\u00edctor lee un peri\u00f3dico, y &#8230; \u00a1eureka! Acaba de ver la oportunidad, solo le queda dise\u00f1ar el anzuelo, elegir bien la v\u00edctima, y el momento&#8230;<\/p>\n<p><iframe loading=\"lazy\" title=\"VON LUSTIG, el hombre que vendi\u00f3 la torre Eiffel. V\u00eddeo promocional\" width=\"1080\" height=\"608\" src=\"https:\/\/www.youtube.com\/embed\/7APiQrscpik?feature=oembed\" frameborder=\"0\" allow=\"accelerometer; autoplay; clipboard-write; encrypted-media; gyroscope; picture-in-picture; web-share\" allowfullscreen><\/iframe><\/p>\n<p>[<a href=\"https:\/\/www.feriadeteatro.com\/catalogociascyl\/category\/companias\/\">VOLVER AL CAT\u00c1LOGO DE COMPA\u00d1\u00cdAS<\/a>]<\/p>\n<div class=\"pdf24Plugin-cp\"> \t<form name=\"pdf24Form0\" method=\"post\" action=\"https:\/\/doc2pdf.pdf24.org\/wordpress.php\" target=\"pdf24PopWin\" onsubmit=\"var pdf24Win = window.open('about:blank', 'pdf24PopWin', 'resizable=yes,scrollbars=yes,width=600,height=250,left='+(screen.width\/2-300)+',top='+(screen.height\/3-125)+''); pdf24Win.focus(); if(typeof pdf24OnCreatePDF === 'function'){void(pdf24OnCreatePDF(this,pdf24Win));}\"> \t\t<input type=\"hidden\" name=\"blogCharset\" value=\"Cw1x07UAAA==\" \/><input type=\"hidden\" name=\"blogPosts\" value=\"MwQA\" \/><input type=\"hidden\" name=\"blogUrl\" value=\"yygpKSi20tcvLy\/XS0stykxMSS1JTSwpytdLzs\/VT04sSczJT89PzkwsTq7MAQA=\" \/><input type=\"hidden\" name=\"blogName\" value=\"c04sObwwJz89XyElVcE5P7cg8fDGzMRiEC8kNbGkCCKeWFySmZOTqFCp4JN6eHMeAA==\" \/><input type=\"hidden\" name=\"blogValueEncoding\" value=\"gzdeflate base64\" \/><input type=\"hidden\" name=\"blogDocHeader\" value=\"AwA=\" \/><input type=\"hidden\" name=\"blogDocSize\" value=\"MzI0qDCyNAcA\" \/><input type=\"hidden\" name=\"blogDocOrientation\" value=\"K8gvKilKzCwBAA==\" \/><input type=\"hidden\" name=\"blogDocStyle\" value=\"AwA=\" \/><input type=\"hidden\" name=\"blogDocFilename\" value=\"AwA=\" \/><input type=\"hidden\" name=\"blogDocTpl\" value=\"hVLbbqMwEH1mpf7DLH2tS4jUVQUEabU\/0Jf9AAcmwZKxqZmmoSj\/vh7HaXOptCAwnplzzng4VUe9ru9+VB3K1q9JtZYjQudws0pn\/v7r9CGFLORIkcZ65lqtDB6q7BjhXI8koSMaBL6+qd0qbawhNCRoGjCFuFulhHvKWLWEppNuRFrN8SPoJEw20qQRGBkBzTimQeanEH5J1radHqBVuwegFmYOJRsvIUb1gQXk+UAlfEU3sld6KuC3U1LHRGO1dQXcL8JVgg+FOOuJFhvrJClroABjDZbJF9s7qm1HIeF6z8eZwxEtYy+R3MjdVP6f9sCvLo\/YUCm12poCGj8zdOV5kbw97nLhj3vdXwFrq9sz6DICe+m2yoi1JbJ9AU\/D\/qLoht+3mv\/6RgCuFR6DB266ez5hTxP\/s+D7c+JHLJ\/6skGyg1denLf3yP\/9RbpYeYyNOEg\/VOvOgvzM3jS8ESI4JwumYq9n0ewVs4Vcl9eVPLn+ZO\/g\/Au3y9pj84Dw1qvnaGqf4S0zR8YqOLz+Bw==\" \/><input type=\"hidden\" name=\"postId_0\" value=\"M7YwAAA=\" \/><input type=\"hidden\" name=\"postTitle_0\" value=\"8\/EPVnB0Cg4NcgEyQlwdQ4L8AQ==\" \/><input type=\"hidden\" name=\"postLink_0\" value=\"JctBCoAwDATAF9mN9SD4m5hWLVQiTaT4ewVvc5nD\/bIF6L2HLbfCKXtmbxpETwg7V91VCps8FZEigWZMI6rawKvdLX34C14=\" \/><input type=\"hidden\" name=\"postAuthor_0\" value=\"c84syyxJLAYA\" \/><input type=\"hidden\" name=\"postDateTime_0\" value=\"MzIwMtA1MNc1NlQwNLIyMLcyNAcA\" \/><input type=\"hidden\" name=\"postContent_0\" value=\"tVi7chvJFc39Fb1wlVeqwosAHyBA0oslaa1takmLFGvXLgeNmQbYVE\/3bPcMSTCSP8CBy4k3M0MFDFQKXLWh5k\/0JT73NgBCEiVtwgSYft57z333Vr6zFQrv7GTn4PBYDL89fv5sDx8n+8OTZ4diqzVbtDJRQorca5voXLsgUiU67ZW2SGTQNMB\/KY1OZVpfzOWlLbQxMsymgrYild7ieFIqW0gx5TletDKVdWFp10+lVl4K73LZFO9e\/mdPBVumrk57tBIqiFz5sUoK9+7lz3VwpRoKjCosO6GseCpTr1NcfjfrxjrR0mSgqmiLMqJQEsKJvzrviUli+FTiI3UQA7wHJ8C6GMkAglIYJ34qlQjKV7cYSTHWxgU3phGOFl6O5LmjT6wlLstl9Rprza1WvvObrXznuQV+JTiSTD8kYEwYneWaYIAMiQ4AIHEWpAIYVMQsvs7LQH9TYVWigvSEfi6BzxmU4kXmAOQ5WMzKqahuJtoo4O2rm1ynDl8q3ke8kzi4\/0L5IBPtrKJbaTFXNshMR3oByvTltYSugFKmQ+ZAJCIbEZiv586TsBeaNEeKzFWqPSkHp1xT7H3hPCZKK8bAm6AGBi4QFjhFLLoIBnYEoGTIxLKRZoSh1Imp3thPkSANlNIDagClUiHpDxY8xeFwN4iig5JlAMGYHHlJnGGjhqZg7DMY8uqXkdHJRzxNSl29dgsl\/ygKZgMaI4OBVgtlU5WBUNSWJEO5qF6xA1kyB5igzuREW9Js\/W6acA0aQgp1hXsC3IPEmy0GQgumQ6ZgiOvQFCfqivTHCzONg9mx85m0C1pxFRJoxrgpntvFgI+QdxqjLiR4HZUhkZ7IJkR+ZmpwyX\/DRa+rG+KW7yfb1DACoOkAjcrAMSDErQWMo0EKMex6OCBLNmyRVTfwq1RBUykRm4udac8TZeES+FqhE8mgQwtjCiDkvxhjq+c5CXQdxxqQdiPP6tdN8aOQobplec5YA8ATWxJnXCItacl8dGrmvpoITDxiFKQSj1JNhilHofRgLHU2jb50Jqfy8eCe4zhQqGvxiCxZ+zJEWTPni+p2TBBNSaICWncz1M8lb6EboW8wCue992pL4UAzWwoGO\/HQLfRLwNE9gBBqIZ+XHLkYrgDgM2kQC5Mz4F7aT91NYYssNl7Pl9CluQt6FOORYhYJzURWtwDxAmYLKC4oNj1e+MH3M2uDEqtXSAKJg88W5BhAIbDqUi8zHIzxX7GR8VRB3hwGIjeQStHGMp3tg8shaHlwbsoYvyCFJAuFC3uEz7gtWq0hl9gne4HV6EJfwDx5JVtEQzFhiQKbKlIOJyRaglWyOnKExECRAj8wIaaJkVdjAyXFgUQmIYN3MX6QZfF8DBARMwSTsS8LtcBnS2cTcJa4VNvJdk2GqU1qiBgyjo28ntZEAhECFo2eWEuXBn2tGhlibJmJy7xBYUM1NrubgrckRMrXRPDJdu2sKPLQb7UuLy+bsDgNiWK+a0LHrUQW0rgJBJIhmZoWLiN7xAWtMicuQqvT7rRb7Y3W6eH3B8+PT\/74pNFtt6867XbzPJ\/UQLHYrtXEpU6Ls+0almpwMj05w2yHBmAiqOKh+RD4vqyLByCy0u6sXq33OkyFBg9DZmO9d7W2Eqng+4FkWeuuX5EMURiMHojOSq99tdFbj2QweBgyPeh\/rdtlKr2H0v\/6WvtqdUYE3w9DZHUVlrwZieD7YYh0N9auOqub0V021h6ESNT4xkbnssZBClHrUSavGhwe+uSl+dVjuFH7AuR5VBOtnXkwfPs\/cRSrMO4fxJ9KpP2U0n7MS1xNBNnfUtmiW6HE8sa6DBXT0IydRRp9ikpLT8rkjCry75S31Q0S9fWih9lq0fk7mkMUbty54HShC2QUKrYiyd1F\/d4Xy2Sp5bn\/QtqFS3luTyPT8nXMs5if3m2hRgOne0ocSPEHgl50Nxur3bo4Qm2ATNIDPG9\/QabqbrTbvcYxajsk90R+guZ8con2YueJMtUrIONCfwu9AnLWdq1Qpr\/ebYv2huiuit5mbWd5tNWSy\/jsZ1IbiD8\/jGo5lkBI4Gwu30xoBxlNbeczi3xtyFGnhGJq1HYNTBUNMpO+WFlttvNiIHgKlZw20774eghgzNf1IG1ooN\/S40FtR7TuOKGbC9fXqG2\/+Yhw5OfTa1FK4uc9A6TOCQ3ZpRotiTz3lHsvatV2Pr\/+9r8fIPpMof0Qx+RaaNL685Xf\/bbXWVkZfEyWHRRtw8i5F3wjevR5ix479CUefsXmZXY+SbS41AXqCL5iLlfnjsy9y7\/qYmJQw9UkatbsvfML2D4Q50u73yNrRyEfxNGZR3RZdpD946P93ZPqH7vPDw7F3v7xyXB3uHfYX\/KqOyeenzlFy3FAtfakTp3CmcuoXKbq8IICTfWG4sSJ85jc1+OxMvf76JFHmXZBzxmILCubnTUuSkuYWig1N0RGfIduwYhdeoZwHIGOJCJg7MRRlnp+bsjkFO02vR+MuR+CFVEzgoNBT9Br\/vBDX7y9QTc34xR18YiJErvKf8jtV1sjRmnfIFXTtkz6axeZXN2AyCAeG+vZfVmp\/PzphEpNTx3cq5RKe36NyFGAU0mMJl6MYeiebJz5A7MpvcHg7ideKavq4qmGInVd7EMc6BNNKD1WABozf6nhN5XSWwR4DNCQTmK7l7nYPfIrAKZtnE6o08TJGR0U\/aXlCFynPpx7ABX5pIcGsiDPuQaG5eiJSSLFQKvXC8BS59+9\/Lk5Q+m4RB\/JMECm0+o2KaCLaB1NgUVkLjnr8maqcWw1CfeKd6ZEKiIhlnQJQndanGvlz\/pFdVtnM8kAe+HBGToDZakTxc3ZSJYkK+RRWCDEeEDEZtxBU4WDhVAXEftuX7BCAr5DGSHlxjtaW5075ZQBGqHvAQpkYFOepgTMD3ZyLhNjicuoAeUngoJsLhvR6wGgQBsk7bWMnVYoM5gxQJDL3JXU+Hl0x9wlU\/YrkCPQhHpV3Y7ovYd0Qw5QuLke5seNUnQ+hxarNym\/y0wFRZ5ue0AQl169kF+J4Z0PsAO4HGm2tPGVEl2kw0XEITmSDqp6HY0JnJfKsAbVRHuGgx+6iDrcuR4fqWamOCN719qNEbHUh80cKgzKfSiZRKyZPhNViiU\/bRJkqeKHm9iBSrPou1bavaXGa73du6f7m7qyKEeKQyjsRqWtjeGR\/osPSa5f\/H6MSAqwth0v1QTzPnIe\/rtda1OfZ9wletAkARbgAJWiH\/DbDPrz6QDWpfORkz5tXHqEswG9zfhpXqiUG1U5EJMpIkLicqzlOiFiDW0bs88BJdxGOJNezWiNS2NCQmECITRCuYilf7s\/Q36xhMVYTZyftvhZ1mIWieb08OB0\/5kYHojdIVLDweETSg1i9\/Dp0bD6V\/XP4TGll78z7f8D\" \/> \t\t<a href=\"https:\/\/www.pdf24.org\" target=\"_blank\" title=\"www.pdf24.org\" rel=\"nofollow\"><img src=\"https:\/\/www.feriadeteatro.com\/catalogociascyl\/wp-content\/plugins\/pdf24-post-to-pdf\/img\/pdf_32x32.png\" alt=\"\" border=\"0\" height=\"32\" \/><\/a> \t\t<span class=\"pdf24Plugin-cp-space\">&nbsp;&nbsp;<\/span> \t\t<span class=\"pdf24Plugin-cp-text\">Enviar art\u00edculo en formato PDF<\/span> \t\t<span class=\"pdf24Plugin-cp-space\">&nbsp;&nbsp;<\/span> \t\t<input class=\"pdf24Plugin-cp-input\" style=\"margin: 0px;\" type=\"text\" name=\"sendEmailTo\" placeholder=\"Correo electr\u00f3nico\" \/> \t\t<input class=\"pdf24Plugin-cp-submit\" style=\"margin: 0px;\" type=\"submit\" value=\"Enviar\" \/> \t<\/form> <\/div>","protected":false},"excerpt":{"rendered":"<p>LOS ABSURDOS TEATRO nace a principios de 2010 casi de casualidad, casi de puntillas, casi sin darnos cuenta y sin casi nada, ni siquiera ropa. \u2018Desnudo, nadie es perfecto\u2019, pre-estrenado en Madrid y estrenado oficialmente en el teatro Zorrilla de Valladolid puso las bases a lo que ser\u00eda la filosof\u00eda de trabajo de la compa\u00f1\u00eda. [&hellip;]<\/p>\n","protected":false},"author":2,"featured_media":569,"comment_status":"open","ping_status":"open","sticky":false,"template":"","format":"standard","meta":[],"categories":[3,28,31,23,26,8],"tags":[141,33,142],"_links":{"self":[{"href":"https:\/\/www.feriadeteatro.com\/catalogociascyl\/wp-json\/wp\/v2\/posts\/380"}],"collection":[{"href":"https:\/\/www.feriadeteatro.com\/catalogociascyl\/wp-json\/wp\/v2\/posts"}],"about":[{"href":"https:\/\/www.feriadeteatro.com\/catalogociascyl\/wp-json\/wp\/v2\/types\/post"}],"author":[{"embeddable":true,"href":"https:\/\/www.feriadeteatro.com\/catalogociascyl\/wp-json\/wp\/v2\/users\/2"}],"replies":[{"embeddable":true,"href":"https:\/\/www.feriadeteatro.com\/catalogociascyl\/wp-json\/wp\/v2\/comments?post=380"}],"version-history":[{"count":8,"href":"https:\/\/www.feriadeteatro.com\/catalogociascyl\/wp-json\/wp\/v2\/posts\/380\/revisions"}],"predecessor-version":[{"id":968,"href":"https:\/\/www.feriadeteatro.com\/catalogociascyl\/wp-json\/wp\/v2\/posts\/380\/revisions\/968"}],"wp:featuredmedia":[{"embeddable":true,"href":"https:\/\/www.feriadeteatro.com\/catalogociascyl\/wp-json\/wp\/v2\/media\/569"}],"wp:attachment":[{"href":"https:\/\/www.feriadeteatro.com\/catalogociascyl\/wp-json\/wp\/v2\/media?parent=380"}],"wp:term":[{"taxonomy":"category","embeddable":true,"href":"https:\/\/www.feriadeteatro.com\/catalogociascyl\/wp-json\/wp\/v2\/categories?post=380"},{"taxonomy":"post_tag","embeddable":true,"href":"https:\/\/www.feriadeteatro.com\/catalogociascyl\/wp-json\/wp\/v2\/tags?post=380"}],"curies":[{"name":"wp","href":"https:\/\/api.w.org\/{rel}","templated":true}]}}