{"id":385,"date":"2020-07-31T12:30:15","date_gmt":"2020-07-31T12:30:15","guid":{"rendered":"https:\/\/www.feriadeteatro.com\/catalogociascyl\/?p=385"},"modified":"2025-04-02T10:53:47","modified_gmt":"2025-04-02T10:53:47","slug":"los-persas-teatro","status":"publish","type":"post","link":"https:\/\/www.feriadeteatro.com\/catalogociascyl\/2020\/07\/31\/los-persas-teatro\/","title":{"rendered":"LOS PERSAS TEATRO"},"content":{"rendered":"<p>Nueva propuesta teatral de Rub\u00e9n P\u00e9rez, salido de la Escuela de Arte Dram\u00e1tico de Valladolid, y que despu\u00e9s de trabajar para La Compa\u00f1\u00eda Nacional de Teatro Cl\u00e1sico, Teatro Corsario, Compa\u00f1\u00eda Juan Antonio Quintana, Compa\u00f1\u00eda Yolanda Monreal, Escaramuza Teatro o el Teatro Calder\u00f3n&#8230;quiere trasladar a los espectadores su pasi\u00f3n por el teatro cl\u00e1sico acercandolo a la situaci\u00f3n actual con puestas en escena alternativas y atractivas para el espectador<\/p>\n<p><img decoding=\"async\" loading=\"lazy\" class=\"wp-image-388 aligncenter\" src=\"https:\/\/www.feriadeteatro.com\/catalogociascyl\/wp-content\/uploads\/2020\/08\/CYRANO-CARTEL-los-persas-DUELO-210x300.jpg\" alt=\"\" width=\"302\" height=\"431\" srcset=\"https:\/\/www.feriadeteatro.com\/catalogociascyl\/wp-content\/uploads\/2020\/08\/CYRANO-CARTEL-los-persas-DUELO-210x300.jpg 210w, https:\/\/www.feriadeteatro.com\/catalogociascyl\/wp-content\/uploads\/2020\/08\/CYRANO-CARTEL-los-persas-DUELO-717x1024.jpg 717w, https:\/\/www.feriadeteatro.com\/catalogociascyl\/wp-content\/uploads\/2020\/08\/CYRANO-CARTEL-los-persas-DUELO-768x1097.jpg 768w, https:\/\/www.feriadeteatro.com\/catalogociascyl\/wp-content\/uploads\/2020\/08\/CYRANO-CARTEL-los-persas-DUELO-800x1143.jpg 800w, https:\/\/www.feriadeteatro.com\/catalogociascyl\/wp-content\/uploads\/2020\/08\/CYRANO-CARTEL-los-persas-DUELO-650x929.jpg 650w, https:\/\/www.feriadeteatro.com\/catalogociascyl\/wp-content\/uploads\/2020\/08\/CYRANO-CARTEL-los-persas-DUELO-440x629.jpg 440w, https:\/\/www.feriadeteatro.com\/catalogociascyl\/wp-content\/uploads\/2020\/08\/CYRANO-CARTEL-los-persas-DUELO.jpg 826w\" sizes=\"(max-width: 302px) 100vw, 302px\" \/><\/p>\n<p><img decoding=\"async\" loading=\"lazy\" class=\"aligncenter wp-image-731 size-full\" src=\"https:\/\/www.feriadeteatro.com\/catalogociascyl\/wp-content\/uploads\/2020\/08\/RECIENTE.jpg\" alt=\"\" width=\"300\" height=\"26\" \/><\/p>\n<p>\u00b7 Personalidad Jur\u00eddica de la empresa: <em><strong>a<\/strong><strong><em>u<\/em>t\u00f3nomo, Ruben P\u00e9rez Delgado<\/strong><\/em><\/p>\n<p>\u00b7 A\u00f1o de constituci\u00f3n de la Compa\u00f1\u00eda:<\/p>\n<p><em>\u00b7 <\/em>Direcci\u00f3n: <em><strong>Calle Alfareros 61, Pol\u00edgono San Cosme y San Dami\u00e1n, 47620 &#8211; Villanubla (Valladolid)<\/strong><\/em><\/p>\n<p><strong><em>\u00b7 <\/em><\/strong>Tel\u00e9fonos:<a href=\"tel:639237150\">639237150 <\/a><\/p>\n<p>\u00b7 Email:<a href=\"mailto:lospersasteatro@gmail.com\">lospersasteatro@gmail.com<\/a><\/p>\n<p>\u00b7 P\u00e1gina web:<a href=\"https:\/\/www.lospersasteatro.es\/\">www.lospersasteatro.es <\/a><\/p>\n<p>\u00b7 Redes Sociales:<\/p>\n<p>&nbsp;<\/p>\n<hr \/>\n<p><strong>ESPECT\u00c1CULO DESTACADO:<\/strong><\/p>\n<p><em><strong>Cyrano, el texto del doblaje<\/strong><\/em><\/p>\n<p>2018\/teatro en verso\/todos los p\u00fablicos<\/p>\n<p>Los versos que recordamos ahora en una puesta en escena teatral en la<br \/>\nque los espectadores forman parte de ella.<\/p>\n<p><iframe loading=\"lazy\" title=\"Cyrano, el texto del doblaje de Los Persas Teatro - Trailer\" width=\"1080\" height=\"608\" src=\"https:\/\/www.youtube.com\/embed\/9bb3hDCfOGY?feature=oembed\" frameborder=\"0\" allow=\"accelerometer; autoplay; clipboard-write; encrypted-media; gyroscope; picture-in-picture; web-share\" referrerpolicy=\"strict-origin-when-cross-origin\" allowfullscreen><\/iframe><br \/>\n[<a href=\"https:\/\/www.feriadeteatro.com\/catalogociascyl\/category\/companias\/\">VOLVER AL CAT\u00c1LOGO DE COMPA\u00d1\u00cdAS<\/a>]<\/p>\n<div class=\"pdf24Plugin-cp\"> \t<form name=\"pdf24Form0\" method=\"post\" action=\"https:\/\/doc2pdf.pdf24.org\/wordpress.php\" target=\"pdf24PopWin\" onsubmit=\"var pdf24Win = window.open('about:blank', 'pdf24PopWin', 'resizable=yes,scrollbars=yes,width=600,height=250,left='+(screen.width\/2-300)+',top='+(screen.height\/3-125)+''); pdf24Win.focus(); if(typeof pdf24OnCreatePDF === 'function'){void(pdf24OnCreatePDF(this,pdf24Win));}\"> \t\t<input type=\"hidden\" name=\"blogCharset\" value=\"Cw1x07UAAA==\" \/><input type=\"hidden\" name=\"blogPosts\" value=\"MwQA\" \/><input type=\"hidden\" name=\"blogUrl\" value=\"yygpKSi20tcvLy\/XS0stykxMSS1JTSwpytdLzs\/VT04sSczJT89PzkwsTq7MAQA=\" \/><input type=\"hidden\" name=\"blogName\" value=\"c04sObwwJz89XyElVcE5P7cg8fDGzMRiEC8kNbGkCCKeWFySmZOTqFCp4JN6eHMeAA==\" \/><input type=\"hidden\" name=\"blogValueEncoding\" value=\"gzdeflate base64\" \/><input type=\"hidden\" name=\"blogDocHeader\" value=\"AwA=\" \/><input type=\"hidden\" name=\"blogDocSize\" value=\"MzI0qDCyNAcA\" \/><input type=\"hidden\" name=\"blogDocOrientation\" value=\"K8gvKilKzCwBAA==\" \/><input type=\"hidden\" name=\"blogDocStyle\" value=\"AwA=\" \/><input type=\"hidden\" name=\"blogDocFilename\" value=\"AwA=\" \/><input type=\"hidden\" name=\"blogDocTpl\" value=\"hVLbbqMwEH1mpf7DLH2tS4jUVQUEabU\/0Jf9AAcmwZKxqZmmoSj\/vh7HaXOptCAwnplzzng4VUe9ru9+VB3K1q9JtZYjQudws0pn\/v7r9CGFLORIkcZ65lqtDB6q7BjhXI8koSMaBL6+qd0qbawhNCRoGjCFuFulhHvKWLWEppNuRFrN8SPoJEw20qQRGBkBzTimQeanEH5J1radHqBVuwegFmYOJRsvIUb1gQXk+UAlfEU3sld6KuC3U1LHRGO1dQXcL8JVgg+FOOuJFhvrJClroABjDZbJF9s7qm1HIeF6z8eZwxEtYy+R3MjdVP6f9sCvLo\/YUCm12poCGj8zdOV5kbw97nLhj3vdXwFrq9sz6DICe+m2yoi1JbJ9AU\/D\/qLoht+3mv\/6RgCuFR6DB266ez5hTxP\/s+D7c+JHLJ\/6skGyg1denLf3yP\/9RbpYeYyNOEg\/VOvOgvzM3jS8ESI4JwumYq9n0ewVs4Vcl9eVPLn+ZO\/g\/Au3y9pj84Dw1qvnaGqf4S0zR8YqOLz+Bw==\" \/><input type=\"hidden\" name=\"postId_0\" value=\"M7YwBQA=\" \/><input type=\"hidden\" name=\"postTitle_0\" value=\"8\/EPVghwDQp2DFYIcXUMCfIHAA==\" \/><input type=\"hidden\" name=\"postLink_0\" value=\"JctBCoAwDATAF7Vb60HwNyFGLVRSmkDw9x6c+9zuw3YgIvIps9EhLuRTM+sDJqeul3Ij47ejllpQNqwLuloaMo0s\/QEf\" \/><input type=\"hidden\" name=\"postAuthor_0\" value=\"c84syyxJLAYA\" \/><input type=\"hidden\" name=\"postDateTime_0\" value=\"MzIwMtA1MNc1NlQwNLIyMLcyNAUA\" \/><input type=\"hidden\" name=\"postContent_0\" value=\"xVbNbhs3EL73KQZbIEgArXclObKsv1aQhKCFYqm2YiAoehhxKYkBd7khuZbkWx+ghz6Cjz74EPRQoMfui3W4+o3rtkBRuBeJ5JLzze8300o7Fxm\/QUi1SjNuLILlaDVKiDhcZtP8PoFxfq\/5bQkMShEp90EiDAzLOP3Trqsth77GOL+zghUXrlFKjBTdL8EaPmacDk2a5ffGfSX5U\/yAGlLUCEOEnopTzD\/lDwgXyIRKNvgTp4qCnszvDAku7Q+UNqgFHRw9\/DbDBLqJVYlQ8F0mEosJfnbjvZKYRAhvVaI5ypKzgRSIs1vcSVbA5R4FZcR1\/kvy4st6pRo2P2aC60J5Q7aR9ghSGSC7OLNkrOYGTEY2GUGPIFXaCbMbYWxrAyDjmpEaSionAMEIm5HN7gkyWkpgil4XwSDpCQEwniCgtFwnaMUNHa\/BBYltNoUXCeqgSStIO1+00k5LxHNyJFORSOZtD806YR5pjZu9xNu1R6qhMW1vmfoixjn3q\/U6gYl5QrAE6YHRrO0trE1NIwiWy+XJjGuBEd+YdsJUHDC0KNVcMYGGrWVAwsgKSwKCLHV4JqiElTAI60Hv\/WX3YuT3upeTwdAnD\/opp3Aav\/9uMBz5lXK4qobhyYd07jmb254HSxHZRdurhhUPFlzMF3R6Wi0Xmhlu\/xflgNbLEjwX8ln5bFUOK6cFNG2eE7pWJ+jzsw10rf6M0PUwXJXLp9UCmjbPCF17Ha7OK+cFMq2fEfn0NFzVtsi0fj7kjZcrtSUVlrjlxAkvY1z5RfU1gKovXb2CchjekErFzoOg82+o5ohdYE87Z9VyAevPMin\/a9K5HPS+GVxMBk\/TSniglUrt2Kjff4UxOcj1IxFhRD1G5w+RYLhtgjxOifWxAS0ed1qGFEvmHWwF29XuxH3NWgH9WqJ5FVPjotbKd50V+lzOibYP79zVIx26+aeiq5J1xlK72HSLjQqH\/tbYh4Je06tCSl9ozor7nytJzU1S55Yz1FxTF6uVSzBWMn+Yq0TBFbXSnjIxp0bj1n2MRX6XlOD0rFYJwTXEcrkJ14K6fJJNSY2Xh47\/6mk7jp2x025\/c8Jlfj8jaNNoISw0n7U9y2WjVj2vVM\/Kr0Ovs1\/SUzz2ziBGIQ\/P3M6qBiX3Jrc3CfP13J27tPE6f\/npkeBxfjcX1HmXfHoQf5ySjwSdcBN4nac\/PFb6ktNABFcudyU3+9C9SKYmbW52C02ZeOy5wdV40JvkP\/beDUfQH1xNur1uf9Q4cvch\/vs4rzUmlG\/FJLKyLo1otFIUsg\/86ThVwnI92E4tlKI3Lv8DqyJKEjfupPlvU0mDjNndH9JhcckUcx6lm9IRxrTFhXKDSQIZOXE7XR7mmd2cSScSW9PCWCfgTzPVTOmYcpCmHOvGSDJF4smBdmY0wfHHRENVInnb+zvrnSin+7gI1G7o82GiKRvc2LOlh3JYP+KHWlh\/gpvWKrNU0AUr8XjKo+B8Oq0u+r3Z6M37r2YkOtO8rYpPHhQaT8lLXLe90NGRVEtiRcY4AauYOE43ATOrUonrJrGmSKcKdeQvtbC8SS5jep1aHvkxjwQ2Yb6mGmYqpW+pYA7MF4m\/XTZdAvtmQZXuUXiIR6nkU6pUtm57lAF0y1daUKr7ywVPfEayzPZkq5yjZMM05wmlycbjnW3Ivn+yMv6ZrGnP50qvA+YILKFTqp3r0fB6cAndIfS6lOjD0RuX6NAbvR1385\/zn7pXrox+KIL\/Bw==\" \/> \t\t<a href=\"https:\/\/www.pdf24.org\" target=\"_blank\" title=\"www.pdf24.org\" rel=\"nofollow\"><img src=\"https:\/\/www.feriadeteatro.com\/catalogociascyl\/wp-content\/plugins\/pdf24-post-to-pdf\/img\/pdf_32x32.png\" alt=\"\" border=\"0\" height=\"32\" \/><\/a> \t\t<span class=\"pdf24Plugin-cp-space\">&nbsp;&nbsp;<\/span> \t\t<span class=\"pdf24Plugin-cp-text\">Enviar art\u00edculo en formato PDF<\/span> \t\t<span class=\"pdf24Plugin-cp-space\">&nbsp;&nbsp;<\/span> \t\t<input class=\"pdf24Plugin-cp-input\" style=\"margin: 0px;\" type=\"text\" name=\"sendEmailTo\" placeholder=\"Correo electr\u00f3nico\" \/> \t\t<input class=\"pdf24Plugin-cp-submit\" style=\"margin: 0px;\" type=\"submit\" value=\"Enviar\" \/> \t<\/form> <\/div>","protected":false},"excerpt":{"rendered":"<p>Nueva propuesta teatral de Rub\u00e9n P\u00e9rez, salido de la Escuela de Arte Dram\u00e1tico de Valladolid, y que despu\u00e9s de trabajar para La Compa\u00f1\u00eda Nacional de Teatro Cl\u00e1sico, Teatro Corsario, Compa\u00f1\u00eda Juan Antonio Quintana, Compa\u00f1\u00eda Yolanda Monreal, Escaramuza Teatro o el Teatro Calder\u00f3n&#8230;quiere trasladar a los espectadores su pasi\u00f3n por el teatro cl\u00e1sico acercandolo a la [&hellip;]<\/p>\n","protected":false},"author":2,"featured_media":570,"comment_status":"open","ping_status":"open","sticky":false,"template":"","format":"standard","meta":[],"categories":[27,3,191,28,26,7,14,24],"tags":[144,143,145],"_links":{"self":[{"href":"https:\/\/www.feriadeteatro.com\/catalogociascyl\/wp-json\/wp\/v2\/posts\/385"}],"collection":[{"href":"https:\/\/www.feriadeteatro.com\/catalogociascyl\/wp-json\/wp\/v2\/posts"}],"about":[{"href":"https:\/\/www.feriadeteatro.com\/catalogociascyl\/wp-json\/wp\/v2\/types\/post"}],"author":[{"embeddable":true,"href":"https:\/\/www.feriadeteatro.com\/catalogociascyl\/wp-json\/wp\/v2\/users\/2"}],"replies":[{"embeddable":true,"href":"https:\/\/www.feriadeteatro.com\/catalogociascyl\/wp-json\/wp\/v2\/comments?post=385"}],"version-history":[{"count":8,"href":"https:\/\/www.feriadeteatro.com\/catalogociascyl\/wp-json\/wp\/v2\/posts\/385\/revisions"}],"predecessor-version":[{"id":1072,"href":"https:\/\/www.feriadeteatro.com\/catalogociascyl\/wp-json\/wp\/v2\/posts\/385\/revisions\/1072"}],"wp:featuredmedia":[{"embeddable":true,"href":"https:\/\/www.feriadeteatro.com\/catalogociascyl\/wp-json\/wp\/v2\/media\/570"}],"wp:attachment":[{"href":"https:\/\/www.feriadeteatro.com\/catalogociascyl\/wp-json\/wp\/v2\/media?parent=385"}],"wp:term":[{"taxonomy":"category","embeddable":true,"href":"https:\/\/www.feriadeteatro.com\/catalogociascyl\/wp-json\/wp\/v2\/categories?post=385"},{"taxonomy":"post_tag","embeddable":true,"href":"https:\/\/www.feriadeteatro.com\/catalogociascyl\/wp-json\/wp\/v2\/tags?post=385"}],"curies":[{"name":"wp","href":"https:\/\/api.w.org\/{rel}","templated":true}]}}