{"id":395,"date":"2020-07-31T12:00:56","date_gmt":"2020-07-31T12:00:56","guid":{"rendered":"https:\/\/www.feriadeteatro.com\/catalogociascyl\/?p=395"},"modified":"2020-08-24T18:33:53","modified_gmt":"2020-08-24T18:33:53","slug":"maintomano","status":"publish","type":"post","link":"https:\/\/www.feriadeteatro.com\/catalogociascyl\/2020\/07\/31\/maintomano\/","title":{"rendered":"MAINTOMANO"},"content":{"rendered":"<p style=\"text-align: justify;\">En 2005 Marcos Rivas Farp\u00f3n y Morgane Jaudou crean la compa\u00f1\u00eda en Londres.<\/p>\n<p style=\"text-align: justify;\">Comienza su andadura en Reino Unido con actuaciones en galas y eventos. Posteriormente forman parte de compa\u00f1\u00edas inglesas como Bassline Circus y The Insect Circus.<\/p>\n<p style=\"text-align: justify;\">En 2007 la compa\u00f1\u00eda se establece en el Bierzo y participa en varias producciones del Teatro de la Zarzuela de Madrid: \u201cEl Rey que Rabi\u00f3\u201d dirigida por Luis Olmos. \u201cGloria y Peluca y El Estreno de un Artista\u201dy \u201cMarina\u201d, ambas dirigidas por Ignacio Garc\u00eda.<\/p>\n<p style=\"text-align: justify;\">En 2014 arranca el siguiente proyecto de la compa\u00f1\u00eda: \u201cEkilibu\u00e1\u201d. Durante el proceso creativo cuentan con la colaboraci\u00f3n art\u00edstica de Jordi Aspa de Escarlata Circus.<\/p>\n<p style=\"text-align: justify;\">Investigaci\u00f3n en torno al objeto, unas bobinas de madera que sirve de marco para el lanzamiento de cuchillos, los equilibrios y los port\u00e9s acrob\u00e1ticos.<\/p>\n<p style=\"text-align: justify;\">Galardonado en dos importantes eventos esc\u00e9nicos; mejor espect\u00e1culo de calle en la Feria de Teatro de Castilla y Le\u00f3n de Ciudad Rodrigo 2015 y de nuevo en 2016, \u00a0fue premiado en el Festival Internacional de Teatro de Calle TAC Valladolid como mejor espect\u00e1culo en la secci\u00f3n Estaci\u00f3n Norte.<\/p>\n<p style=\"text-align: justify;\">Desde entonces \u201cEkilibu\u00e1\u201d\u00a0ha sido representado en numerosos festivales y ferias de la pen\u00ednsula: \u00a0Kaldearte Vitoria, \u00a0FETEN Gij\u00f3n, \u00a0 Fira Mediterr\u00e1nea Manresa, \u00a0MAC Mislata, FACYL Salamanca, \u00a0Cir&amp;Co \u00c1vila, \u00a0Fira al Carrer La Bisbal, \u00a0Umore Azoka Leioa, \u00a0ARCA Aguilar de Campoo, \u00a0Festival Teatro en Cazorla, \u00a0Festival Cirk\u00f3mico C\u00f3rdoba, \u00a0Festival de Teatro en Cari\u00f1o, \u2026<\/p>\n<p style=\"text-align: justify;\">Y tambi\u00e9n a nivel internacional en \u201cOutThere Festival\u201d Great Yarmouth- U.K, \u00a0\u201cLe Pressoir\u201d Targon- Francia, \u00a0\u201cOito24\u201d \u00a0Espinho- Portugal, \u00a0\u201c10Performance\u201d Paderborn-Alemania, \u201cSTRTFSTVL\u201d Utrecht- Holanda y otros festivales en Hungr\u00eda, B\u00e9lgica y Marruecos.<\/p>\n<p><img decoding=\"async\" loading=\"lazy\" class=\"aligncenter wp-image-398 size-large\" src=\"https:\/\/www.feriadeteatro.com\/catalogociascyl\/wp-content\/uploads\/2020\/08\/MAINTOMANO_102-674x1024.jpg\" alt=\"\" width=\"674\" height=\"1024\" srcset=\"https:\/\/www.feriadeteatro.com\/catalogociascyl\/wp-content\/uploads\/2020\/08\/MAINTOMANO_102-674x1024.jpg 674w, https:\/\/www.feriadeteatro.com\/catalogociascyl\/wp-content\/uploads\/2020\/08\/MAINTOMANO_102-197x300.jpg 197w, https:\/\/www.feriadeteatro.com\/catalogociascyl\/wp-content\/uploads\/2020\/08\/MAINTOMANO_102-768x1168.jpg 768w, https:\/\/www.feriadeteatro.com\/catalogociascyl\/wp-content\/uploads\/2020\/08\/MAINTOMANO_102-1010x1536.jpg 1010w, https:\/\/www.feriadeteatro.com\/catalogociascyl\/wp-content\/uploads\/2020\/08\/MAINTOMANO_102-1347x2048.jpg 1347w, https:\/\/www.feriadeteatro.com\/catalogociascyl\/wp-content\/uploads\/2020\/08\/MAINTOMANO_102-1180x1794.jpg 1180w, https:\/\/www.feriadeteatro.com\/catalogociascyl\/wp-content\/uploads\/2020\/08\/MAINTOMANO_102-800x1216.jpg 800w, https:\/\/www.feriadeteatro.com\/catalogociascyl\/wp-content\/uploads\/2020\/08\/MAINTOMANO_102-650x988.jpg 650w, https:\/\/www.feriadeteatro.com\/catalogociascyl\/wp-content\/uploads\/2020\/08\/MAINTOMANO_102-440x669.jpg 440w, https:\/\/www.feriadeteatro.com\/catalogociascyl\/wp-content\/uploads\/2020\/08\/MAINTOMANO_102-scaled.jpg 1684w\" sizes=\"(max-width: 674px) 100vw, 674px\" \/><\/p>\n<p>\u00b7 Personalidad Jur\u00eddica de la empresa: <em><strong>aut\u00f3nomo<\/strong><\/em><\/p>\n<p>\u00b7 A\u00f1o de constituci\u00f3n de la Compa\u00f1\u00eda: <em><strong>2005<\/strong><\/em><\/p>\n<p><em>\u00b7 <\/em>Direcci\u00f3n: <strong><em>C\/de la Iglesia 15, 24414 Carracedo de Compludo, Le\u00f3n<\/em><\/strong><\/p>\n<p><strong><em>\u00b7 <\/em><\/strong>Tel\u00e9fonos:<a href=\"tel:605205036\">605205036<\/a> \/\u00a0<a href=\"tel:676233473\">676233473\u00a0<\/a><\/p>\n<p>\u00b7 Email: <a href=\"mailto:maintomano@gmail.com\">maintomano@gmail.com<\/a><\/p>\n<p>\u00b7 P\u00e1gina web: <a href=\"https:\/\/www.maintomano.com\">https:\/\/www.maintomano.com<\/a><\/p>\n<p>\u00b7 Redes Sociales:<\/p>\n<p><a href=\"https:\/\/m.facebook.com\/maintomano\/\">https:\/\/m.facebook.com\/maintomano\/<\/a><\/p>\n<p><a href=\"https:\/\/www.instagram.com\/maintomano\/\">https:\/\/www.instagram.com\/maintomano\/<\/a><\/p>\n<hr \/>\n<p><strong>ESPECT\u00c1CULO DESTACADO:<\/strong><\/p>\n<p><em><strong>Sin Miedo<\/strong><\/em><\/p>\n<p>Estreno Feria de Teatro de Castilla y Le\u00f3n 2019\/circo-teatro\/a partir de 7 a\u00f1os<\/p>\n<p>\u201cSin Miedo\u201d es un abordaje po\u00e9tico sobre el miedo y las maneras de superarlo. El miedo como medida, el miedo como est\u00edmulo. Las acrobacias toman forma sobre una escalera, objeto esc\u00e9nico que establece los objetivos, los desaf\u00edos, las dudas, las certezas y el riesgo.<\/p>\n<p>Cada pelda\u00f1o que se sube supone avanzar hacia un objetivo\u2026tambi\u00e9n un v\u00e9rtigo que hace dudar en el ascenso pero, solo imag\u00ednate lo bonito que ser\u00eda arriesgarse y que todo saliese bien.<\/p>\n<p><iframe loading=\"lazy\" title=\"&quot;Sin Miedo&quot; Trailer Sala. Maintomano, Estreno Ciudad Rodrigo 2019.\" width=\"1080\" height=\"608\" src=\"https:\/\/www.youtube.com\/embed\/tPHnDJhi7hw?feature=oembed\" frameborder=\"0\" allow=\"accelerometer; autoplay; encrypted-media; gyroscope; picture-in-picture\" allowfullscreen><\/iframe><br \/>\n[<a href=\"https:\/\/www.feriadeteatro.com\/catalogociascyl\/category\/companias\/\">VOLVER AL CAT\u00c1LOGO DE COMPA\u00d1\u00cdAS<\/a>]<\/p>\n<div class=\"pdf24Plugin-cp\"> \t<form name=\"pdf24Form0\" method=\"post\" action=\"https:\/\/doc2pdf.pdf24.org\/wordpress.php\" target=\"pdf24PopWin\" onsubmit=\"var pdf24Win = window.open('about:blank', 'pdf24PopWin', 'resizable=yes,scrollbars=yes,width=600,height=250,left='+(screen.width\/2-300)+',top='+(screen.height\/3-125)+''); pdf24Win.focus(); if(typeof pdf24OnCreatePDF === 'function'){void(pdf24OnCreatePDF(this,pdf24Win));}\"> \t\t<input type=\"hidden\" name=\"blogCharset\" value=\"Cw1x07UAAA==\" \/><input type=\"hidden\" name=\"blogPosts\" value=\"MwQA\" \/><input type=\"hidden\" name=\"blogUrl\" value=\"yygpKSi20tcvLy\/XS0stykxMSS1JTSwpytdLzs\/VT04sSczJT89PzkwsTq7MAQA=\" \/><input type=\"hidden\" name=\"blogName\" value=\"c04sObwwJz89XyElVcE5P7cg8fDGzMRiEC8kNbGkCCKeWFySmZOTqFCp4JN6eHMeAA==\" \/><input type=\"hidden\" name=\"blogValueEncoding\" value=\"gzdeflate base64\" \/><input type=\"hidden\" name=\"blogDocHeader\" value=\"AwA=\" \/><input type=\"hidden\" name=\"blogDocSize\" value=\"MzI0qDCyNAcA\" \/><input type=\"hidden\" name=\"blogDocOrientation\" value=\"K8gvKilKzCwBAA==\" \/><input type=\"hidden\" name=\"blogDocStyle\" value=\"AwA=\" \/><input type=\"hidden\" name=\"blogDocFilename\" value=\"AwA=\" \/><input type=\"hidden\" name=\"blogDocTpl\" value=\"hVLbbqMwEH1mpf7DLH2tS4jUVQUEabU\/0Jf9AAcmwZKxqZmmoSj\/vh7HaXOptCAwnplzzng4VUe9ru9+VB3K1q9JtZYjQudws0pn\/v7r9CGFLORIkcZ65lqtDB6q7BjhXI8koSMaBL6+qd0qbawhNCRoGjCFuFulhHvKWLWEppNuRFrN8SPoJEw20qQRGBkBzTimQeanEH5J1radHqBVuwegFmYOJRsvIUb1gQXk+UAlfEU3sld6KuC3U1LHRGO1dQXcL8JVgg+FOOuJFhvrJClroABjDZbJF9s7qm1HIeF6z8eZwxEtYy+R3MjdVP6f9sCvLo\/YUCm12poCGj8zdOV5kbw97nLhj3vdXwFrq9sz6DICe+m2yoi1JbJ9AU\/D\/qLoht+3mv\/6RgCuFR6DB266ez5hTxP\/s+D7c+JHLJ\/6skGyg1denLf3yP\/9RbpYeYyNOEg\/VOvOgvzM3jS8ESI4JwumYq9n0ewVs4Vcl9eVPLn+ZO\/g\/Au3y9pj84Dw1qvnaGqf4S0zR8YqOLz+Bw==\" \/><input type=\"hidden\" name=\"postId_0\" value=\"M7Y0BQA=\" \/><input type=\"hidden\" name=\"postTitle_0\" value=\"83X09Avx93X08wcA\" \/><input type=\"hidden\" name=\"postLink_0\" value=\"BcFRCoAgEAXAG\/nMPgJv89isFtQNXZBu38zj\/s4MrLXCVYbyLF7ow4JYg9BZ7TZRTvkqUkwR8cC+oVG7W2M3\/A==\" \/><input type=\"hidden\" name=\"postAuthor_0\" value=\"c84syyxJLAYA\" \/><input type=\"hidden\" name=\"postDateTime_0\" value=\"MzIwMtA1MNc1NlQwNLIyMLcyNQMA\" \/><input type=\"hidden\" name=\"postContent_0\" value=\"vVjLbhvJFd3nKy64GCSASDb1oN5KaIqS5ZEsQaINOEEQFLuLzZK7q9pV3ZSolecDssg+AexNAC28GHiRvfpP\/CU5t5oUaY2c8SyUjVSvvo9zT926lzsZuXySyN1aLq\/zukhUrLfosnC5Gk62a3s9TctBsEYnwobG0bkaC0cHwmblZ00TOjE2FlrSC1FEpqDQSqEpERSaNBPlz+UnQVLTsdGRla6x08z2frfzKxq7JlVS3whyBQkdiaiwXsi5VNrQK60iA\/GaRJgXIlRGS8fbsUhg2YTkWOrcuAadGZdLq4xNsSBpiAFsy4TFJJILFjpSOk6kwwCLhp4J5xIFp7rKhgXL7I8kHWknw3y69n2eVNitP8DDSZIuF4NEhpINlwk9U9LeGChi61SoMu\/wWFgFmzJroiKcOhrhdF+K3Br2AYL\/LOxNITHA9EREVkVb9OX9P3sJ8JrQu0LSuRio8vOX9\/+iSFkVq0hQZiwdF8rRaZIyVPjgMDHQBhPOZFKEPICInsut1F5VoakD22A4JE34CzBCaZ4tkUgHMHQm3nn5R7Hm6NAhiAO3fwNirVUS1goNK+CtU3GhfAQBxAQhmHk+h7Ty+K1K1KAoP8KiBu2DNPwNBOCzUDrjuZmrMQYFxIEKTCIvJxEDY2EsUxoBKD\/BnNAj+sLYSFHHZX7Wc6GwicjFb2LBkR4j3iqeKkBgc2MBqkjIDC5lbpYALkAbmIHi\/1CUikiC9Bw9p+xYVmu4gEwQj0oicEP4nlRwhEU4Ukli3BLhD8l3BYMB8jN7eQURyctbh0tjzaD8CP\/Md5p\/iHtlI6MFrh1sjyBMpSyO8XWz6wZKh+WtZrHblMpLEEC6DNEqP4ZFUtkoksQTHpgfSCYbFudc7gpoTBJm3rFkoHhNFbj\/dG7A69gwNdawjQ1dyLE3B0vtJbr7MCyYHzJVUzMB0QGjPgbKRzDUejJqzB4oZZv6nS69xgjfJiqqksAjPlSmIwtUgcTlmIb0JdCQ34fmvnQRg5AbDVI+5O3dhxEUcIKzEt445mnljy5SaY0D0MOpW5JDO5Q+RVQXIpO6\/KRdkeBC3H34USSR9Mnutcr5bjNMB71+7yUdqkuYzXM6UODTiYwUILLlRy0xExqq\/fETAHOiHFN+iQ463TfHdAE6pHw3eR\/X4AeRZttdQ+VPY5VUOlgkgO7iEkvkGYH05gYi4b1XqbGSOjfmrUCUlfEfdM67HergloNoVVDAL+NFzUI4jRiA6IobY6eKZrsw4235OQX5qFt+BlkHX+\/PQ+4FWFX+DPFf3v\/7u0L2hnLkNwV2kyCtxqCW+opREIo4nhY5ngl4N1PLGfeQcw69ETY1RT6q06vGj2wZjh9LOgPMzijLB\/vCxkbX6YDzXhUrlonILa\/y\/t2HnsuUHpk63jWbF3GFJ860gjNpq8ctlHz0jJMHEpqudxKJVZaGcxf98\/7BRf\/1MZ95hbwejvI6PUfywxsLKhng8xW74NbzQscWCXaJnpW3Saz8u4C8bwu5kD\/2dlQaA+TQRHhId2vCTXRYQ9oR1TwRN5MahXieHTYZ3pDzuaWrrK5SEcv6yuYGaH8j62BALGvkbLhbG+V55raazaurq4bneSRzH8UGLmgzBCcTExuA5cJJ0oQs5PMcgptFxqpdczlYDprBRvOkc\/Syf3rSeXn6t1awXG+vr17j\/2rjMotrIGq+W6vRlYry0W4NezUaSRWPsMqHvC1O5v8fcwiTqyV6KlWtzfXrlSDwmjB+Qk3r7Y3rVqu94VVh8pROBa3gurW20q7cwuwpla2srl8vB6uVYzx7SmWtDXi2vllRg2dPqGwjgK7lVoUiJk+oqr0WXG9uVBBi\/ISaVleD63Z702vC+Ak1oTJMZFQFqr2xelXz+Qz57vepuK777LLFtzu7\/gM4Goxhip\/VqLk3S6N3\/0HxbR2\/KYrLnhcFcm80rUTxvsuUawI87jsy3dtBaW50vCeKHG85Kpad5nRlp8nbc5kdvHZVw6OR2\/Oiqlkqkd2FGnpRKrd8jwvkUxDq1\/aVnRZD+Hp2GOvdZiX9iLsq1HmttSVaXl1FXc81gQhlVBVfUJ6gbVyqCr6pmnulU30Lcmd67w\/1ZVLeDo02bmtH0MjKIT\/iyVY7WFsO1oKVdm3vfrjTFHvUvPvw9cH19vIKbvEKDs6GOIKjCwD2UqESeDj7kKe52cI\/lHF4YM2fYl5iBtX2Hlt9IO+s\/Bij0qcrOViQusjMuZBK6Lf3Hog+lxFe7gsmMKDfugfxoZK0MUQYBsa89byfy2zOlX37zKLSR+1XYJqIrUi\/Lf1\/HpsrGFlckEUe9C7Oet1++VP31fEp7fcuULt39k+3fsmbBTZfKI0yFqx7nNKzLvd7mhL0G5vNEN2fqVd5oymqpt1XruuEy2TcTDBXXTPVXHUhNGijudmMxCX6FVPeciNGzgysb1VTPskdG2p6AIEe0Nf2rsgwtIlpcFNeHZo2KREyxdL8U7+KEq78lBZ8\/FhMWz7BKY08vNUvIVOl6Dy5dQNbLORU\/ei8l\/Md6PzHCm4k\/RF00dNOE3QTw\/KTn7Kx6Nemw1Ci97ipfpJJyCrpYnNfMXYF\/wohk4jxqvpcdnPgfTVakhhzg2tpxIYzajO9qNrvy3Esj8tbgB9XMnBYehPstAVEFpcarT\/gQ5ZxBk0cF5zokkTO7qDn1iixpwZwpcu\/PLCpwsKg6veT3ABYh5yMfowGaLkX6t4hyCsfVrpIstxN\/PCuMPn2PQGqKfUtkgJqX+6jGqilZ5xfuv+x5ZdN72bjvkBtBRvBvEJtBxuPFMsT9BqA0l8qmQ5k1MzPnuv9FyO1Prr64xC0LazcNX6rRt4FpqS0u7WAC+LEXKFOD0MJO02K99FuE54ZkyVisg1kQzvJchnVmX1im+IJGofQZHKbMhWy7LrS9elwKm9YJIkLrZQat65CbW9n4O\/2Xx7NIL\/+NmMuY2MnTf87ELoch+zy+vT4de+cOsfU7SBJHJ8ecpKg7unJWaf8R\/n3zgWnlr\/6AP4X\" \/> \t\t<a href=\"https:\/\/www.pdf24.org\" target=\"_blank\" title=\"www.pdf24.org\" rel=\"nofollow\"><img src=\"https:\/\/www.feriadeteatro.com\/catalogociascyl\/wp-content\/plugins\/pdf24-post-to-pdf\/img\/pdf_32x32.png\" alt=\"\" border=\"0\" height=\"32\" \/><\/a> \t\t<span class=\"pdf24Plugin-cp-space\">&nbsp;&nbsp;<\/span> \t\t<span class=\"pdf24Plugin-cp-text\">Enviar art\u00edculo en formato PDF<\/span> \t\t<span class=\"pdf24Plugin-cp-space\">&nbsp;&nbsp;<\/span> \t\t<input class=\"pdf24Plugin-cp-input\" style=\"margin: 0px;\" type=\"text\" name=\"sendEmailTo\" placeholder=\"Correo electr\u00f3nico\" \/> \t\t<input class=\"pdf24Plugin-cp-submit\" style=\"margin: 0px;\" type=\"submit\" value=\"Enviar\" \/> \t<\/form> <\/div>","protected":false},"excerpt":{"rendered":"<p>En 2005 Marcos Rivas Farp\u00f3n y Morgane Jaudou crean la compa\u00f1\u00eda en Londres. Comienza su andadura en Reino Unido con actuaciones en galas y eventos. Posteriormente forman parte de compa\u00f1\u00edas inglesas como Bassline Circus y The Insect Circus. En 2007 la compa\u00f1\u00eda se establece en el Bierzo y participa en varias producciones del Teatro de [&hellip;]<\/p>\n","protected":false},"author":2,"featured_media":572,"comment_status":"open","ping_status":"open","sticky":false,"template":"","format":"standard","meta":[],"categories":[27,6,3,29,31,23,26,8],"tags":[95,123,64],"_links":{"self":[{"href":"https:\/\/www.feriadeteatro.com\/catalogociascyl\/wp-json\/wp\/v2\/posts\/395"}],"collection":[{"href":"https:\/\/www.feriadeteatro.com\/catalogociascyl\/wp-json\/wp\/v2\/posts"}],"about":[{"href":"https:\/\/www.feriadeteatro.com\/catalogociascyl\/wp-json\/wp\/v2\/types\/post"}],"author":[{"embeddable":true,"href":"https:\/\/www.feriadeteatro.com\/catalogociascyl\/wp-json\/wp\/v2\/users\/2"}],"replies":[{"embeddable":true,"href":"https:\/\/www.feriadeteatro.com\/catalogociascyl\/wp-json\/wp\/v2\/comments?post=395"}],"version-history":[{"count":5,"href":"https:\/\/www.feriadeteatro.com\/catalogociascyl\/wp-json\/wp\/v2\/posts\/395\/revisions"}],"predecessor-version":[{"id":714,"href":"https:\/\/www.feriadeteatro.com\/catalogociascyl\/wp-json\/wp\/v2\/posts\/395\/revisions\/714"}],"wp:featuredmedia":[{"embeddable":true,"href":"https:\/\/www.feriadeteatro.com\/catalogociascyl\/wp-json\/wp\/v2\/media\/572"}],"wp:attachment":[{"href":"https:\/\/www.feriadeteatro.com\/catalogociascyl\/wp-json\/wp\/v2\/media?parent=395"}],"wp:term":[{"taxonomy":"category","embeddable":true,"href":"https:\/\/www.feriadeteatro.com\/catalogociascyl\/wp-json\/wp\/v2\/categories?post=395"},{"taxonomy":"post_tag","embeddable":true,"href":"https:\/\/www.feriadeteatro.com\/catalogociascyl\/wp-json\/wp\/v2\/tags?post=395"}],"curies":[{"name":"wp","href":"https:\/\/api.w.org\/{rel}","templated":true}]}}