{"id":400,"date":"2020-07-31T11:45:33","date_gmt":"2020-07-31T11:45:33","guid":{"rendered":"https:\/\/www.feriadeteatro.com\/catalogociascyl\/?p=400"},"modified":"2020-08-23T11:05:37","modified_gmt":"2020-08-23T11:05:37","slug":"margarito-y-cia","status":"publish","type":"post","link":"https:\/\/www.feriadeteatro.com\/catalogociascyl\/2020\/07\/31\/margarito-y-cia\/","title":{"rendered":"MARGARITO Y C\u00cdA"},"content":{"rendered":"<p>Ang\u00e9lica Gago es fundadora, directora y actriz de mi compa\u00f1\u00eda creada en 2006 en Burgos. Natural de Valladolid, donde me Licenci\u00e9 en Historia y comenc\u00e9 a descubrir el maravilloso mundo del Teatro en el Aula de Teatro de la Universidad de Valladolid. All\u00ed tambi\u00e9n entre en contacto con la Narraci\u00f3n Oral Esc\u00e9nica, arte que me fascino tanto que supe que ser\u00eda para siempre a lo que me quer\u00eda dedicar, a contar y as\u00ed sigue siendo hoy.<\/p>\n<p>Pero pronto me dar\u00eda cuenta de que necesitaba indagar en otras artes, que quer\u00eda ser una artista multidisciplinar y profundizar\u00e9 en otras t\u00e9cnicas como, El maravilloso mundo del Clown; con Eric de Bont, Jes\u00fas Jara, Mercedes Ochoa, Dario Levin, Lila Monti, Pep Vila, Virginia Imaz, Ant\u00f3n Val\u00e9n, Hernen Gen\u00e9, Alain Vigneau\u2026&#8230;<\/p>\n<p>El m\u00e1s dif\u00edcil todav\u00eda del Circo; con acrobacias a\u00e9reas (trapecio fijo), parada de manos, malabares, acrobacias de suelo&#8230; Y otras t\u00e9cnicas como M\u00fasica, Ilusionismo, Claque, Danza, Teatro Social&#8230;<\/p>\n<p>Asentada en Burgos desde hace a\u00f1os, mi formaci\u00f3n se lleva a cabo en diferentes escuelas y espacios de Espa\u00f1a y Argentina. De ah\u00ed que en mis espect\u00e1culos puedas disfruta de esta mezcolanza de artes tratadas con cari\u00f1o, con humor y con el amor por este bonito trabajo.<\/p>\n<p>C\u00edA. es:<\/p>\n<p>Fernando Mart\u00edn Monreal.<\/p>\n<p>En calidad de compa\u00f1ero de aventuras, t\u00e9cnico de sonido e iluminaci\u00f3n y creador de escenograf\u00edas y atrezzo.<\/p>\n<p><img decoding=\"async\" loading=\"lazy\" class=\"wp-image-440 aligncenter\" src=\"https:\/\/www.feriadeteatro.com\/catalogociascyl\/wp-content\/uploads\/2020\/08\/LMR_7376-300x200.jpg\" alt=\"\" width=\"413\" height=\"275\" srcset=\"https:\/\/www.feriadeteatro.com\/catalogociascyl\/wp-content\/uploads\/2020\/08\/LMR_7376-300x200.jpg 300w, https:\/\/www.feriadeteatro.com\/catalogociascyl\/wp-content\/uploads\/2020\/08\/LMR_7376-1024x683.jpg 1024w, https:\/\/www.feriadeteatro.com\/catalogociascyl\/wp-content\/uploads\/2020\/08\/LMR_7376-768x512.jpg 768w, https:\/\/www.feriadeteatro.com\/catalogociascyl\/wp-content\/uploads\/2020\/08\/LMR_7376-1536x1024.jpg 1536w, https:\/\/www.feriadeteatro.com\/catalogociascyl\/wp-content\/uploads\/2020\/08\/LMR_7376-2048x1365.jpg 2048w, https:\/\/www.feriadeteatro.com\/catalogociascyl\/wp-content\/uploads\/2020\/08\/LMR_7376-1180x787.jpg 1180w, https:\/\/www.feriadeteatro.com\/catalogociascyl\/wp-content\/uploads\/2020\/08\/LMR_7376-800x533.jpg 800w, https:\/\/www.feriadeteatro.com\/catalogociascyl\/wp-content\/uploads\/2020\/08\/LMR_7376-650x433.jpg 650w, https:\/\/www.feriadeteatro.com\/catalogociascyl\/wp-content\/uploads\/2020\/08\/LMR_7376-440x293.jpg 440w, https:\/\/www.feriadeteatro.com\/catalogociascyl\/wp-content\/uploads\/2020\/08\/LMR_7376-375x249.jpg 375w\" sizes=\"(max-width: 413px) 100vw, 413px\" \/><\/p>\n<p>\u00b7 Personalidad Jur\u00eddica de la empresa: <em><strong>persona f\u00edsica<\/strong><\/em><\/p>\n<p>\u00b7 A\u00f1o de constituci\u00f3n de la Compa\u00f1\u00eda: <em><strong>2006<\/strong><\/em><\/p>\n<p><em>\u00b7 <\/em>Direcci\u00f3n: <strong><em>C\/ Angel Garc\u00eda Bedoya 42 bajo, 09002, Burgos.<\/em><\/strong><\/p>\n<p><strong><em>\u00b7 <\/em><\/strong>Tel\u00e9fonos:<a href=\"tel:615559848\">615559848<\/a> \/ <a href=\"tel:686971707\">686971707\u00a0<\/a><\/p>\n<p>\u00b7 Email:<a href=\"mailto:info@margaritoycia.com\">info@margaritoycia.com<\/a><\/p>\n<p>\u00b7 P\u00e1gina web: <a href=\"https:\/\/www.margaritoycia.com\/\">https:\/\/www.margaritoycia.com\/<\/a><\/p>\n<p>\u00b7 Redes Sociales:<\/p>\n<p><a href=\"https:\/\/www.instagram.com\/margaritoycia\/\">https:\/\/www.instagram.com\/margaritoycia\/<\/a><\/p>\n<hr \/>\n<p><strong>ESPECT\u00c1CULO DESTACADO:<\/strong><\/p>\n<p><em><strong>Escuchando chimeneas<\/strong><\/em><\/p>\n<p>2018\/Teatro infantil y familiar<\/p>\n<p>Un historia teatralizada, jugada y danzada en el que nos transportaremos a una azotea en el que las chimeneas de las familias que viven en ese edificio se saben un mant\u00f3n de historias y estas hablan, hablan y hablan al terminar el d\u00eda y&#8230; \u00bfA qui\u00e9n le tocar\u00e1? Pito, pito, gorgorito\u2026 Al capit\u00e1n Calabrote y si familia que viven en el primero\u2026 Una dole tele catole\u2026a la pareja de sastres que viven en el segundo\u2026 los exploradores del tercero o la chica del cuarto que ten\u00eda sue\u00f1os feos y al final le desaparecieron. \u00a1Qu\u00e9 mejor forma que acabar el d\u00eda! Espect\u00e1culo inspirado en alguno de los cuentos cl\u00e1sicos de Michael Ende.<\/p>\n<p><iframe loading=\"lazy\" title=\"Escuchando Chimeneas. Margarito y C\u00eda.\" width=\"1080\" height=\"608\" src=\"https:\/\/www.youtube.com\/embed\/fhGtQscSkU8?feature=oembed\" frameborder=\"0\" allow=\"accelerometer; autoplay; encrypted-media; gyroscope; picture-in-picture\" allowfullscreen><\/iframe><\/p>\n<p>&nbsp;<br \/>\n[<a href=\"https:\/\/www.feriadeteatro.com\/catalogociascyl\/category\/companias\/\">VOLVER AL CAT\u00c1LOGO DE COMPA\u00d1\u00cdAS<\/a>]<\/p>\n<div class=\"pdf24Plugin-cp\"> \t<form name=\"pdf24Form0\" method=\"post\" action=\"https:\/\/doc2pdf.pdf24.org\/wordpress.php\" target=\"pdf24PopWin\" onsubmit=\"var pdf24Win = window.open('about:blank', 'pdf24PopWin', 'resizable=yes,scrollbars=yes,width=600,height=250,left='+(screen.width\/2-300)+',top='+(screen.height\/3-125)+''); pdf24Win.focus(); if(typeof pdf24OnCreatePDF === 'function'){void(pdf24OnCreatePDF(this,pdf24Win));}\"> \t\t<input type=\"hidden\" name=\"blogCharset\" value=\"Cw1x07UAAA==\" \/><input type=\"hidden\" name=\"blogPosts\" value=\"MwQA\" \/><input type=\"hidden\" name=\"blogUrl\" value=\"yygpKSi20tcvLy\/XS0stykxMSS1JTSwpytdLzs\/VT04sSczJT89PzkwsTq7MAQA=\" \/><input type=\"hidden\" name=\"blogName\" value=\"c04sObwwJz89XyElVcE5P7cg8fDGzMRiEC8kNbGkCCKeWFySmZOTqFCp4JN6eHMeAA==\" \/><input type=\"hidden\" name=\"blogValueEncoding\" value=\"gzdeflate base64\" \/><input type=\"hidden\" name=\"blogDocHeader\" value=\"AwA=\" \/><input type=\"hidden\" name=\"blogDocSize\" value=\"MzI0qDCyNAcA\" \/><input type=\"hidden\" name=\"blogDocOrientation\" value=\"K8gvKilKzCwBAA==\" \/><input type=\"hidden\" name=\"blogDocStyle\" value=\"AwA=\" \/><input type=\"hidden\" name=\"blogDocFilename\" value=\"AwA=\" \/><input type=\"hidden\" name=\"blogDocTpl\" value=\"hVLbbqMwEH1mpf7DLH2tS4jUVQUEabU\/0Jf9AAcmwZKxqZmmoSj\/vh7HaXOptCAwnplzzng4VUe9ru9+VB3K1q9JtZYjQudws0pn\/v7r9CGFLORIkcZ65lqtDB6q7BjhXI8koSMaBL6+qd0qbawhNCRoGjCFuFulhHvKWLWEppNuRFrN8SPoJEw20qQRGBkBzTimQeanEH5J1radHqBVuwegFmYOJRsvIUb1gQXk+UAlfEU3sld6KuC3U1LHRGO1dQXcL8JVgg+FOOuJFhvrJClroABjDZbJF9s7qm1HIeF6z8eZwxEtYy+R3MjdVP6f9sCvLo\/YUCm12poCGj8zdOV5kbw97nLhj3vdXwFrq9sz6DICe+m2yoi1JbJ9AU\/D\/qLoht+3mv\/6RgCuFR6DB266ez5hTxP\/s+D7c+JHLJ\/6skGyg1denLf3yP\/9RbpYeYyNOEg\/VOvOgvzM3jS8ESI4JwumYq9n0ewVs4Vcl9eVPLn+ZO\/g\/Au3y9pj84Dw1qvnaGqf4S0zR8YqOLz+Bw==\" \/><input type=\"hidden\" name=\"postId_0\" value=\"MzEwAAA=\" \/><input type=\"hidden\" name=\"postTitle_0\" value=\"83UMcncM8gzxV4hUcD7c6wgA\" \/><input type=\"hidden\" name=\"postLink_0\" value=\"DcnRCoAgDAXQL9Jr9hD0N2OZCcpiDoZ\/X+f1PGbvPAF3j3fRRlexQqYSWQaYjLpU4UaTV0dOOSEd2DcM0kraTMIKf+MD\" \/><input type=\"hidden\" name=\"postAuthor_0\" value=\"c84syyxJLAYA\" \/><input type=\"hidden\" name=\"postDateTime_0\" value=\"MzIwMtA1MNc1NlQwNLQyMLcyNgYA\" \/><input type=\"hidden\" name=\"postContent_0\" value=\"tVjLbiO5Fd3nKxgFGMwAslSWrYdtWRO1rHimYY897XYDQRAEFIsq0WGRFbLKlrTKfMAs8gfxJoAXXgyyCJBNgK4\/yZfkXJYkq93OZBMv2iqyyHPft87tfjYYmqR80EpwdsoTy6Rn08LEPLaO11msnBQ5HtmCcZE7tWSxZKliwqYZL38qHzkTTvKYM2lYK4o69PumcIn1DfYdzwvHNV35wLUGplYxQK0hEMnOlJBGqPKBLn2jPAQpkgRw7GOb46oXxcQpx6RmKXf8VmltvWUplLR4rdl7yXNnCQKLYaHp0noTT1hfG3UrnVew6lNdGmyodfnIcp5OoAYQTO4kQQlrchhs6YEgvuPOcaj6d8MuyKSxh34GXqsz7nLJ\/lQEi6bcC2UsAA3u0qYvsuqtl468lcEG5pVMMwjiTNv1VfyEA7GMAeuAWynhyPUeSnqVEIySZPjMLhr9Zjb4RT8bXEpYmjlLIgEU84AjChgTfEECjBTSq5xPOFOIbgJYWGlzx30wwNfDsbUSUJYVhtMrhIXD2zpXsYJxmVYm6ASBlChqCXEPT2B5+SDIL56iaOts\/N\/CNtL2zhwF\/46dEqToG5hQZ2+lL\/\/p2VtOCXgunZBIAnYhZhbrE+6UZWfyVpk68geROcclVWeXMmMfsK7jr0uUQSJ9m\/JlnQ1NTlFD0BGwOvtGOgNlT6UpH\/BSc4V3KjGSF\/\/+89+++FWvtRcdrT1Lypf3HmUwLR+F0iy3Mb+togQLlBO2soALZyfID\/Jm+YCC8OxLuCOTAtpO1Y39qh4iH4eApNxYODzlGvFw5Put+zHljNR2pQr77YuOZefwUUi\/b3XhlTXKk7dHmiOE5CazxLtVFVxZIOtntg095UdVuFXBUrFB+owLZGb5U1BRsal16SrzPapJy1tOqcknoeTgGekAhAhRpUoN\/RZ4zHAlIKJSqFFQWQ9dgpNInwY7gYQZcppyDiipouvwVl7eiwKJwrJCxuQM5aeuqNJYhkSUS2E1WUdbIXMZ3EOG+BAJlI6C7vWwmBWpdaGhhObAaZXhH6Akm8BpqBjcnvAbu6mmUfk4bODE4XrjN8gYTll7DnHlo6GMQ4T15saYpOp1d1l1Rll1H34Lk9EE4ctVAMO2h2wgSqZ0kcIjlX8XVS+FgsFcNEebOI7UC05FKOVy+aRoX6UJDgobK5Mc17hfGFFDQ+HVWvPlosYEAuKPa3fZjkp5Inf29yMGXRMjKGiuxrwTx7VZnmf+sNm8u7trIJ6KxzIPqdOANU0B92qbUBJ5sdBNgFFnAkCzyEieb7aiVtSMes2z83d\/6O51Ozt7UTTH56BxkyU1CMyPazV2p+J8dlzb392rsZlUyQy7rW476OBl\/spqMDzf1dn\/X8Zu1Nqfd3p7QQgtXkVKt9Obt3dbQQieX8eS9l5nThZUpmD1KmJa0X5vvrvXaQcxtHoda3Z70bzb61bGYPEqUnrIsPZeFfzeK2VYpx3N91cy8PwqMtAY5q2DSgaeX0XGXrc9b+0fVNXYbd+h8tVSoj19mfL5TmgPhwztIZt\/hUKKbqFEWNVYc7Dueh\/\/gU+9Q\/9cddy3BQgLMaYV1wvEyvND1pfpoO+hrkkGWXWDoZXSR7PfXO33m3ToCXmIL0fVw43PVV5UbbkCHm0Y76fYRHpfBqRTAA17J0SkAxxurw9jf9QEQUnwbTrlThCxeCNju+Bsv8Xoq1Rn0UEUteprSr3C30hbCdoCXAvcHHovQXymFozjsM\/ZzMnpcS2X+rCz2263D3r7vdpg89hv8gFrsk\/P9ToH3d1u1MW59ePHv9LJLceNU670Ez6tcnuozNT+GuwPbBNf2gVShVKnNnh5\/xnkZXkPGsfZnZwcPmm0nZSfITRrg59\/\/0zEu8AsK3a09cF\/UZhCRnB8jdMA9An0M7E\/d\/JJgZlDUm8Hb3x1OR69L38YXZ9dsJPx1fvhaHhycfh5sLdyD1NIIWaBnIiZwtAE4vlyLrai3V5zRQfhfownYLMLzCup0oq79bFrcKb1HBaKHVW2BLeqs5siIbK4wHhhlivaiLQNs4UNHMx4UCvMKzLFmlfjw9ICZeso0cONplVh+bUSPpy4xahmwg2wTYxCU0UUGs+eT7BbGGLP+aos17pWnDPH74xPwA7rq19srx4wsoHupGF2gS4xldpiTbE\/\/msI2WEA1BIcHxyyvP+aXSJqoO3hb2JRfxRGDAmYGkD4sF\/eGzYiEu9gJmR5tbblmSka0xKMduH2NRyD6ROCJP6gj+IZ+5yaDGYEeRNamecIo\/SfAXmZ0AhFQMST5RzN1hFnlD4MJTkNTAiyJTi4WlSziihAXqtZEz06jHiFJI7PptIGdqkxp6CpkgdQFZw0EQpIpsE+3n9fYMZL5Q2oaZgHAhAXNL6s3flLYvobBo8k85kixUhvrqF0NY1DWJhM6VdjtgIhDolwrpDIgBqbWG5R3CnqSD4ntWjNWh7XtrJ\/tM6pBrH0quBgFLg8b2yI527Ui56YZyfqvcB+F7bIi4kMpSvTiYyb09lp\/r0XV3+87n09lfQ\/GvLYhlc1FrSbWBdLd1yLiOhiqAUVFwKhdTbFB9MdMV7kNtN8cQRXCLfIchnvpEhtfsSShbNe2EweIc8EYe8os7N6XOFNC609BgNpUM2VQzZl\/YWZ+OyoPwnN5HcvNq7\/\/enGWiK5F80wumBy9uhoHy7OPozfseEZGw3Rlc4uTqkrsdHF+eWw\/Ev54\/CKetnvgyL\/AQ==\" \/> \t\t<a href=\"https:\/\/www.pdf24.org\" target=\"_blank\" title=\"www.pdf24.org\" rel=\"nofollow\"><img src=\"https:\/\/www.feriadeteatro.com\/catalogociascyl\/wp-content\/plugins\/pdf24-post-to-pdf\/img\/pdf_32x32.png\" alt=\"\" border=\"0\" height=\"32\" \/><\/a> \t\t<span class=\"pdf24Plugin-cp-space\">&nbsp;&nbsp;<\/span> \t\t<span class=\"pdf24Plugin-cp-text\">Enviar art\u00edculo en formato PDF<\/span> \t\t<span class=\"pdf24Plugin-cp-space\">&nbsp;&nbsp;<\/span> \t\t<input class=\"pdf24Plugin-cp-input\" style=\"margin: 0px;\" type=\"text\" name=\"sendEmailTo\" placeholder=\"Correo electr\u00f3nico\" \/> \t\t<input class=\"pdf24Plugin-cp-submit\" style=\"margin: 0px;\" type=\"submit\" value=\"Enviar\" \/> \t<\/form> <\/div>","protected":false},"excerpt":{"rendered":"<p>Ang\u00e9lica Gago es fundadora, directora y actriz de mi compa\u00f1\u00eda creada en 2006 en Burgos. Natural de Valladolid, donde me Licenci\u00e9 en Historia y comenc\u00e9 a descubrir el maravilloso mundo del Teatro en el Aula de Teatro de la Universidad de Valladolid. All\u00ed tambi\u00e9n entre en contacto con la Narraci\u00f3n Oral Esc\u00e9nica, arte que me [&hellip;]<\/p>\n","protected":false},"author":2,"featured_media":573,"comment_status":"open","ping_status":"open","sticky":false,"template":"","format":"standard","meta":[],"categories":[3,22,18,26,9],"tags":[33,36,64],"_links":{"self":[{"href":"https:\/\/www.feriadeteatro.com\/catalogociascyl\/wp-json\/wp\/v2\/posts\/400"}],"collection":[{"href":"https:\/\/www.feriadeteatro.com\/catalogociascyl\/wp-json\/wp\/v2\/posts"}],"about":[{"href":"https:\/\/www.feriadeteatro.com\/catalogociascyl\/wp-json\/wp\/v2\/types\/post"}],"author":[{"embeddable":true,"href":"https:\/\/www.feriadeteatro.com\/catalogociascyl\/wp-json\/wp\/v2\/users\/2"}],"replies":[{"embeddable":true,"href":"https:\/\/www.feriadeteatro.com\/catalogociascyl\/wp-json\/wp\/v2\/comments?post=400"}],"version-history":[{"count":4,"href":"https:\/\/www.feriadeteatro.com\/catalogociascyl\/wp-json\/wp\/v2\/posts\/400\/revisions"}],"predecessor-version":[{"id":637,"href":"https:\/\/www.feriadeteatro.com\/catalogociascyl\/wp-json\/wp\/v2\/posts\/400\/revisions\/637"}],"wp:featuredmedia":[{"embeddable":true,"href":"https:\/\/www.feriadeteatro.com\/catalogociascyl\/wp-json\/wp\/v2\/media\/573"}],"wp:attachment":[{"href":"https:\/\/www.feriadeteatro.com\/catalogociascyl\/wp-json\/wp\/v2\/media?parent=400"}],"wp:term":[{"taxonomy":"category","embeddable":true,"href":"https:\/\/www.feriadeteatro.com\/catalogociascyl\/wp-json\/wp\/v2\/categories?post=400"},{"taxonomy":"post_tag","embeddable":true,"href":"https:\/\/www.feriadeteatro.com\/catalogociascyl\/wp-json\/wp\/v2\/tags?post=400"}],"curies":[{"name":"wp","href":"https:\/\/api.w.org\/{rel}","templated":true}]}}