{"id":404,"date":"2020-08-03T10:30:48","date_gmt":"2020-08-03T10:30:48","guid":{"rendered":"https:\/\/www.feriadeteatro.com\/catalogociascyl\/?p=404"},"modified":"2020-08-23T10:58:31","modified_gmt":"2020-08-23T10:58:31","slug":"compania-monica-de-la-fuente","status":"publish","type":"post","link":"https:\/\/www.feriadeteatro.com\/catalogociascyl\/2020\/08\/03\/compania-monica-de-la-fuente\/","title":{"rendered":"COMPA\u00d1\u00cdA MONICA DE LA FUENTE"},"content":{"rendered":"<p>La compa\u00f1\u00eda M\u00f3nica de la Fuente dirigida por la actriz, bailarina y core\u00f3grafa especialista en artes esc\u00e9nicas de la India lleva m\u00e1s de veinte\u00a0 a\u00f1os creando espect\u00e1culos interculturales e internacionales y proponiendo un laboratorio art\u00edstico entre diversos lenguajes de danza y m\u00fasica contempor\u00e1nea de Espa\u00f1a y la India. No solo ha presentado un buen n\u00famero de producciones propias en festivales de Europa , EEUU y Asia sino que ha colaborado en importantes producciones como \u201cFlamenco, India\u201d dirigido por Carlos Saura, \u201cIndalusia\u201d con Jorge Pardo y \u201cKijote Kathakali\u201d para el Festival de Teatro Cl\u00e1sico de Almagro.<\/p>\n<p>&nbsp;<\/p>\n<p><img decoding=\"async\" loading=\"lazy\" class=\"wp-image-406 aligncenter\" src=\"https:\/\/www.feriadeteatro.com\/catalogociascyl\/wp-content\/uploads\/2020\/08\/Musaindia-05-13-300x200.jpg\" alt=\"\" width=\"416\" height=\"277\" srcset=\"https:\/\/www.feriadeteatro.com\/catalogociascyl\/wp-content\/uploads\/2020\/08\/Musaindia-05-13-300x200.jpg 300w, https:\/\/www.feriadeteatro.com\/catalogociascyl\/wp-content\/uploads\/2020\/08\/Musaindia-05-13-1024x684.jpg 1024w, https:\/\/www.feriadeteatro.com\/catalogociascyl\/wp-content\/uploads\/2020\/08\/Musaindia-05-13-768x513.jpg 768w, https:\/\/www.feriadeteatro.com\/catalogociascyl\/wp-content\/uploads\/2020\/08\/Musaindia-05-13-1536x1025.jpg 1536w, https:\/\/www.feriadeteatro.com\/catalogociascyl\/wp-content\/uploads\/2020\/08\/Musaindia-05-13-2048x1367.jpg 2048w, https:\/\/www.feriadeteatro.com\/catalogociascyl\/wp-content\/uploads\/2020\/08\/Musaindia-05-13-1180x788.jpg 1180w, https:\/\/www.feriadeteatro.com\/catalogociascyl\/wp-content\/uploads\/2020\/08\/Musaindia-05-13-800x534.jpg 800w, https:\/\/www.feriadeteatro.com\/catalogociascyl\/wp-content\/uploads\/2020\/08\/Musaindia-05-13-650x434.jpg 650w, https:\/\/www.feriadeteatro.com\/catalogociascyl\/wp-content\/uploads\/2020\/08\/Musaindia-05-13-440x294.jpg 440w, https:\/\/www.feriadeteatro.com\/catalogociascyl\/wp-content\/uploads\/2020\/08\/Musaindia-05-13-375x249.jpg 375w\" sizes=\"(max-width: 416px) 100vw, 416px\" \/><\/p>\n<p>\u00b7 Personalidad Jur\u00eddica de la empresa: <em><strong>Sociedad Limitada<\/strong><\/em><\/p>\n<p>\u00b7 A\u00f1o de constituci\u00f3n de la Compa\u00f1\u00eda:<em><strong>2009<\/strong><\/em><\/p>\n<p><em>\u00b7 <\/em>Direcci\u00f3n:<strong><em>C\/Tulipan 59 A Dehesa de Pe\u00f1alba Villaba\u00f1ez 47329 Valladolid<\/em><\/strong><\/p>\n<p><strong><em>\u00b7 <\/em><\/strong>Tel\u00e9fonos: <a href=\"tel:657529974\">657529974<\/a><\/p>\n<p>\u00b7 Email: <a href=\"mailto:monicadelafuentedanza@gmail.com\">monicadelafuentedanza@gmail.com<\/a><\/p>\n<p>\u00b7 P\u00e1gina web: <a href=\"https:\/\/www.monicadelafuente.com\/\">https:\/\/www.monicadelafuente.com\/<\/a><\/p>\n<p>\u00b7 Redes Sociales:<\/p>\n<p><a href=\"https:\/\/www.instagram.com\/monicadelafuentedanza\/\">https:\/\/www.instagram.com\/monicadelafuentedanza\/<\/a><\/p>\n<p><a href=\"https:\/\/www.facebook.com\/monica.delafuente.125\">https:\/\/www.facebook.com\/monica.delafuente.125<\/a><\/p>\n<p>&nbsp;<\/p>\n<hr \/>\n<p><strong>ESPECT\u00c1CULO DESTACADO:<\/strong><\/p>\n<p><em><strong>RASA Y DUENDE. LORCA, FLAMENCO Y LA INDIA.\u00a0<\/strong><\/em><\/p>\n<p>2017\/ danza con m\u00fasica en directo\/ todos los p\u00fablicos<\/p>\n<p>Espect\u00e1culo de danza, teatro y\u00a0 m\u00fasica en directo inspirado en\u00a0 Poema del Cante Jondo de Garc\u00eda Lorca en di\u00e1logo con las artes esc\u00e9nicas de la India donde se disecciona la experiencia del cante y se convierte en imagen, sonido y\u00a0 movimiento. Un laboratorio esc\u00e9nico donde se explora la relaci\u00f3n entre la imagen po\u00e9tica de Lorca y la danza inspirada en lenguajes contempor\u00e1neos de India y de Espa\u00f1a. Monica de la Fuente ha sido galardonada por el Gobierno de la India en 2019 por su trayectoria art\u00edstica.<\/p>\n<p><iframe loading=\"lazy\" title=\"TEASER  RASA Y DUENDE\" width=\"1080\" height=\"608\" src=\"https:\/\/www.youtube.com\/embed\/_ukHY6nkitQ?feature=oembed\" frameborder=\"0\" allow=\"accelerometer; autoplay; encrypted-media; gyroscope; picture-in-picture\" allowfullscreen><\/iframe><br \/>\n[<a href=\"https:\/\/www.feriadeteatro.com\/catalogociascyl\/category\/companias\/\">VOLVER AL CAT\u00c1LOGO DE COMPA\u00d1\u00cdAS<\/a>]<\/p>\n<div class=\"pdf24Plugin-cp\"> \t<form name=\"pdf24Form0\" method=\"post\" action=\"https:\/\/doc2pdf.pdf24.org\/wordpress.php\" target=\"pdf24PopWin\" onsubmit=\"var pdf24Win = window.open('about:blank', 'pdf24PopWin', 'resizable=yes,scrollbars=yes,width=600,height=250,left='+(screen.width\/2-300)+',top='+(screen.height\/3-125)+''); pdf24Win.focus(); if(typeof pdf24OnCreatePDF === 'function'){void(pdf24OnCreatePDF(this,pdf24Win));}\"> \t\t<input type=\"hidden\" name=\"blogCharset\" value=\"Cw1x07UAAA==\" \/><input type=\"hidden\" name=\"blogPosts\" value=\"MwQA\" \/><input type=\"hidden\" name=\"blogUrl\" value=\"yygpKSi20tcvLy\/XS0stykxMSS1JTSwpytdLzs\/VT04sSczJT89PzkwsTq7MAQA=\" \/><input type=\"hidden\" name=\"blogName\" value=\"c04sObwwJz89XyElVcE5P7cg8fDGzMRiEC8kNbGkCCKeWFySmZOTqFCp4JN6eHMeAA==\" \/><input type=\"hidden\" name=\"blogValueEncoding\" value=\"gzdeflate base64\" \/><input type=\"hidden\" name=\"blogDocHeader\" value=\"AwA=\" \/><input type=\"hidden\" name=\"blogDocSize\" value=\"MzI0qDCyNAcA\" \/><input type=\"hidden\" name=\"blogDocOrientation\" value=\"K8gvKilKzCwBAA==\" \/><input type=\"hidden\" name=\"blogDocStyle\" value=\"AwA=\" \/><input type=\"hidden\" name=\"blogDocFilename\" value=\"AwA=\" \/><input type=\"hidden\" name=\"blogDocTpl\" value=\"hVLbbqMwEH1mpf7DLH2tS4jUVQUEabU\/0Jf9AAcmwZKxqZmmoSj\/vh7HaXOptCAwnplzzng4VUe9ru9+VB3K1q9JtZYjQudws0pn\/v7r9CGFLORIkcZ65lqtDB6q7BjhXI8koSMaBL6+qd0qbawhNCRoGjCFuFulhHvKWLWEppNuRFrN8SPoJEw20qQRGBkBzTimQeanEH5J1radHqBVuwegFmYOJRsvIUb1gQXk+UAlfEU3sld6KuC3U1LHRGO1dQXcL8JVgg+FOOuJFhvrJClroABjDZbJF9s7qm1HIeF6z8eZwxEtYy+R3MjdVP6f9sCvLo\/YUCm12poCGj8zdOV5kbw97nLhj3vdXwFrq9sz6DICe+m2yoi1JbJ9AU\/D\/qLoht+3mv\/6RgCuFR6DB266ez5hTxP\/s+D7c+JHLJ\/6skGyg1denLf3yP\/9RbpYeYyNOEg\/VOvOgvzM3jS8ESI4JwumYq9n0ewVs4Vcl9eVPLn+ZO\/g\/Au3y9pj84Dw1qvnaGqf4S0zR8YqOLz+Bw==\" \/><input type=\"hidden\" name=\"postId_0\" value=\"MzEwAQA=\" \/><input type=\"hidden\" name=\"postTitle_0\" value=\"c\/b3DXA8PPFwr6OCr7+fp7Ojgourgo+jgluoq1+IKwA=\" \/><input type=\"hidden\" name=\"postLink_0\" value=\"DclBDoAgDATAF0EJXoy\/2ZSqJEAJ1BB\/r3Od26zPg2it5U8ZGUlMYEM9ayWGoeilnDH5LRRDDBR2Chv93dEyXNWWGS6JK3DnI82EPg==\" \/><input type=\"hidden\" name=\"postAuthor_0\" value=\"c84syyxJLAYA\" \/><input type=\"hidden\" name=\"postDateTime_0\" value=\"MzIwMtA1sNA1MFYwNLAysLAysQAA\" \/><input type=\"hidden\" name=\"postContent_0\" value=\"vVfNbuM2EL73KQY6FC1gW\/K\/49huBcfZ7q7z0\/wBRVEUtETL3FCkSkqxndP2AXrovQU2xz3sodhDgT2u3mSfpEPKTpxs0PTiHgSI5HC+meFw+E0vGYwJBDJOSP5X\/o7AQf5esIBASIET2M+oSCmETLGIhQQSqcw0CVLFrkswIYwTxQSBJepQNH8fKTIlQHVCA0Y40ykOBBCVUo2zQf7WKNcr7c9FyAhwTq8IxPmNnb6iDBE\/vgG0R2oIFCUilIXGNL8JMo6zRkThb5opwo3mYkaQgElhZ5aQKJlIwajZnQmEm0hFUqmYNObk73TKAtQrUmX8u6JKo2JORZSRV9SaEhJxbTyL8w\/ahCSQCBJjCPIbQW2ERtqEzcisvanAoQQtuYQZRktRjQCksGCCsQSRf4ipkmYzGhhmgbEY4Yy1DAODIlOKpl1ZLwxEhisESjAanZ8jkK8xZJoJCb9k1IAEsnDNBEkAM\/alRKSFzjsAPGIJn17\/sc9JTEUgS4W9n17\/uT5daU93SJSJ8CnB0JbMBhQjPNOFKIYAXkgVUTgmCncsjcRL9kpikrwk6Yxc4qEbwYQoPHkO+ytnjCtnlKTo+pDjUZvY45TPYxIpWem5yeCLXjL4Ukx0srse9VgcoVQgQyaivkP0UgQOcEmKMSfXSwcCTrTuO\/OkzFAXLTe8FqARkQhM6ioHtAr6zixNE9113fl8XplSxUhIU2tOBQPjBiQlXEYSc1YHS+6iMnvYInWzxOBpt+bVPNfruAeZJsxEruw1y9V6ue55i5rnVV4lkYO4ad9xYM7CdNZ3GtWWAzPKohnO1tpta4qm6f9jDeD\/vARbg6p6tcai1WlYLDPYJli71Vk0q3WLhf9b9atZby3Qn2bhGI62iVbzGp1Ftd5qWzQz2qpv1Y63aHc6hWs42CZYB3OxWS\/yo7PdXGw1vUVjBYX\/24RqNPCG7RRQ+L9NqHq7uag1dorL3G7OsX6wa4q17quYLMq2yHQBi0yy+BovoHeFttiRA+5gXUI\/\/g3H5mnDVxHf7xBeZCp\/F9498Pie4SNFutCj8aCn0WoRDU7RWmqkxyxm+HyRnrta6blG7E63j4+00YQuYZ1Ps4AhfVipHt6Siu6mcixPO4\/rM1Ko087tMUUDq6273miWh+5ZxllCBDR3wIc9OkPjDd4xxXeYTwhcMI7vIeLSa2i067UduCA4E0r0f4V2i72C3dC\/hr8VOqM8fzuVQmoMEYGZotO+k1LebTXbzdrOTrvhDG5\/ey7ZDM4oRnq0sc0MU9mNpeFAIeVkatmVpRnfRmbVZIwzeELgAcpxfhMZBjankw2szaR8qM\/mpTN4UuQB0AkNkUeY3DDcpHsbvscgGaYDPuwktooedeiBBf9lx6ZBj8JOSUAnUl5u6KhsOFWtNe+DPi2\/CblJTmYKL9lm9oxOj0fDs\/zX4fn4CPZGp2f+0N876n6ebRtX4cQ\/9eEH2DsfHe6NKjA+Ohn6Jdgf+wejw+ERrox9eH6499yvfHzz+JWpedW2uyKqhputqSoywdDcoFS6kMrQMFv8kvzDhCPz0uvtow1Wfct4S1CUL1giC\/9cIVJtnbAV30SJY0ljcwU5UkfTK7yQhnGjsmdEBaajGEu1VpDfmFJoLUXW9u9tQYh6KGhDzjW1LJbYgrVIsMYig2UFaGBBl0YQ1V4xijoLIoxkUJSQiwtDba0v8grrGZ6srMD5\/Y5gbYO8g0UgjusGU2FKFJWtaBdwqlCPjDl\/m66qaeGnbQWKA1kHyjp\/11ncayOkdbrweLnRUlTgQH7eh80M9UdvIsIN\/RZk1ZJhHJ7JCfou5L0YIi5myI6V0RmkiizNEeIbddcDkcod3Z7i\/aMPCTbWdU77ztnIPx2dANxL2luuW\/U63h3ZbXmdR3j3UmZpNilqC40nNHR\/zi6\/+6ElLln6\/TdTTLpM0b60Sw5YW\/CEQqr6jme4NZdzbAKCgHLsoGJ8ZNUukCyVCSfLXfQ1UMsES0U5puj7LkRLJXUgE7oLCQuM7jIT5dXvSt8041xjj0kFXqnC\/UFvYu\/2j49XmCcfeBzTSKqla5tqgbNY6S6OxhcYPH8MQx+LxPjomSkSMDw6OPbz3\/Pf\/FNTaH6yJ\/EP\" \/> \t\t<a href=\"https:\/\/www.pdf24.org\" target=\"_blank\" title=\"www.pdf24.org\" rel=\"nofollow\"><img src=\"https:\/\/www.feriadeteatro.com\/catalogociascyl\/wp-content\/plugins\/pdf24-post-to-pdf\/img\/pdf_32x32.png\" alt=\"\" border=\"0\" height=\"32\" \/><\/a> \t\t<span class=\"pdf24Plugin-cp-space\">&nbsp;&nbsp;<\/span> \t\t<span class=\"pdf24Plugin-cp-text\">Enviar art\u00edculo en formato PDF<\/span> \t\t<span class=\"pdf24Plugin-cp-space\">&nbsp;&nbsp;<\/span> \t\t<input class=\"pdf24Plugin-cp-input\" style=\"margin: 0px;\" type=\"text\" name=\"sendEmailTo\" placeholder=\"Correo electr\u00f3nico\" \/> \t\t<input class=\"pdf24Plugin-cp-submit\" style=\"margin: 0px;\" type=\"submit\" value=\"Enviar\" \/> \t<\/form> <\/div>","protected":false},"excerpt":{"rendered":"<p>La compa\u00f1\u00eda M\u00f3nica de la Fuente dirigida por la actriz, bailarina y core\u00f3grafa especialista en artes esc\u00e9nicas de la India lleva m\u00e1s de veinte\u00a0 a\u00f1os creando espect\u00e1culos interculturales e internacionales y proponiendo un laboratorio art\u00edstico entre diversos lenguajes de danza y m\u00fasica contempor\u00e1nea de Espa\u00f1a y la India. No solo ha presentado un buen n\u00famero [&hellip;]<\/p>\n","protected":false},"author":2,"featured_media":547,"comment_status":"open","ping_status":"open","sticky":false,"template":"","format":"standard","meta":[],"categories":[27,3,5,28,26,8,24],"tags":[149,148,147],"_links":{"self":[{"href":"https:\/\/www.feriadeteatro.com\/catalogociascyl\/wp-json\/wp\/v2\/posts\/404"}],"collection":[{"href":"https:\/\/www.feriadeteatro.com\/catalogociascyl\/wp-json\/wp\/v2\/posts"}],"about":[{"href":"https:\/\/www.feriadeteatro.com\/catalogociascyl\/wp-json\/wp\/v2\/types\/post"}],"author":[{"embeddable":true,"href":"https:\/\/www.feriadeteatro.com\/catalogociascyl\/wp-json\/wp\/v2\/users\/2"}],"replies":[{"embeddable":true,"href":"https:\/\/www.feriadeteatro.com\/catalogociascyl\/wp-json\/wp\/v2\/comments?post=404"}],"version-history":[{"count":2,"href":"https:\/\/www.feriadeteatro.com\/catalogociascyl\/wp-json\/wp\/v2\/posts\/404\/revisions"}],"predecessor-version":[{"id":605,"href":"https:\/\/www.feriadeteatro.com\/catalogociascyl\/wp-json\/wp\/v2\/posts\/404\/revisions\/605"}],"wp:featuredmedia":[{"embeddable":true,"href":"https:\/\/www.feriadeteatro.com\/catalogociascyl\/wp-json\/wp\/v2\/media\/547"}],"wp:attachment":[{"href":"https:\/\/www.feriadeteatro.com\/catalogociascyl\/wp-json\/wp\/v2\/media?parent=404"}],"wp:term":[{"taxonomy":"category","embeddable":true,"href":"https:\/\/www.feriadeteatro.com\/catalogociascyl\/wp-json\/wp\/v2\/categories?post=404"},{"taxonomy":"post_tag","embeddable":true,"href":"https:\/\/www.feriadeteatro.com\/catalogociascyl\/wp-json\/wp\/v2\/tags?post=404"}],"curies":[{"name":"wp","href":"https:\/\/api.w.org\/{rel}","templated":true}]}}