{"id":417,"date":"2020-07-31T10:45:28","date_gmt":"2020-07-31T10:45:28","guid":{"rendered":"https:\/\/www.feriadeteatro.com\/catalogociascyl\/?p=417"},"modified":"2020-08-23T11:07:19","modified_gmt":"2020-08-23T11:07:19","slug":"nao-damores","status":"publish","type":"post","link":"https:\/\/www.feriadeteatro.com\/catalogociascyl\/2020\/07\/31\/nao-damores\/","title":{"rendered":"NAO D&#8217;AMORES"},"content":{"rendered":"<p>Colectivo de profesionales procedentes del teatro cl\u00e1sico, los t\u00edteres y la m\u00fasica antigua que desarrolla una labor de investigaci\u00f3n y formaci\u00f3n para la puesta en escena del teatro medieval y renacentista. Articula t\u00e9cnicas esc\u00e9nicas muy primitivas desde una \u00f3ptica absolutamente contempor\u00e1nea. Es compa\u00f1\u00eda de referencia, y ha coproducido con la CNTC, Teatro de la Abad\u00eda o la Comunidad de Madrid.<\/p>\n<p><img decoding=\"async\" loading=\"lazy\" class=\"wp-image-431 aligncenter\" src=\"https:\/\/www.feriadeteatro.com\/catalogociascyl\/wp-content\/uploads\/2020\/08\/imagen-nao-damores-300x200.jpg\" alt=\"\" width=\"467\" height=\"311\" srcset=\"https:\/\/www.feriadeteatro.com\/catalogociascyl\/wp-content\/uploads\/2020\/08\/imagen-nao-damores-300x200.jpg 300w, https:\/\/www.feriadeteatro.com\/catalogociascyl\/wp-content\/uploads\/2020\/08\/imagen-nao-damores-1024x683.jpg 1024w, https:\/\/www.feriadeteatro.com\/catalogociascyl\/wp-content\/uploads\/2020\/08\/imagen-nao-damores-768x512.jpg 768w, https:\/\/www.feriadeteatro.com\/catalogociascyl\/wp-content\/uploads\/2020\/08\/imagen-nao-damores-1536x1024.jpg 1536w, https:\/\/www.feriadeteatro.com\/catalogociascyl\/wp-content\/uploads\/2020\/08\/imagen-nao-damores-2048x1365.jpg 2048w, https:\/\/www.feriadeteatro.com\/catalogociascyl\/wp-content\/uploads\/2020\/08\/imagen-nao-damores-1180x787.jpg 1180w, https:\/\/www.feriadeteatro.com\/catalogociascyl\/wp-content\/uploads\/2020\/08\/imagen-nao-damores-800x533.jpg 800w, https:\/\/www.feriadeteatro.com\/catalogociascyl\/wp-content\/uploads\/2020\/08\/imagen-nao-damores-650x433.jpg 650w, https:\/\/www.feriadeteatro.com\/catalogociascyl\/wp-content\/uploads\/2020\/08\/imagen-nao-damores-440x293.jpg 440w, https:\/\/www.feriadeteatro.com\/catalogociascyl\/wp-content\/uploads\/2020\/08\/imagen-nao-damores-375x249.jpg 375w\" sizes=\"(max-width: 467px) 100vw, 467px\" \/><\/p>\n<p>\u00b7 Personalidad Jur\u00eddica de la empresa: <em><strong>SL<\/strong><\/em><\/p>\n<p>\u00b7 A\u00f1o de constituci\u00f3n de la Compa\u00f1\u00eda:<strong><em>2001<\/em><\/strong><\/p>\n<p><em>\u00b7 <\/em>Direcci\u00f3n: <strong><em>Plaza de Adolfo Su\u00e1rez 4, 3\u00ba D. C.P: 40001 Segovia <\/em><\/strong><\/p>\n<p><strong><em>\u00b7 <\/em><\/strong>Tel\u00e9fonos:<a href=\"tel:625901570\">625 90 15 70<\/a> \/ <a href=\"tel:921462106\">921 46 21 06<\/a><\/p>\n<p>\u00b7 Email: <a href=\"mailto:produccion@naodamores.com\">produccion@naodamores.com<\/a><\/p>\n<p>\u00b7 P\u00e1gina web: <a href=\"http:\/\/www.naodamores.com\/\">http:\/\/www.naodamores.com\/<\/a><\/p>\n<p>\u00b7 Redes Sociales:<\/p>\n<p><a href=\"https:\/\/www.facebook.com\/nao.damores\">https:\/\/www.facebook.com\/nao.damores<\/a><\/p>\n<p>&nbsp;<\/p>\n<hr \/>\n<p><strong>ESPECT\u00c1CULO DESTACADO:<\/strong><\/p>\n<p><em><strong>NISE, LA TRAGEDIA DE IN\u00c9S DE CASTRO<\/strong><\/em><\/p>\n<p>Coproducido con la Comunidad de Madrid<\/p>\n<p class=\"TableParagraph\"><strong><span style=\"font-size: 10.5pt; font-family: 'Arial',sans-serif; color: #333333;\">METR\u00d3POLI: \u201cPerfecci\u00f3n\u201d<\/span><\/strong><span style=\"font-size: 10.5pt; font-family: 'Arial',sans-serif; color: #333333;\"><br \/>\n<strong><span style=\"font-family: 'Arial',sans-serif;\">Javier Vill\u00e1n, 27\/12\/2019.<\/span><\/strong><br \/>\n\u201cPocas veces se tiene la sensaci\u00f3n de plenitud que se experimenta al salir de\u00a0<em><span style=\"font-family: 'Arial',sans-serif;\">Nise, la tragedia de In\u00e9s de Castro<\/span><\/em>. Plasticidad, direcci\u00f3n \u00e1gil de ritmo sostenido; teatro que entra por los sentidos y empapa la inteligencia\u201d.<\/span><\/p>\n<p class=\"TableParagraph\"><span style=\"font-size: 10.5pt; font-family: 'Arial',sans-serif; color: #333333;\">\u00a0<\/span><\/p>\n<p class=\"TableParagraph\"><strong><span style=\"font-size: 10.5pt; font-family: 'Arial',sans-serif; color: #333333;\">ABC: \u201cPura delicia\u201d<\/span><\/strong><span style=\"font-size: 10.5pt; font-family: 'Arial',sans-serif; color: #333333;\"><br \/>\n<strong><span style=\"font-family: 'Arial',sans-serif;\">Diego Doncel, 30\/12\/2019.<\/span><\/strong><br \/>\n\u201cCon una imaginaci\u00f3n dramat\u00fargica llena de recursos sorprendentes, Ana Zamora hace de\u00a0<em><span style=\"font-family: 'Arial',sans-serif;\">Nise, la tragedia de In\u00e9s de Castro<\/span><\/em>\u00a0una obra brillante, un goce continuo\u201d<\/span><\/p>\n<p><iframe loading=\"lazy\" title=\"Nise, la tragedia de In\u00e9s de Castro\" width=\"1080\" height=\"608\" src=\"https:\/\/www.youtube.com\/embed\/j2tmeNuQJHA?feature=oembed\" frameborder=\"0\" allow=\"accelerometer; autoplay; encrypted-media; gyroscope; picture-in-picture\" allowfullscreen><\/iframe><br \/>\n[<a href=\"https:\/\/www.feriadeteatro.com\/catalogociascyl\/category\/companias\/\">VOLVER AL CAT\u00c1LOGO DE COMPA\u00d1\u00cdAS<\/a>]<\/p>\n<div class=\"pdf24Plugin-cp\"> \t<form name=\"pdf24Form0\" method=\"post\" action=\"https:\/\/doc2pdf.pdf24.org\/wordpress.php\" target=\"pdf24PopWin\" onsubmit=\"var pdf24Win = window.open('about:blank', 'pdf24PopWin', 'resizable=yes,scrollbars=yes,width=600,height=250,left='+(screen.width\/2-300)+',top='+(screen.height\/3-125)+''); pdf24Win.focus(); if(typeof pdf24OnCreatePDF === 'function'){void(pdf24OnCreatePDF(this,pdf24Win));}\"> \t\t<input type=\"hidden\" name=\"blogCharset\" value=\"Cw1x07UAAA==\" \/><input type=\"hidden\" name=\"blogPosts\" value=\"MwQA\" \/><input type=\"hidden\" name=\"blogUrl\" value=\"yygpKSi20tcvLy\/XS0stykxMSS1JTSwpytdLzs\/VT04sSczJT89PzkwsTq7MAQA=\" \/><input type=\"hidden\" name=\"blogName\" value=\"c04sObwwJz89XyElVcE5P7cg8fDGzMRiEC8kNbGkCCKeWFySmZOTqFCp4JN6eHMeAA==\" \/><input type=\"hidden\" name=\"blogValueEncoding\" value=\"gzdeflate base64\" \/><input type=\"hidden\" name=\"blogDocHeader\" value=\"AwA=\" \/><input type=\"hidden\" name=\"blogDocSize\" value=\"MzI0qDCyNAcA\" \/><input type=\"hidden\" name=\"blogDocOrientation\" value=\"K8gvKilKzCwBAA==\" \/><input type=\"hidden\" name=\"blogDocStyle\" value=\"AwA=\" \/><input type=\"hidden\" name=\"blogDocFilename\" value=\"AwA=\" \/><input type=\"hidden\" name=\"blogDocTpl\" value=\"hVLbbqMwEH1mpf7DLH2tS4jUVQUEabU\/0Jf9AAcmwZKxqZmmoSj\/vh7HaXOptCAwnplzzng4VUe9ru9+VB3K1q9JtZYjQudws0pn\/v7r9CGFLORIkcZ65lqtDB6q7BjhXI8koSMaBL6+qd0qbawhNCRoGjCFuFulhHvKWLWEppNuRFrN8SPoJEw20qQRGBkBzTimQeanEH5J1radHqBVuwegFmYOJRsvIUb1gQXk+UAlfEU3sld6KuC3U1LHRGO1dQXcL8JVgg+FOOuJFhvrJClroABjDZbJF9s7qm1HIeF6z8eZwxEtYy+R3MjdVP6f9sCvLo\/YUCm12poCGj8zdOV5kbw97nLhj3vdXwFrq9sz6DICe+m2yoi1JbJ9AU\/D\/qLoht+3mv\/6RgCuFR6DB266ez5hTxP\/s+D7c+JHLJ\/6skGyg1denLf3yP\/9RbpYeYyNOEg\/VOvOgvzM3jS8ESI4JwumYq9n0ewVs4Vcl9eVPLn+ZO\/g\/Au3y9pj84Dw1qvnaGqf4S0zR8YqOLz+Bw==\" \/><input type=\"hidden\" name=\"postId_0\" value=\"MzE0BwA=\" \/><input type=\"hidden\" name=\"postTitle_0\" value=\"83P0V3BRU7YwMjS3dvT1D3INBgA=\" \/><input type=\"hidden\" name=\"postLink_0\" value=\"BcFRCoAgEAXAE+Uz+wi6zWPdStA2dEG6fTO3+zsOYM4ZTu2FWV3p3YJYg9BZ7TIpHPJVpJgi4o5txUNbMpt1HfgB\" \/><input type=\"hidden\" name=\"postAuthor_0\" value=\"c84syyxJLAYA\" \/><input type=\"hidden\" name=\"postDateTime_0\" value=\"MzIwMtA1MNc1NlQwNLAyMLcysgAA\" \/><input type=\"hidden\" name=\"postContent_0\" value=\"zVjLjuM2Ft3nKy40QB6Abclvl1+J4jIy1aiuqil7epFgFrREu5hQokJKZbtXmeUssghmOwOkl73oRZBFgF62\/iRfMoeSy+V0qqc7QBykFgYpkvfcS97HuTVMxhMleZCKW0Uhp0SrJTdCxUxyY2cBD3mcYhxySSlnqVYUyPyZEYGqkFSG0vxFyjV2bEkyivKXWGLE4lSsMkZfZxxHDdNaSSxnMcOuhdIWTMS33GAbC0T+Y4zzS6Wj3SRh2u6kJMMWRjwmbgKO0wd6RDwU\/JZJnNRYwnIqsLlGvk5FkOF0mj8PYqhj7On8eTmMsi0sE5GA0cwaZqCLVSz\/MUkL3RdGySxlkbWcAoXfKFE6fxZzCJ8afIoSlv+Qv7DqAHsJ++NAsAo0uWFYxsWFWSBCZU9bMyYX80mF5qXeOINP\/oKFVoIq1lWUxSJkoV18zEItwtrQTcbvDZPxUEQrfA5UKOLVyGFmGwcOrp6Vc8mebh28CTNm5KyTqojYildbzToxKVaxvRWuHTI6GDk3aZqYvuuu1+salBYs5OVd1mCSG7CUSbVSsMQEW+lCWGF8nLpZYvGM2\/Aanuv13AIkrsZMVUMWKTx\/tel5m4bn1b5MVg6g05Hj0FqE6c3IaXW6Dt1wsbrB12a9XmhjePqHKUQYryt0TLS612htOr1mAWcnR8brdnqbdr1RwGF8bOvazc7GWlWah9mRARteq7epNzvtAtDOjm1hvedtur1uaSAmR8brwTvbzdJdekf3zk7b27R2aBgfGa3VQuSdlGgYHxmt2W1vGq2TMs677TWyi3jKkQw\/jNimWqSgPiEFJZuPEJjeLdQpZg6547sc++onuuLa2LpXZOFHmc5fhLYYlMkaBQBQrE9DHo2HBorHq\/HsfOjuhkPXfr8X5uc\/FHkeZqDCpVlZ1EpZk3316N9JslKRquo7MXuhuwKAj5BZLJ4KzYNCGnQ5OH2FMlAo64dKLhXNsvyZ5k+pVaHmq5d0WqNJ7QrX4AGFZnylbgWjN8AdiL2D3W+ac5k\/X6pYmf6Q0Q1q38hJuex3Gu0Tr97ues4YQzrxkCSo6w1dNiaXfrH1pFFvdRp1r+OMMcRbEH69jt16cIPTiAnZvz9pp6nql5U1AEP5BD6wcwHrRM74jUuvSb7Kn60Eyv2aLw7kWw\/dOegvT7vO+M1rr4m+BlsyNLOODP7U39\/oIcg+DEBYFkp9VciB2NpObgn3tl2HwO\/HC5MMytmNhlcfvuJ0djWdzPN\/Tv5+fkmn09ncn\/inl\/0HnezuzMXZbFqhc5\/m1\/5n09MzHwfp7CL\/18wOJv5sfn35sOtPHqA+v6Y2u913pGXOFpJfgfCtNEtunHsHNAmLyaRbyUcOfC6t2sDuI4hr7SQdUPFpySIht336wEdWkR9UDItN1SDFLAfQQCrdp780i7+BM348nV\/n\/766PD\/r08\/f\/Achv9xF08\/f\/BcWAe8gHn53+OGifJ03Avwfac74EbsVXNMTIcG\/4wo1um69gcRYP6n9SvUSyJqoLOW95QH80nBKBY+LJGR4bNg+KyWSx8hSYUHXsY1vEoBa\/gs2LMkgK1rG\/ur70kt+k9oXwvCKhUzxwGDsRZY6i\/PnlnrThFmV9\/pDfI2Qy5A0A+szFQr3CY9s3MqCcYs0UmSUQYmApw3uGgKrPXRG5wC6XjQnxvYEobLNCVI4S4qeQqC0gBoXlB3vfn97b\/HK39sdcJ3viHwsh\/Q\/nZSBkOmisxLljfzZI+FUoIDRqUJzI1HfvHeIgwmSke3xLH9A8t95vmYRS\/OXemUrvZRlf4mGLsjABeA9SqPsx2UHXCEfy5\/b9It0jrT8RwXEq++t4moB2IVG8KO1xvksJhCmsj0VcaYOn+2ub1zCPv56pwg6YvV8Fy32DVzd63n3HVzH6z3QT25VlmYLXhQqHi146H7ZSCN+kf3t0V\/9j5eI0EzzkSqWHCpUWygdcj1yPNswSrVGcxvgSblWEeihHhDLUpVIth0grAO9TVIeVm3Xzwa02mpl0GnzASUisLKrIq7uhjt5y0xKE2jO7aWUt3HnEl88XJPfSk0xh+\/prVv8DyDGV\/CDJ5fnT6bX5J+jNqLUnl9+dlkUysvHV37+Xf6tP7Pl+h\/Fw\/wP\" \/> \t\t<a href=\"https:\/\/www.pdf24.org\" target=\"_blank\" title=\"www.pdf24.org\" rel=\"nofollow\"><img src=\"https:\/\/www.feriadeteatro.com\/catalogociascyl\/wp-content\/plugins\/pdf24-post-to-pdf\/img\/pdf_32x32.png\" alt=\"\" border=\"0\" height=\"32\" \/><\/a> \t\t<span class=\"pdf24Plugin-cp-space\">&nbsp;&nbsp;<\/span> \t\t<span class=\"pdf24Plugin-cp-text\">Enviar art\u00edculo en formato PDF<\/span> \t\t<span class=\"pdf24Plugin-cp-space\">&nbsp;&nbsp;<\/span> \t\t<input class=\"pdf24Plugin-cp-input\" style=\"margin: 0px;\" type=\"text\" name=\"sendEmailTo\" placeholder=\"Correo electr\u00f3nico\" \/> \t\t<input class=\"pdf24Plugin-cp-submit\" style=\"margin: 0px;\" type=\"submit\" value=\"Enviar\" \/> \t<\/form> <\/div>","protected":false},"excerpt":{"rendered":"<p>Colectivo de profesionales procedentes del teatro cl\u00e1sico, los t\u00edteres y la m\u00fasica antigua que desarrolla una labor de investigaci\u00f3n y formaci\u00f3n para la puesta en escena del teatro medieval y renacentista. Articula t\u00e9cnicas esc\u00e9nicas muy primitivas desde una \u00f3ptica absolutamente contempor\u00e1nea. Es compa\u00f1\u00eda de referencia, y ha coproducido con la CNTC, Teatro de la Abad\u00eda [&hellip;]<\/p>\n","protected":false},"author":2,"featured_media":575,"comment_status":"open","ping_status":"open","sticky":false,"template":"","format":"standard","meta":[],"categories":[3,28,31,26,7],"tags":[156,158,157],"_links":{"self":[{"href":"https:\/\/www.feriadeteatro.com\/catalogociascyl\/wp-json\/wp\/v2\/posts\/417"}],"collection":[{"href":"https:\/\/www.feriadeteatro.com\/catalogociascyl\/wp-json\/wp\/v2\/posts"}],"about":[{"href":"https:\/\/www.feriadeteatro.com\/catalogociascyl\/wp-json\/wp\/v2\/types\/post"}],"author":[{"embeddable":true,"href":"https:\/\/www.feriadeteatro.com\/catalogociascyl\/wp-json\/wp\/v2\/users\/2"}],"replies":[{"embeddable":true,"href":"https:\/\/www.feriadeteatro.com\/catalogociascyl\/wp-json\/wp\/v2\/comments?post=417"}],"version-history":[{"count":4,"href":"https:\/\/www.feriadeteatro.com\/catalogociascyl\/wp-json\/wp\/v2\/posts\/417\/revisions"}],"predecessor-version":[{"id":644,"href":"https:\/\/www.feriadeteatro.com\/catalogociascyl\/wp-json\/wp\/v2\/posts\/417\/revisions\/644"}],"wp:featuredmedia":[{"embeddable":true,"href":"https:\/\/www.feriadeteatro.com\/catalogociascyl\/wp-json\/wp\/v2\/media\/575"}],"wp:attachment":[{"href":"https:\/\/www.feriadeteatro.com\/catalogociascyl\/wp-json\/wp\/v2\/media?parent=417"}],"wp:term":[{"taxonomy":"category","embeddable":true,"href":"https:\/\/www.feriadeteatro.com\/catalogociascyl\/wp-json\/wp\/v2\/categories?post=417"},{"taxonomy":"post_tag","embeddable":true,"href":"https:\/\/www.feriadeteatro.com\/catalogociascyl\/wp-json\/wp\/v2\/tags?post=417"}],"curies":[{"name":"wp","href":"https:\/\/api.w.org\/{rel}","templated":true}]}}