{"id":425,"date":"2020-07-30T14:00:22","date_gmt":"2020-07-30T14:00:22","guid":{"rendered":"https:\/\/www.feriadeteatro.com\/catalogociascyl\/?p=425"},"modified":"2020-08-23T11:07:49","modified_gmt":"2020-08-23T11:07:49","slug":"pez-luna","status":"publish","type":"post","link":"https:\/\/www.feriadeteatro.com\/catalogociascyl\/2020\/07\/30\/pez-luna\/","title":{"rendered":"PEZ LUNA"},"content":{"rendered":"<p>PEZ LUNA 2004_Mercedes Herrero P\u00e9rez (creadora esc\u00e9nica) + Patxi Vall\u00e9s Moratinos (creador pl\u00e1stico) + colaboraciones artistas otras disciplinas + voces an\u00f3nimas \/ testimonios_expert@s.<\/p>\n<p>L\u00ednea documental contempor\u00e1nea, dramaturgias collage_territorios h\u00edbridos de expresi\u00f3n_acci\u00f3n_discursos habitados de preguntas_ al p\u00fablico le sienten corresponsable.<\/p>\n<p>Origen_Alkimia 130, 1995-2012_espacios abiertos_rito_comunidad.<\/p>\n<p>B\u00fasqueda hoy: voz mundo rural.<\/p>\n<p><img decoding=\"async\" loading=\"lazy\" class=\"wp-image-473 aligncenter\" src=\"https:\/\/www.feriadeteatro.com\/catalogociascyl\/wp-content\/uploads\/2020\/08\/Pez-Luna-Teatro_AguAdentro-300x200.jpg\" alt=\"\" width=\"413\" height=\"275\" srcset=\"https:\/\/www.feriadeteatro.com\/catalogociascyl\/wp-content\/uploads\/2020\/08\/Pez-Luna-Teatro_AguAdentro-300x200.jpg 300w, https:\/\/www.feriadeteatro.com\/catalogociascyl\/wp-content\/uploads\/2020\/08\/Pez-Luna-Teatro_AguAdentro-1024x683.jpg 1024w, https:\/\/www.feriadeteatro.com\/catalogociascyl\/wp-content\/uploads\/2020\/08\/Pez-Luna-Teatro_AguAdentro-768x512.jpg 768w, https:\/\/www.feriadeteatro.com\/catalogociascyl\/wp-content\/uploads\/2020\/08\/Pez-Luna-Teatro_AguAdentro-1536x1024.jpg 1536w, https:\/\/www.feriadeteatro.com\/catalogociascyl\/wp-content\/uploads\/2020\/08\/Pez-Luna-Teatro_AguAdentro-2048x1365.jpg 2048w, https:\/\/www.feriadeteatro.com\/catalogociascyl\/wp-content\/uploads\/2020\/08\/Pez-Luna-Teatro_AguAdentro-1180x787.jpg 1180w, https:\/\/www.feriadeteatro.com\/catalogociascyl\/wp-content\/uploads\/2020\/08\/Pez-Luna-Teatro_AguAdentro-800x533.jpg 800w, https:\/\/www.feriadeteatro.com\/catalogociascyl\/wp-content\/uploads\/2020\/08\/Pez-Luna-Teatro_AguAdentro-650x433.jpg 650w, https:\/\/www.feriadeteatro.com\/catalogociascyl\/wp-content\/uploads\/2020\/08\/Pez-Luna-Teatro_AguAdentro-440x293.jpg 440w, https:\/\/www.feriadeteatro.com\/catalogociascyl\/wp-content\/uploads\/2020\/08\/Pez-Luna-Teatro_AguAdentro-375x249.jpg 375w\" sizes=\"(max-width: 413px) 100vw, 413px\" \/><\/p>\n<p>\u00b7 Personalidad Jur\u00eddica de la empresa: <strong><em>aut\u00f3nomo<\/em><\/strong><\/p>\n<p>\u00b7 A\u00f1o de constituci\u00f3n de la Compa\u00f1\u00eda: <strong><em>2005<\/em><\/strong><\/p>\n<p><em>\u00b7 <\/em>Direcci\u00f3n: <em><strong>C\/ Manresa 32 34003 Palencia<\/strong><\/em><\/p>\n<p><strong><em>\u00b7 <\/em><\/strong>Tel\u00e9fonos: <em><a href=\"tel:609269030\">609269030<\/a> \/ <\/em><a href=\"tel:659841544\"><em>659841544<\/em><\/a><\/p>\n<p>\u00b7 Email: <a href=\"mailto:pezlunateatro@pezlunateatro.com\">pezlunateatro@pezlunateatro.com<\/a><\/p>\n<p>\u00b7 P\u00e1gina web:<a href=\"https:\/\/pezlunateatro.com\/\">https:\/\/pezlunateatro.com\/ <\/a><\/p>\n<p>\u00b7 Redes Sociales:<\/p>\n<p><a href=\"https:\/\/www.facebook.com\/pezlunateatro\/\">https:\/\/www.facebook.com\/pezlunateatro\/<\/a><\/p>\n<p>Twitter <a href=\"https:\/\/twitter.com\/pezlunateatro\">@pezlunateatro<\/a><\/p>\n<p>&nbsp;<\/p>\n<hr \/>\n<p>&nbsp;<\/p>\n<p><strong>ESPECT\u00c1CULO DESTACADO:<\/strong><\/p>\n<p><em><strong>Acunar al viejo \u00e1rbol<\/strong><\/em><\/p>\n<p>2016\/Teatro documental contempor\u00e1neo\/ p\u00fablico adulto<\/p>\n<p>Una historia de amor con may\u00fasculas. El giro universal. Cuidar a quienes nos cuidaron. Documento_ observaci\u00f3n personas mayores \/ testimonios personas les acunan.\u00a0Documento pict\u00f3rico_autorretratos pintados por el pintor ingl\u00e9s William Utermohlen a partir de ser diagnosticado de Alzheimer.<\/p>\n<p>Un creador pl\u00e1stico, una actriz, un video creador. Acompa\u00f1an. Dejan marchar. Celebran.<\/p>\n<p><iframe loading=\"lazy\" title=\"Acunar al viejo &amp;aacute;rbol_entrevista\" src=\"https:\/\/player.vimeo.com\/video\/361007203?dnt=1&amp;app_id=122963\" width=\"960\" height=\"528\" frameborder=\"0\" allow=\"autoplay; fullscreen\" allowfullscreen><\/iframe><br \/>\n[<a href=\"https:\/\/www.feriadeteatro.com\/catalogociascyl\/category\/companias\/\">VOLVER AL CAT\u00c1LOGO DE COMPA\u00d1\u00cdAS<\/a>]<\/p>\n<div class=\"pdf24Plugin-cp\"> \t<form name=\"pdf24Form0\" method=\"post\" action=\"https:\/\/doc2pdf.pdf24.org\/wordpress.php\" target=\"pdf24PopWin\" onsubmit=\"var pdf24Win = window.open('about:blank', 'pdf24PopWin', 'resizable=yes,scrollbars=yes,width=600,height=250,left='+(screen.width\/2-300)+',top='+(screen.height\/3-125)+''); pdf24Win.focus(); if(typeof pdf24OnCreatePDF === 'function'){void(pdf24OnCreatePDF(this,pdf24Win));}\"> \t\t<input type=\"hidden\" name=\"blogCharset\" value=\"Cw1x07UAAA==\" \/><input type=\"hidden\" name=\"blogPosts\" value=\"MwQA\" \/><input type=\"hidden\" name=\"blogUrl\" value=\"yygpKSi20tcvLy\/XS0stykxMSS1JTSwpytdLzs\/VT04sSczJT89PzkwsTq7MAQA=\" \/><input type=\"hidden\" name=\"blogName\" value=\"c04sObwwJz89XyElVcE5P7cg8fDGzMRiEC8kNbGkCCKeWFySmZOTqFCp4JN6eHMeAA==\" \/><input type=\"hidden\" name=\"blogValueEncoding\" value=\"gzdeflate base64\" \/><input type=\"hidden\" name=\"blogDocHeader\" value=\"AwA=\" \/><input type=\"hidden\" name=\"blogDocSize\" value=\"MzI0qDCyNAcA\" \/><input type=\"hidden\" name=\"blogDocOrientation\" value=\"K8gvKilKzCwBAA==\" \/><input type=\"hidden\" name=\"blogDocStyle\" value=\"AwA=\" \/><input type=\"hidden\" name=\"blogDocFilename\" value=\"AwA=\" \/><input type=\"hidden\" name=\"blogDocTpl\" value=\"hVLbbqMwEH1mpf7DLH2tS4jUVQUEabU\/0Jf9AAcmwZKxqZmmoSj\/vh7HaXOptCAwnplzzng4VUe9ru9+VB3K1q9JtZYjQudws0pn\/v7r9CGFLORIkcZ65lqtDB6q7BjhXI8koSMaBL6+qd0qbawhNCRoGjCFuFulhHvKWLWEppNuRFrN8SPoJEw20qQRGBkBzTimQeanEH5J1radHqBVuwegFmYOJRsvIUb1gQXk+UAlfEU3sld6KuC3U1LHRGO1dQXcL8JVgg+FOOuJFhvrJClroABjDZbJF9s7qm1HIeF6z8eZwxEtYy+R3MjdVP6f9sCvLo\/YUCm12poCGj8zdOV5kbw97nLhj3vdXwFrq9sz6DICe+m2yoi1JbJ9AU\/D\/qLoht+3mv\/6RgCuFR6DB266ez5hTxP\/s+D7c+JHLJ\/6skGyg1denLf3yP\/9RbpYeYyNOEg\/VOvOgvzM3jS8ESI4JwumYq9n0ewVs4Vcl9eVPLn+ZO\/g\/Au3y9pj84Dw1qvnaGqf4S0zR8YqOLz+Bw==\" \/><input type=\"hidden\" name=\"postId_0\" value=\"MzEyBQA=\" \/><input type=\"hidden\" name=\"postTitle_0\" value=\"C3CNUvAJ9XMEAA==\" \/><input type=\"hidden\" name=\"postLink_0\" value=\"BcHRCYAwDAXAiewL9UNwmxCjFqIpbaTo9N6dEbWvwBgj7doKbxrK0TyJXxAONj9cCnd5DZkygRbMhKrfZM\/N+AE=\" \/><input type=\"hidden\" name=\"postAuthor_0\" value=\"c84syyxJLAYA\" \/><input type=\"hidden\" name=\"postDateTime_0\" value=\"MzIwMtA1MNc1NlAwNLEyMLcyMgIA\" \/><input type=\"hidden\" name=\"postContent_0\" value=\"vVfNbttGEL73KQY8BAliixT1L0tqVNloUdi1ENsp0KIQVuSa2mTJZZakJevWB+ihb1Afc\/Ah6KFAjuGL9VtSP7acIDddpP2ZnW9mODP7bS8ejE9+o9OrX4bkOk59csa1x32e0E9ca64VjfMPmi\/puac585VmxBMv\/xAJj72glzRm6ULQGyZl\/iGhM+ynIlLJRpximd8lqfCUkfaUZFPIeEJFgGA6FUnKElKpxq8vEk\/EUkQYv6Qb5RmRKP83EiFWbEo5FIUqEiqZ8EXMdfoqqfTsePBdLx6c5vcRZ+QrLwt5lDIJsCjlYax0foedA\/I1C1ma6UBAGyyRLOCTFF6KVGnopFl+P9XCx8jnBADNEwH0CfO84t\/Yl+nESLKpSNlKEnJBBsRkQkCN809TCXdJckoELOERwBDKJFZRwqaSb0w+1yLg0WQo34lQMKrWnAOqdjqNQ9epuhMcMHFCCKYCrsJnY+jEU2EWCZ\/5GzU\/5J+S9xn3Gc3UbRdxWxJEfEU600xuxHoiDGCup3wRBX2LJbeRZ5FUrJxLtry1yJMsSfrWPD5EzAN+WG\/V4JQIIs94oi1KtNe3ZmkaJ13bns\/nlWuuBfN5ylmqVQXW2R5D9FWgPMTZu5U2lBWfIkrtLDZ4ie06rmM7bXvMl4enWcQOL4vjk2GQDX0IanVYc5wFErLyNg4smJD2LYvmwk9nfaterVk04yKYYdVtNQqrEp7u3TDCeH5A+0CtOm590WzXClgz2RNuq9leNKpuAYvxvrxt1JoL42XpLmZ7AnadentRrTUbBbCZ7cvjattZtNqt0mFM9oTbRjY3amVatfeWzc2Gs6ivUDHeE2q9jsrtlKgY7wm11mos3Hqn7BetxhzdSiw5muzzkC0Oi5bWJbS0ePEChe3cwKxiZpE9WPfuz\/\/RmOPmidCL0frp50zn9z6uYHP\/SFzJobmsWJd6CSCjYNDj4YBlKW4tFaqejVnPXm9tdQ7zj8pogFe4WdOsuOZWKkcqjFn+Mb\/f0YrW1\/iyQrMLpcXmsdC8vDVx2givZEc2nbHI2Eo1l2p1x6mBQkgeIcYPFBbqV1ofYK+1byQvOWjHtQLhWMHgDtT8um+lXHabTsdtdpyaYw02w57NBmASpZZHwo1Ou15t1OtWgbSZrvDYw7CdhExIAK7Pm2mqujFfSqRAmUCvHs1MOlmDbwjsoIzzuwBUiOZ82t1ArRP2yWHbGnx9j3ZUvy4I3oVJbMmT7ibUuyhFWTCPT5V6Vyh6pPoB5DcEH8JfzkUKJkFPwNJy4+lxa\/A4Vg+1PYumSXxUzmYaFbO7uE2gk4vxyegy\/3N0dXpOxycXl8PR8Pi8+8U0Xp8ZekDVhtbdCP5WUX6np0p+OVFB2pp2Wf5fZaHK3vJD5mfImvXpK3zpGcgwmGhR1CwEd8ZZCtkt+J2XgZhV6ERSIKAfDPAG\/QDsjkYZOgJMpPcZ2CY+q2HfXrGoogodryxRE1LThOsbVhZ5XLaTxOhXqMfH9Hq7LQ0HN1GIKp\/\/2SijWHhoLhp+TNBmDL0Fg0\/NQRGVxBgeE5fFHCNQzOKB8KuQUrCQrvClQzVD4cPy2LwDtPEaBuIVwAL4gCcD9JjFoVyC7IVIjW2w6Mnz4gBBYTA11WJpxvhiPldruQoNvbKhMRMU\/paZyGpvxrA14pJPNTa2VPkabwW+S47RIiXvW7tJ8YyF8RFDkFJ+ZNJjYvo+vzEvmx2+HEt2Czdu4ExZmIWNdq2Jvt9yndr3fpT2q6W+OJ4Iv1913U6ztmG+naazZb4Nt21RYSieVD7XfcsxTFmqOdg9PopBO6LrTMoEUeDRanO7gNQtHR30pkXt\/P7lDvDNixFzHih9axcxjrCK3vDm\/PTNyWsantJoiLI7Pf\/RlB2Nzs\/Gw\/zv\/K\/hhSnkP4qY\/w8=\" \/> \t\t<a href=\"https:\/\/www.pdf24.org\" target=\"_blank\" title=\"www.pdf24.org\" rel=\"nofollow\"><img src=\"https:\/\/www.feriadeteatro.com\/catalogociascyl\/wp-content\/plugins\/pdf24-post-to-pdf\/img\/pdf_32x32.png\" alt=\"\" border=\"0\" height=\"32\" \/><\/a> \t\t<span class=\"pdf24Plugin-cp-space\">&nbsp;&nbsp;<\/span> \t\t<span class=\"pdf24Plugin-cp-text\">Enviar art\u00edculo en formato PDF<\/span> \t\t<span class=\"pdf24Plugin-cp-space\">&nbsp;&nbsp;<\/span> \t\t<input class=\"pdf24Plugin-cp-input\" style=\"margin: 0px;\" type=\"text\" name=\"sendEmailTo\" placeholder=\"Correo electr\u00f3nico\" \/> \t\t<input class=\"pdf24Plugin-cp-submit\" style=\"margin: 0px;\" type=\"submit\" value=\"Enviar\" \/> \t<\/form> <\/div>","protected":false},"excerpt":{"rendered":"<p>PEZ LUNA 2004_Mercedes Herrero P\u00e9rez (creadora esc\u00e9nica) + Patxi Vall\u00e9s Moratinos (creador pl\u00e1stico) + colaboraciones artistas otras disciplinas + voces an\u00f3nimas \/ testimonios_expert@s. L\u00ednea documental contempor\u00e1nea, dramaturgias collage_territorios h\u00edbridos de expresi\u00f3n_acci\u00f3n_discursos habitados de preguntas_ al p\u00fablico le sienten corresponsable. Origen_Alkimia 130, 1995-2012_espacios abiertos_rito_comunidad. B\u00fasqueda hoy: voz mundo rural. \u00b7 Personalidad Jur\u00eddica de la empresa: aut\u00f3nomo [&hellip;]<\/p>\n","protected":false},"author":2,"featured_media":582,"comment_status":"open","ping_status":"open","sticky":false,"template":"","format":"standard","meta":[],"categories":[16,3,28,18,31,26,8,14,24],"tags":[174,176,175],"_links":{"self":[{"href":"https:\/\/www.feriadeteatro.com\/catalogociascyl\/wp-json\/wp\/v2\/posts\/425"}],"collection":[{"href":"https:\/\/www.feriadeteatro.com\/catalogociascyl\/wp-json\/wp\/v2\/posts"}],"about":[{"href":"https:\/\/www.feriadeteatro.com\/catalogociascyl\/wp-json\/wp\/v2\/types\/post"}],"author":[{"embeddable":true,"href":"https:\/\/www.feriadeteatro.com\/catalogociascyl\/wp-json\/wp\/v2\/users\/2"}],"replies":[{"embeddable":true,"href":"https:\/\/www.feriadeteatro.com\/catalogociascyl\/wp-json\/wp\/v2\/comments?post=425"}],"version-history":[{"count":3,"href":"https:\/\/www.feriadeteatro.com\/catalogociascyl\/wp-json\/wp\/v2\/posts\/425\/revisions"}],"predecessor-version":[{"id":648,"href":"https:\/\/www.feriadeteatro.com\/catalogociascyl\/wp-json\/wp\/v2\/posts\/425\/revisions\/648"}],"wp:featuredmedia":[{"embeddable":true,"href":"https:\/\/www.feriadeteatro.com\/catalogociascyl\/wp-json\/wp\/v2\/media\/582"}],"wp:attachment":[{"href":"https:\/\/www.feriadeteatro.com\/catalogociascyl\/wp-json\/wp\/v2\/media?parent=425"}],"wp:term":[{"taxonomy":"category","embeddable":true,"href":"https:\/\/www.feriadeteatro.com\/catalogociascyl\/wp-json\/wp\/v2\/categories?post=425"},{"taxonomy":"post_tag","embeddable":true,"href":"https:\/\/www.feriadeteatro.com\/catalogociascyl\/wp-json\/wp\/v2\/tags?post=425"}],"curies":[{"name":"wp","href":"https:\/\/api.w.org\/{rel}","templated":true}]}}