{"id":443,"date":"2020-07-30T13:15:59","date_gmt":"2020-07-30T13:15:59","guid":{"rendered":"https:\/\/www.feriadeteatro.com\/catalogociascyl\/?p=443"},"modified":"2021-07-20T15:35:50","modified_gmt":"2021-07-20T15:35:50","slug":"rita-clara","status":"publish","type":"post","link":"https:\/\/www.feriadeteatro.com\/catalogociascyl\/2020\/07\/30\/rita-clara\/","title":{"rendered":"RITA CLARA"},"content":{"rendered":"<p>La Compa\u00f1\u00eda <strong>\u201cRita Clara\u201d<\/strong> es una <strong>compa\u00f1\u00eda de danza flamenca<\/strong> fundada por la bailaora <strong>Rita Clara <\/strong>y el guitarrista <strong>Jes\u00fas Rodr\u00edguez<\/strong>. Sus espect\u00e1culos fusionan <strong>dramaturgia<\/strong> y <strong>coreograf\u00eda de vanguardia<\/strong> sobre la base del <strong>clasicismo flamenco<\/strong>.<\/p>\n<p>Todos los espect\u00e1culos comparten la misma idea: <strong>Acercar la cultura espa\u00f1ola a p\u00fablicos populares<\/strong> con la m\u00fasica y el baile como hilo conductor y <strong>con el flamenco como lenguaje<\/strong> universal y mestizo, surgido del pueblo y abierto a las armon\u00edas de los pueblos m\u00e1s diversos del mundo.<\/p>\n<p><img decoding=\"async\" loading=\"lazy\" class=\"alignnone size-medium wp-image-852\" src=\"https:\/\/www.feriadeteatro.com\/catalogociascyl\/wp-content\/uploads\/2020\/07\/atf_1_-200x300.jpg\" alt=\"\" width=\"200\" height=\"300\" srcset=\"https:\/\/www.feriadeteatro.com\/catalogociascyl\/wp-content\/uploads\/2020\/07\/atf_1_-200x300.jpg 200w, https:\/\/www.feriadeteatro.com\/catalogociascyl\/wp-content\/uploads\/2020\/07\/atf_1_-683x1024.jpg 683w, https:\/\/www.feriadeteatro.com\/catalogociascyl\/wp-content\/uploads\/2020\/07\/atf_1_-768x1152.jpg 768w, https:\/\/www.feriadeteatro.com\/catalogociascyl\/wp-content\/uploads\/2020\/07\/atf_1_-1024x1536.jpg 1024w, https:\/\/www.feriadeteatro.com\/catalogociascyl\/wp-content\/uploads\/2020\/07\/atf_1_-1365x2048.jpg 1365w, https:\/\/www.feriadeteatro.com\/catalogociascyl\/wp-content\/uploads\/2020\/07\/atf_1_-1180x1770.jpg 1180w, https:\/\/www.feriadeteatro.com\/catalogociascyl\/wp-content\/uploads\/2020\/07\/atf_1_-800x1200.jpg 800w, https:\/\/www.feriadeteatro.com\/catalogociascyl\/wp-content\/uploads\/2020\/07\/atf_1_-650x975.jpg 650w, https:\/\/www.feriadeteatro.com\/catalogociascyl\/wp-content\/uploads\/2020\/07\/atf_1_-440x660.jpg 440w, https:\/\/www.feriadeteatro.com\/catalogociascyl\/wp-content\/uploads\/2020\/07\/atf_1_-scaled.jpg 1707w\" sizes=\"(max-width: 200px) 100vw, 200px\" \/><\/p>\n<p>&nbsp;<\/p>\n<p>\u00b7 Personalidad Jur\u00eddica de la empresa: <em><strong>aut\u00f3nomo<\/strong><\/em><\/p>\n<p>\u00b7 A\u00f1o de constituci\u00f3n de la Compa\u00f1\u00eda:<em><strong>2005<\/strong><\/em><\/p>\n<p><em>\u00b7 <\/em>Direcci\u00f3n: <strong><em>C\/ Puente Cabras, 10 <\/em><\/strong><strong><em>47420 \u00cdscar<\/em><\/strong><\/p>\n<p><strong><em>\u00b7 <\/em><\/strong>Tel\u00e9fonos: <a href=\"tel:983611841\">983611841<\/a><strong><em> \/<\/em><\/strong><strong><em>\u00a0<a href=\"tel:678477383\">678477383<\/a><\/em><\/strong><\/p>\n<p>\u00b7 Email:<\/p>\n<p><a href=\"mailto:ritaclara@ritaclara.com\">ritaclara@ritaclara.com<\/a><\/p>\n<p><a href=\"mailto:jesus.rodriguez@ritaclara.com\">jesus.rodriguez@ritaclara.com<\/a><\/p>\n<p>\u00b7 P\u00e1gina web: <a href=\"https:\/\/www.ritaclara.com\/\">https:\/\/www.ritaclara.com\/<\/a><\/p>\n<p>\u00b7 Redes Sociales:<\/p>\n<p><strong><em>&#8211; <\/em><\/strong><a href=\"https:\/\/www.facebook.com\/rita.clara.90\"><em>https:\/\/www.facebook.com\/rita.clara.90<\/em><\/a><\/p>\n<p><strong><em>&#8211;<\/em><\/strong> <a href=\"https:\/\/www.instagram.com\/ritaclaraoficial\/\"><em>https:\/\/www.instagram.com\/ritaclaraoficial\/<\/em><\/a><\/p>\n<p><strong><em>&#8211;<\/em><\/strong> <a href=\"https:\/\/twitter.com\/ritaclarabaila\"><em>https:\/\/twitter.com\/ritaclarabaila<\/em><\/a><\/p>\n<p>&nbsp;<\/p>\n<hr \/>\n<p>&nbsp;<\/p>\n<p><strong>ESPECT\u00c1CULO DESTACADO:<\/strong><\/p>\n<p><b>Atento&#8230;\u00a1FLAMENCO!<br \/>\n<\/b><\/p>\n<p><b>\u00a0 2021\/DANZA Y M\u00daSICA FLAMENCA\/TODOS LOS P\u00daBLICOS<\/b><\/p>\n<p align=\"justify\"><b>\u00a0<\/b><b>Flamenco, cante, baile y toque las tres grandes manifestaciones de este arte tan nuestro y ma\u0301s ahora que empezamos a dejar atra\u0301s estos tiempos de pandemia. Bailando la pena, la pena se olvida, no queremos olvidarla pero si\u0301 superarla con lo ma\u0301s festivo de nuestro flamenco. <\/b><\/p>\n<p align=\"justify\"><b>\u00bfAtento Flamenco? Si\u0301, atento. El flamenco no se puede escuchar, sufrir o disfrutar si no es con atencio\u0301n, con los cinco sentidos puestos en e\u0301l y siendo atento con e\u0301l, educado y corte\u0301s. Es profundo y enigma\u0301tico, majestuoso y humilde, es voz del pueblo, voz del cielo.<\/b><b>Con esta nueva creacio\u0301n vamos a disfrutar de este mundo de la mano de la bailaora Rita Clara y su grupo, con el baile de Marcos Rodri\u0301guez, La guitarra de Jesu\u0301s Rodri\u0301guez, el cante de Diego Baeza y la percusio\u0301n de Alberto Farto \u00abJuguillos\u00bb. Atentos&#8230; \u00a1FLAMENCO!<\/b><\/p>\n<p>[<a href=\"https:\/\/www.feriadeteatro.com\/catalogociascyl\/category\/companias\/\">VOLVER AL CAT\u00c1LOGO DE COMPA\u00d1\u00cdAS<\/a>]<\/p>\n<div class=\"pdf24Plugin-cp\"> \t<form name=\"pdf24Form0\" method=\"post\" action=\"https:\/\/doc2pdf.pdf24.org\/wordpress.php\" target=\"pdf24PopWin\" onsubmit=\"var pdf24Win = window.open('about:blank', 'pdf24PopWin', 'resizable=yes,scrollbars=yes,width=600,height=250,left='+(screen.width\/2-300)+',top='+(screen.height\/3-125)+''); pdf24Win.focus(); if(typeof pdf24OnCreatePDF === 'function'){void(pdf24OnCreatePDF(this,pdf24Win));}\"> \t\t<input type=\"hidden\" name=\"blogCharset\" value=\"Cw1x07UAAA==\" \/><input type=\"hidden\" name=\"blogPosts\" value=\"MwQA\" \/><input type=\"hidden\" name=\"blogUrl\" value=\"yygpKSi20tcvLy\/XS0stykxMSS1JTSwpytdLzs\/VT04sSczJT89PzkwsTq7MAQA=\" \/><input type=\"hidden\" name=\"blogName\" value=\"c04sObwwJz89XyElVcE5P7cg8fDGzMRiEC8kNbGkCCKeWFySmZOTqFCp4JN6eHMeAA==\" \/><input type=\"hidden\" name=\"blogValueEncoding\" value=\"gzdeflate base64\" \/><input type=\"hidden\" name=\"blogDocHeader\" value=\"AwA=\" \/><input type=\"hidden\" name=\"blogDocSize\" value=\"MzI0qDCyNAcA\" \/><input type=\"hidden\" name=\"blogDocOrientation\" value=\"K8gvKilKzCwBAA==\" \/><input type=\"hidden\" name=\"blogDocStyle\" value=\"AwA=\" \/><input type=\"hidden\" name=\"blogDocFilename\" value=\"AwA=\" \/><input type=\"hidden\" name=\"blogDocTpl\" value=\"hVLbbqMwEH1mpf7DLH2tS4jUVQUEabU\/0Jf9AAcmwZKxqZmmoSj\/vh7HaXOptCAwnplzzng4VUe9ru9+VB3K1q9JtZYjQudws0pn\/v7r9CGFLORIkcZ65lqtDB6q7BjhXI8koSMaBL6+qd0qbawhNCRoGjCFuFulhHvKWLWEppNuRFrN8SPoJEw20qQRGBkBzTimQeanEH5J1radHqBVuwegFmYOJRsvIUb1gQXk+UAlfEU3sld6KuC3U1LHRGO1dQXcL8JVgg+FOOuJFhvrJClroABjDZbJF9s7qm1HIeF6z8eZwxEtYy+R3MjdVP6f9sCvLo\/YUCm12poCGj8zdOV5kbw97nLhj3vdXwFrq9sz6DICe+m2yoi1JbJ9AU\/D\/qLoht+3mv\/6RgCuFR6DB266ez5hTxP\/s+D7c+JHLJ\/6skGyg1denLf3yP\/9RbpYeYyNOEg\/VOvOgvzM3jS8ESI4JwumYq9n0ewVs4Vcl9eVPLn+ZO\/g\/Au3y9pj84Dw1qvnaGqf4S0zR8YqOLz+Bw==\" \/><input type=\"hidden\" name=\"postId_0\" value=\"MzExBgA=\" \/><input type=\"hidden\" name=\"postTitle_0\" value=\"C\/IMcVRw9nEMcgQA\" \/><input type=\"hidden\" name=\"postLink_0\" value=\"BcFBCoAwDATAF9kN9SD4myVWDVQiaaD4e2fuzHfswJyznC2MR8vGDC\/qD5TJ7percejXUaUKZMMqCEsu2hnEDw==\" \/><input type=\"hidden\" name=\"postAuthor_0\" value=\"c84syyxJLAYA\" \/><input type=\"hidden\" name=\"postDateTime_0\" value=\"MzIwMtA1MNc1NlAwNLYyMLcytQQA\" \/><input type=\"hidden\" name=\"postContent_0\" value=\"tVfBjttGEr3nKzpcINgFNCIlzYxkWaNdRTNexJCtgTUxsFksghbZknpCsrnd5EiaU+YDfNhrkADxcbHIIcghQPawwOjqr\/CX5FVTpDj22N6DdZDA7q5+9aq6urqql\/RHnA1VlPDNz5ufOOuZVKt43n\/97ffPZIqlkGv++tsfeu52gQnDsngn6O\/2BoIFPL7mbBbySMQ+322aZXHAA84SpVnI2ZTLkCu9Q9npYuWmNRMhm2dY0VqadCf8WJjNb4Y9U4He\/DTPxHW5pc4mmQHDRPjp5qWfhcpAtZEq5nG5PdA84mmm57JCcF0xSAs113y2NemKx\/OM66AqbdRUi9wQA6PBs9wdciN9aSJVeEHt2PXcpP9JL+lfqADEiNxdqtaXOhUxQUcA4UwGgndL9IEvtM+tC7EDNnBCgPsVZuDdzW\/TUPpASlSSwZvC7Dj7KoeF66TPmfUunYMgtYotZKhIJsj8FIdU9UdMooU1uXQoyCmXYgefxfJKaMNDbI2ESeW1qjFDXg6U9VCSiSlUrBmfSqFTBb7wFeM6UjFcbcjX5IRczoDoS8xZUGUsQoQgUqUTezKaY9pXgYznJw4369h3gMDzcciv1w6j4zBYDOU8jlUsmJHX4iASgcwitkwOZMTn4qBz1HSY0f6Js0jTxHRdd7lc1mdCSx6IVHCYWIfZrs9THqq58iU3\/jp0AQDv4LxSN0tIs3GbXtNzvbbL09nXja8Pmp63anle\/TKZO4yH6YnjsKUM0sWJgyWHLYScLzDbogEYGJHulQTD97LGPraG405r1fCah1YFBntQ0T7urBqNo6ZVgcEeVJAFq8ZR69jqoNE+lLSOj1ZN77CTK8FoH0oaHW\/VaLfzM6fRHpR0EFaN5jauOvuJqyNv9aB9lIfV0T40HB56q+Pj3AZ870GD8Xkogvwg2l576dgchKT0x4ivDmwy6NK1TFZ\/Qsx5V6BgRw5z+0Wu+yyemuRhMbr9lZ1TVoyR1vCqsscZ3sGAknpgHyURJcj89GyIqF+kcZ6lm19i5O4yZfdcWt5hDvCMEALsQfpOM19iwxZyVyF0q6AgenQ\/HkkB086dSi18i7Z7yWh96LLzDJ4TbMinmpsa7GdblEKsIn7YPmx6bPMCDtVvSBVKK9KF8lLoQoSbf89UrAxYcLbQYnbipCLsPui0jnFFDhtOv\/zsufwOGnPfzev2xztwx+3OYbvd6rScfvlp4e6lDJpnEV7hbmlDgUWzqepq1D8+FUZ\/Kb8oEJ3+OxZyVfdjXQqTmbpG3SSpbHoT8b3LVVwKwM3LuUQZuBTTijurd+fObtfpv3vtDehnIkCNOaErFgrTve9wP\/tDp9loPHwzWO6jMeO+mCr1jdVEeuu54geeY6H+P9mtIt5\/D5u7ZO53isTV4iguo1KF1aBmkqx136b0gQ0fg1e6lGkq9F0FtkK\/S+fdcm+xqOarhUYiezuJFUTPJudnw4vNzfDL0Zidnk0uBsPB6bj79t2e9geUZhVZ1fIe3r58NBo8OXs6HH\/am+Yq3GlV+vZH5NFmwz0dPP1qwP7Gnmy+m3wxHLDttoF7MT4dT9gIv\/PNd5+PvhiOJxUIZmvGE+cyQzKcrZ0c0gpM+4+2xXCN+Rz5q7YtpNcsVf\/MhK1rU6RghoOLKZgjHssZimLuoxURttTFSDAq9lmK3iTOBNlLtTN\/dYOqeEHdEWEhmYtrHqEEpvR+ieIfb5GVwQ7MphIStkBmCSmLJK+zz+lUUCxT6k5EzGvFB0O7osIrPBs1FitSoAVh53PaSoGGka9uULzj287Z1kFtqZEd8sq+FAXrojeosw858H\/5GbLCgX9mE6iqwSaarrOzSqMBfmCLdsB6y8\/8BdfUUsy01Az6pZnpDM0h2JKsMJYnIcHLr27i2pY35iXhGaiQQd5hWNehzxKvbqhhMVKQt3IWdhst1JhAN8QDOhZ0hSnmDCgCQCtqaGlexHJOfkklRUOElsikmTK0tMgiGQYIDjC7UteVJqhWjn0pQmppbFQNSS81uvDrFbyuBc8tQQ+6DYDS5iKCbE+0faQRZcVn2WBXGmuYmSEis0Tlnin7P2x5wjW1jdRS4zwo+9fYiBfdty0s0HVndP53ZMgEugEkcCrFXCH0EK7QlYeST803WYD1QTi1fd8jTv+3\/3mcAT7E+dz+t87yuDDby82qt7tyrf9+f4r\/YJWGMbjptWs77BizSLXPx6PnZ8\/YYMSGAySg0fivlIDYcPzkfLD51+bFYEIp7R9W9+8=\" \/> \t\t<a href=\"https:\/\/www.pdf24.org\" target=\"_blank\" title=\"www.pdf24.org\" rel=\"nofollow\"><img src=\"https:\/\/www.feriadeteatro.com\/catalogociascyl\/wp-content\/plugins\/pdf24-post-to-pdf\/img\/pdf_32x32.png\" alt=\"\" border=\"0\" height=\"32\" \/><\/a> \t\t<span class=\"pdf24Plugin-cp-space\">&nbsp;&nbsp;<\/span> \t\t<span class=\"pdf24Plugin-cp-text\">Enviar art\u00edculo en formato PDF<\/span> \t\t<span class=\"pdf24Plugin-cp-space\">&nbsp;&nbsp;<\/span> \t\t<input class=\"pdf24Plugin-cp-input\" style=\"margin: 0px;\" type=\"text\" name=\"sendEmailTo\" placeholder=\"Correo electr\u00f3nico\" \/> \t\t<input class=\"pdf24Plugin-cp-submit\" style=\"margin: 0px;\" type=\"submit\" value=\"Enviar\" \/> \t<\/form> <\/div>","protected":false},"excerpt":{"rendered":"<p>La Compa\u00f1\u00eda \u201cRita Clara\u201d es una compa\u00f1\u00eda de danza flamenca fundada por la bailaora Rita Clara y el guitarrista Jes\u00fas Rodr\u00edguez. Sus espect\u00e1culos fusionan dramaturgia y coreograf\u00eda de vanguardia sobre la base del clasicismo flamenco. Todos los espect\u00e1culos comparten la misma idea: Acercar la cultura espa\u00f1ola a p\u00fablicos populares con la m\u00fasica y el baile [&hellip;]<\/p>\n","protected":false},"author":2,"featured_media":576,"comment_status":"open","ping_status":"open","sticky":false,"template":"","format":"standard","meta":[],"categories":[27,3,5,28,22,19,31,23,26,10,24],"tags":[159,161,160],"_links":{"self":[{"href":"https:\/\/www.feriadeteatro.com\/catalogociascyl\/wp-json\/wp\/v2\/posts\/443"}],"collection":[{"href":"https:\/\/www.feriadeteatro.com\/catalogociascyl\/wp-json\/wp\/v2\/posts"}],"about":[{"href":"https:\/\/www.feriadeteatro.com\/catalogociascyl\/wp-json\/wp\/v2\/types\/post"}],"author":[{"embeddable":true,"href":"https:\/\/www.feriadeteatro.com\/catalogociascyl\/wp-json\/wp\/v2\/users\/2"}],"replies":[{"embeddable":true,"href":"https:\/\/www.feriadeteatro.com\/catalogociascyl\/wp-json\/wp\/v2\/comments?post=443"}],"version-history":[{"count":4,"href":"https:\/\/www.feriadeteatro.com\/catalogociascyl\/wp-json\/wp\/v2\/posts\/443\/revisions"}],"predecessor-version":[{"id":853,"href":"https:\/\/www.feriadeteatro.com\/catalogociascyl\/wp-json\/wp\/v2\/posts\/443\/revisions\/853"}],"wp:featuredmedia":[{"embeddable":true,"href":"https:\/\/www.feriadeteatro.com\/catalogociascyl\/wp-json\/wp\/v2\/media\/576"}],"wp:attachment":[{"href":"https:\/\/www.feriadeteatro.com\/catalogociascyl\/wp-json\/wp\/v2\/media?parent=443"}],"wp:term":[{"taxonomy":"category","embeddable":true,"href":"https:\/\/www.feriadeteatro.com\/catalogociascyl\/wp-json\/wp\/v2\/categories?post=443"},{"taxonomy":"post_tag","embeddable":true,"href":"https:\/\/www.feriadeteatro.com\/catalogociascyl\/wp-json\/wp\/v2\/tags?post=443"}],"curies":[{"name":"wp","href":"https:\/\/api.w.org\/{rel}","templated":true}]}}