{"id":455,"date":"2020-08-03T10:45:39","date_gmt":"2020-08-03T10:45:39","guid":{"rendered":"https:\/\/www.feriadeteatro.com\/catalogociascyl\/?p=455"},"modified":"2020-08-24T23:44:22","modified_gmt":"2020-08-24T23:44:22","slug":"compania-artist","status":"publish","type":"post","link":"https:\/\/www.feriadeteatro.com\/catalogociascyl\/2020\/08\/03\/compania-artist\/","title":{"rendered":"COMPA\u00d1\u00cdA ARTIST"},"content":{"rendered":"<p>Artist representa el modelo de una compa\u00f1\u00eda emprendedora, actual y din\u00e1mica, cuyo motor principal es el esfuerzo de su elenco y equipo t\u00e9cnico por crecer como personas dedic\u00e1ndose a los que les entusiasma. Siempre marc\u00e1ndose retos en el mundo de la dramaturgia y aspirando a brindar al p\u00fablico la m\u00e1xima energ\u00eda y calidad. Su bagaje, en cuanto a funciones, se encuentra ubicado en un amplio espectro, englobando desde el g\u00e9nero dram\u00e1tico, con por ejemplo Los diez negritos de Agatha Christie, hasta el g\u00e9nero c\u00f3mico, con obras como Usted puede ser un asesino de Alfonso Paso, Muerte Accidental de un Anarquista de Dar\u00edo Fo o La cena de los idiotas de Francis Veber.<\/p>\n<p><img decoding=\"async\" loading=\"lazy\" class=\"aligncenter wp-image-456\" src=\"https:\/\/www.feriadeteatro.com\/catalogociascyl\/wp-content\/uploads\/2020\/08\/Imagen-2-Compa\u00f1\u00eda-Artist-300x206.jpg\" alt=\"\" width=\"525\" height=\"361\" srcset=\"https:\/\/www.feriadeteatro.com\/catalogociascyl\/wp-content\/uploads\/2020\/08\/Imagen-2-Compa\u00f1\u00eda-Artist-300x206.jpg 300w, https:\/\/www.feriadeteatro.com\/catalogociascyl\/wp-content\/uploads\/2020\/08\/Imagen-2-Compa\u00f1\u00eda-Artist-1024x705.jpg 1024w, https:\/\/www.feriadeteatro.com\/catalogociascyl\/wp-content\/uploads\/2020\/08\/Imagen-2-Compa\u00f1\u00eda-Artist-768x528.jpg 768w, https:\/\/www.feriadeteatro.com\/catalogociascyl\/wp-content\/uploads\/2020\/08\/Imagen-2-Compa\u00f1\u00eda-Artist-1536x1057.jpg 1536w, https:\/\/www.feriadeteatro.com\/catalogociascyl\/wp-content\/uploads\/2020\/08\/Imagen-2-Compa\u00f1\u00eda-Artist-2048x1409.jpg 2048w, https:\/\/www.feriadeteatro.com\/catalogociascyl\/wp-content\/uploads\/2020\/08\/Imagen-2-Compa\u00f1\u00eda-Artist-1180x812.jpg 1180w, https:\/\/www.feriadeteatro.com\/catalogociascyl\/wp-content\/uploads\/2020\/08\/Imagen-2-Compa\u00f1\u00eda-Artist-800x550.jpg 800w, https:\/\/www.feriadeteatro.com\/catalogociascyl\/wp-content\/uploads\/2020\/08\/Imagen-2-Compa\u00f1\u00eda-Artist-650x447.jpg 650w, https:\/\/www.feriadeteatro.com\/catalogociascyl\/wp-content\/uploads\/2020\/08\/Imagen-2-Compa\u00f1\u00eda-Artist-440x303.jpg 440w\" sizes=\"(max-width: 525px) 100vw, 525px\" \/><\/p>\n<p><img decoding=\"async\" loading=\"lazy\" class=\"aligncenter wp-image-731 size-full\" src=\"https:\/\/www.feriadeteatro.com\/catalogociascyl\/wp-content\/uploads\/2020\/08\/RECIENTE.jpg\" alt=\"\" width=\"300\" height=\"26\" \/><\/p>\n<p>&nbsp;<\/p>\n<p>\u00b7 Personalidad Jur\u00eddica de la empresa: <strong><em>asociaci\u00f3n juvenil<\/em><\/strong><\/p>\n<p>\u00b7 A\u00f1o de constituci\u00f3n de la Compa\u00f1\u00eda: <strong><em>2019<\/em><\/strong><\/p>\n<p><em>\u00b7 <\/em>Direcci\u00f3n: <strong><em>Paseo Arco de Ladrillo 18 2\u00baD, Valladolid. CP: 47007<\/em><\/strong><\/p>\n<p><strong><em>\u00b7 <\/em><\/strong>Tel\u00e9fonos: <a href=\"tel:697168293\">697168293<\/a><\/p>\n<p>\u00b7 Email: <a href=\"mailto:info@teatroartist.com\">info@teatroartist.com<\/a><\/p>\n<p>\u00b7 P\u00e1gina web:<a href=\"https:\/\/www.teatroartist.com\/\">https:\/\/www.teatroartist.com\/<\/a><\/p>\n<p>\u00b7 Redes Sociales:<\/p>\n<p>&#8211; <a href=\"https:\/\/www.facebook.com\/TeatroArtist\/\">https:\/\/www.facebook.com\/TeatroArtist\/<\/a><br \/>\n&#8211; <a href=\"https:\/\/www.instagram.com\/TeatroArtist\/\">https:\/\/www.instagram.com\/TeatroArtist\/<\/a><br \/>\n&#8211; <a href=\"https:\/\/twitter.com\/TeatroArtist\">https:\/\/twitter.com\/TeatroArtist<\/a><\/p>\n<hr \/>\n<p>&nbsp;<\/p>\n<p><strong>ESPECT\u00c1CULO DESTACADO:<\/strong><\/p>\n<p><em><strong>La cena de los idiotas<\/strong><\/em><\/p>\n<p>La hemos representado en el teatro de Cebreros y en el teatro Cervantes de Valladolid, donde tuvo una gran acogida por parte del p\u00fablico y se colg\u00f3 el cartel de todo vendido. Habr\u00eda sido reprogramada de no ser por el covid-19.<br \/>\nPara la pr\u00f3xima temporada representaremos Muerte Accidental de un Anarquista, de Dar\u00edo Fo.<\/p>\n<p>[<a href=\"https:\/\/www.feriadeteatro.com\/catalogociascyl\/category\/companias\/\">VOLVER AL CAT\u00c1LOGO DE COMPA\u00d1\u00cdAS<\/a>]<\/p>\n<div class=\"pdf24Plugin-cp\"> \t<form name=\"pdf24Form0\" method=\"post\" action=\"https:\/\/doc2pdf.pdf24.org\/wordpress.php\" target=\"pdf24PopWin\" onsubmit=\"var pdf24Win = window.open('about:blank', 'pdf24PopWin', 'resizable=yes,scrollbars=yes,width=600,height=250,left='+(screen.width\/2-300)+',top='+(screen.height\/3-125)+''); pdf24Win.focus(); if(typeof pdf24OnCreatePDF === 'function'){void(pdf24OnCreatePDF(this,pdf24Win));}\"> \t\t<input type=\"hidden\" name=\"blogCharset\" value=\"Cw1x07UAAA==\" \/><input type=\"hidden\" name=\"blogPosts\" value=\"MwQA\" \/><input type=\"hidden\" name=\"blogUrl\" value=\"yygpKSi20tcvLy\/XS0stykxMSS1JTSwpytdLzs\/VT04sSczJT89PzkwsTq7MAQA=\" \/><input type=\"hidden\" name=\"blogName\" value=\"c04sObwwJz89XyElVcE5P7cg8fDGzMRiEC8kNbGkCCKeWFySmZOTqFCp4JN6eHMeAA==\" \/><input type=\"hidden\" name=\"blogValueEncoding\" value=\"gzdeflate base64\" \/><input type=\"hidden\" name=\"blogDocHeader\" value=\"AwA=\" \/><input type=\"hidden\" name=\"blogDocSize\" value=\"MzI0qDCyNAcA\" \/><input type=\"hidden\" name=\"blogDocOrientation\" value=\"K8gvKilKzCwBAA==\" \/><input type=\"hidden\" name=\"blogDocStyle\" value=\"AwA=\" \/><input type=\"hidden\" name=\"blogDocFilename\" value=\"AwA=\" \/><input type=\"hidden\" name=\"blogDocTpl\" value=\"hVLbbqMwEH1mpf7DLH2tS4jUVQUEabU\/0Jf9AAcmwZKxqZmmoSj\/vh7HaXOptCAwnplzzng4VUe9ru9+VB3K1q9JtZYjQudws0pn\/v7r9CGFLORIkcZ65lqtDB6q7BjhXI8koSMaBL6+qd0qbawhNCRoGjCFuFulhHvKWLWEppNuRFrN8SPoJEw20qQRGBkBzTimQeanEH5J1radHqBVuwegFmYOJRsvIUb1gQXk+UAlfEU3sld6KuC3U1LHRGO1dQXcL8JVgg+FOOuJFhvrJClroABjDZbJF9s7qm1HIeF6z8eZwxEtYy+R3MjdVP6f9sCvLo\/YUCm12poCGj8zdOV5kbw97nLhj3vdXwFrq9sz6DICe+m2yoi1JbJ9AU\/D\/qLoht+3mv\/6RgCuFR6DB266ez5hTxP\/s+D7c+JHLJ\/6skGyg1denLf3yP\/9RbpYeYyNOEg\/VOvOgvzM3jS8ESI4JwumYq9n0ewVs4Vcl9eVPLn+ZO\/g\/Au3y9pj84Dw1qvnaGqf4S0zR8YqOLz+Bw==\" \/><input type=\"hidden\" name=\"postId_0\" value=\"MzE1BQA=\" \/><input type=\"hidden\" name=\"postTitle_0\" value=\"c\/b3DXA8PPFwr6OCY1CIZ3AIAA==\" \/><input type=\"hidden\" name=\"postLink_0\" value=\"DclBCoAwDATAF+mGehF\/s8SqgWpKGyj+Xuc6V0TtGzDGmI\/cjHuOzGg+q99QBoufrsaub0GSJJAVsuDvysc4sYX1wAc=\" \/><input type=\"hidden\" name=\"postAuthor_0\" value=\"c84syyxJLAYA\" \/><input type=\"hidden\" name=\"postDateTime_0\" value=\"MzIwMtA1sNA1MFYwNLAysLAytgQA\" \/><input type=\"hidden\" name=\"postContent_0\" value=\"vVfLbhs3FN3nKy6mQNECljSSJVlWZKGCrLQpnNqIHW+KLigONaI7M5yQHEvyrh\/QRT\/BSy+yCLwokGXmx3rIiSXHcZIuAu34uvfcFy8PB\/lwpK00lrTItTAis4xEQqmKRKIoElRkjLhKc1a+Ld9gL8WxLBKR0myHGLcFS2hFkczK61RyrPFipSBvlaZcy4zLHCeEcVqFmRVCX3m9psCKyLiCtHhdyFyRLW94JrGSQ5ZrwYV20JgLbVTGDOQiycvrLFJGEKNEGXpdCEqc+swWRjKTsjqdSm8mpUyvT2thlTvlvSuw5oxIGEWapcwWOpYMljCTS83cLqMprI+YJpifl++mibMMAml5vZQpIpEJHbuQrIizREYsAnBBUxazC7HjkHjBMus0zQqEQWXC7BAsgdMFrNWMiikiBiycLTJiaZ5ITEwuuNXKqYgTNWWVrQbmwvS4vAGu8maX1xY2IeIq8yETF3AbWTuCo5EUV5SJWEvnNmRHMbNzRuO5RrYlDJwzU+X6TiUvb9O1PjXViLeP\/itjRUR5IVzWkBJnqhFGZj6Eo2SmMqPohBmIvkB+LRY5l5GrpaQqIRplTCPJDhELh0yXbxQ9UwRjUV4i88sunTKSyvpM0zMkgktD52IqdH3QyIdPBvlwINMYu1yh5OKDgJlVxgOIsmqesKtVQDxhxmAzkXEG7RZWL\/IashaLWrvTDchofhDMrc1Nv9FYLBb1mdCSRcIKhtDX4XeDM5ivYsVRVHyVNKAAgbHQ1ihyh2carbAVNsJe47lTnNVatfH6otSqa1XbDcNlK+zWL\/I4QCXZgyCghYzs\/CDotDoBzYWM51jd7Ta9VUbYrRtGGC9QEFtAbYat9nIv7HhYN9kS7l63t+y0eh4W421529ntLpthZ69yF7MtAbfCdm\/ZbIf7HtjNtuVxsxcue81W5TAmW8LtoZo7ndDD9rZWzd1OuGy3q+xivCXUdjtc7oa7HhXjBfqGvBJodz+kbFnzzaVPaC758kdcsfASZvlZQI3hN+uie7tND1ubFUnyrfvpy8n4+eS3s8ljXRO9atM1W937Tn2fTU3+9G72\/l86qXiDf5zp1wKPDugD+\/Dwe4pgWJ8GBiZm8XAg0iEeMdjHZXmb0UVxKTKZDBpYHzTuDm20j8q3\/gWEF3hRbVFJVco3WftYfyts7j+u0O1Cqd88lCA\/Xt3H0nhjhaKR5h73iEVaJnjvmz1qvX93uEPnLEnAJ+BvncYnfWrvheHeZ+Duqb2DXR86E0l5g2ddGeAzmmsxOwisSPrd\/b1mt9fa3w2G6+Ggwe5HZZIymdwTc1Or+jKbqZ+qamC+jF1NBMNHlx9oPCmvYwmGsBDT\/lrt\/Vp7KN8Ihl\/cfqD\/JYiNoVOXeBDJ\/rqavuu1ms2n9CjkjHExVepPr+\/MA1S38wH25895I6Ya5fvki0gSxcVisL2vQX3h4P\/BsgtpccM\/Ed6AfO7EJpxzD\/HJTbyrtcnpyWR8Vv41fnV0TIeT07PReHR43H\/0KtzJPE4P74n4uq3kcHYuUpza\/GUqcg2SWxWBUzMWUw26a9y\/4\/7WWOhL8HXhuefmJu1QpPDfIVtcKv8ZQohBgLmK0VU87c6Zo7z4L22+CSvH87lK4vLWIXB3wlNhq2AR2kokI1WnX9hUux+EwcwbrVz+WOTdBb12bNsTe6hQlzKqNffrH\/J4wvB\/QKPJdXnrvyMW\/Qx\/MshuvNc+Gl\/n5DsfkfI11f798dL\/amfHXMRKrxr+35hhFaV6fnx0PnlJoyMaj1ADR8c\/uxqg8fGLk1H5T\/n36NTV0R8e+z8=\" \/> \t\t<a href=\"https:\/\/www.pdf24.org\" target=\"_blank\" title=\"www.pdf24.org\" rel=\"nofollow\"><img src=\"https:\/\/www.feriadeteatro.com\/catalogociascyl\/wp-content\/plugins\/pdf24-post-to-pdf\/img\/pdf_32x32.png\" alt=\"\" border=\"0\" height=\"32\" \/><\/a> \t\t<span class=\"pdf24Plugin-cp-space\">&nbsp;&nbsp;<\/span> \t\t<span class=\"pdf24Plugin-cp-text\">Enviar art\u00edculo en formato PDF<\/span> \t\t<span class=\"pdf24Plugin-cp-space\">&nbsp;&nbsp;<\/span> \t\t<input class=\"pdf24Plugin-cp-input\" style=\"margin: 0px;\" type=\"text\" name=\"sendEmailTo\" placeholder=\"Correo electr\u00f3nico\" \/> \t\t<input class=\"pdf24Plugin-cp-submit\" style=\"margin: 0px;\" type=\"submit\" value=\"Enviar\" \/> \t<\/form> <\/div>","protected":false},"excerpt":{"rendered":"<p>Artist representa el modelo de una compa\u00f1\u00eda emprendedora, actual y din\u00e1mica, cuyo motor principal es el esfuerzo de su elenco y equipo t\u00e9cnico por crecer como personas dedic\u00e1ndose a los que les entusiasma. Siempre marc\u00e1ndose retos en el mundo de la dramaturgia y aspirando a brindar al p\u00fablico la m\u00e1xima energ\u00eda y calidad. Su bagaje, [&hellip;]<\/p>\n","protected":false},"author":2,"featured_media":542,"comment_status":"open","ping_status":"open","sticky":false,"template":"","format":"standard","meta":[],"categories":[16,27,3,191,28,29,22,31,23,26,7,8,24],"tags":[168,169,167],"_links":{"self":[{"href":"https:\/\/www.feriadeteatro.com\/catalogociascyl\/wp-json\/wp\/v2\/posts\/455"}],"collection":[{"href":"https:\/\/www.feriadeteatro.com\/catalogociascyl\/wp-json\/wp\/v2\/posts"}],"about":[{"href":"https:\/\/www.feriadeteatro.com\/catalogociascyl\/wp-json\/wp\/v2\/types\/post"}],"author":[{"embeddable":true,"href":"https:\/\/www.feriadeteatro.com\/catalogociascyl\/wp-json\/wp\/v2\/users\/2"}],"replies":[{"embeddable":true,"href":"https:\/\/www.feriadeteatro.com\/catalogociascyl\/wp-json\/wp\/v2\/comments?post=455"}],"version-history":[{"count":6,"href":"https:\/\/www.feriadeteatro.com\/catalogociascyl\/wp-json\/wp\/v2\/posts\/455\/revisions"}],"predecessor-version":[{"id":740,"href":"https:\/\/www.feriadeteatro.com\/catalogociascyl\/wp-json\/wp\/v2\/posts\/455\/revisions\/740"}],"wp:featuredmedia":[{"embeddable":true,"href":"https:\/\/www.feriadeteatro.com\/catalogociascyl\/wp-json\/wp\/v2\/media\/542"}],"wp:attachment":[{"href":"https:\/\/www.feriadeteatro.com\/catalogociascyl\/wp-json\/wp\/v2\/media?parent=455"}],"wp:term":[{"taxonomy":"category","embeddable":true,"href":"https:\/\/www.feriadeteatro.com\/catalogociascyl\/wp-json\/wp\/v2\/categories?post=455"},{"taxonomy":"post_tag","embeddable":true,"href":"https:\/\/www.feriadeteatro.com\/catalogociascyl\/wp-json\/wp\/v2\/tags?post=455"}],"curies":[{"name":"wp","href":"https:\/\/api.w.org\/{rel}","templated":true}]}}