{"id":464,"date":"2020-07-30T11:45:45","date_gmt":"2020-07-30T11:45:45","guid":{"rendered":"https:\/\/www.feriadeteatro.com\/catalogociascyl\/?p=464"},"modified":"2023-11-07T09:10:13","modified_gmt":"2023-11-07T09:10:13","slug":"teatro-del-navegante","status":"publish","type":"post","link":"https:\/\/www.feriadeteatro.com\/catalogociascyl\/2020\/07\/30\/teatro-del-navegante\/","title":{"rendered":"TEATRO DEL NAVEGANTE"},"content":{"rendered":"<p class=\"font8\" style=\"margin: 0cm; text-align: justify; vertical-align: baseline;\">En Octubre de 2009 estrena, \u201cEl \u00faltimo viaje\u201d. Dirigido por Xiqui<br \/>\nRodr\u00edguez e interpretado por B\u00e9atrice Fulconis.<\/p>\n<p>En 2015 Teatro del Navegante crea el espect\u00e1culo \u201cSangre Comunera\u201d<br \/>\npara la fiesta de la Comunidad de Castilla y Le\u00f3n, en Villalar de los<br \/>\nComuneros..<\/p>\n<p>En 2017 Teatro del Navegante estrena \u201cCartas al Emperador\u201d de<br \/>\nRoberto Garc\u00eda Encinas. Dirigido por Xiqui Rodr\u00edguez.<\/p>\n<p>En 2019 \u00a0estrena \u201cEfecto Matilda\u201d texto y direcci\u00f3n B\u00e9atrice<br \/>\nFulconis.<\/p>\n<p>En 2021 estrena en la Feria de Teatro de Castilla y Le\u00f3n \u201cLOBA (She<br \/>\nWolf)\u201d de Juan Mairena. Dirigido por Xiqui Rodr\u00edguez.<\/p>\n<p>En 2023 estrena en la Feria de Teatro de Castilla y Le\u00f3n \u201cCUERDA\u201d<br \/>\nde B.Fulconis y X. Rodr\u00edguez. Dirigido por Xiqui Rodr\u00edguez.<\/p>\n<p><img decoding=\"async\" loading=\"lazy\" class=\"alignnone size-medium wp-image-1031\" src=\"https:\/\/www.feriadeteatro.com\/catalogociascyl\/wp-content\/uploads\/2020\/07\/CARTEL-CUERDA-212x300.jpg\" alt=\"\" width=\"212\" height=\"300\" srcset=\"https:\/\/www.feriadeteatro.com\/catalogociascyl\/wp-content\/uploads\/2020\/07\/CARTEL-CUERDA-212x300.jpg 212w, https:\/\/www.feriadeteatro.com\/catalogociascyl\/wp-content\/uploads\/2020\/07\/CARTEL-CUERDA-724x1024.jpg 724w, https:\/\/www.feriadeteatro.com\/catalogociascyl\/wp-content\/uploads\/2020\/07\/CARTEL-CUERDA-768x1086.jpg 768w, https:\/\/www.feriadeteatro.com\/catalogociascyl\/wp-content\/uploads\/2020\/07\/CARTEL-CUERDA-1086x1536.jpg 1086w, https:\/\/www.feriadeteatro.com\/catalogociascyl\/wp-content\/uploads\/2020\/07\/CARTEL-CUERDA-1448x2048.jpg 1448w, https:\/\/www.feriadeteatro.com\/catalogociascyl\/wp-content\/uploads\/2020\/07\/CARTEL-CUERDA-1180x1669.jpg 1180w, https:\/\/www.feriadeteatro.com\/catalogociascyl\/wp-content\/uploads\/2020\/07\/CARTEL-CUERDA-800x1132.jpg 800w, https:\/\/www.feriadeteatro.com\/catalogociascyl\/wp-content\/uploads\/2020\/07\/CARTEL-CUERDA-650x919.jpg 650w, https:\/\/www.feriadeteatro.com\/catalogociascyl\/wp-content\/uploads\/2020\/07\/CARTEL-CUERDA-440x622.jpg 440w, https:\/\/www.feriadeteatro.com\/catalogociascyl\/wp-content\/uploads\/2020\/07\/CARTEL-CUERDA.jpg 1754w\" sizes=\"(max-width: 212px) 100vw, 212px\" \/><\/p>\n<p>\u00b7 Personalidad Jur\u00eddica de la empresa: <strong><em>Aut\u00f3nomo. Beatrice Fulconis Maroto<\/em><\/strong><\/p>\n<p>\u00b7 A\u00f1o de constituci\u00f3n de la Compa\u00f1\u00eda: <em><strong>2017<\/strong><\/em><\/p>\n<p><em>\u00b7 <\/em>Direcci\u00f3n: C\/ Cascajo 4 47131 Geria Valladolid<\/p>\n<p><strong><em>\u00b7 <\/em><\/strong>Tel\u00e9fonos: <a href=\"tel:637857744\">637857744<\/a><\/p>\n<p>\u00b7 Email: <a href=\"mailto:teatrodelnavegante@hotmail.com\"><span style=\"font-size: 12.0pt; font-family: 'Arial',sans-serif;\">teatrodelnavegante@hotmail.com<\/span><\/a><\/p>\n<p>\u00b7 P\u00e1gina web: <a href=\"https:\/\/www.teatrodelnavegante.com\/\">https:\/\/www.teatrodelnavegante.com\/<\/a><\/p>\n<p>\u00b7 Redes Sociales:\u00a0<a href=\"https:\/\/www.facebook.com\/naveganteteatro\/\" target=\"_blank\" rel=\"noopener noreferrer\">https:\/\/www.facebook.com\/naveganteteatro\/<\/a><\/p>\n<p><a href=\"https:\/\/www.instagram.com\/teatrodelnavegante\/?hl=es\" target=\"_blank\" rel=\"noopener noreferrer\">https:\/\/www.instagram.com\/teatrodelnavegante\/?hl=es<\/a><\/p>\n<p><a href=\"https:\/\/twitter.com\/TdelNavegante\" target=\"_blank\" rel=\"noopener noreferrer\">https:\/\/twitter.com\/TdelNavegante<\/a><\/p>\n<p><a href=\"https:\/\/www.youtube.com\/@TeatrodelNavegante\" target=\"_blank\" rel=\"noopener noreferrer\">https:\/\/www.youtube.com\/@TeatrodelNavegante<\/a><\/p>\n<p>&nbsp;<\/p>\n<hr \/>\n<p>&nbsp;<\/p>\n<p><strong>ESPECT\u00c1CULO DESTACADO:<\/strong><\/p>\n<p><em><strong>Loba &#8211; En 2021 estrena en la Feria de Teatro de Castilla y Le\u00f3n \u201cLOBA (She<br \/>\nWolf)\u201d de Juan Mairena. Dirigido por Xiqui Rodr\u00edguez.<\/strong><\/em><\/p>\n<p>&nbsp;<\/p>\n<p><iframe loading=\"lazy\" title=\"Teaser LOBA (She Wolf)\" width=\"1080\" height=\"608\" src=\"https:\/\/www.youtube.com\/embed\/_K1bQyxypD0?feature=oembed\" frameborder=\"0\" allow=\"accelerometer; autoplay; clipboard-write; encrypted-media; gyroscope; picture-in-picture; web-share\" allowfullscreen><\/iframe><\/p>\n<p>[<a href=\"https:\/\/www.feriadeteatro.com\/catalogociascyl\/category\/companias\/\">VOLVER AL CAT\u00c1LOGO DE COMPA\u00d1\u00cdAS<\/a>]<\/p>\n<div class=\"pdf24Plugin-cp\"> \t<form name=\"pdf24Form0\" method=\"post\" action=\"https:\/\/doc2pdf.pdf24.org\/wordpress.php\" target=\"pdf24PopWin\" onsubmit=\"var pdf24Win = window.open('about:blank', 'pdf24PopWin', 'resizable=yes,scrollbars=yes,width=600,height=250,left='+(screen.width\/2-300)+',top='+(screen.height\/3-125)+''); pdf24Win.focus(); if(typeof pdf24OnCreatePDF === 'function'){void(pdf24OnCreatePDF(this,pdf24Win));}\"> \t\t<input type=\"hidden\" name=\"blogCharset\" value=\"Cw1x07UAAA==\" \/><input type=\"hidden\" name=\"blogPosts\" value=\"MwQA\" \/><input type=\"hidden\" name=\"blogUrl\" value=\"yygpKSi20tcvLy\/XS0stykxMSS1JTSwpytdLzs\/VT04sSczJT89PzkwsTq7MAQA=\" \/><input type=\"hidden\" name=\"blogName\" value=\"c04sObwwJz89XyElVcE5P7cg8fDGzMRiEC8kNbGkCCKeWFySmZOTqFCp4JN6eHMeAA==\" \/><input type=\"hidden\" name=\"blogValueEncoding\" value=\"gzdeflate base64\" \/><input type=\"hidden\" name=\"blogDocHeader\" value=\"AwA=\" \/><input type=\"hidden\" name=\"blogDocSize\" value=\"MzI0qDCyNAcA\" \/><input type=\"hidden\" name=\"blogDocOrientation\" value=\"K8gvKilKzCwBAA==\" \/><input type=\"hidden\" name=\"blogDocStyle\" value=\"AwA=\" \/><input type=\"hidden\" name=\"blogDocFilename\" value=\"AwA=\" \/><input type=\"hidden\" name=\"blogDocTpl\" value=\"hVLbbqMwEH1mpf7DLH2tS4jUVQUEabU\/0Jf9AAcmwZKxqZmmoSj\/vh7HaXOptCAwnplzzng4VUe9ru9+VB3K1q9JtZYjQudws0pn\/v7r9CGFLORIkcZ65lqtDB6q7BjhXI8koSMaBL6+qd0qbawhNCRoGjCFuFulhHvKWLWEppNuRFrN8SPoJEw20qQRGBkBzTimQeanEH5J1radHqBVuwegFmYOJRsvIUb1gQXk+UAlfEU3sld6KuC3U1LHRGO1dQXcL8JVgg+FOOuJFhvrJClroABjDZbJF9s7qm1HIeF6z8eZwxEtYy+R3MjdVP6f9sCvLo\/YUCm12poCGj8zdOV5kbw97nLhj3vdXwFrq9sz6DICe+m2yoi1JbJ9AU\/D\/qLoht+3mv\/6RgCuFR6DB266ez5hTxP\/s+D7c+JHLJ\/6skGyg1denLf3yP\/9RbpYeYyNOEg\/VOvOgvzM3jS8ESI4JwumYq9n0ewVs4Vcl9eVPLn+ZO\/g\/Au3y9pj84Dw1qvnaGqf4S0zR8YqOLz+Bw==\" \/><input type=\"hidden\" name=\"postId_0\" value=\"MzEzAQA=\" \/><input type=\"hidden\" name=\"postTitle_0\" value=\"C3F1DAnyV3Bx9VHwcwxzdXf0C3EFAA==\" \/><input type=\"hidden\" name=\"postLink_0\" value=\"JcpBDoAgDATAF8E2eDDxN02pSoLUQCPx9x6c85zu99iAOWfctRfO6sreLYpdEHaudpgUHvJWJEoEWrEQ\/hWy1tD40YObKz4=\" \/><input type=\"hidden\" name=\"postAuthor_0\" value=\"c84syyxJLAYA\" \/><input type=\"hidden\" name=\"postDateTime_0\" value=\"MzIwMtA1MNc1NlAwNLQyMLcyMQUA\" \/><input type=\"hidden\" name=\"postContent_0\" value=\"zVfNbttGEL7nKQYskDSAJZKyLMn6S2RZCZAqtWs7boCiCFbkiFpnyWWXS0vKKX2AHnpvgeSYQw5BDwV6jN4kT9JZUpJVWU3cFCp6213uzvfN7OzMx2YMnmBJ0rKGMtI1CxI9FdiyQqYCHtXB8cIGaJzoAhM8oIWLNNF8OG3AJSrNPSYWHwYsQcEjbFjtXgRHnk4HCsFHKDnOPmCiFUZsBz68\/KUnYPaH0DyUcMnZBX54+WsRDrniAfclxFLBU\/5DypsDBXb71on01extkOILQOCRRhUr1Gy+82D2hmnFPYQHqfBkxJNi047bt5qxYVFy3D04Q9ohiYmAr9klBoxsgKeQAa1gEqOnZ6+9VEjD7ZRFAdHuyjCNUDGiNqcRM8VAMBhycoUZv2iSbeM+8828yygyglan0MfZb9EOYATnZkUwlR2QydzY3LxMimtsq5vZzqNnCHaZ0iwBJqAXxsTQl4pI0v5luAZ0MRIeMuXN3jLoRR6PWLIpwHAV2jUa+\/D+1Qpmb0gxkvCYkX++iUmWEZIc9blCz+Pk7dVNzIlsvo+Su3SGokPBeoCKZ+FcOn4tkIZC\/+igA1+ejhbWv5VieDd3HB6lLCJy3Fj9R36Wdj+PTPdJ7+Swc5UbtO2guPCXNj4trkLekFGThwEBetLnUdCyWDKNPItyhuVzwV5MrcVbzZ5cJCOEhL\/AQog+T0MYxwUesgALrrPr0ktWXssaaR0nddsej8fFofHOR535VvRkaHtMMyED6XGWeFNhkwXyQWOk7TQ20IlNUXJsp2p3OydnvX4hd71QckuTXccpXsSBRbmoW5YFY+7rUcuiTxaMkAcjWqU9GZEE9X\/BBWg83oEtAVVL5YnrlMoZEk22iFSpEVKtkiNVattDMigTd283hzKzLWKVy7VJySnXciyabRHLrTkTt1LZz7Fotj2smkNQ7m4pg6LJ9pAqe85k3819ovH2gMplZ1Ip5R7ReGtA+e1U98pjKytlVNu+DNmkkNWSunnO8eQupaVzSRSymUUFd1Ey3\/8Ox6gSGVE9NE34UUpF1SdRMm\/PGJJUSFgdmlTlZRS0mxi2O6mmMi5DWYQDXNMO1EWU1LJp076mvTh0hdaZvcuaAm2mrqDTvPMttUDMZu+o5xKeOT8\/brr6iq3M8rzi05iMZmuHy0Zah65tuo7HLiSUoVx1d114mDWmc0aNyJfk7NLEimMLU0uwMxSzNyTrZEKMGIwUDluWRlGv7FZre9VquWy1l8OmzVY97YWMi5VjZqplPb9yEifRQpvcH0ltPpo0sIhPTL14riGNoiyYW62DWyo6sW5AtjRkIRfTOtzpkFPizk7CoqSQkIdD0o4fRyDfCKC9RvZ49prEKoMxDlYor2bsdatZ2lrtG2xaAztBHxM4NakuMKm\/f7URcMg8HEj5PLOwtJcj2BZoktemJT4bCBY9t0ChaFmRlDGSLIRIkj1UCtVfCX7U6CrNjZQ45SwLFAuz49edte+NRAuTzyV3Q\/MfpanHXJPAzyyc0eGlAv4cUn9r7JORmsqU\/l7y279\/tvDkX5G5gdlVWrejQRI38tko05hri1dPv3d63OuezX7sPukfwWHv9KzT7Rwe1a+Vr9Wa1JcDBre\/qJVctwH\/E12+qUKuecyHlF64rompEJtqQzyphsCSEGRUlrKUpI1zpUsrTm2DQF69IAwH6NvPvnIH30wn0\/jQuTekQKQKWzL7ZEFGZiCVj6plOUYGCzkmbe55KOjfLqSHqRrAUi1jweiH2RM8Hkim\/MJYcY0NCrSnprFGPxPwrAHBlH4JPcqiBsTcM2AFHhXmw4Ypb4VkxBTOsYapEAn9yKIpiHlslpH7bnNV+mTjpjkGUk1tz7SziFapSJ4f9c97J9DpQ7dDmdY\/emgyDbpHj487s59nP3VOTe5+n2H\/CQ==\" \/> \t\t<a href=\"https:\/\/www.pdf24.org\" target=\"_blank\" title=\"www.pdf24.org\" rel=\"nofollow\"><img src=\"https:\/\/www.feriadeteatro.com\/catalogociascyl\/wp-content\/plugins\/pdf24-post-to-pdf\/img\/pdf_32x32.png\" alt=\"\" border=\"0\" height=\"32\" \/><\/a> \t\t<span class=\"pdf24Plugin-cp-space\">&nbsp;&nbsp;<\/span> \t\t<span class=\"pdf24Plugin-cp-text\">Enviar art\u00edculo en formato PDF<\/span> \t\t<span class=\"pdf24Plugin-cp-space\">&nbsp;&nbsp;<\/span> \t\t<input class=\"pdf24Plugin-cp-input\" style=\"margin: 0px;\" type=\"text\" name=\"sendEmailTo\" placeholder=\"Correo electr\u00f3nico\" \/> \t\t<input class=\"pdf24Plugin-cp-submit\" style=\"margin: 0px;\" type=\"submit\" value=\"Enviar\" \/> \t<\/form> <\/div>","protected":false},"excerpt":{"rendered":"<p>En Octubre de 2009 estrena, \u201cEl \u00faltimo viaje\u201d. Dirigido por Xiqui Rodr\u00edguez e interpretado por B\u00e9atrice Fulconis. En 2015 Teatro del Navegante crea el espect\u00e1culo \u201cSangre Comunera\u201d para la fiesta de la Comunidad de Castilla y Le\u00f3n, en Villalar de los Comuneros.. En 2017 Teatro del Navegante estrena \u201cCartas al Emperador\u201d de Roberto Garc\u00eda Encinas. [&hellip;]<\/p>\n","protected":false},"author":2,"featured_media":1029,"comment_status":"open","ping_status":"open","sticky":false,"template":"","format":"standard","meta":[],"categories":[3,28,31,26,8],"tags":[171,170,172],"_links":{"self":[{"href":"https:\/\/www.feriadeteatro.com\/catalogociascyl\/wp-json\/wp\/v2\/posts\/464"}],"collection":[{"href":"https:\/\/www.feriadeteatro.com\/catalogociascyl\/wp-json\/wp\/v2\/posts"}],"about":[{"href":"https:\/\/www.feriadeteatro.com\/catalogociascyl\/wp-json\/wp\/v2\/types\/post"}],"author":[{"embeddable":true,"href":"https:\/\/www.feriadeteatro.com\/catalogociascyl\/wp-json\/wp\/v2\/users\/2"}],"replies":[{"embeddable":true,"href":"https:\/\/www.feriadeteatro.com\/catalogociascyl\/wp-json\/wp\/v2\/comments?post=464"}],"version-history":[{"count":6,"href":"https:\/\/www.feriadeteatro.com\/catalogociascyl\/wp-json\/wp\/v2\/posts\/464\/revisions"}],"predecessor-version":[{"id":1032,"href":"https:\/\/www.feriadeteatro.com\/catalogociascyl\/wp-json\/wp\/v2\/posts\/464\/revisions\/1032"}],"wp:featuredmedia":[{"embeddable":true,"href":"https:\/\/www.feriadeteatro.com\/catalogociascyl\/wp-json\/wp\/v2\/media\/1029"}],"wp:attachment":[{"href":"https:\/\/www.feriadeteatro.com\/catalogociascyl\/wp-json\/wp\/v2\/media?parent=464"}],"wp:term":[{"taxonomy":"category","embeddable":true,"href":"https:\/\/www.feriadeteatro.com\/catalogociascyl\/wp-json\/wp\/v2\/categories?post=464"},{"taxonomy":"post_tag","embeddable":true,"href":"https:\/\/www.feriadeteatro.com\/catalogociascyl\/wp-json\/wp\/v2\/tags?post=464"}],"curies":[{"name":"wp","href":"https:\/\/api.w.org\/{rel}","templated":true}]}}