{"id":477,"date":"2020-07-30T11:00:29","date_gmt":"2020-07-30T11:00:29","guid":{"rendered":"https:\/\/www.feriadeteatro.com\/catalogociascyl\/?p=477"},"modified":"2023-04-12T08:11:03","modified_gmt":"2023-04-12T08:11:03","slug":"titeres-de-maria-parrato","status":"publish","type":"post","link":"https:\/\/www.feriadeteatro.com\/catalogociascyl\/2020\/07\/30\/titeres-de-maria-parrato\/","title":{"rendered":"T\u00cdTERES DE MARIA PARRATO"},"content":{"rendered":"<p>Compa\u00f1\u00eda de t\u00edteres especializada en teatro infantil con m\u00e1s de 20 a\u00f1os de historia y galardonada con El Premio Nacional de Artes Esc\u00e9nicas para la Infancia y la Juventud en 2016 adem\u00e1s de otros prestigiosos galardones como: un MAX al mejor espect\u00e1culo infantil, varios premios, dos como mejor espect\u00e1culo, en FETEN, premio ICAL al Compromiso humano y premiados en la Fira de Lleida, Teatralia, Albaida, etc<\/p>\n<p><img decoding=\"async\" loading=\"lazy\" class=\"aligncenter wp-image-478 \" src=\"https:\/\/www.feriadeteatro.com\/catalogociascyl\/wp-content\/uploads\/2020\/08\/Cartel-1024x683.jpg\" alt=\"\" width=\"761\" height=\"508\" srcset=\"https:\/\/www.feriadeteatro.com\/catalogociascyl\/wp-content\/uploads\/2020\/08\/Cartel-1024x683.jpg 1024w, https:\/\/www.feriadeteatro.com\/catalogociascyl\/wp-content\/uploads\/2020\/08\/Cartel-300x200.jpg 300w, https:\/\/www.feriadeteatro.com\/catalogociascyl\/wp-content\/uploads\/2020\/08\/Cartel-768x512.jpg 768w, https:\/\/www.feriadeteatro.com\/catalogociascyl\/wp-content\/uploads\/2020\/08\/Cartel-1536x1024.jpg 1536w, https:\/\/www.feriadeteatro.com\/catalogociascyl\/wp-content\/uploads\/2020\/08\/Cartel-2048x1365.jpg 2048w, https:\/\/www.feriadeteatro.com\/catalogociascyl\/wp-content\/uploads\/2020\/08\/Cartel-1180x787.jpg 1180w, https:\/\/www.feriadeteatro.com\/catalogociascyl\/wp-content\/uploads\/2020\/08\/Cartel-800x533.jpg 800w, https:\/\/www.feriadeteatro.com\/catalogociascyl\/wp-content\/uploads\/2020\/08\/Cartel-650x433.jpg 650w, https:\/\/www.feriadeteatro.com\/catalogociascyl\/wp-content\/uploads\/2020\/08\/Cartel-440x293.jpg 440w, https:\/\/www.feriadeteatro.com\/catalogociascyl\/wp-content\/uploads\/2020\/08\/Cartel-375x249.jpg 375w\" sizes=\"(max-width: 761px) 100vw, 761px\" \/><\/p>\n<p>\u00b7 Personalidad Jur\u00eddica de la empresa: <strong><em>aut\u00f3noma<\/em><\/strong><\/p>\n<p>\u00b7 A\u00f1o de constituci\u00f3n de la Compa\u00f1\u00eda: <strong><em>1997<\/em><\/strong><\/p>\n<p><em>\u00b7 <\/em>Direcci\u00f3n: <strong><em>C\/ Adelantado de Segovia, 50 \u2013 40370 <\/em><\/strong><strong><em>Tur\u00e9gano<\/em><\/strong><\/p>\n<p><strong><em>\u00b7 <\/em><\/strong>Tel\u00e9fonos:<a href=\"tel:658360842\">658360842<\/a><strong><em> \/ <\/em><\/strong><a href=\"tel:921500126\">921500126<\/a><\/p>\n<p>\u00b7 Email: <a href=\"mailto:informaci\u00f3n@mariaparrato.com\">informaci\u00f3n@mariaparrato.com<\/a><\/p>\n<p>\u00b7 P\u00e1gina web:<a href=\"http:\/\/www.mariaparrato.com\/\"> http:\/\/www.mariaparrato.com\/<\/a><\/p>\n<p>\u00b7 Redes Sociales:<\/p>\n<p><a href=\"https:\/\/www.facebook.com\/mariaparrato\">https:\/\/www.facebook.com\/mariaparrato<\/a><\/p>\n<p>&nbsp;<\/p>\n<hr \/>\n<p>&nbsp;<\/p>\n<p><strong>ESPECT\u00c1CULO DESTACADO:<\/strong><\/p>\n<p><em><strong>Alas<\/strong><\/em><\/p>\n<p>2020\/ Estreno 23 de septiempre en Titirimundi<\/p>\n<p>Manos o cuerpos, objetos o maquinas, movimiento o quietud, luces o sombras.<br \/>\nUn espect\u00e1culo de t\u00edteres, para contar la historia de unos ni\u00f1os que sintieron la necesidad de transformar su mundo.<\/p>\n<p>Cuando Jaime y Sim\u00f3n encuentran a \u00c1ngel no les importa que sea diferente as\u00ed que entre ellos nace una amistad tan profunda que les har\u00e1 descubrir un mundo nuevo y desconocido.<br \/>\nGracia a eso podr\u00e1n lograr finalmente ser los \u00fanicos due\u00f1os de su destino.<br \/>\nEste espect\u00e1culo est\u00e1 planteado como un juego de ni\u00f1os donde el origen y el final de las cosas son extremos de una l\u00ednea que se tocan para formar un c\u00edrculo de vida.<br \/>\nEn nuestras manos est\u00e1 el poder construir las posibilidades de nuestra existencia que se desarrollen con la libertad y el gozo de un sue\u00f1o donde los finales sean naturales, donde la necesidad de evoluci\u00f3n y los desenlaces sean parte del propio juego.<\/p>\n<p><iframe loading=\"lazy\" title=\"ALAS - Clip\" src=\"https:\/\/player.vimeo.com\/video\/643551210?h=6a3b1557d7&amp;dnt=1&amp;app_id=122963\" width=\"1080\" height=\"608\" frameborder=\"0\" allow=\"autoplay; fullscreen; picture-in-picture\" allowfullscreen><\/iframe><\/p>\n<p>[<a href=\"https:\/\/www.feriadeteatro.com\/catalogociascyl\/category\/companias\/\">VOLVER AL CAT\u00c1LOGO DE COMPA\u00d1\u00cdAS<\/a>]<\/p>\n<div class=\"pdf24Plugin-cp\"> \t<form name=\"pdf24Form0\" method=\"post\" action=\"https:\/\/doc2pdf.pdf24.org\/wordpress.php\" target=\"pdf24PopWin\" onsubmit=\"var pdf24Win = window.open('about:blank', 'pdf24PopWin', 'resizable=yes,scrollbars=yes,width=600,height=250,left='+(screen.width\/2-300)+',top='+(screen.height\/3-125)+''); pdf24Win.focus(); if(typeof pdf24OnCreatePDF === 'function'){void(pdf24OnCreatePDF(this,pdf24Win));}\"> \t\t<input type=\"hidden\" name=\"blogCharset\" value=\"Cw1x07UAAA==\" \/><input type=\"hidden\" name=\"blogPosts\" value=\"MwQA\" \/><input type=\"hidden\" name=\"blogUrl\" value=\"yygpKSi20tcvLy\/XS0stykxMSS1JTSwpytdLzs\/VT04sSczJT89PzkwsTq7MAQA=\" \/><input type=\"hidden\" name=\"blogName\" value=\"c04sObwwJz89XyElVcE5P7cg8fDGzMRiEC8kNbGkCCKeWFySmZOTqFCp4JN6eHMeAA==\" \/><input type=\"hidden\" name=\"blogValueEncoding\" value=\"gzdeflate base64\" \/><input type=\"hidden\" name=\"blogDocHeader\" value=\"AwA=\" \/><input type=\"hidden\" name=\"blogDocSize\" value=\"MzI0qDCyNAcA\" \/><input type=\"hidden\" name=\"blogDocOrientation\" value=\"K8gvKilKzCwBAA==\" \/><input type=\"hidden\" name=\"blogDocStyle\" value=\"AwA=\" \/><input type=\"hidden\" name=\"blogDocFilename\" value=\"AwA=\" \/><input type=\"hidden\" name=\"blogDocTpl\" value=\"hVLbbqMwEH1mpf7DLH2tS4jUVQUEabU\/0Jf9AAcmwZKxqZmmoSj\/vh7HaXOptCAwnplzzng4VUe9ru9+VB3K1q9JtZYjQudws0pn\/v7r9CGFLORIkcZ65lqtDB6q7BjhXI8koSMaBL6+qd0qbawhNCRoGjCFuFulhHvKWLWEppNuRFrN8SPoJEw20qQRGBkBzTimQeanEH5J1radHqBVuwegFmYOJRsvIUb1gQXk+UAlfEU3sld6KuC3U1LHRGO1dQXcL8JVgg+FOOuJFhvrJClroABjDZbJF9s7qm1HIeF6z8eZwxEtYy+R3MjdVP6f9sCvLo\/YUCm12poCGj8zdOV5kbw97nLhj3vdXwFrq9sz6DICe+m2yoi1JbJ9AU\/D\/qLoht+3mv\/6RgCuFR6DB266ez5hTxP\/s+D7c+JHLJ\/6skGyg1denLf3yP\/9RbpYeYyNOEg\/VOvOgvzM3jS8ESI4JwumYq9n0ewVs4Vcl9eVPLn+ZO\/g\/Au3y9pj84Dw1qvnaGqf4S0zR8YqOLz+Bw==\" \/><input type=\"hidden\" name=\"postId_0\" value=\"MzE3BwA=\" \/><input type=\"hidden\" name=\"postTitle_0\" value=\"CzncG+Ia5Bqs4OKq4OsY5OmoEOAYFOQY4g8A\" \/><input type=\"hidden\" name=\"postLink_0\" value=\"DcvRCoAgDAXQL9KNegj6mzFXCcpkXpD+vs77eYAxT6K1Vr4sqhSDCcKzeicVSPPbtcrUt9HGGxMftDOhwsJmKpa6\/C8NiRA4fQ==\" \/><input type=\"hidden\" name=\"postAuthor_0\" value=\"c84syyxJLAYA\" \/><input type=\"hidden\" name=\"postDateTime_0\" value=\"MzIwMtA1MNc1NlAwNLQyMLcysgQA\" \/><input type=\"hidden\" name=\"postContent_0\" value=\"tVfNjiO3Eb7nKQp9MBJAM93618xKSgStbNiY9Qw8YyNAEARUN6fFDZtss7tHmj3ZD+CD4SfY4x7mYPhgIMf0m+RJ8hVbPzPCxskhujRINln11Q+rPo7z6dxmuah\/rp8EJZLK+qmUThYki1zGSmj1TiSCpKFSitJZUuZemFJpiq2hrH5f8KlORBBh\/XilitI6JeiRUqGFS6xhCbx9oenGyUxZ+lLECuuaD8xcCX2LIq4\/GBWLgnLhBGlBn7Oq2EvC7IvqQZqyShhLJ2oPSCRyp98CGc4Bd6lSZQtMdrohOraZvaTK0JvZnwk6M\/nWusbAsn4fV\/pgVYsehFONLOAsWpTYRsBHTrUYyqeLu8WXre1++nw+u2IV7FRnM1VYWlWZMBY2+C2C5eEYDPpUOe\/yKy1VIlp0xw6GwzGc6aXwa7KMx2E+\/d04n45VlmJ7bBNl0kkgikcTB6StaOZavHsMKNaiKPBTq9TEcJd0tM7PVCZSedYbjiigwsWTYFWWeXEZhuv1+vxeIliJbMJ7DlPDWJRC29TC9UX8qENIQPRKiAurnBUWYSfqRGE0CucCwdNn7ajT2wxG3fO3eRrA\/nISBLRWSbmaBMNBO6CVVOkKq\/1o5CEUsjwtCuLJukX\/bx3dKNp0osirwPgEGoaD0abf7ngNGJ9AQ7vfHWzYP42jMDuBkk7UG23a3UHfK+HZKSxpj6LNcDRsDMHkBDpGiHi\/2yTV6CQRH\/SjTW+rAeMTaOj1kLUXjQaMT3Evhv1Np3fR3Ithf41brt5JlKLfZ2Jz5kvBJdK5nW\/+gKsZPQCCnwUUTncV7p+\/0o10BfcFFL8EFd\/VTwlaAldJFEyZcYUXlzQuANSk07HMpqIq61+MzcQ4xGwc7n4dZM7QmVgCLEB7KKtY4cBW5KH5vZTavrgYflwg\/4VQ\/\/O1cjL24l6enoc0S6RGR0G5Z023MrUPXNj7Ef3ru5+oF3WHER0peCbgDpZ\/SNE2\/gOGZ1t3WPab7qSuP9xbY4vLsaCVk\/eTABG6HPRH3UE06nWC6X44DsULYRQeg3ou4aLT7kdRuzMIpvuhl3Dw9SITSsMZu2M8Le0l2qt1mfCu+lOGDivQ450ofbYF09\/8faThpn6fKiNoLZcH+zibt8l8fDwMpvRbv4\/EfyUTMIZbznwt4cGdx59r2t8bEcultX\/3cp4LDqb\/07bnqj8xyyJ\/1cxWDpfiePEQ9cXtzWJ+V38\/\/\/rqml4vbu9m89nr68uPZuruzAy84NkGH+Jml7\/HYF+lk2ApnS6nayHzUvnbxlTlTpXKqawyidodeoPULMhSXEmXM0uyy7ey9EuZ+LZCfLCWIeUzhZphsYxFCfLWIl3FkvcVNls6UZyPl97ar81LQvaMirYaQsgFSDi+tHuGiU0VAzHKk89vK0BXoHESZvJGI6HLlxIW54QpfJ45Kipie+z5zqB5JTClL4TKJKjarcq4RkgDAw0fJEH19yaVmuAkJAapLLeuFI1OCSgKVZQJF4mifvLLfBJfrRkhcgBYBQlwQlQFKiETDPEeKBohLHQlXP0eWIu4WjrlmLJ6mGQq+cAUkn\/hZseKoTeO+8wJpsiojuCauU0gAbbb1MHMewRCZx5VASbIQOp\/gGMzUa\/kjrDDGQkTZ7OXiWyQL8OB\/0CWc0mTXNM8Iwa8txUqGwvZhgCEO2GbCfFJkTuPPPYwmoLLXLrAF0We5Ab+yRoM7BpdPxm58yiVNmYXceS3QYO6uH5yu\/R4QGD3gA27CDkM0ZnPzQYwlMMlMN3Xflcp5zEgZdVS+SYjvfrtYUBCdKR\/c2xhYAMuq9UaxsRNVmm1lI5j6I1L7TvbWABHSt9qvA\/Y2d5waECCAKAoK8fT1m7HUYIixHrbnB79ceiWRot4JyHnVotVzZmT47XhvX9+eCDcO5HJ4ycBWp6Wk2B2NbulM5prlR89AhDVR+nOcVllUxLhWWnDQa\/bBw9tR39cTQaiu2z3+8Nk+InI8leJKSdtPxJ5\/jeVTNqdzsWgu6f87WgUHTj\/gDm\/h7a0DsGYBBG\/EbRd46FSlZb1v6L7SusidlKaV5SrGL6SZ8qcbYfbA4dNqF+NuftC9peP1+j\/ym0whxfdYxgzFzBYRcv45vrqm8VXhMfcfIZSe3X9GZdaml+\/uZnVP9Y\/zG65eP\/V6\/43\" \/> \t\t<a href=\"https:\/\/www.pdf24.org\" target=\"_blank\" title=\"www.pdf24.org\" rel=\"nofollow\"><img src=\"https:\/\/www.feriadeteatro.com\/catalogociascyl\/wp-content\/plugins\/pdf24-post-to-pdf\/img\/pdf_32x32.png\" alt=\"\" border=\"0\" height=\"32\" \/><\/a> \t\t<span class=\"pdf24Plugin-cp-space\">&nbsp;&nbsp;<\/span> \t\t<span class=\"pdf24Plugin-cp-text\">Enviar art\u00edculo en formato PDF<\/span> \t\t<span class=\"pdf24Plugin-cp-space\">&nbsp;&nbsp;<\/span> \t\t<input class=\"pdf24Plugin-cp-input\" style=\"margin: 0px;\" type=\"text\" name=\"sendEmailTo\" placeholder=\"Correo electr\u00f3nico\" \/> \t\t<input class=\"pdf24Plugin-cp-submit\" style=\"margin: 0px;\" type=\"submit\" value=\"Enviar\" \/> \t<\/form> <\/div>","protected":false},"excerpt":{"rendered":"<p>Compa\u00f1\u00eda de t\u00edteres especializada en teatro infantil con m\u00e1s de 20 a\u00f1os de historia y galardonada con El Premio Nacional de Artes Esc\u00e9nicas para la Infancia y la Juventud en 2016 adem\u00e1s de otros prestigiosos galardones como: un MAX al mejor espect\u00e1culo infantil, varios premios, dos como mejor espect\u00e1culo, en FETEN, premio ICAL al Compromiso [&hellip;]<\/p>\n","protected":false},"author":2,"featured_media":586,"comment_status":"open","ping_status":"open","sticky":false,"template":"","format":"standard","meta":[],"categories":[27,3,28,22,21,23,26,9,24],"tags":[90,41,119],"_links":{"self":[{"href":"https:\/\/www.feriadeteatro.com\/catalogociascyl\/wp-json\/wp\/v2\/posts\/477"}],"collection":[{"href":"https:\/\/www.feriadeteatro.com\/catalogociascyl\/wp-json\/wp\/v2\/posts"}],"about":[{"href":"https:\/\/www.feriadeteatro.com\/catalogociascyl\/wp-json\/wp\/v2\/types\/post"}],"author":[{"embeddable":true,"href":"https:\/\/www.feriadeteatro.com\/catalogociascyl\/wp-json\/wp\/v2\/users\/2"}],"replies":[{"embeddable":true,"href":"https:\/\/www.feriadeteatro.com\/catalogociascyl\/wp-json\/wp\/v2\/comments?post=477"}],"version-history":[{"count":4,"href":"https:\/\/www.feriadeteatro.com\/catalogociascyl\/wp-json\/wp\/v2\/posts\/477\/revisions"}],"predecessor-version":[{"id":970,"href":"https:\/\/www.feriadeteatro.com\/catalogociascyl\/wp-json\/wp\/v2\/posts\/477\/revisions\/970"}],"wp:featuredmedia":[{"embeddable":true,"href":"https:\/\/www.feriadeteatro.com\/catalogociascyl\/wp-json\/wp\/v2\/media\/586"}],"wp:attachment":[{"href":"https:\/\/www.feriadeteatro.com\/catalogociascyl\/wp-json\/wp\/v2\/media?parent=477"}],"wp:term":[{"taxonomy":"category","embeddable":true,"href":"https:\/\/www.feriadeteatro.com\/catalogociascyl\/wp-json\/wp\/v2\/categories?post=477"},{"taxonomy":"post_tag","embeddable":true,"href":"https:\/\/www.feriadeteatro.com\/catalogociascyl\/wp-json\/wp\/v2\/tags?post=477"}],"curies":[{"name":"wp","href":"https:\/\/api.w.org\/{rel}","templated":true}]}}