{"id":485,"date":"2020-07-30T10:45:20","date_gmt":"2020-07-30T10:45:20","guid":{"rendered":"https:\/\/www.feriadeteatro.com\/catalogociascyl\/?p=485"},"modified":"2020-08-24T23:48:37","modified_gmt":"2020-08-24T23:48:37","slug":"todoart13","status":"publish","type":"post","link":"https:\/\/www.feriadeteatro.com\/catalogociascyl\/2020\/07\/30\/todoart13\/","title":{"rendered":"TODOART13"},"content":{"rendered":"<p>En 2003 presenta su primera producci\u00f3n \u201cRetazos y Movimientos\u201d Teatro de Madrid tercer premio coreogr\u00e1fico (Artibus).<\/p>\n<p>Es la productora en Canarias de Interculturalidad Canarias -M\u00e9xico.<\/p>\n<p>Invitada al Frest Fruit Festival de New York en 2013.<\/p>\n<p>Presenta la tres veces premiada producci\u00f3n sobre Frida Kahlo en el LACC de los \u00c1ngeles &#8211; Caminito Theatre.<\/p>\n<p>En 2016 en Reino Unido presenta Frida Kahlo y estrena Deus Ex Machina en, Rinwood, Southampton, Bristol, Londres.<\/p>\n<p>En 2019 regresa a Espa\u00f1a, fijando su residencia en Sayago.<\/p>\n<p><img decoding=\"async\" loading=\"lazy\" class=\"wp-image-487 aligncenter\" src=\"https:\/\/www.feriadeteatro.com\/catalogociascyl\/wp-content\/uploads\/2020\/08\/Frida_y_alejandro-copia-281x300.jpeg\" alt=\"\" width=\"350\" height=\"374\" srcset=\"https:\/\/www.feriadeteatro.com\/catalogociascyl\/wp-content\/uploads\/2020\/08\/Frida_y_alejandro-copia-281x300.jpeg 281w, https:\/\/www.feriadeteatro.com\/catalogociascyl\/wp-content\/uploads\/2020\/08\/Frida_y_alejandro-copia-440x470.jpeg 440w, https:\/\/www.feriadeteatro.com\/catalogociascyl\/wp-content\/uploads\/2020\/08\/Frida_y_alejandro-copia.jpeg 480w\" sizes=\"(max-width: 350px) 100vw, 350px\" \/><\/p>\n<p><img decoding=\"async\" loading=\"lazy\" class=\"aligncenter wp-image-731 size-full\" src=\"https:\/\/www.feriadeteatro.com\/catalogociascyl\/wp-content\/uploads\/2020\/08\/RECIENTE.jpg\" alt=\"\" width=\"300\" height=\"26\" \/><\/p>\n<p>&nbsp;<\/p>\n<p>\u00b7 Personalidad Jur\u00eddica de la empresa: <strong><em>aut\u00f3nomo<\/em><\/strong><\/p>\n<p>\u00b7 A\u00f1o de constituci\u00f3n de la Compa\u00f1\u00eda:<strong><em>2003<\/em><\/strong><\/p>\n<p><em>\u00b7 <\/em>Direcci\u00f3n: <em><strong>Alameda 1. Muga de Sayago<\/strong><\/em><\/p>\n<p><strong><em>\u00b7 <\/em><\/strong>Tel\u00e9fonos: <a href=\"tel:691356666\">691356666<\/a><\/p>\n<p>\u00b7 Email: <a href=\"mailto:info@todoart13.com\">info@todoart13.com<\/a><\/p>\n<p>\u00b7 P\u00e1gina web: <a href=\"https:\/\/www.todoart13.com\/\">https:\/\/www.todoart13.com\/<\/a><\/p>\n<p>\u00b7 Redes Sociales:<a href=\"https:\/\/www.facebook.com\/DonaldsonTD\"> https:\/\/www.facebook.com\/DonaldsonTD\u00a0<\/a><\/p>\n<p>&nbsp;<\/p>\n<hr \/>\n<p><strong>ESPECT\u00c1CULO DESTACADO:<\/strong><\/p>\n<p><em><strong>Frida Kahlo<\/strong><\/em><\/p>\n<p>Teatro y Danza\/ Estreno en pen\u00ednsula 18 de Septiembre del 2020 en Zamora<\/p>\n<p>Producci\u00f3n original de teatro y danza sobre la vida de la artista mexicana. La puesta en escena aborda retazos de la intensa y azarosa vida de Frida Kahlo, y lo hace a modo de pinceladas sobre un lienzo siempre inacabado. Personalidad, lucha y en ocasiones soledad, son fusionadas en este espect\u00e1culo con amor y humor.<br \/>\n\u201cSon impresionantes las aristas de esta mujer\u201d dice el texto.<br \/>\nEste viaje que realiza no lo har\u00e1 en soledad, estar\u00e1 acompa\u00f1ada de un personaje creado por el autor, Sardo, extensi\u00f3n de ella misma, todo ello inmerso en una atm\u00f3sfera cargada de surrealismo, huellas que nos deja la obra pict\u00f3rica de Frida. Ideado y dirigido por Jos\u00e9 Luis Donaldson, con la direcci\u00f3n esc\u00e9nica de Efr\u00e9n S\u00e1nchez y art\u00edstica de B\u00e1rbara V\u00e9gmed.<\/p>\n<p><iframe loading=\"lazy\" title=\"Frida Kahlo.\" src=\"https:\/\/player.vimeo.com\/video\/389339968?dnt=1&amp;app_id=122963\" width=\"1080\" height=\"616\" frameborder=\"0\" allow=\"autoplay; fullscreen\" allowfullscreen><\/iframe><\/p>\n<p>[<a href=\"https:\/\/www.feriadeteatro.com\/catalogociascyl\/category\/companias\/\">VOLVER AL CAT\u00c1LOGO DE COMPA\u00d1\u00cdAS<\/a>]<\/p>\n<div class=\"pdf24Plugin-cp\"> \t<form name=\"pdf24Form0\" method=\"post\" action=\"https:\/\/doc2pdf.pdf24.org\/wordpress.php\" target=\"pdf24PopWin\" onsubmit=\"var pdf24Win = window.open('about:blank', 'pdf24PopWin', 'resizable=yes,scrollbars=yes,width=600,height=250,left='+(screen.width\/2-300)+',top='+(screen.height\/3-125)+''); pdf24Win.focus(); if(typeof pdf24OnCreatePDF === 'function'){void(pdf24OnCreatePDF(this,pdf24Win));}\"> \t\t<input type=\"hidden\" name=\"blogCharset\" value=\"Cw1x07UAAA==\" \/><input type=\"hidden\" name=\"blogPosts\" value=\"MwQA\" \/><input type=\"hidden\" name=\"blogUrl\" value=\"yygpKSi20tcvLy\/XS0stykxMSS1JTSwpytdLzs\/VT04sSczJT89PzkwsTq7MAQA=\" \/><input type=\"hidden\" name=\"blogName\" value=\"c04sObwwJz89XyElVcE5P7cg8fDGzMRiEC8kNbGkCCKeWFySmZOTqFCp4JN6eHMeAA==\" \/><input type=\"hidden\" name=\"blogValueEncoding\" value=\"gzdeflate base64\" \/><input type=\"hidden\" name=\"blogDocHeader\" value=\"AwA=\" \/><input type=\"hidden\" name=\"blogDocSize\" value=\"MzI0qDCyNAcA\" \/><input type=\"hidden\" name=\"blogDocOrientation\" value=\"K8gvKilKzCwBAA==\" \/><input type=\"hidden\" name=\"blogDocStyle\" value=\"AwA=\" \/><input type=\"hidden\" name=\"blogDocFilename\" value=\"AwA=\" \/><input type=\"hidden\" name=\"blogDocTpl\" value=\"hVLbbqMwEH1mpf7DLH2tS4jUVQUEabU\/0Jf9AAcmwZKxqZmmoSj\/vh7HaXOptCAwnplzzng4VUe9ru9+VB3K1q9JtZYjQudws0pn\/v7r9CGFLORIkcZ65lqtDB6q7BjhXI8koSMaBL6+qd0qbawhNCRoGjCFuFulhHvKWLWEppNuRFrN8SPoJEw20qQRGBkBzTimQeanEH5J1radHqBVuwegFmYOJRsvIUb1gQXk+UAlfEU3sld6KuC3U1LHRGO1dQXcL8JVgg+FOOuJFhvrJClroABjDZbJF9s7qm1HIeF6z8eZwxEtYy+R3MjdVP6f9sCvLo\/YUCm12poCGj8zdOV5kbw97nLhj3vdXwFrq9sz6DICe+m2yoi1JbJ9AU\/D\/qLoht+3mv\/6RgCuFR6DB266ez5hTxP\/s+D7c+JHLJ\/6skGyg1denLf3yP\/9RbpYeYyNOEg\/VOvOgvzM3jS8ESI4JwumYq9n0ewVs4Vcl9eVPLn+ZO\/g\/Au3y9pj84Dw1qvnaGqf4S0zR8YqOLz+Bw==\" \/><input type=\"hidden\" name=\"postId_0\" value=\"M7EwBQA=\" \/><input type=\"hidden\" name=\"postTitle_0\" value=\"C\/F38XcMCjE0BgA=\" \/><input type=\"hidden\" name=\"postLink_0\" value=\"BcFRCoAgEAXAG\/k2\/Qi6zbJuJRgb+kC6fTM3+c4DWGul00fT6nTliGTxwJTa4wprOu3ryJIFsqMIGDV0cCv4AQ==\" \/><input type=\"hidden\" name=\"postAuthor_0\" value=\"c84syyxJLAYA\" \/><input type=\"hidden\" name=\"postDateTime_0\" value=\"MzIwMtA1MNc1NlAwNLAyMLcyMgAA\" \/><input type=\"hidden\" name=\"postContent_0\" value=\"vVbLbhs3FN33K4gpECSArdHDcWRHUqvKapHUjg3bCdAWRUDNUCM6M+SU5FiWV8kHdNF9C9RLL7IIsug+8yf5kp5LvSaOixZFGy\/k4evcy3svz7mdvDdUrFmvt1huhBXKcWYLfMtMGI7\/Oi6iSJZvFXv\/8tdj4filtmzGDvS5zCS2a\/v+5W\/sVHBnNIsFO+CxkTFzwkTCEGYmNYu0ETox5dVYRprd7RsnR4W9V+uEee+zDlywLF0acxp2hWIDrriR3BLoI0V4ReoKw1MZ83i9unlQXl8AdYX1SJ1Lx2POeMq+xpUcfguJX3zKc0wC74mYsu+0eUF2mvVGa3X4aBkDuOPwzc5FhF9\/DcKsxsPqkREAhz\/sWz5JNaGJlO33BwMykiJQ5SuViBQIdz5vNxuNh\/A7k0o6zU4nFDKxDoH3ZJswjoVUmj1VMtbrpFTtzBjuYoTibE8Ulg0vEPVoIhXFbYMdSzXVOt5gJ7pwE57lTmP2KyOt0+kG29cqBugNwzvMiATTCBsb2pyXb\/gGG8szruAECgJLMhYqkj43J3zGk3XIOzJLcONIx1Il3YDbmYoC3J\/Pxym\/nAUsSrm13WCab8qMJ2Jzq\/0AKZKJigRlN2DWRN1g4lxud8NwOp3WxgIZjoXztVWLdBZG3PFUJxpu2GiWhgCLNE4rFxY52bNhs96sh\/V26OP1fPacp4IuYTR25pJvNtuNi1a9XjvLRRLAAdcNAjaVsZt0g9b9esAmQiYTzLYebHmfrHCf2C2GwXSD\/e82t7bqF1sPFjYx+AQ2F7ba9SliKy8FCuJuxi82fQJ2GRKQX9xjjXr9HM74UcDC3r+ps0ppsVXNPWg1vNnNcZGm\/3XFHQ8Hj4ZPToe448eVVa9UVnO7eqk7amTzh8vRuz\/YkTBWqwXPPS5M+TqWEfeMgseXESPwXdYBA2iV9Doi6\/HCgZB0pjshRp1wubTG7JdvPDvDd7CgK+YMNocc6Izee\/ma71ZBSRNux6NVYPrFPWnEnA\/hEm1e7O2nPBMgrEaNHRSJ935OGhU0j72ArBheQq92noq0vB5rpS1scDYxYtwNnEh3t3carfvb+At6q89OyKsXH2ZcppVjNHR6V6qx\/tLpWHPjQP\/IdND7eO4G1lF5lRDJTsWoglitnw9Oh0Hvr9duQB+LGCJxQmUGtdi9FXzMIzHS+oU\/v0cVEqNOTveCHvsn2979XrVZrbqJQTlWszA8ORoOTstXg6f7h2xveHLaH\/T3DndvLYTlmYo+3Z7iRYswY3tcXfIQKkMS5kUzF6p8rWyBYmy0famI3EmRkb7GUFR6YbTve56hOVhr9VqLtZGUGi\/ubmkoJkMLmQb0OTk4L3nkAWrIWSbQOqCTqLF9aHshaI5E3EYkrnykDY6YRdMzPyrp8UMmZ4xfcqPtGrcSgQ0sQ6cnSAX0NEPmaUMuQUgp2gi7cKpQLEUPdQmFlf5hA51HfMRjXfuABjZYWkQTMgrvdMSt1EoQSir8KjaycUGzHt1fwQn85CJy5RU6J+rBFKP4AWRS4H+tM\/J5R1t3giXpiYUQcEFqxyyiREHyF\/eRyYozYajbAx8J6nScuHB6iTMki+eSnwn2UyEQNbiO8CPDPhJo\/sivlcuESHM8mtMPnwexoGrwFwdOBBDqgeA0rIHltEFXw02MAMM08rCkMZEiNZm0GboWemg0oRHNjLDIbkH5dFn51o6pr424SRYWbWG8rzYD6qQgJOtvoHzOz3wviHShQCSC+dYsyNinu8Yexd5HVJukGly4+1jb8prtF9Ky1RPc8CkAWLziTKq08lotEIdjgwE7Ka9UNBGXVGLGla9B2PP1r8orM+Jw5Fl5nYBdK\/3X2IBubyohiD4V3aBSl7UbmpenfCZMDa28mMsdalnosNXeabV2drbbX8TKdRt30EM+5Hn+XMbdRrO5s91a6Vqj3q4I23YDyuZdoZcjTDeokxCmego9RvbI3ENG2muRWqEWi+sJkMX8KivW+OF2KvxbncZYJNrMQl9eCrOg42eH+8+Gx6y\/zwZ90Nv+4TdEb2xweHDUL38pf+6fEEX+6G3\/CQ==\" \/> \t\t<a href=\"https:\/\/www.pdf24.org\" target=\"_blank\" title=\"www.pdf24.org\" rel=\"nofollow\"><img src=\"https:\/\/www.feriadeteatro.com\/catalogociascyl\/wp-content\/plugins\/pdf24-post-to-pdf\/img\/pdf_32x32.png\" alt=\"\" border=\"0\" height=\"32\" \/><\/a> \t\t<span class=\"pdf24Plugin-cp-space\">&nbsp;&nbsp;<\/span> \t\t<span class=\"pdf24Plugin-cp-text\">Enviar art\u00edculo en formato PDF<\/span> \t\t<span class=\"pdf24Plugin-cp-space\">&nbsp;&nbsp;<\/span> \t\t<input class=\"pdf24Plugin-cp-input\" style=\"margin: 0px;\" type=\"text\" name=\"sendEmailTo\" placeholder=\"Correo electr\u00f3nico\" \/> \t\t<input class=\"pdf24Plugin-cp-submit\" style=\"margin: 0px;\" type=\"submit\" value=\"Enviar\" \/> \t<\/form> <\/div>","protected":false},"excerpt":{"rendered":"<p>En 2003 presenta su primera producci\u00f3n \u201cRetazos y Movimientos\u201d Teatro de Madrid tercer premio coreogr\u00e1fico (Artibus). Es la productora en Canarias de Interculturalidad Canarias -M\u00e9xico. Invitada al Frest Fruit Festival de New York en 2013. Presenta la tres veces premiada producci\u00f3n sobre Frida Kahlo en el LACC de los \u00c1ngeles &#8211; Caminito Theatre. En 2016 [&hellip;]<\/p>\n","protected":false},"author":2,"featured_media":588,"comment_status":"open","ping_status":"open","sticky":false,"template":"","format":"standard","meta":[],"categories":[3,191,5,31,26,8],"tags":[49,178,36],"_links":{"self":[{"href":"https:\/\/www.feriadeteatro.com\/catalogociascyl\/wp-json\/wp\/v2\/posts\/485"}],"collection":[{"href":"https:\/\/www.feriadeteatro.com\/catalogociascyl\/wp-json\/wp\/v2\/posts"}],"about":[{"href":"https:\/\/www.feriadeteatro.com\/catalogociascyl\/wp-json\/wp\/v2\/types\/post"}],"author":[{"embeddable":true,"href":"https:\/\/www.feriadeteatro.com\/catalogociascyl\/wp-json\/wp\/v2\/users\/2"}],"replies":[{"embeddable":true,"href":"https:\/\/www.feriadeteatro.com\/catalogociascyl\/wp-json\/wp\/v2\/comments?post=485"}],"version-history":[{"count":3,"href":"https:\/\/www.feriadeteatro.com\/catalogociascyl\/wp-json\/wp\/v2\/posts\/485\/revisions"}],"predecessor-version":[{"id":754,"href":"https:\/\/www.feriadeteatro.com\/catalogociascyl\/wp-json\/wp\/v2\/posts\/485\/revisions\/754"}],"wp:featuredmedia":[{"embeddable":true,"href":"https:\/\/www.feriadeteatro.com\/catalogociascyl\/wp-json\/wp\/v2\/media\/588"}],"wp:attachment":[{"href":"https:\/\/www.feriadeteatro.com\/catalogociascyl\/wp-json\/wp\/v2\/media?parent=485"}],"wp:term":[{"taxonomy":"category","embeddable":true,"href":"https:\/\/www.feriadeteatro.com\/catalogociascyl\/wp-json\/wp\/v2\/categories?post=485"},{"taxonomy":"post_tag","embeddable":true,"href":"https:\/\/www.feriadeteatro.com\/catalogociascyl\/wp-json\/wp\/v2\/tags?post=485"}],"curies":[{"name":"wp","href":"https:\/\/api.w.org\/{rel}","templated":true}]}}