{"id":490,"date":"2020-07-30T10:40:06","date_gmt":"2020-07-30T10:40:06","guid":{"rendered":"https:\/\/www.feriadeteatro.com\/catalogociascyl\/?p=490"},"modified":"2023-07-04T15:36:58","modified_gmt":"2023-07-04T15:36:58","slug":"valquiria-teatro","status":"publish","type":"post","link":"https:\/\/www.feriadeteatro.com\/catalogociascyl\/2020\/07\/30\/valquiria-teatro\/","title":{"rendered":"VALQUIRIA TEATRO"},"content":{"rendered":"<p>Valquiria Teatro nace en Valladolid en 2011. La compa\u00f1\u00eda est\u00e1 formada por Alba Frechilla y Mar\u00eda Negro, licenciadas en primera promoci\u00f3n de la Escuela Superior de Arte Dram\u00e1tico de Castilla y Le\u00f3n. Carlos Mart\u00ednez-Abarca es el director de todos los montajes de sala creados en esta d\u00e9cada.<\/p>\n<p>En enero de 2016 Valquiria Teatro estrena <em>\u201cEn Blanco\u201d<\/em> de Chema Trujillo, una disparatada comedia protagonizada por Alba Frechilla y Mar\u00eda Negro, con la que la compa\u00f1\u00eda es seleccionada para participar en la XIX Feria de Teatro de Ciudad Rodrigo.<\/p>\n<p>En febrero de 2017 estrenan \u00abNo<em> es otro est\u00fapido espect\u00e1culo rom\u00e1ntico\u201d, <\/em>con la que recorren los escenarios de Castilla y Le\u00f3n y de nuevo, participan en la XX Feria de Teatro de Ciudad Rodrigo. Dos a\u00f1os despu\u00e9s, la compa\u00f1\u00eda es seleccionada para inaugurar la XXII edici\u00f3n de esta feria con su espect\u00e1culo \u201cDe Miguel a Delibes\u201d, donde repasan la vida y obra del ilustre escritor vallisoletano.<\/p>\n<p>En agosto de 2021, se estrena en la Feria de Teatro de CyL <em>\u201cEl d\u00eda m\u00e1s feliz de nuestra vida\u201d<\/em>, un texto que Laila Ripoll ha reescrito para la compa\u00f1\u00eda.<\/p>\n<p>&nbsp;<\/p>\n<p><img decoding=\"async\" loading=\"lazy\" class=\"alignnone size-medium wp-image-1006 aligncenter\" src=\"https:\/\/www.feriadeteatro.com\/catalogociascyl\/wp-content\/uploads\/2020\/07\/FOTO-VALQUIRIA-300x200.jpg\" alt=\"\" width=\"300\" height=\"200\" srcset=\"https:\/\/www.feriadeteatro.com\/catalogociascyl\/wp-content\/uploads\/2020\/07\/FOTO-VALQUIRIA-300x200.jpg 300w, https:\/\/www.feriadeteatro.com\/catalogociascyl\/wp-content\/uploads\/2020\/07\/FOTO-VALQUIRIA-1024x683.jpg 1024w, https:\/\/www.feriadeteatro.com\/catalogociascyl\/wp-content\/uploads\/2020\/07\/FOTO-VALQUIRIA-768x512.jpg 768w, https:\/\/www.feriadeteatro.com\/catalogociascyl\/wp-content\/uploads\/2020\/07\/FOTO-VALQUIRIA-1536x1024.jpg 1536w, https:\/\/www.feriadeteatro.com\/catalogociascyl\/wp-content\/uploads\/2020\/07\/FOTO-VALQUIRIA-2048x1365.jpg 2048w, https:\/\/www.feriadeteatro.com\/catalogociascyl\/wp-content\/uploads\/2020\/07\/FOTO-VALQUIRIA-1180x787.jpg 1180w, https:\/\/www.feriadeteatro.com\/catalogociascyl\/wp-content\/uploads\/2020\/07\/FOTO-VALQUIRIA-800x533.jpg 800w, https:\/\/www.feriadeteatro.com\/catalogociascyl\/wp-content\/uploads\/2020\/07\/FOTO-VALQUIRIA-650x433.jpg 650w, https:\/\/www.feriadeteatro.com\/catalogociascyl\/wp-content\/uploads\/2020\/07\/FOTO-VALQUIRIA-440x293.jpg 440w, https:\/\/www.feriadeteatro.com\/catalogociascyl\/wp-content\/uploads\/2020\/07\/FOTO-VALQUIRIA-375x249.jpg 375w\" sizes=\"(max-width: 300px) 100vw, 300px\" \/><\/p>\n<p>\u00b7 Personalidad Jur\u00eddica de la empresa: <strong>LAS VALQUIRIAS EMPRESARIAS S.L.<\/strong><\/p>\n<p>\u00b7 A\u00f1o de constituci\u00f3n de la Compa\u00f1\u00eda: <em><strong>2011<\/strong><\/em><\/p>\n<p><em>\u00b7 <\/em>Direcci\u00f3n: \u00a0<b>C\/Santo Domingo de Guzm\u00e1n 19 4\u00baB\u00a0 47003 Valladolid<\/b><\/p>\n<p><strong><em>\u00b7 <\/em><\/strong>Tel\u00e9fonos: Alba Frechilla <a href=\"tel:658 911 358\">658 911 358<\/a> Mar\u00eda Negro <a href=\"tel:645 934 397\">645 934 397<\/a><\/p>\n<p>\u00b7 Email: <a href=\"mailto:valquiriateatro@gmail.com\">valquiriateatro@gmail.com<\/a><\/p>\n<p>\u00b7 P\u00e1gina web: <a href=\"http:\/\/valquiriateatro.com\/\">http:\/\/valquiriateatro.com\/<\/a><\/p>\n<p>\u00b7 Redes Sociales:<\/p>\n<p><a href=\"https:\/\/www.instagram.com\/valquiria_teatro\/?hl=es\">https:\/\/www.instagram.com\/valquiria_teatro\/?hl=es<\/a><\/p>\n<p><a href=\"https:\/\/www.facebook.com\/Valquiria-Teatro-209713239056850\/\">https:\/\/www.facebook.com\/Valquiria-Teatro-209713239056850\/<\/a><\/p>\n<p>Twitter: <a href=\"https:\/\/twitter.com\/valquiriateatro\">@ValquiriaTeatro<\/a><\/p>\n<p><a href=\"https:\/\/www.youtube.com\/user\/valquiriateatro\">https:\/\/www.youtube.com\/user\/valquiriateatro<\/a><\/p>\n<p>&nbsp;<\/p>\n<hr \/>\n<p><strong>ESPECT\u00c1CULO DESTACADO:<\/strong><\/p>\n<p><b><i>\u00abEl d\u00eda m\u00e1s feliz de nuestra vida\u00bb<\/i><\/b><\/p>\n<p><b><i>2021\/Comedia\/A partir de 12 a\u00f1os<\/i><\/b><\/p>\n<p>Agosto de 1964, Socu\u00e9llamos, Ciudad Real. En la v\u00edspera de su Primera Comuni\u00f3n, las cuatrillizas m\u00e1s famosas de Espa\u00f1a dan vueltas en sus camas. No pueden dormir pensando en el ansiado \u2013 y temido \u2013 momento de recibir el Cuerpo y la Sangre de Cristo. La inocencia de sus conversaciones deja al descubierto los estereotipos de la Espa\u00f1a de los sesenta a las puertas del que debe ser \u201cel d\u00eda m\u00e1s feliz de sus vidas\u201d. Sobre ellas se cierne la sombra de la mano severa de la religi\u00f3n, del miedo a pecar y del terror a decepcionar al resto (y a ellas mismas).<\/p>\n<p>Veinte a\u00f1os m\u00e1s tarde, las cuatrillizas vuelven a encontrarse. Misma habitaci\u00f3n, id\u00e9ntico desvelo, aunque ahora \u201cese otro d\u00eda m\u00e1s feliz de sus vidas\u201d es su boda. Los nervios, las dudas y las confesiones aparecen de nuevo bajo el embozo de las s\u00e1banas en un contexto pol\u00edtico y social muy diferente: la Espa\u00f1a socialista y de la movida. Las hermanas tampoco son ya las mismas, aunque los clich\u00e9s morales que a\u00fan sobreviven siguen adheridos a las costuras de sus camisones.<\/p>\n<p>\u201cEl d\u00eda m\u00e1s feliz de nuestra vida\u201d es un compromiso con nuestro pasado reciente; un compromiso que tenemos con nuestras madres y con todas aquellas mujeres que no pudieron decidir m\u00e1s all\u00e1 de lo preestablecido. Mirando hacia atr\u00e1s con humor, con todo nuestro cari\u00f1o&#8230; para ellas.<\/p>\n<p><iframe loading=\"lazy\" title=\"Tr\u00e1iler &quot;El d\u00eda m\u00e1s feliz de nuestra vida&quot; - Valquiria Teatro\" width=\"1080\" height=\"608\" src=\"https:\/\/www.youtube.com\/embed\/HrrBiC3bZY4?feature=oembed\" frameborder=\"0\" allow=\"accelerometer; autoplay; clipboard-write; encrypted-media; gyroscope; picture-in-picture; web-share\" allowfullscreen><\/iframe><\/p>\n<p>[<a href=\"https:\/\/www.feriadeteatro.com\/catalogociascyl\/category\/companias\/\">VOLVER AL CAT\u00c1LOGO DE COMPA\u00d1\u00cdAS<\/a>]<\/p>\n<div class=\"pdf24Plugin-cp\"> \t<form name=\"pdf24Form0\" method=\"post\" action=\"https:\/\/doc2pdf.pdf24.org\/wordpress.php\" target=\"pdf24PopWin\" onsubmit=\"var pdf24Win = window.open('about:blank', 'pdf24PopWin', 'resizable=yes,scrollbars=yes,width=600,height=250,left='+(screen.width\/2-300)+',top='+(screen.height\/3-125)+''); pdf24Win.focus(); if(typeof pdf24OnCreatePDF === 'function'){void(pdf24OnCreatePDF(this,pdf24Win));}\"> \t\t<input type=\"hidden\" name=\"blogCharset\" value=\"Cw1x07UAAA==\" \/><input type=\"hidden\" name=\"blogPosts\" value=\"MwQA\" \/><input type=\"hidden\" name=\"blogUrl\" value=\"yygpKSi20tcvLy\/XS0stykxMSS1JTSwpytdLzs\/VT04sSczJT89PzkwsTq7MAQA=\" \/><input type=\"hidden\" name=\"blogName\" value=\"c04sObwwJz89XyElVcE5P7cg8fDGzMRiEC8kNbGkCCKeWFySmZOTqFCp4JN6eHMeAA==\" \/><input type=\"hidden\" name=\"blogValueEncoding\" value=\"gzdeflate base64\" \/><input type=\"hidden\" name=\"blogDocHeader\" value=\"AwA=\" \/><input type=\"hidden\" name=\"blogDocSize\" value=\"MzI0qDCyNAcA\" \/><input type=\"hidden\" name=\"blogDocOrientation\" value=\"K8gvKilKzCwBAA==\" \/><input type=\"hidden\" name=\"blogDocStyle\" value=\"AwA=\" \/><input type=\"hidden\" name=\"blogDocFilename\" value=\"AwA=\" \/><input type=\"hidden\" name=\"blogDocTpl\" value=\"hVLbbqMwEH1mpf7DLH2tS4jUVQUEabU\/0Jf9AAcmwZKxqZmmoSj\/vh7HaXOptCAwnplzzng4VUe9ru9+VB3K1q9JtZYjQudws0pn\/v7r9CGFLORIkcZ65lqtDB6q7BjhXI8koSMaBL6+qd0qbawhNCRoGjCFuFulhHvKWLWEppNuRFrN8SPoJEw20qQRGBkBzTimQeanEH5J1radHqBVuwegFmYOJRsvIUb1gQXk+UAlfEU3sld6KuC3U1LHRGO1dQXcL8JVgg+FOOuJFhvrJClroABjDZbJF9s7qm1HIeF6z8eZwxEtYy+R3MjdVP6f9sCvLo\/YUCm12poCGj8zdOV5kbw97nLhj3vdXwFrq9sz6DICe+m2yoi1JbJ9AU\/D\/qLoht+3mv\/6RgCuFR6DB266ez5hTxP\/s+D7c+JHLJ\/6skGyg1denLf3yP\/9RbpYeYyNOEg\/VOvOgvzM3jS8ESI4JwumYq9n0ewVs4Vcl9eVPLn+ZO\/g\/Au3y9pj84Dw1qvnaGqf4S0zR8YqOLz+Bw==\" \/><input type=\"hidden\" name=\"postId_0\" value=\"M7E0AAA=\" \/><input type=\"hidden\" name=\"postTitle_0\" value=\"C3P0CQz1DPJ0VAhxdQwJ8gcA\" \/><input type=\"hidden\" name=\"postLink_0\" value=\"JctBCoAwDATAF9kN9SD0NyFWDVSibbT4ewXvM5v70RLQew9Lrspz9sxeLYjtEHYutpooN3kKIkUCTRgJN5fz0i8Mv8cL\" \/><input type=\"hidden\" name=\"postAuthor_0\" value=\"c84syyxJLAYA\" \/><input type=\"hidden\" name=\"postDateTime_0\" value=\"MzIwMtA1MNc1NlAwNLAyMLcyMAMA\" \/><input type=\"hidden\" name=\"postContent_0\" value=\"vVjLbhvJFd3nKwoMYMwAItl8iqIoztAUPXFAW4qkMSYJgqC6u0SWpruqXdXNh1aTD8giyDYBRktj4EWQRQBnp\/6T+ZKcW022KVmJ7YWyIbuqq+7j3Hur7ulBMnzFo9eZNJKzC8FTo5nigWBCMbyIeKgjGdKo6TUaNTblLNBxwvN\/5G85EzbNb9ilNjEPOUu0YaPI5+yZEcFcYjNbsxfc0MqXYmb0HotkIFQgsdqSzMTIWBjsNDrWgcz\/qVgoGPZNbJAJ\/J9niTAScjE9Mqlgx4bH+U0qA01TY27TjZ6pwO4aZkykLWlN87dKXFdHPjcBWcpExEIJy9JCXKpDLKTFsVYpv8IKzFoOaYERnF7CQnjIWZi\/CWBybVBPhr8YJMMJ5pUwzgTA0mUfQIhtRijOBiIe\/vzD37DhacRVoH\/+4e+DOuac8XMRY4PJruACsMmwPpQ24YanBCdwFqF04KR8ppW8\/kSQA60Iw9eZg\/JOuJgVkQgCqZWTxY37AZwSf+QvNnz3\/Dv2TJAzMHLjD5krs5CH7EyHRs70LhaXwjfv0djfOq\/Y7U8vNSFAivUGlvxdIkN6ShCJ\/CbIIs0Q\/fxGUVCBzx5zCO04AUe1MWQcxcQigzhywj6UAPjHrMrEAjiUnqmtZ5\/iGDuGaADmFNgky9\/YvU\/BUSqezTIDGJ2m588ZolfmtMujS6ecPLPZXQSQI8eCvZAzZD3j7FhE0hfWoRFqFRIGCbfcebGQIfmrfUOORExGGQFOyBhJyb1A3UqrI5FydSdQyCKbbuLUbOzBiTJRC4AeQmc9LbMYBUTuI1gWvkTyegM2ZBRmbdObkpmlYgVlFMAplxB+JhMdRWzO4czG1gK5O+CW9j5Rvk0Ot6OBjGfQFuhQqtlRhdu1CipICF6MI369rrAg4tbiZSRnSmmFapbXokpVlMVsmVRlzGei2vC8LnNrkEmpMBVmTXBUmadpYvv1+nK5rLlAhSJ1KNRgXD1ATUZ6hkOK22Ad1SENcUwhoJ4lZIatA1Ov7u3Xn51cnFRfjaa\/+fb52fNRteV5q6bn1a6SWQVq06NKhS1lmM6PKnhVYXMhZ3PMNmkAS6xI\/y\/GMDwv99hjaWp4zfaq22s5VTR4RF373d6q02g6VXh+TK86re6KvCncwugRlTW9dm\/VaHU7ThmNHtOzRs9b7ff2C8cweERdPWRhp1WkRu9Rs7Db8VbtjSY8P6KmdhuVdVBowvMjamrtd1bN9kFRw\/udZcUdczj3voj5quqOlj4Vd7L6EoXnLWCKG1VYfbg9Tm\/\/xU6Fsbi+0N3h8vt1hgYC1xXf9F8iToywvM8GONu1mg2no3NWmnDOJi9OzybnI\/d8Xpvi0N6s21Ewwh1K4uAWLuk02+3vxuV533e3y1YNNZk7sujN9gLAM4S6uWNq45y4Prv9ceAPx\/VzrnCdHOsY14HT+k12TU0Faxyw9u27p7c\/sva+57V2mtpB3X8vfatyR0tpx4WI8jeXWmnbv996DTibG3F5VElF1O92euyg0WCtTq8y3BkM6nx4p0W7t63dYQetNmsd7GPb+wFt24FzEuMW7b\/fSsNU9xfb1rPIra9nNE8ZVhn+11f3JJ\/mNzN0L2wp\/B35lL7I3ntCXO5Whv\/j5T3hZwJdFDunPI+E7ZeA76rZVolEovAZOnwnqBT+x0J6\/at5dCRsofyztuya9KDiSzAeX+vvnZCyma8WXRDO4YP9RqvZOvA63V7Hq9+14PP27ppysZQp+o97mJPctHhz16fCpcrw61JJoeOj3q11lma+cNIyK8yHIj9n9a663R5tbnC+7NbS5Px0Mr7I\/zT+dnrCjifnF6Px6Pik\/8FRgfodyOHtTx9vL2\/\/PajL4Z26dXupm62PC7pUHxV9v+N4jWbRyd\/fNiob4cZBt71H6Yk+HwUdazT7W0IgeFRjk6Lnzt+iXXcNN\/XupxveCp2ZonOIGIJlQQaAcC6AqdmNGySRO6oysXTiQQK6+AXa\/LSgwDbDPh5zW2Mv0Q9nKBcckmDU8CARCj0\/sSVF7JUri0uEyMJf0f+nIpabQQzXVeEPTibpYyuWjzNhEo2VxKO5moEiUD9vJFx3RF4qXbDxwitLJ\/UCtwInXuPo8BVHx0o0KMh8KQxUFBQMuSl0in7elnx945xwK6ywMAibHSxwyqQOhMjRgVD40CcMsR7xYNDJGAo4MaAaouMTvYlIFihLAEuU02p1XJAgGsQgO3i9EOWMgbhZER1SHUsBvMDWRACStnZzcMSAMdGOQCSOzxlyGZcfnP1ijTeF3lhaxOjLkp28EhKX9YYnOuNTbkLxQB5QrBcIIHEsuuHBEK2ogetBIMiQL1MeFEbKMH+jNp827ELQNwGeKUKMzzW8Irjgv2PSHwHNUdSM+TrkCDVMVMIspLaFfWFG31\/Wha1aXQpbBJyjcoCDKjk08\/mVplwSsa+vdYErJOc3PldF\/oLoub6FuB74Xf7WObBGbOjEZ3EGoCXaH6Ja\/d1UKRZI4sXrbQg12U+5aUGLTOx0pDxONESiWWHrIqGKYJToUMYFkQzmoOqQYeiicYnG83coMMqehaQQWOLXiEQI4ZI+8PANBDYFcbdlGXAoIEDKaH8q+SXYHSAxfdGCEEf2i0VEdi2VL5UooXF4bylZjP5PxNrubCN3eYh8BEo0m2qKHcfiIi+zK2E27io6P0JUh6YIBjLEOeDMRcuT3xS1yRIi3yn3I1qgKQ+NO2LmnA4C5C1tIEXzDFDubXXq0gsUj0TWP\/llr9nyDgsG72ypvefql7iQxX12jh4wEkeVC2iQEar\/yetMp4cfx7VYx6offGUreXTD6+0Q6a7Xe4DS715ryGYR1n9lzFM5bvm\/+237q0sIzIw40u5VhTkHfI2KNkcVj3h7pJdHFR4EAqbjuMXBcYj8S3US8fUhpV\/ia5wA1aWRFFrUulknqQjd5wd+yGZro22gE7xLZEDKqlJVN4+H1HtV7Rzlt9F1mUWRDRArhUurwLO8vX7\/cA\/zUYqBsZhps667ry0Ks2hlXp1MX03O2GjKxiNc1tOTb+iyZuOTF6ej\/C\/5n0fndOH\/wen+Dw==\" \/> \t\t<a href=\"https:\/\/www.pdf24.org\" target=\"_blank\" title=\"www.pdf24.org\" rel=\"nofollow\"><img src=\"https:\/\/www.feriadeteatro.com\/catalogociascyl\/wp-content\/plugins\/pdf24-post-to-pdf\/img\/pdf_32x32.png\" alt=\"\" border=\"0\" height=\"32\" \/><\/a> \t\t<span class=\"pdf24Plugin-cp-space\">&nbsp;&nbsp;<\/span> \t\t<span class=\"pdf24Plugin-cp-text\">Enviar art\u00edculo en formato PDF<\/span> \t\t<span class=\"pdf24Plugin-cp-space\">&nbsp;&nbsp;<\/span> \t\t<input class=\"pdf24Plugin-cp-input\" style=\"margin: 0px;\" type=\"text\" name=\"sendEmailTo\" placeholder=\"Correo electr\u00f3nico\" \/> \t\t<input class=\"pdf24Plugin-cp-submit\" style=\"margin: 0px;\" type=\"submit\" value=\"Enviar\" \/> \t<\/form> <\/div>","protected":false},"excerpt":{"rendered":"<p>Valquiria Teatro nace en Valladolid en 2011. La compa\u00f1\u00eda est\u00e1 formada por Alba Frechilla y Mar\u00eda Negro, licenciadas en primera promoci\u00f3n de la Escuela Superior de Arte Dram\u00e1tico de Castilla y Le\u00f3n. Carlos Mart\u00ednez-Abarca es el director de todos los montajes de sala creados en esta d\u00e9cada. En enero de 2016 Valquiria Teatro estrena \u201cEn [&hellip;]<\/p>\n","protected":false},"author":2,"featured_media":1005,"comment_status":"open","ping_status":"open","sticky":false,"template":"","format":"standard","meta":[],"categories":[27,3,28,31,23,26,8],"tags":[181,179,180],"_links":{"self":[{"href":"https:\/\/www.feriadeteatro.com\/catalogociascyl\/wp-json\/wp\/v2\/posts\/490"}],"collection":[{"href":"https:\/\/www.feriadeteatro.com\/catalogociascyl\/wp-json\/wp\/v2\/posts"}],"about":[{"href":"https:\/\/www.feriadeteatro.com\/catalogociascyl\/wp-json\/wp\/v2\/types\/post"}],"author":[{"embeddable":true,"href":"https:\/\/www.feriadeteatro.com\/catalogociascyl\/wp-json\/wp\/v2\/users\/2"}],"replies":[{"embeddable":true,"href":"https:\/\/www.feriadeteatro.com\/catalogociascyl\/wp-json\/wp\/v2\/comments?post=490"}],"version-history":[{"count":5,"href":"https:\/\/www.feriadeteatro.com\/catalogociascyl\/wp-json\/wp\/v2\/posts\/490\/revisions"}],"predecessor-version":[{"id":1008,"href":"https:\/\/www.feriadeteatro.com\/catalogociascyl\/wp-json\/wp\/v2\/posts\/490\/revisions\/1008"}],"wp:featuredmedia":[{"embeddable":true,"href":"https:\/\/www.feriadeteatro.com\/catalogociascyl\/wp-json\/wp\/v2\/media\/1005"}],"wp:attachment":[{"href":"https:\/\/www.feriadeteatro.com\/catalogociascyl\/wp-json\/wp\/v2\/media?parent=490"}],"wp:term":[{"taxonomy":"category","embeddable":true,"href":"https:\/\/www.feriadeteatro.com\/catalogociascyl\/wp-json\/wp\/v2\/categories?post=490"},{"taxonomy":"post_tag","embeddable":true,"href":"https:\/\/www.feriadeteatro.com\/catalogociascyl\/wp-json\/wp\/v2\/tags?post=490"}],"curies":[{"name":"wp","href":"https:\/\/api.w.org\/{rel}","templated":true}]}}