{"id":503,"date":"2020-08-02T11:45:53","date_gmt":"2020-08-02T11:45:53","guid":{"rendered":"https:\/\/www.feriadeteatro.com\/catalogociascyl\/?p=503"},"modified":"2023-03-07T10:14:32","modified_gmt":"2023-03-07T10:14:32","slug":"estrella-r","status":"publish","type":"post","link":"https:\/\/www.feriadeteatro.com\/catalogociascyl\/2020\/08\/02\/estrella-r\/","title":{"rendered":"ESTRELLA R ARTES ESC\u00c9NICAS"},"content":{"rendered":"<p>Compa\u00f1\u00eda unipersonal en el norte de Burgos en la que colaboran m\u00fasicos, t\u00e9cnicos u otros\/as creadores seg\u00fan el tipo de espect\u00e1culo. Entre el repertorio hay formatos familiares (cuentos teatralizados con t\u00edteres, objetos, m\u00fasica\u2026), danza y tambi\u00e9n llegamos al \u00e1mbito pedag\u00f3gico con talleres y formaci\u00f3n en Artes Esc\u00e9nicas.<\/p>\n<p><img decoding=\"async\" loading=\"lazy\" class=\"aligncenter wp-image-731 size-full\" src=\"https:\/\/www.feriadeteatro.com\/catalogociascyl\/wp-content\/uploads\/2020\/08\/RECIENTE.jpg\" alt=\"\" width=\"300\" height=\"26\" \/><\/p>\n<p>\u00b7 Personalidad Jur\u00eddica de la empresa: <strong><em>aut\u00f3noma<\/em><\/strong><\/p>\n<p>\u00b7 A\u00f1o de constituci\u00f3n de la Compa\u00f1\u00eda: <strong><em>2018<\/em><\/strong><\/p>\n<p><em>\u00b7 <\/em>Direcci\u00f3n: <strong>C\/ San Roque 29, 09193 &#8211; Carcedo de Burgos (Burgos)<\/strong><\/p>\n<p><strong><em>\u00b7 <\/em><\/strong>Tel\u00e9fonos: <a href=\"tel:620124754\">620124754<\/a><\/p>\n<p>\u00b7 Email: e<a href=\"estrella.artesescenicas@gmail.com\">strellaflamenca@hotmail.com<\/a><\/p>\n<p>\u00b7 P\u00e1gina web: <a href=\"https:\/\/www.facebook.com\/estrella.artes.escenicas\">https:\/\/www.facebook.com\/estrella.artes.escenicas\u00a0<\/a><\/p>\n<p>\u00b7 Redes Sociales:<\/p>\n<p><a href=\"https:\/\/www.facebook.com\/estrella.artes.escenicas\">https:\/\/www.facebook.com\/estrella.artes.escenicas<\/a><\/p>\n<p><a href=\"https:\/\/www.youtube.com\/channel\/UCuBs_UR_JdqFvOguzQ4yCZA\">https:\/\/www.youtube.com\/channel\/UCuBs_UR_JdqFvOguzQ4yCZA<\/a><\/p>\n<hr \/>\n<p><strong>ESPECT\u00c1CULO DESTACADO:<\/strong><\/p>\n<p><em><strong>Delirios<\/strong><\/em><\/p>\n<p>2020\/Danza FlamenContempor\u00e1nea\/ Todos los p\u00fablicos<\/p>\n<p><iframe loading=\"lazy\" title=\"DELIRIOS (Trailer): Por Estrella R. &amp; Dancing Data\" width=\"1080\" height=\"608\" src=\"https:\/\/www.youtube.com\/embed\/1JUPzNuIq6o?feature=oembed\" frameborder=\"0\" allow=\"accelerometer; autoplay; clipboard-write; encrypted-media; gyroscope; picture-in-picture; web-share\" allowfullscreen><\/iframe><br \/>\n[<a href=\"https:\/\/www.feriadeteatro.com\/catalogociascyl\/category\/companias\/\">VOLVER AL CAT\u00c1LOGO DE COMPA\u00d1\u00cdAS<\/a>]<\/p>\n<div class=\"pdf24Plugin-cp\"> \t<form name=\"pdf24Form0\" method=\"post\" action=\"https:\/\/doc2pdf.pdf24.org\/wordpress.php\" target=\"pdf24PopWin\" onsubmit=\"var pdf24Win = window.open('about:blank', 'pdf24PopWin', 'resizable=yes,scrollbars=yes,width=600,height=250,left='+(screen.width\/2-300)+',top='+(screen.height\/3-125)+''); pdf24Win.focus(); if(typeof pdf24OnCreatePDF === 'function'){void(pdf24OnCreatePDF(this,pdf24Win));}\"> \t\t<input type=\"hidden\" name=\"blogCharset\" value=\"Cw1x07UAAA==\" \/><input type=\"hidden\" name=\"blogPosts\" value=\"MwQA\" \/><input type=\"hidden\" name=\"blogUrl\" value=\"yygpKSi20tcvLy\/XS0stykxMSS1JTSwpytdLzs\/VT04sSczJT89PzkwsTq7MAQA=\" \/><input type=\"hidden\" name=\"blogName\" value=\"c04sObwwJz89XyElVcE5P7cg8fDGzMRiEC8kNbGkCCKeWFySmZOTqFCp4JN6eHMeAA==\" \/><input type=\"hidden\" name=\"blogValueEncoding\" value=\"gzdeflate base64\" \/><input type=\"hidden\" name=\"blogDocHeader\" value=\"AwA=\" \/><input type=\"hidden\" name=\"blogDocSize\" value=\"MzI0qDCyNAcA\" \/><input type=\"hidden\" name=\"blogDocOrientation\" value=\"K8gvKilKzCwBAA==\" \/><input type=\"hidden\" name=\"blogDocStyle\" value=\"AwA=\" \/><input type=\"hidden\" name=\"blogDocFilename\" value=\"AwA=\" \/><input type=\"hidden\" name=\"blogDocTpl\" value=\"hVLbbqMwEH1mpf7DLH2tS4jUVQUEabU\/0Jf9AAcmwZKxqZmmoSj\/vh7HaXOptCAwnplzzng4VUe9ru9+VB3K1q9JtZYjQudws0pn\/v7r9CGFLORIkcZ65lqtDB6q7BjhXI8koSMaBL6+qd0qbawhNCRoGjCFuFulhHvKWLWEppNuRFrN8SPoJEw20qQRGBkBzTimQeanEH5J1radHqBVuwegFmYOJRsvIUb1gQXk+UAlfEU3sld6KuC3U1LHRGO1dQXcL8JVgg+FOOuJFhvrJClroABjDZbJF9s7qm1HIeF6z8eZwxEtYy+R3MjdVP6f9sCvLo\/YUCm12poCGj8zdOV5kbw97nLhj3vdXwFrq9sz6DICe+m2yoi1JbJ9AU\/D\/qLoht+3mv\/6RgCuFR6DB266ez5hTxP\/s+D7c+JHLJ\/6skGyg1denLf3yP\/9RbpYeYyNOEg\/VOvOgvzM3jS8ESI4JwumYq9n0ewVs4Vcl9eVPLn+ZO\/g\/Au3y9pj84Dw1qvnaGqf4S0zR8YqOLz+Bw==\" \/><input type=\"hidden\" name=\"postId_0\" value=\"MzUwBgA=\" \/><input type=\"hidden\" name=\"postTitle_0\" value=\"cw0OCXL18XFUCFJwDApxDVZwDXY+3Onn6ewYDAA=\" \/><input type=\"hidden\" name=\"postLink_0\" value=\"BcFhCoAwCAbQE7VP9iu6jZjVwGGoMLp97z1Vbx7AWqtdGoNPLeUKb+ITwsXmt8vglM\/QqRNoB3VoVqgZb4Ef\" \/><input type=\"hidden\" name=\"postAuthor_0\" value=\"c84syyxJLAYA\" \/><input type=\"hidden\" name=\"postDateTime_0\" value=\"MzIwMtA1sNA1MFIwNLQysLAyNQYA\" \/><input type=\"hidden\" name=\"postContent_0\" value=\"vVXNbttGEL73KQYsEDiAJUqy69j6axRJKWy4kSrZObQogtFyRG265NK7ywryqX2AHvoG9aWADz4EORTwMXyTPklnKf\/IroEilx4EkTs733wz\/Pbbdtbt6yTD4kNxhZCnMiNjdYoKKAVSkGrjCCKCV7mJtfWrCuEsJxBa4UwbTCEprq0U2m6DKy5F6h8hB+2MtiFaEIYw0oYsWIqL6xLWyUx7VLIZCVdciFzpKgxTZ8iHDTENp43UsMAVzLVJ0DHqHBOpJHqsLZFT6tccoTOo5DkX4WI6ZRZXjnjPNujZe3Ke2Joi\/v3Ln8+3IcL0HGEFDpOZLC65I0UxJpzNbRcXvOg0ZBRhXHyMuZs1KPIuX\/iGjpDFx9SPo8cDsjC0gpG4hK22w6z7RTvrtmUSc49CRzKNOwHaVSoCUBrX7wrPVwEIhdZyUMk4FdwQGVhmFZlgTJUXO3Ww8pwq81ypAKwRnWDhXGabYbhcLqtzMhIjKgegq0InoUCmqWMtJFqxUiFDMXfHuGGe+co2bNQatbC2H06G\/cPhm5Nh9X0WB9y46wQBLGXkFp1gp1YLYEEyXvBqYy+AsHvb1Ke\/YHyjEBlhBEe5Ka4i7tt\/TVYGJRkPCZvQtkwqjbttSrqYOx6WTrAd8ls7vA3dY\/aKD6UemK110uXr6a4h7\/X5ELVRq+8\/DeijDFoGB9KQKOHus\/shTFm3E+113DjYhtpB\/WAHnn2536jXW9BHIyjSG6rfWv8\/\/3elDT63Fe82nZAqLuc61ZZLIywMzTuBI9XcY+qN3Rdf7Qbdu8d2iJsDGSYoVRPoLo8YlJTCKnq9kWWxeLW9jP1G\/\/GD7s2OucKEUoEvF9rdBh+hj4uLWKYIS5ptUHugLRQ00\/qnUlYPa1fvigfdz0759McjKhOK+PhMvWQV2ebdYP9PUpuUniy80rnLZ7Q+YwtMU1LhaT9\/Zd+dTt4dRWevfx7F+fl3u6v+972H9T8n857GwvCR29TXcDoe9k+KX\/unxyMYDKcnvX5vMGo+qfzbnAEpyQ5qNzaV6lzvLH1gUDrh61IwfW8USaZNcZEShnCivZ8q\/mXF9Ux5V793trnhlMdexgdXUScYDI8PJ4ejKWydGJYfmedNGGvDFrmePkyq8AyTrAVcXnA+\/zu8M596bX\/DffZq+0843+ZUKZlRFNaPTsfnb\/LDsz399ZwNMTfU0WUogJIsX1URmU5Q82an9JI9VwhidjphBzUtYJPSmcJViz1ZZjONJqosjXTUYpcXZpU5iioJRRJbEK\/4bhM641gmhS9WkWnl5rHlj1XFLviauqnl\/dvyNUgpj389u257Vn7jH54W+n86O79TrM0qFN4dU14Ng+7b0fHb4QR6x9DvsViOR994sUB\/9O24V\/xe\/Nabeon9WH7GfwA=\" \/> \t\t<a href=\"https:\/\/www.pdf24.org\" target=\"_blank\" title=\"www.pdf24.org\" rel=\"nofollow\"><img src=\"https:\/\/www.feriadeteatro.com\/catalogociascyl\/wp-content\/plugins\/pdf24-post-to-pdf\/img\/pdf_32x32.png\" alt=\"\" border=\"0\" height=\"32\" \/><\/a> \t\t<span class=\"pdf24Plugin-cp-space\">&nbsp;&nbsp;<\/span> \t\t<span class=\"pdf24Plugin-cp-text\">Enviar art\u00edculo en formato PDF<\/span> \t\t<span class=\"pdf24Plugin-cp-space\">&nbsp;&nbsp;<\/span> \t\t<input class=\"pdf24Plugin-cp-input\" style=\"margin: 0px;\" type=\"text\" name=\"sendEmailTo\" placeholder=\"Correo electr\u00f3nico\" \/> \t\t<input class=\"pdf24Plugin-cp-submit\" style=\"margin: 0px;\" type=\"submit\" value=\"Enviar\" \/> \t<\/form> <\/div>","protected":false},"excerpt":{"rendered":"<p>Compa\u00f1\u00eda unipersonal en el norte de Burgos en la que colaboran m\u00fasicos, t\u00e9cnicos u otros\/as creadores seg\u00fan el tipo de espect\u00e1culo. Entre el repertorio hay formatos familiares (cuentos teatralizados con t\u00edteres, objetos, m\u00fasica\u2026), danza y tambi\u00e9n llegamos al \u00e1mbito pedag\u00f3gico con talleres y formaci\u00f3n en Artes Esc\u00e9nicas. \u00b7 Personalidad Jur\u00eddica de la empresa: aut\u00f3noma \u00b7 [&hellip;]<\/p>\n","protected":false},"author":2,"featured_media":556,"comment_status":"open","ping_status":"open","sticky":false,"template":"","format":"standard","meta":[],"categories":[27,3,191,12,5,28,22,26,9,24],"tags":[185,186,187],"_links":{"self":[{"href":"https:\/\/www.feriadeteatro.com\/catalogociascyl\/wp-json\/wp\/v2\/posts\/503"}],"collection":[{"href":"https:\/\/www.feriadeteatro.com\/catalogociascyl\/wp-json\/wp\/v2\/posts"}],"about":[{"href":"https:\/\/www.feriadeteatro.com\/catalogociascyl\/wp-json\/wp\/v2\/types\/post"}],"author":[{"embeddable":true,"href":"https:\/\/www.feriadeteatro.com\/catalogociascyl\/wp-json\/wp\/v2\/users\/2"}],"replies":[{"embeddable":true,"href":"https:\/\/www.feriadeteatro.com\/catalogociascyl\/wp-json\/wp\/v2\/comments?post=503"}],"version-history":[{"count":7,"href":"https:\/\/www.feriadeteatro.com\/catalogociascyl\/wp-json\/wp\/v2\/posts\/503\/revisions"}],"predecessor-version":[{"id":933,"href":"https:\/\/www.feriadeteatro.com\/catalogociascyl\/wp-json\/wp\/v2\/posts\/503\/revisions\/933"}],"wp:featuredmedia":[{"embeddable":true,"href":"https:\/\/www.feriadeteatro.com\/catalogociascyl\/wp-json\/wp\/v2\/media\/556"}],"wp:attachment":[{"href":"https:\/\/www.feriadeteatro.com\/catalogociascyl\/wp-json\/wp\/v2\/media?parent=503"}],"wp:term":[{"taxonomy":"category","embeddable":true,"href":"https:\/\/www.feriadeteatro.com\/catalogociascyl\/wp-json\/wp\/v2\/categories?post=503"},{"taxonomy":"post_tag","embeddable":true,"href":"https:\/\/www.feriadeteatro.com\/catalogociascyl\/wp-json\/wp\/v2\/tags?post=503"}],"curies":[{"name":"wp","href":"https:\/\/api.w.org\/{rel}","templated":true}]}}