{"id":525,"date":"2020-08-04T11:35:31","date_gmt":"2020-08-04T11:35:31","guid":{"rendered":"https:\/\/www.feriadeteatro.com\/catalogociascyl\/?p=525"},"modified":"2020-08-23T10:56:05","modified_gmt":"2020-08-23T10:56:05","slug":"alua-teatro","status":"publish","type":"post","link":"https:\/\/www.feriadeteatro.com\/catalogociascyl\/2020\/08\/04\/alua-teatro\/","title":{"rendered":"AL\u00daA TEATRO"},"content":{"rendered":"<p>Es una compa\u00f1\u00eda que surge en Salmanca en 2019. Nace con el deseo de experimentar con diferentes lenguajes esc\u00e9nicos y art\u00edsticos al servicio de una obra \u00fatil y placentera para todo tipo de p\u00fablicos.<\/p>\n<p>Buscamos un lenguaje que vaya m\u00e1s all\u00e1 de la palabra y para ello nos apoyamos en lenguajes como el mimo, el teatro de objetos, el teatro f\u00edsico, la m\u00e1scara, el clown&#8230;para desarrollar una po\u00e9tica visual que lleve al espectador hacia un mundo donde todo es posible.<\/p>\n<p><img decoding=\"async\" loading=\"lazy\" class=\"size-medium wp-image-526 aligncenter\" src=\"https:\/\/www.feriadeteatro.com\/catalogociascyl\/wp-content\/uploads\/2020\/08\/PUBLICACI\u00d3N-1-2-300x300.jpg\" alt=\"\" width=\"300\" height=\"300\" srcset=\"https:\/\/www.feriadeteatro.com\/catalogociascyl\/wp-content\/uploads\/2020\/08\/PUBLICACI\u00d3N-1-2-300x300.jpg 300w, https:\/\/www.feriadeteatro.com\/catalogociascyl\/wp-content\/uploads\/2020\/08\/PUBLICACI\u00d3N-1-2-1024x1024.jpg 1024w, https:\/\/www.feriadeteatro.com\/catalogociascyl\/wp-content\/uploads\/2020\/08\/PUBLICACI\u00d3N-1-2-150x150.jpg 150w, https:\/\/www.feriadeteatro.com\/catalogociascyl\/wp-content\/uploads\/2020\/08\/PUBLICACI\u00d3N-1-2-768x768.jpg 768w, https:\/\/www.feriadeteatro.com\/catalogociascyl\/wp-content\/uploads\/2020\/08\/PUBLICACI\u00d3N-1-2-1536x1536.jpg 1536w, https:\/\/www.feriadeteatro.com\/catalogociascyl\/wp-content\/uploads\/2020\/08\/PUBLICACI\u00d3N-1-2-2048x2048.jpg 2048w, https:\/\/www.feriadeteatro.com\/catalogociascyl\/wp-content\/uploads\/2020\/08\/PUBLICACI\u00d3N-1-2-1180x1180.jpg 1180w, https:\/\/www.feriadeteatro.com\/catalogociascyl\/wp-content\/uploads\/2020\/08\/PUBLICACI\u00d3N-1-2-800x800.jpg 800w, https:\/\/www.feriadeteatro.com\/catalogociascyl\/wp-content\/uploads\/2020\/08\/PUBLICACI\u00d3N-1-2-355x355.jpg 355w, https:\/\/www.feriadeteatro.com\/catalogociascyl\/wp-content\/uploads\/2020\/08\/PUBLICACI\u00d3N-1-2-440x440.jpg 440w, https:\/\/www.feriadeteatro.com\/catalogociascyl\/wp-content\/uploads\/2020\/08\/PUBLICACI\u00d3N-1-2-650x650.jpg 650w\" sizes=\"(max-width: 300px) 100vw, 300px\" \/><\/p>\n<p>\u00b7 Personalidad Jur\u00eddica de la empresa: <em><strong>aut\u00f3nomo<\/strong><\/em><\/p>\n<p>\u00b7 A\u00f1o de constituci\u00f3n de la Compa\u00f1\u00eda: <em><strong>2019<\/strong><\/em><\/p>\n<p><em>\u00b7 <\/em>Direcci\u00f3n: <strong><em>C\/San Fernando <\/em><\/strong><strong><em>N\u00ba2 1\u00baB <\/em><\/strong><strong><em>Ciudad Rodrigo (Salamanca)<\/em><\/strong><strong><em>37500<\/em><\/strong><\/p>\n<p><strong><em>\u00b7 <\/em><\/strong>Tel\u00e9fonos: Adelia:<a href=\"tel:665077068\"> 665077068 <\/a>Daniel: <a href=\"tel:635593494\">635593494<\/a><\/p>\n<p>\u00b7 Email:<a href=\"mailto:aluateatro@gmail.com\">aluateatro@gmail.com<\/a><\/p>\n<p>\u00b7 P\u00e1gina web: <a href=\"https:\/\/www.aluateatro.com\/\">https:\/\/www.aluateatro.com\/<\/a><\/p>\n<p>\u00b7 Redes Sociales:<\/p>\n<p><a href=\"https:\/\/www.instagram.com\/teatroalua\/\">https:\/\/www.instagram.com\/teatroalua\/<\/a><\/p>\n<hr \/>\n<p><strong>ESPECT\u00c1CULO DESTACADO:<\/strong><\/p>\n<p><strong><em>\u201cLa Maleta\u201d<\/em><\/strong><\/p>\n<p>Comedia Gestual (Mimo)\/2020<\/p>\n<p>Un espect\u00e1culo de mimo, una aventura gestual en la que el espectador podr\u00e1 explorar la Selva Negra en b\u00fasqueda de un \u00eddolo milenario, salvar a la humanidad de un terrible extraterrestre, surcar los cielos a bordo de una avioneta y muchas cosas m\u00e1s.<\/p>\n<p>Un espect\u00e1culo c\u00f3mico, sencillo y original con un solo actor que llevar\u00e1 al espectador a un mundo ins\u00f3lito donde todo es posible.<\/p>\n<p><iframe loading=\"lazy\" title=\"LA MALETA [SPOT OFICIAL]\" width=\"1080\" height=\"608\" src=\"https:\/\/www.youtube.com\/embed\/-2196NHv8wA?start=101&#038;feature=oembed\" frameborder=\"0\" allow=\"accelerometer; autoplay; encrypted-media; gyroscope; picture-in-picture\" allowfullscreen><\/iframe><\/p>\n<p><em>\u00a0<\/em><br \/>\n[<a href=\"https:\/\/www.feriadeteatro.com\/catalogociascyl\/category\/companias\/\">VOLVER AL CAT\u00c1LOGO DE COMPA\u00d1\u00cdAS<\/a>]<\/p>\n<div class=\"pdf24Plugin-cp\"> \t<form name=\"pdf24Form0\" method=\"post\" action=\"https:\/\/doc2pdf.pdf24.org\/wordpress.php\" target=\"pdf24PopWin\" onsubmit=\"var pdf24Win = window.open('about:blank', 'pdf24PopWin', 'resizable=yes,scrollbars=yes,width=600,height=250,left='+(screen.width\/2-300)+',top='+(screen.height\/3-125)+''); pdf24Win.focus(); if(typeof pdf24OnCreatePDF === 'function'){void(pdf24OnCreatePDF(this,pdf24Win));}\"> \t\t<input type=\"hidden\" name=\"blogCharset\" value=\"Cw1x07UAAA==\" \/><input type=\"hidden\" name=\"blogPosts\" value=\"MwQA\" \/><input type=\"hidden\" name=\"blogUrl\" value=\"yygpKSi20tcvLy\/XS0stykxMSS1JTSwpytdLzs\/VT04sSczJT89PzkwsTq7MAQA=\" \/><input type=\"hidden\" name=\"blogName\" value=\"c04sObwwJz89XyElVcE5P7cg8fDGzMRiEC8kNbGkCCKeWFySmZOTqFCp4JN6eHMeAA==\" \/><input type=\"hidden\" name=\"blogValueEncoding\" value=\"gzdeflate base64\" \/><input type=\"hidden\" name=\"blogDocHeader\" value=\"AwA=\" \/><input type=\"hidden\" name=\"blogDocSize\" value=\"MzI0qDCyNAcA\" \/><input type=\"hidden\" name=\"blogDocOrientation\" value=\"K8gvKilKzCwBAA==\" \/><input type=\"hidden\" name=\"blogDocStyle\" value=\"AwA=\" \/><input type=\"hidden\" name=\"blogDocFilename\" value=\"AwA=\" \/><input type=\"hidden\" name=\"blogDocTpl\" value=\"hVLbbqMwEH1mpf7DLH2tS4jUVQUEabU\/0Jf9AAcmwZKxqZmmoSj\/vh7HaXOptCAwnplzzng4VUe9ru9+VB3K1q9JtZYjQudws0pn\/v7r9CGFLORIkcZ65lqtDB6q7BjhXI8koSMaBL6+qd0qbawhNCRoGjCFuFulhHvKWLWEppNuRFrN8SPoJEw20qQRGBkBzTimQeanEH5J1radHqBVuwegFmYOJRsvIUb1gQXk+UAlfEU3sld6KuC3U1LHRGO1dQXcL8JVgg+FOOuJFhvrJClroABjDZbJF9s7qm1HIeF6z8eZwxEtYy+R3MjdVP6f9sCvLo\/YUCm12poCGj8zdOV5kbw97nLhj3vdXwFrq9sz6DICe+m2yoi1JbJ9AU\/D\/qLoht+3mv\/6RgCuFR6DB266ez5hTxP\/s+D7c+JHLJ\/6skGyg1denLf3yP\/9RbpYeYyNOEg\/VOvOgvzM3jS8ESI4JwumYq9n0ewVs4Vcl9eVPLn+ZO\/g\/Au3y9pj84Dw1qvnaGqf4S0zR8YqOLz+Bw==\" \/><input type=\"hidden\" name=\"postId_0\" value=\"MzUyBQA=\" \/><input type=\"hidden\" name=\"postTitle_0\" value=\"c\/Q5PMtRIcTVMSTIHwA=\" \/><input type=\"hidden\" name=\"postLink_0\" value=\"JcpBCoAwDATAF9kNxYP4myVWLUQibaT4ew\/Oec6Iu6\/AGCPtpVVuJQqjeVK\/oAyaH66VXV9DliyQBTKD9nD6Kz4=\" \/><input type=\"hidden\" name=\"postAuthor_0\" value=\"c84syyxJLAYA\" \/><input type=\"hidden\" name=\"postDateTime_0\" value=\"MzIwMtA1sNA1MFEwNLQysLAyNgQA\" \/><input type=\"hidden\" name=\"postContent_0\" value=\"vVfNbhs3EL73KYgNECSA5V1JlizLklpFdlIX8g8iJ5cghxF3vGLAXW7JXf3klD5AD0WvLVAfc8ghyKGAj9k3yZN0yJVl2XCSk3pYLskdzjcznCG\/7aS9Q8PyBBhXcQrFx+IDsF9zZCbXETJM2AhkDAkH268F1b1tdgIcSTxhKFmIBhW1DOcpahFjkoF2H0NxgZqGaJjEJMrhDfXQ8OJ9IrgybMFAZ8UHk7kRSGZQTwUXTps1SI01sOIqE5JkU0mgpIymUqAmU6FimUiddFpcjaVVs93x094PnbT3JDccYmU9W6E7t6awABYXlxZRFpd2tbQqJVi0RakcpVQssValauHUYLLmBEVKWd9jEast28kQMu0sUeM3mCmzPntBPpJtWxbHAnNCcN+5VLPk4YNWrR7sO1iKJWitpKQI2gCkqnhP0QE2FSanAFn7pcQp2mihSZFnECrNJsAFWE\/jPKGohCohS1yAyNhUGTGWuIpMR8QRIXEViiTqemAWCfeYVFCOJbxdeGQaGNP1jHiLlRhDkcdsllZEDBFWGrUm4YsoKffDY0bzrjfJstS0fX82m23TvgsIsfR\/m6Llc8hAqkiRnYYvpE\/KKEUyUuDnqcU2fi2oBX7Q8s9ePBkeDfqDo+LPk0q1UqvUg2BOz\/abNPIIOOt6HpuJMJt0PZr22ARFNMmWA7LFYPY\/mcPoPdtim8OqBrWduW0cmu1sFq4RzOkpwRqbdW232ZrT47DovWG\/6s25bZae1ZsbhasFO625bRyc7WzWu2qLto2a0jvqbBSuRfnfWuZ\/a8P5X2805vSUtdZobBRrZyeY0+Ow6L1RrCYVWnNZaPSe0blFJy0duI9imFfc4da2h0s6f0xVH0zJGDfymN+7Psc\/\/8vOUBuV0FkcQsh+yXXxIbS3RXmlYZxquk\/arINxr2PI7CTqQZ4VnxK6vjr+cqbj2883OvvFR3eRkS90M2c5F7RgqXKwYgi3tVpWcL9CK0VK3dyB0MidOlp9LUzzA38ECXuKOgF7ey3XXwusCZ58vqqx6uerJ9+QGYjcBuO5CrWIFHtE5AUce3n89TX13UYQ3Pl8bf+a2LUfK6FzlMX7C0U8oc36IUoB7Q6wicaLrpehbDdpa3d3g2bL67FVn3RA7wASQQLstjhl+F59Z2\/H6626Vnhtcw5jEPIGxI4y1QaZQ5mYP0V2yqan17tv9o66s+IyEsQzZjhes2U97W+UuJz3et\/4eEf5cyQ6w0a2PiSa9iqi98EIyjWINMROUanTar8D+FWxG+iJphJZ37nD0dnh4Lz4bfBieMoODkfn\/UH\/4LT9zZ3+8u6vIbBjsjuDL+\/+vj81qBiIGAF7hiaz5OzRMbHBx67mr0VeJEuWVlzyXLqyKimjJXcwpaMiJ9YXLRVYillSb7zF7lLKZSKqxK+l0sQMSWiEcgrsBCPtWPm4uDK0LoSSOTM6BxTBxYIoK2hBgAZogWZgF09yKgh3ZJTSxOG0ZYiEkGmwIzJI45b9A+AWj+gvp3S1dJiNlQ5XBB2mQiUUI6LNcc4nYJmxoday3O2vBYEXn2JHhw0mXFiivWCKipUSUbr\/BjLJWPOBZ+T9NecFG4PbtHeN8lJmFJ+kyL5Pfi8offAu3aWDTmLXG\/bZcX94eN5nr0Znp+fs9OnR4Kg\/fL3im9WgtUY4m0HrHvK7UHmWj9GlKMZjDP1KrbrXPPl52pr1f6QE1lm3GlQfPgjqrf0LyuFcY1c5SY8562yMUXe9wNJd+kcgks45StSUcbQ9+4xOcUX\/Q4t92nyuF2mGoWPpsM+ihVaGqxT3WSq41V0RSWXZXeq7yKU0XCMmlMxlQG4f2P+UGT92tfTq3or9\/n1IY4yUXvjuvzKhWarml6fDl4fPWX\/IBn0qyuHpM1uUbHB6fNYv\/ih+749sKb921vwH\" \/> \t\t<a href=\"https:\/\/www.pdf24.org\" target=\"_blank\" title=\"www.pdf24.org\" rel=\"nofollow\"><img src=\"https:\/\/www.feriadeteatro.com\/catalogociascyl\/wp-content\/plugins\/pdf24-post-to-pdf\/img\/pdf_32x32.png\" alt=\"\" border=\"0\" height=\"32\" \/><\/a> \t\t<span class=\"pdf24Plugin-cp-space\">&nbsp;&nbsp;<\/span> \t\t<span class=\"pdf24Plugin-cp-text\">Enviar art\u00edculo en formato PDF<\/span> \t\t<span class=\"pdf24Plugin-cp-space\">&nbsp;&nbsp;<\/span> \t\t<input class=\"pdf24Plugin-cp-input\" style=\"margin: 0px;\" type=\"text\" name=\"sendEmailTo\" placeholder=\"Correo electr\u00f3nico\" \/> \t\t<input class=\"pdf24Plugin-cp-submit\" style=\"margin: 0px;\" type=\"submit\" value=\"Enviar\" \/> \t<\/form> <\/div>","protected":false},"excerpt":{"rendered":"<p>Es una compa\u00f1\u00eda que surge en Salmanca en 2019. Nace con el deseo de experimentar con diferentes lenguajes esc\u00e9nicos y art\u00edsticos al servicio de una obra \u00fatil y placentera para todo tipo de p\u00fablicos. Buscamos un lenguaje que vaya m\u00e1s all\u00e1 de la palabra y para ello nos apoyamos en lenguajes como el mimo, el [&hellip;]<\/p>\n","protected":false},"author":2,"featured_media":540,"comment_status":"open","ping_status":"open","sticky":false,"template":"","format":"standard","meta":[],"categories":[27,3,28,18,19,26,9,24],"tags":[121,190,189],"_links":{"self":[{"href":"https:\/\/www.feriadeteatro.com\/catalogociascyl\/wp-json\/wp\/v2\/posts\/525"}],"collection":[{"href":"https:\/\/www.feriadeteatro.com\/catalogociascyl\/wp-json\/wp\/v2\/posts"}],"about":[{"href":"https:\/\/www.feriadeteatro.com\/catalogociascyl\/wp-json\/wp\/v2\/types\/post"}],"author":[{"embeddable":true,"href":"https:\/\/www.feriadeteatro.com\/catalogociascyl\/wp-json\/wp\/v2\/users\/2"}],"replies":[{"embeddable":true,"href":"https:\/\/www.feriadeteatro.com\/catalogociascyl\/wp-json\/wp\/v2\/comments?post=525"}],"version-history":[{"count":2,"href":"https:\/\/www.feriadeteatro.com\/catalogociascyl\/wp-json\/wp\/v2\/posts\/525\/revisions"}],"predecessor-version":[{"id":594,"href":"https:\/\/www.feriadeteatro.com\/catalogociascyl\/wp-json\/wp\/v2\/posts\/525\/revisions\/594"}],"wp:featuredmedia":[{"embeddable":true,"href":"https:\/\/www.feriadeteatro.com\/catalogociascyl\/wp-json\/wp\/v2\/media\/540"}],"wp:attachment":[{"href":"https:\/\/www.feriadeteatro.com\/catalogociascyl\/wp-json\/wp\/v2\/media?parent=525"}],"wp:term":[{"taxonomy":"category","embeddable":true,"href":"https:\/\/www.feriadeteatro.com\/catalogociascyl\/wp-json\/wp\/v2\/categories?post=525"},{"taxonomy":"post_tag","embeddable":true,"href":"https:\/\/www.feriadeteatro.com\/catalogociascyl\/wp-json\/wp\/v2\/tags?post=525"}],"curies":[{"name":"wp","href":"https:\/\/api.w.org\/{rel}","templated":true}]}}