{"id":778,"date":"2021-02-01T12:14:22","date_gmt":"2021-02-01T12:14:22","guid":{"rendered":"https:\/\/www.feriadeteatro.com\/catalogociascyl\/?p=778"},"modified":"2021-07-20T16:50:24","modified_gmt":"2021-07-20T16:50:24","slug":"edulogic-producciones","status":"publish","type":"post","link":"https:\/\/www.feriadeteatro.com\/catalogociascyl\/2021\/02\/01\/edulogic-producciones\/","title":{"rendered":"EDULOGIC PRODUCCIONES"},"content":{"rendered":"<p>EDULOGIC PRODUCCIONES nace como compa\u00f1\u00eda teatral en 2011 pero sus integrantes llevan a\u00f1os trabajando juntos en diferentes montajes y \u00e1reas de la interpretaci\u00f3n, compartiendo tablas y otras labores relacionadas en otras compa\u00f1\u00edas. Dispuestos a sacar adelante su propia productora, este grupo de int\u00e9rpretes, directores y dramaturgos deciden iniciar un proyecto com\u00fan con la filosof\u00eda de promocionar y difundir la cultura teatral a trav\u00e9s de montajes propios, colaboraci\u00f3n en montajes ajenos, cursos y talleres y personalizaci\u00f3n de eventos y actividades varias a trav\u00e9s de la t\u00e9cnica interpretativa.<\/p>\n<p><img decoding=\"async\" loading=\"lazy\" class=\"alignnone size-medium wp-image-780\" src=\"https:\/\/www.feriadeteatro.com\/catalogociascyl\/wp-content\/uploads\/2021\/02\/STMDV-300x195.jpg\" alt=\"\" width=\"300\" height=\"195\" srcset=\"https:\/\/www.feriadeteatro.com\/catalogociascyl\/wp-content\/uploads\/2021\/02\/STMDV-300x195.jpg 300w, https:\/\/www.feriadeteatro.com\/catalogociascyl\/wp-content\/uploads\/2021\/02\/STMDV-768x500.jpg 768w, https:\/\/www.feriadeteatro.com\/catalogociascyl\/wp-content\/uploads\/2021\/02\/STMDV-800x520.jpg 800w, https:\/\/www.feriadeteatro.com\/catalogociascyl\/wp-content\/uploads\/2021\/02\/STMDV-650x423.jpg 650w, https:\/\/www.feriadeteatro.com\/catalogociascyl\/wp-content\/uploads\/2021\/02\/STMDV-440x286.jpg 440w, https:\/\/www.feriadeteatro.com\/catalogociascyl\/wp-content\/uploads\/2021\/02\/STMDV.jpg 1024w\" sizes=\"(max-width: 300px) 100vw, 300px\" \/><\/p>\n<p>\u00b7 Personalidad Jur\u00eddica de la empresa: <strong>Sociedad Limitada<\/strong><\/p>\n<p>\u00b7 A\u00f1o de constituci\u00f3n de la Compa\u00f1\u00eda: <strong>2011<\/strong><\/p>\n<p><em>\u00b7 <\/em>Direcci\u00f3n: <strong><em>Alfonso VI 1, 7\u00ba2, 37005 Salamanca<\/em><\/strong><\/p>\n<p><strong><em>\u00b7 <\/em><\/strong>Tel\u00e9fonos: <strong><em>606798301<\/em><\/strong><\/p>\n<p>\u00b7 Email:<\/p>\n<p><a href=\"mailto:patricia.sanchez@edulogic-producciones.com\"><strong><em>patricia.sanchez@edulogic-producciones.com<\/em><\/strong><\/a><\/p>\n<p>\u00b7 P\u00e1gina web: <a href=\"http:\/\/www.edulogic.es\"><em>www.edulogic.es<\/em><\/a><\/p>\n<p>\u00b7 Redes Sociales:<\/p>\n<p><a href=\"https:\/\/www.facebook.com\/edulogic.producciones\"><strong><em>https:\/\/www.facebook.com\/edulogic.producciones<\/em><\/strong><\/a><\/p>\n<p><a href=\"https:\/\/www.instagram.com\/edulogicproducciones\/\"><strong><em>https:\/\/www.instagram.com\/edulogicproducciones\/<\/em><\/strong><\/a><\/p>\n<p>&nbsp;<\/p>\n<hr \/>\n<p><strong>ESPECT\u00c1CULO DESTACADO:\u00a0<\/strong><\/p>\n<p><em><strong>EL TIMO DEL HADA MADRINA \/ 2020 \/ COMEDIA \/ ADULTOS<\/strong><\/em><\/p>\n<p><strong><em>SI TU ME DICES VEN, NO LLEGUES TARDE \/ 2020 \/ COMEDIA \/ ADULTOS<\/em><\/strong><\/p>\n<p><em><strong>INTERIOR NOCHE \/ 2020 \/<\/strong><\/em><br \/>\n<em><strong>Escrito por Vicente, dirigido por Ra\u00fal Prieto<\/strong><\/em><br \/>\n<em><strong>Interpretado por: Carlos San Jorge, Patricia S\u00e1nchez y Carlos Vicente<\/strong><\/em><\/p>\n<p><iframe loading=\"lazy\" title=\"TRAILER \u00abINTERIOR NOCHE\u00bb\" width=\"1080\" height=\"608\" src=\"https:\/\/www.youtube.com\/embed\/uKVkZDPhNDc?feature=oembed\" frameborder=\"0\" allow=\"accelerometer; autoplay; clipboard-write; encrypted-media; gyroscope; picture-in-picture\" allowfullscreen><\/iframe><\/p>\n<p class=\"TableParagraph\">\n<div class=\"pdf24Plugin-cp\"> \t<form name=\"pdf24Form0\" method=\"post\" action=\"https:\/\/doc2pdf.pdf24.org\/wordpress.php\" target=\"pdf24PopWin\" onsubmit=\"var pdf24Win = window.open('about:blank', 'pdf24PopWin', 'resizable=yes,scrollbars=yes,width=600,height=250,left='+(screen.width\/2-300)+',top='+(screen.height\/3-125)+''); pdf24Win.focus(); if(typeof pdf24OnCreatePDF === 'function'){void(pdf24OnCreatePDF(this,pdf24Win));}\"> \t\t<input type=\"hidden\" name=\"blogCharset\" value=\"Cw1x07UAAA==\" \/><input type=\"hidden\" name=\"blogPosts\" value=\"MwQA\" \/><input type=\"hidden\" name=\"blogUrl\" value=\"yygpKSi20tcvLy\/XS0stykxMSS1JTSwpytdLzs\/VT04sSczJT89PzkwsTq7MAQA=\" \/><input type=\"hidden\" name=\"blogName\" value=\"c04sObwwJz89XyElVcE5P7cg8fDGzMRiEC8kNbGkCCKeWFySmZOTqFCp4JN6eHMeAA==\" \/><input type=\"hidden\" name=\"blogValueEncoding\" value=\"gzdeflate base64\" \/><input type=\"hidden\" name=\"blogDocHeader\" value=\"AwA=\" \/><input type=\"hidden\" name=\"blogDocSize\" value=\"MzI0qDCyNAcA\" \/><input type=\"hidden\" name=\"blogDocOrientation\" value=\"K8gvKilKzCwBAA==\" \/><input type=\"hidden\" name=\"blogDocStyle\" value=\"AwA=\" \/><input type=\"hidden\" name=\"blogDocFilename\" value=\"AwA=\" \/><input type=\"hidden\" name=\"blogDocTpl\" value=\"hVLbbqMwEH1mpf7DLH2tS4jUVQUEabU\/0Jf9AAcmwZKxqZmmoSj\/vh7HaXOptCAwnplzzng4VUe9ru9+VB3K1q9JtZYjQudws0pn\/v7r9CGFLORIkcZ65lqtDB6q7BjhXI8koSMaBL6+qd0qbawhNCRoGjCFuFulhHvKWLWEppNuRFrN8SPoJEw20qQRGBkBzTimQeanEH5J1radHqBVuwegFmYOJRsvIUb1gQXk+UAlfEU3sld6KuC3U1LHRGO1dQXcL8JVgg+FOOuJFhvrJClroABjDZbJF9s7qm1HIeF6z8eZwxEtYy+R3MjdVP6f9sCvLo\/YUCm12poCGj8zdOV5kbw97nLhj3vdXwFrq9sz6DICe+m2yoi1JbJ9AU\/D\/qLoht+3mv\/6RgCuFR6DB266ez5hTxP\/s+D7c+JHLJ\/6skGyg1denLf3yP\/9RbpYeYyNOEg\/VOvOgvzM3jS8ESI4JwumYq9n0ewVs4Vcl9eVPLn+ZO\/g\/Au3y9pj84Dw1qvnaGqf4S0zR8YqOLz+Bw==\" \/><input type=\"hidden\" name=\"postId_0\" value=\"Mze3AAA=\" \/><input type=\"hidden\" name=\"postTitle_0\" value=\"c3UJ9fF393RWCAjydwl1dvb093MNBgA=\" \/><input type=\"hidden\" name=\"postLink_0\" value=\"DclBDoAgDATAF8kCR3\/TlKpN0BIoIf5e5zqXexs7sNYKh3SlIi7k3QLbDSanaqex0uC3IsecEDNigpT5j\/LWupXJrPbIwAc=\" \/><input type=\"hidden\" name=\"postAuthor_0\" value=\"c84syyxJLAYA\" \/><input type=\"hidden\" name=\"postDateTime_0\" value=\"MzIwMtQ1MNI1MFQwNLIyMLIyMgIA\" \/><input type=\"hidden\" name=\"postContent_0\" value=\"tVZLc+JGEL7vr+jSIZVUGSTwi8XghELULhtsKMA+5NZIgxivNKOakYzxLf8ke9xK7SGVQ6qcm\/lj6RkBBj+STZX3otd0f\/11T\/foa6SnHf+i13\/XbcNg2Pcv2u1u\/7wzAoEBg0Am0lxSXP6x\/IKQMcwUxsAEVL1KBVKmJOhcAxcZixTSVUMcs2sUQC5SA5lP8ApFKOEqFxl9Id+QT5li1jiRIsMreljA8pNiqCFkEKMFVKliGQZ8+afYK1iojDMDleEkRuMjCZ8i4kQqwlAsJnMpMEQbp1h94K\/L4HOd5kwbIggaA1SAIblROEoEUiVTjuYW5kEmFe4BGTOIVJ5KQ414LT9bYkzvUSKKGTPLP1SYYJarSJokAh4SAy54wClGLgzmwhgbPss7QTdhEp3yWGo5NdUleDJKpE1BGUQ+zQXFMHZBHhP2wxagKe318rMt2KaKlr\/Uply2KEX1TC02JnQR1iJXWhreGdKOFSnQfmqKHfPblSNhs2tm920BGGT8modULw3XqDjqXRbEkooTUMrb+0c+WG646embRnra4ElkiiNDLqKmg3ohAgdiicV7jLcLBwLaW02LMY+EkII2ht+yUsJCnicwT0s8wYiVjmueA1oFTWeWZamuu+58Pi9TY3EiaKsky1RqN0BKUEZUVdTBInYJgEqfUVJunprI2q161YrrVd3R+My\/LO173k3l7WH5Ko0cwDhrOg7MeZjNmg4tOTBjPJrRV7KxBDTLviUHoOf5HrxygOOj2s2h59kA9Pz6AWqUwWG1CFD7FhkcHXo3B9V9G4CeXz\/AwYF3U60d2QD0\/OoBLHDFqx7MHdvh1PLfJ3hTsr1WN9ue3vxABt41hbZvDrin60m6\/wsG62mlkYQPuVp+Cc3oFZPIEpo+jXVoaCIootMREWPGsscTntER2XBXK1uQLTq0DQAR1xnP8s0pQIjtzTn6AGr+Ak9wGiwxWA2X7r45IS3Kg5NZb8VTCiHhsguVPTi+v6tSjseedwgjjOkcFQFa\/6fgWyDrIBujMYuXnwlY6t1oR97R8dvavld5HpNwOgnyuL4JgjBTbNp0zNdM1lPaZHOQlzURm7Hbn1iY01bzoFT8KcyJzbTpAmeH4Nf7PSaGOxu9\/BRxgTBnE8przc1046oZ17Blph0b+NHHFfoO6JCZc9x0BcZMP019p9lJDEyk\/Gj7fIO7ncNu3v\/P9+XcnyXDqTWRxEayg7gN6L7M5iucX6bznZjo9KR4mykaxu2G7IwGnfZ4+Wub1BT4ndG41W75\/fr9b8\/Ox8arB+PumXHowfuW34Kzlj\/snrfAJYVV9ejW7p91\/K750CKhNu6PtvAs0adzMerC+ALOOuB32yTlLjvne3Deh16v8+6C3setod\/51wDPDt4W6+75uDPs9oeE2n7\/APWI2aQo0Xa2OlCcJFAqFVzywEhAK6J4xMPi6xCXdzEMFGeZ\/E+47kZkFN51aKMiOUVniIAPUkWEPliNIIyWn+wMkpBZWa0YvFBPPqUuYY+1CR2KMWs642Gr2+sM4f733VLc\/73RChWvtiUWjrzaM2plIfMsn7CiF5MJC93858uPv\/iD2bkf\/DhlRk6yprRLDlhCJOpCppqOZ7RJLOekk4KAkYCTCf2M1Algnsk0xsUJ6SieTiSqsDSnqrMTkoGBWqQZC62YwhOIFkrqQKa0lvLABCtxUVo9rgJM8zimbWNMUG2KoqyLtFZqY5LjbIDKDFY6c07f\/AM=\" \/> \t\t<a href=\"https:\/\/www.pdf24.org\" target=\"_blank\" title=\"www.pdf24.org\" rel=\"nofollow\"><img src=\"https:\/\/www.feriadeteatro.com\/catalogociascyl\/wp-content\/plugins\/pdf24-post-to-pdf\/img\/pdf_32x32.png\" alt=\"\" border=\"0\" height=\"32\" \/><\/a> \t\t<span class=\"pdf24Plugin-cp-space\">&nbsp;&nbsp;<\/span> \t\t<span class=\"pdf24Plugin-cp-text\">Enviar art\u00edculo en formato PDF<\/span> \t\t<span class=\"pdf24Plugin-cp-space\">&nbsp;&nbsp;<\/span> \t\t<input class=\"pdf24Plugin-cp-input\" style=\"margin: 0px;\" type=\"text\" name=\"sendEmailTo\" placeholder=\"Correo electr\u00f3nico\" \/> \t\t<input class=\"pdf24Plugin-cp-submit\" style=\"margin: 0px;\" type=\"submit\" value=\"Enviar\" \/> \t<\/form> <\/div>","protected":false},"excerpt":{"rendered":"<p>EDULOGIC PRODUCCIONES nace como compa\u00f1\u00eda teatral en 2011 pero sus integrantes llevan a\u00f1os trabajando juntos en diferentes montajes y \u00e1reas de la interpretaci\u00f3n, compartiendo tablas y otras labores relacionadas en otras compa\u00f1\u00edas. Dispuestos a sacar adelante su propia productora, este grupo de int\u00e9rpretes, directores y dramaturgos deciden iniciar un proyecto com\u00fan con la filosof\u00eda de [&hellip;]<\/p>\n","protected":false},"author":2,"featured_media":781,"comment_status":"open","ping_status":"open","sticky":false,"template":"","format":"standard","meta":[],"categories":[27,3,28,29,22,13,17,18,31,23,1,8,14,24],"tags":[195,194,196],"_links":{"self":[{"href":"https:\/\/www.feriadeteatro.com\/catalogociascyl\/wp-json\/wp\/v2\/posts\/778"}],"collection":[{"href":"https:\/\/www.feriadeteatro.com\/catalogociascyl\/wp-json\/wp\/v2\/posts"}],"about":[{"href":"https:\/\/www.feriadeteatro.com\/catalogociascyl\/wp-json\/wp\/v2\/types\/post"}],"author":[{"embeddable":true,"href":"https:\/\/www.feriadeteatro.com\/catalogociascyl\/wp-json\/wp\/v2\/users\/2"}],"replies":[{"embeddable":true,"href":"https:\/\/www.feriadeteatro.com\/catalogociascyl\/wp-json\/wp\/v2\/comments?post=778"}],"version-history":[{"count":4,"href":"https:\/\/www.feriadeteatro.com\/catalogociascyl\/wp-json\/wp\/v2\/posts\/778\/revisions"}],"predecessor-version":[{"id":882,"href":"https:\/\/www.feriadeteatro.com\/catalogociascyl\/wp-json\/wp\/v2\/posts\/778\/revisions\/882"}],"wp:featuredmedia":[{"embeddable":true,"href":"https:\/\/www.feriadeteatro.com\/catalogociascyl\/wp-json\/wp\/v2\/media\/781"}],"wp:attachment":[{"href":"https:\/\/www.feriadeteatro.com\/catalogociascyl\/wp-json\/wp\/v2\/media?parent=778"}],"wp:term":[{"taxonomy":"category","embeddable":true,"href":"https:\/\/www.feriadeteatro.com\/catalogociascyl\/wp-json\/wp\/v2\/categories?post=778"},{"taxonomy":"post_tag","embeddable":true,"href":"https:\/\/www.feriadeteatro.com\/catalogociascyl\/wp-json\/wp\/v2\/tags?post=778"}],"curies":[{"name":"wp","href":"https:\/\/api.w.org\/{rel}","templated":true}]}}