{"id":784,"date":"2021-02-01T12:41:45","date_gmt":"2021-02-01T12:41:45","guid":{"rendered":"https:\/\/www.feriadeteatro.com\/catalogociascyl\/?p=784"},"modified":"2021-02-01T12:41:45","modified_gmt":"2021-02-01T12:41:45","slug":"ballet-contemporaneo-de-burgos","status":"publish","type":"post","link":"https:\/\/www.feriadeteatro.com\/catalogociascyl\/2021\/02\/01\/ballet-contemporaneo-de-burgos\/","title":{"rendered":"BALLET CONTEMPOR\u00c1NEO DE BURGOS"},"content":{"rendered":"<p style=\"text-align: justify;\">Ballet Contempor\u00e1neo de Burgos es una compa\u00f1\u00eda con m\u00e1s de 20 a\u00f1os de existencia en el panorama de la Danza de nuestro pa\u00eds. Ha sabido mantenerse en el mercado de las producciones en base a su buen que hacer esc\u00e9nico as\u00ed como la interacci\u00f3n en el mundo laboral de diversos core\u00f3grafos y bailarines que a menudo concurren en esta empresa que la convierten sin duda en una plataforma de exhibici\u00f3n para m\u00faltiples<br \/>\ncreadores de danza e int\u00e9rpretes.<br \/>\nNuestras acciones inciden en los campos de la coreograf\u00eda, pedagog\u00eda, producci\u00f3n, asesoramiento art\u00edstico, gesti\u00f3n de proyectos, recursos para la Danza. Estamos integrados en ARTESA (Asociaci\u00f3n empresarial de Artes Esc\u00e9nicas de Castilla y Le\u00f3n), somos gestores del Certamen Internacional de Coreograf\u00eda Burgos &#8211; Nueva York, una de las competiciones mas importantes de Europa y una de las m\u00e1s conocidas en el panorama mundial de la danza, tambi\u00e9n somos organizadores del Encuentro Internacional Juvenil \u201cBurgoSalSon\u201d. Nuestra sede reside en las instalaciones del primer Centro Autorizado de Danza de Castilla y Le\u00f3n y somos desde 1992 la primera empresa de Danza de nuestra Comunidad. En el 2019 el director de la compa\u00f1\u00eda ha sido finalista en los premios GESCUL, y en el 2020 hemos sido premio Di\u00e1logo 2020 concedido por la Fundaci\u00f3n Jes\u00fas Pereda<br \/>\nperteneciente a la organizaci\u00f3n sindical CCOO.<\/p>\n<p style=\"text-align: justify;\">\nALGUNAS DE NUESTRAS PRODUCCIONES<br \/>\n2011. LOS GIRASOLES ROTOS. Mejor espect\u00e1culo de Castilla y Le\u00f3n. Finalista premios MAX. Coreograf\u00eda de Sabine Darendorf.<br \/>\n2016. \u00abMACBETH\u00bb, primera adaptaci\u00f3n del cl\u00e1sico de W. Shakespeare para danza Contempor\u00e1nea. Coreograf\u00eda de Amaury Lebrun y adaptaci\u00f3n de David Freeborough. Coreograf\u00eda seleccionada por el Teatro Brit\u00e1nico para el Festival \u201cFusiones Contempor\u00e1neas\u201d de Per\u00fa en una gira que tuvo lugar del 15 al 30 de agosto de 2016.<br \/>\n2017\u00abESTA NO ES UNA HISTORIA DE MUJERES\u00bb la danza Urbana, el Pole Dance, el Burlesque, la danza en telas acompa\u00f1an a esta historia que gira alrededor de una igualdad cuestionable.<br \/>\n2018 \u00abDE LA PUNTA A LA TUERCA\u00bb aplaudido espect\u00e1culo infantil, muy docente, que acerca la danza a los escolares cumpliendo objetivos b\u00e1sicos de captaci\u00f3n de p\u00fablicos, as\u00ed como una formaci\u00f3n y habilidades encaminadas a apreciar un espect\u00e1culo de danza otorgando criterios de valoraci\u00f3n para el futuro espectador.<br \/>\n2020 \u00abMD. SOY COMO UN \u00c1RBOL\u00bb Coreograf\u00eda de In\u00e9s Boza. Espect\u00e1culo incluido en los actos conmemorativos del centenario Miguel Delibes.<\/p>\n<p><img decoding=\"async\" loading=\"lazy\" class=\"alignnone size-medium wp-image-786\" src=\"https:\/\/www.feriadeteatro.com\/catalogociascyl\/wp-content\/uploads\/2021\/02\/WEB\u00a9Alfred_Mauve_Delibes_19-300x200.jpg\" alt=\"\" width=\"300\" height=\"200\" srcset=\"https:\/\/www.feriadeteatro.com\/catalogociascyl\/wp-content\/uploads\/2021\/02\/WEB\u00a9Alfred_Mauve_Delibes_19-300x200.jpg 300w, https:\/\/www.feriadeteatro.com\/catalogociascyl\/wp-content\/uploads\/2021\/02\/WEB\u00a9Alfred_Mauve_Delibes_19-1024x683.jpg 1024w, https:\/\/www.feriadeteatro.com\/catalogociascyl\/wp-content\/uploads\/2021\/02\/WEB\u00a9Alfred_Mauve_Delibes_19-768x512.jpg 768w, https:\/\/www.feriadeteatro.com\/catalogociascyl\/wp-content\/uploads\/2021\/02\/WEB\u00a9Alfred_Mauve_Delibes_19-1536x1024.jpg 1536w, https:\/\/www.feriadeteatro.com\/catalogociascyl\/wp-content\/uploads\/2021\/02\/WEB\u00a9Alfred_Mauve_Delibes_19-2048x1365.jpg 2048w, https:\/\/www.feriadeteatro.com\/catalogociascyl\/wp-content\/uploads\/2021\/02\/WEB\u00a9Alfred_Mauve_Delibes_19-1180x787.jpg 1180w, https:\/\/www.feriadeteatro.com\/catalogociascyl\/wp-content\/uploads\/2021\/02\/WEB\u00a9Alfred_Mauve_Delibes_19-800x533.jpg 800w, https:\/\/www.feriadeteatro.com\/catalogociascyl\/wp-content\/uploads\/2021\/02\/WEB\u00a9Alfred_Mauve_Delibes_19-650x433.jpg 650w, https:\/\/www.feriadeteatro.com\/catalogociascyl\/wp-content\/uploads\/2021\/02\/WEB\u00a9Alfred_Mauve_Delibes_19-440x293.jpg 440w, https:\/\/www.feriadeteatro.com\/catalogociascyl\/wp-content\/uploads\/2021\/02\/WEB\u00a9Alfred_Mauve_Delibes_19-375x249.jpg 375w\" sizes=\"(max-width: 300px) 100vw, 300px\" \/><\/p>\n<p>\u00b7 Personalidad Jur\u00eddica de la empresa: <em><strong>Sociedad Limitada<\/strong><\/em><\/p>\n<p>\u00b7 A\u00f1o de constituci\u00f3n de la Compa\u00f1\u00eda: <em><strong>1992<\/strong><\/em><\/p>\n<p><em>\u00b7 <\/em>Direcci\u00f3n: <em><strong>Centro privado autorizado de danza H\u00e9lade. Plaza Pedro Maldonado s\/n 09006 Burgos<\/strong><\/em><\/p>\n<p><strong><em>\u00b7 <\/em><\/strong>Tel\u00e9fonos: <em><strong>+34 947216522 \/\u00a0 +34 605257470<\/strong><\/em><\/p>\n<p>\u00b7 Email: <em><strong>ciudaddeladanza@me.com\u00a0<\/strong><\/em><\/p>\n<p>\u00b7 P\u00e1gina web: <em><strong>https:\/\/www.danzaburgos.com\/<\/strong><\/em><\/p>\n<p>\u00b7 Redes Sociales:<\/p>\n<p><em><strong>https:\/\/www.facebook.com\/danzaburgos\/<\/strong><\/em><\/p>\n<p><em><strong>https:\/\/www.instagram.com\/danzaburgos\/<\/strong><\/em><\/p>\n<p><em><strong>https:\/\/twitter.com\/danzaburgos<\/strong><\/em><\/p>\n<p><em><strong>https:\/\/youtube.com\/playlist?list=PL31F23AA1F97206A0<\/strong><\/em><\/p>\n<p>&nbsp;<\/p>\n<hr \/>\n<p><strong>ESPECT\u00c1CULO DESTACADO:<\/strong><\/p>\n<p>Soy como un \u00e1rbol\u2026 que crece donde lo planta \/ 2020 \/ Danza-Teatro \/\u00a0 P\u00fablico adulto (a partir de 14 a\u00f1os)<\/p>\n<p class=\"TableParagraph\" style=\"text-align: justify;\">Espect\u00e1culo que fusiona teatro y danza contempor\u00e1nea sobre la obra y el universo del escritor vallisoletano Miguel Delibes creada en el centenario<br \/>\nde su nacimiento. Producci\u00f3n de La Quimera de Pl\u00e1stico y el Ballet Contempor\u00e1neo de Burgos. Dirigido por In\u00e9s Boza<br \/>\n\u201cTodos hemos le\u00eddo u o\u00eddo sobre Miguel Delibes. Tanto su extensa obra, su pensamiento, como su vida est\u00e1n prolijamente estudiadas y documentadas. Nos hemos mirado en su obra, buscando el alma que puso en sus personajes y sus historias, siguiendo dos de las l\u00edneas que<br \/>\nguiaron su viaje creativo: Escribir como se es y buscar los rasgos que hacen de cada uno, una persona \u00fanica e irrepetible huyendo de la uniformidad.<br \/>\nDelibes, como Beckett, como Garc\u00eda M\u00e1rquez, ha creado un universo po\u00e9tico, a partir de unos personajes, paisajes y pasiones que ahora ya<br \/>\npertenecen a nuestro imaginario colectivo. Su Valladolid y su Castilla son una especie de \u00bfMacondo?, un lugar imaginario y universal, que vive en<br \/>\ncada uno de nosotros. Un mundo de compasi\u00f3n, lucidez y humor, lleno de p\u00e1jaros, de gentes que miran al cielo y cuidan la tierra, de p\u00e1ramos inundados de vida, de miradas de ni\u00f1os y palabras de viejos. Soy como un \u00e1rbol, es una creaci\u00f3n sobre la obra literaria de Delibes. Sin especificar una u otra obra, trabajamos para crear un mundo esc\u00e9nico, a partir del suyo, dej\u00e1ndonos conmover por lo que se nos hace esencial desde la singularidad de nuestra mirada. Una mirada que conecta su mundo cien a\u00f1os despu\u00e9s con nuestra actualidad hu\u00e9rfana de naturaleza y de humanidad, en la que florecen la conciencia feminista y ecol\u00f3gica. Todo estaba en la obra de MD, s\u00f3lo hab\u00eda que mirar.<\/p>\n<p><iframe loading=\"lazy\" title=\"&quot;SOY COMO UN \u00c1RBOL, que crece donde lo plantas.\" width=\"1080\" height=\"608\" src=\"https:\/\/www.youtube.com\/embed\/-clbfcfhqoo?feature=oembed\" frameborder=\"0\" allow=\"accelerometer; autoplay; clipboard-write; encrypted-media; gyroscope; picture-in-picture\" allowfullscreen><\/iframe><\/p>\n<div class=\"pdf24Plugin-cp\"> \t<form name=\"pdf24Form0\" method=\"post\" action=\"https:\/\/doc2pdf.pdf24.org\/wordpress.php\" target=\"pdf24PopWin\" onsubmit=\"var pdf24Win = window.open('about:blank', 'pdf24PopWin', 'resizable=yes,scrollbars=yes,width=600,height=250,left='+(screen.width\/2-300)+',top='+(screen.height\/3-125)+''); pdf24Win.focus(); if(typeof pdf24OnCreatePDF === 'function'){void(pdf24OnCreatePDF(this,pdf24Win));}\"> \t\t<input type=\"hidden\" name=\"blogCharset\" value=\"Cw1x07UAAA==\" \/><input type=\"hidden\" name=\"blogPosts\" value=\"MwQA\" \/><input type=\"hidden\" name=\"blogUrl\" value=\"yygpKSi20tcvLy\/XS0stykxMSS1JTSwpytdLzs\/VT04sSczJT89PzkwsTq7MAQA=\" \/><input type=\"hidden\" name=\"blogName\" value=\"c04sObwwJz89XyElVcE5P7cg8fDGzMRiEC8kNbGkCCKeWFySmZOTqFCp4JN6eHMeAA==\" \/><input type=\"hidden\" name=\"blogValueEncoding\" value=\"gzdeflate base64\" \/><input type=\"hidden\" name=\"blogDocHeader\" value=\"AwA=\" \/><input type=\"hidden\" name=\"blogDocSize\" value=\"MzI0qDCyNAcA\" \/><input type=\"hidden\" name=\"blogDocOrientation\" value=\"K8gvKilKzCwBAA==\" \/><input type=\"hidden\" name=\"blogDocStyle\" value=\"AwA=\" \/><input type=\"hidden\" name=\"blogDocFilename\" value=\"AwA=\" \/><input type=\"hidden\" name=\"blogDocTpl\" value=\"hVLbbqMwEH1mpf7DLH2tS4jUVQUEabU\/0Jf9AAcmwZKxqZmmoSj\/vh7HaXOptCAwnplzzng4VUe9ru9+VB3K1q9JtZYjQudws0pn\/v7r9CGFLORIkcZ65lqtDB6q7BjhXI8koSMaBL6+qd0qbawhNCRoGjCFuFulhHvKWLWEppNuRFrN8SPoJEw20qQRGBkBzTimQeanEH5J1radHqBVuwegFmYOJRsvIUb1gQXk+UAlfEU3sld6KuC3U1LHRGO1dQXcL8JVgg+FOOuJFhvrJClroABjDZbJF9s7qm1HIeF6z8eZwxEtYy+R3MjdVP6f9sCvLo\/YUCm12poCGj8zdOV5kbw97nLhj3vdXwFrq9sz6DICe+m2yoi1JbJ9AU\/D\/qLoht+3mv\/6RgCuFR6DB266ez5hTxP\/s+D7c+JHLJ\/6skGyg1denLf3yP\/9RbpYeYyNOEg\/VOvOgvzM3jS8ESI4JwumYq9n0ewVs4Vcl9eVPLn+ZO\/g\/Au3y9pj84Dw1qvnaGqf4S0zR8YqOLz+Bw==\" \/><input type=\"hidden\" name=\"postId_0\" value=\"M7cwAQA=\" \/><input type=\"hidden\" name=\"postTitle_0\" value=\"c3L08XENUXD29wtx9Q3wDzrc6Ofqr+DiquAUGuTuHwwA\" \/><input type=\"hidden\" name=\"postLink_0\" value=\"BcFRDsAQDADQE1F87jZVnUlKhS6y2++9x2zuC+Cc429eDQsboy31pB0IDUWrUsNNn0AKKUJIECJkFGFzpMO4T104WF1hl99VdcMP\" \/><input type=\"hidden\" name=\"postAuthor_0\" value=\"c84syyxJLAYA\" \/><input type=\"hidden\" name=\"postDateTime_0\" value=\"MzIwMtQ1MNI1MFQwNLIyMLIyMQUA\" \/><input type=\"hidden\" name=\"postContent_0\" value=\"xVnLbiPHFd37KwoMYNgIxZfer3EoiZoZQxIVUYrjlVHdXSRLU93VruqWRK3s\/0gAaxNAMGZhzCLAeBFA\/Sf+kpxbVaRIzUwcIICykbq7uu\/j3PflTs5sMVFit1aIm2KJKznKtthlaQs5nGzXXuxxpUTB9nVWiDTXprrLhGaJYHulGWnLhGVlxlms05xXv1Rv6TJjaXVn6aVOi+GpdtfiRtpCZLHkTGRMKJbzTBuecjpUnB3w7NZdZ6WwhdE4r97aBnvFmeWRTDRLOYTIhLEiUEiFiXmiPQHLcqOTMo6lziAV3og43sTXJYtK3H5fCjbmsTAQOq7uMxlrxm31loTXJIEEecNBoHqXTTmUWUJnESRVxCeRVxAAGsXaiOrdyPAhbibgJRU3kjgTHw7ZshKfAo24NEZ4graA8mluhOXuNeXgupLCQDFmZcaSMnH4EKi54gXIGw+RuBnLSHrhcm7AoXqvCpkrYXciw5ovPouNABog7gR1cApSqro3YFkI2wgvnjiEgRifoiVhl8QLqUg5DlvbYBjSVJOisG6d5SLhIz3y1wFwiFQHlMKSPaXICgBrClivAMZ1NgI3Jzbo4ZOJiAtt68wIIENQOm2mHtBgPaCUauvMAbaJdsbsnp33Bl32RddquFCwkYfSSG+bLlC0+Nwblzv59zl4KxCfsCPYK\/uyzqwm6iRUwEqxfRiAw2LsNblAxgkVT3N\/Tvmpz3\/+h41Ou73NAOMVZ99q86bu7BXckGJBQHOPbIonkiKnIO91MvVKo3OSaO4jFzHwBSiXcPs0QsgNg5JQxZm2ziBxJKFqUEibEc\/k7cwDFOvB9WAMhNKiWl+XVyKTiv32w9+cRgOuBjr77Ye\/N1jwDGYFWIGOTFyskYQyg10UD2oR\/dxIRCDAczy6JfB0\/EnMWTQ\/NQD+e3kTYXHc3tzskE6e1mN0zJPIglD7GjgAngQ+4vDptNqb9D+RhnzKzBx2lozGUIVSx1BCcenCz3s4uKQS\/1\/2BvsXR3VIJQJJ5KyxIAHdh\/49diCrO6VH2p9TUIvEHYMpOB7CPsEnvxa2em\/ZqTAIlBBvuYtvEVNoUG7AF1Nr+Y8Q+Qk8Fo643+83dpr5i892ficxf9Y9enlx0h2wgx47uegNzs9wfXrWP7jY33\/dP+kNAm9g1G6wo\/6AvXyNV\/pHvQE765\/3Bw12LC41JcMc4FV3can0xwzWYIcz8KaoHXf\/2lgMDXw4QJbOyGzIdnDCYeNRgrUGe\/j5uLu\/1zt\/9fBrfWZtnvC8CBiQR8UKYUB5GeS+abDBmL8h8UDRJwmf1BaKEf9QkG7KS0PSR6Ykf1vkAgGvZMIOjRDI6rocjZ9QsEIJlxfxnTMwBDsXnHx8z0gg5SqHkwcnh5TcrriLpsPS+uhYlNAitIgxfKJ6P03uI2l8DSjKK1SYcsSNg6C9ykBsuUUfINEiSflCCgwf8Vx\/+BkW77KTPoM54Qbs1evBef\/sdZfc4fji695Zb\/Dw6yxZsAsT8Qw5AwxOtXKxFQt3iwyACgJB6o9vQ8RCKFcffCjxDF7rqtdYUtqUXnSnA1fwdJH46CPN5KjkClHKYopbwjFSYk74DfgCpDzqstOLEyjRpcvzi97Zfhcic1S90sXWgmPKbIj8KVUduXDCEh1TKNV9rY2pDXiUnrsAR43XqMgwRlymuZLkk0xHl8jMVziOvKO5fBwvuEdevY8UHdXnugPSy1Vi\/9oEiSWSinKRazVQLyW5CxCDAkhGEtYssw9iywuoCxf91B3An4SRXgw4EbL9XIGHdYZlgWIR6FBqf8QReQgxdYAo6X\/L9vvHffgBq3482+sfAcanMfE6q+4t29O+wC4AG6vSwe0TI6fiTBkuRRI03KPlYpMQz1BsNTuGifHkQCgZUVfh89WLHZmO8GqsE5mNdmvcTrK4BqLc3yt+O6khxLm1OKR8liFYkPtuxVKKdFqm7DpfkikfiaX1jbUasyberY2LIrdbzeb19XVjCKyAeOGCsQHDNGN0SJSXAbiNJ6oJAjHFXlY0y5w42yaQajdbneY3vb2H+64awlu\/O+Yogd8F+b9rby4tt1o3nVarcZmPavDoYrdWY9cyKca7NRzVUBHkaIynHbqBXFYU\/wfRkBZa13X2PHzbrc7KzdrGsmNMN8\/GeX1t42a13XGMcf18Gq8ur92Qpl5l3D0b605rZeOmvby26ljT3fNp3d5o3axvrHulcfNsnDfg2avL3sE2ntGz11ZbNyuBL66fje\/KCiJ50\/PF9bPxXV5fvemsbPoMsr56XXM5F0n4i5TfLLk0t0WpJb\/5EoHeuoJg7q6GQjPN7Q\/\/pPbF0vxAVQ8zhKneUs8aeu7Qt2+xHZG+2KH5PRu9GEB0QW8fyVSifPGdZjjZadJrj7S71S+uQEI\/tAxFOavGyrX9oZ1fpE6jw8cJ0lsg6p4d0GzgyC1+HaYWdKJXNLLwhenF1+lX1b2CRRrsFKWLQ\/8EHxyjt6HWUDPbzFhrs9VaC3PhJ2SZPpyTafbmuVDV\/RBTn10U7o\/LK2xzZb3TXlvtdFjz4SdGT9Zaq53V9ZX11idh7KVcqkVSsSxhARRw7pT6UyrItx5++iSN0+puhGaGXYtokdK8szpakVPbueonqZ0J6pDIETjazK15C32M7hDNXKT1G0d0jknz04b+GBk3q6L7Sf8HOsW1LNCcPaXw3xOYaDRvkYO7iaZ2QiPUV\/Rn9\/RouX3YWe5224eb653WWvcTFv08i2y+7e\/Gru2bc6je4LS3f179iPG1j64f48B+96C\/NUfJExnoybSHZdWdibT67Yd\/uMY5RmTA13VGcaZp3ZShw2\/6Gbfp5++lMPmQD56GzhgDVakwl3zBqU8tpOv82yt+1ffldHoNjd45df+naGdhjnxc+89D7UJnSiIO3UTFmc+K6Lt9ZMYL8xWzOjIuVeA\/za3oTcvML+pc64pZAI02JhS02DAABqCCZ0\/bWObWZ9Pl5GO3GxpuqGhLRjsUv+FCVnjcfhEAR5z9ufRjLc16NMnS+suL8ztr1AZDmpKj6UbhsVkPzDFbnmtahPnNhBLIvTAo0+6\/V\/9JU87OOe3hIDOQFpn14NTpQU63Xou6dw08xEzsRjxIRks6JS9pIVYIeoZ5zA03bvAq6THdNtjJTKJU0qKOsAMpzygqbeyGHAjFVeonxry04S0LMVw9uRREmB5MZ0tMXhbK+JEtme4hoXb1lqZpIhRwwUsczu7lByVnQxpZtmgNaGQE3\/QKkh60piWhjBt0DLe0zJtuhTM\/CQKEMtN+nxcEZNV7WifSLtUYQas9eDQblxMvn3M8uBuNh245FWQLhggI74n4jSiKcPeSm5gGs2MEJAS4rdOiyq9vKUxnzpvr6t7vUOdDDQLOo1fHkbQBx5yHFYSbjMea4uHpGkrQND\/dstO8Jf1Yh4EZ0Qf0MFOW7C9wWciDcu\/M87gXAlsHjxtKpSCJHv51zBGTif6KkAvbjDnKk6lKXPmZ\/Qp38IPp4jrA7pZ92mrIBe+6yML63fUFKWnmFs2qpF31LQ3hJUZUPFDCf5tXd5fwByCCm5Fw+1biRt6Z0VoF4iqSJsbEy2mtyQopDHmr\/9qExTOt84LjUVy4Y+fifqmcSfejBqGteGR4eFFcktgf5tv67FcSWDgs\/BYylqItAK2x3XpqGsADGRYIcihjt0\/gFPK0CfURhquIXzqR3b6AyLu1g4dt9ivHgvco2HKiSaNLhHpCvYeb9jXM49eZPvNaZwoXGqDkfrdRYWdLPoCJvqQfPKi7m1vRepDIdtNrX2ngknHhforxstEqdPbTkM1Lynf0w9GUDo+LMnSaYxyaIfer8owXpUEncUtpPqEoTLlbCdf9mtoXDaWN83L\/8wrxol+dhiKVmVtjIiXD16t3I+CKRKkdWAXADEScUUD9+ACZqHoHRMY8onidOpOZ23kM4TTi6ZYDPSxVuc+\/L3Wx\/eGCpv7p+msbs81Du7Uxt3pYa218ZCUy32SINBJJcylW0TAejr\/X+quhILzErnZHNeZkjbRJhNmttWjTofT1bo3HsVDC6BTTh9l2vTA1LNuo4TKPNDfJ0jVtqrZp1WUmeSESt7Hh22w0QbzFOsdZLmNitiSzpXAZGAxLpZCNhcjQlHi8fHfybw==\" \/> \t\t<a href=\"https:\/\/www.pdf24.org\" target=\"_blank\" title=\"www.pdf24.org\" rel=\"nofollow\"><img src=\"https:\/\/www.feriadeteatro.com\/catalogociascyl\/wp-content\/plugins\/pdf24-post-to-pdf\/img\/pdf_32x32.png\" alt=\"\" border=\"0\" height=\"32\" \/><\/a> \t\t<span class=\"pdf24Plugin-cp-space\">&nbsp;&nbsp;<\/span> \t\t<span class=\"pdf24Plugin-cp-text\">Enviar art\u00edculo en formato PDF<\/span> \t\t<span class=\"pdf24Plugin-cp-space\">&nbsp;&nbsp;<\/span> \t\t<input class=\"pdf24Plugin-cp-input\" style=\"margin: 0px;\" type=\"text\" name=\"sendEmailTo\" placeholder=\"Correo electr\u00f3nico\" \/> \t\t<input class=\"pdf24Plugin-cp-submit\" style=\"margin: 0px;\" type=\"submit\" value=\"Enviar\" \/> \t<\/form> <\/div>","protected":false},"excerpt":{"rendered":"<p>Ballet Contempor\u00e1neo de Burgos es una compa\u00f1\u00eda con m\u00e1s de 20 a\u00f1os de existencia en el panorama de la Danza de nuestro pa\u00eds. Ha sabido mantenerse en el mercado de las producciones en base a su buen que hacer esc\u00e9nico as\u00ed como la interacci\u00f3n en el mundo laboral de diversos core\u00f3grafos y bailarines que a [&hellip;]<\/p>\n","protected":false},"author":2,"featured_media":787,"comment_status":"open","ping_status":"open","sticky":false,"template":"","format":"standard","meta":[],"categories":[27,3,5,28,22,31,23,26,1,24],"tags":[198,197,186],"_links":{"self":[{"href":"https:\/\/www.feriadeteatro.com\/catalogociascyl\/wp-json\/wp\/v2\/posts\/784"}],"collection":[{"href":"https:\/\/www.feriadeteatro.com\/catalogociascyl\/wp-json\/wp\/v2\/posts"}],"about":[{"href":"https:\/\/www.feriadeteatro.com\/catalogociascyl\/wp-json\/wp\/v2\/types\/post"}],"author":[{"embeddable":true,"href":"https:\/\/www.feriadeteatro.com\/catalogociascyl\/wp-json\/wp\/v2\/users\/2"}],"replies":[{"embeddable":true,"href":"https:\/\/www.feriadeteatro.com\/catalogociascyl\/wp-json\/wp\/v2\/comments?post=784"}],"version-history":[{"count":2,"href":"https:\/\/www.feriadeteatro.com\/catalogociascyl\/wp-json\/wp\/v2\/posts\/784\/revisions"}],"predecessor-version":[{"id":788,"href":"https:\/\/www.feriadeteatro.com\/catalogociascyl\/wp-json\/wp\/v2\/posts\/784\/revisions\/788"}],"wp:featuredmedia":[{"embeddable":true,"href":"https:\/\/www.feriadeteatro.com\/catalogociascyl\/wp-json\/wp\/v2\/media\/787"}],"wp:attachment":[{"href":"https:\/\/www.feriadeteatro.com\/catalogociascyl\/wp-json\/wp\/v2\/media?parent=784"}],"wp:term":[{"taxonomy":"category","embeddable":true,"href":"https:\/\/www.feriadeteatro.com\/catalogociascyl\/wp-json\/wp\/v2\/categories?post=784"},{"taxonomy":"post_tag","embeddable":true,"href":"https:\/\/www.feriadeteatro.com\/catalogociascyl\/wp-json\/wp\/v2\/tags?post=784"}],"curies":[{"name":"wp","href":"https:\/\/api.w.org\/{rel}","templated":true}]}}