{"id":802,"date":"2021-02-23T11:54:34","date_gmt":"2021-02-23T11:54:34","guid":{"rendered":"https:\/\/www.feriadeteatro.com\/catalogociascyl\/?p=802"},"modified":"2021-03-09T11:22:37","modified_gmt":"2021-03-09T11:22:37","slug":"joven-compania-de-danza-de-castilla-y-leon-jcdcyl","status":"publish","type":"post","link":"https:\/\/www.feriadeteatro.com\/catalogociascyl\/2021\/02\/23\/joven-compania-de-danza-de-castilla-y-leon-jcdcyl\/","title":{"rendered":"JOVEN COMPA\u00d1\u00cdA DE DANZA DE CASTILLA Y LE\u00d3N (JCDCYL)"},"content":{"rendered":"<p>Se trata de una compa\u00f1\u00eda de reciente creaci\u00f3n &#8211; durante el confinamiento &#8211; formada con alumnos de \u00faltimos cursos de Centros Autorizados de Danza y Escuelas Profesionales de Danza de Castilla y Le\u00f3n. Est\u00e1 abierta a cualquier bailar@n y actualmente cuenta con 20 integrantes entre los 16 y 21 a\u00f1os.<br \/>\nEntendemos que el int\u00e9rprete de danza del S.XXI no debe estar sujeto a tendencias, lenguajes y c\u00f3digos de movimiento que opinamos pueden ir en detrimento del arte de la Danza. \u00c9sta necesita de int\u00e9rpretes versados en un concepto del arte tan universal como el reto de creerse artista en este milenio.<br \/>\nSentimos orgullo de sabernos de una tierra que aunque marcada por el folklore y tradiciones abre nuevas v\u00edas al arte que se gesta en la actualidad y que presume de poseer una de las mejores competiciones de danza del mundo y desde donde contactamos con otros bailarines y core\u00f3grafos al objeto de enriquecernos con nuevas visiones del movimiento.<\/p>\n<p><img decoding=\"async\" loading=\"lazy\" class=\"alignnone size-medium wp-image-810\" src=\"https:\/\/www.feriadeteatro.com\/catalogociascyl\/wp-content\/uploads\/2021\/02\/Gsf_200901_1167-300x200.jpg\" alt=\"\" width=\"300\" height=\"200\" srcset=\"https:\/\/www.feriadeteatro.com\/catalogociascyl\/wp-content\/uploads\/2021\/02\/Gsf_200901_1167-300x200.jpg 300w, https:\/\/www.feriadeteatro.com\/catalogociascyl\/wp-content\/uploads\/2021\/02\/Gsf_200901_1167-1024x683.jpg 1024w, https:\/\/www.feriadeteatro.com\/catalogociascyl\/wp-content\/uploads\/2021\/02\/Gsf_200901_1167-768x512.jpg 768w, https:\/\/www.feriadeteatro.com\/catalogociascyl\/wp-content\/uploads\/2021\/02\/Gsf_200901_1167-1536x1024.jpg 1536w, https:\/\/www.feriadeteatro.com\/catalogociascyl\/wp-content\/uploads\/2021\/02\/Gsf_200901_1167-2048x1365.jpg 2048w, https:\/\/www.feriadeteatro.com\/catalogociascyl\/wp-content\/uploads\/2021\/02\/Gsf_200901_1167-1180x787.jpg 1180w, https:\/\/www.feriadeteatro.com\/catalogociascyl\/wp-content\/uploads\/2021\/02\/Gsf_200901_1167-800x533.jpg 800w, https:\/\/www.feriadeteatro.com\/catalogociascyl\/wp-content\/uploads\/2021\/02\/Gsf_200901_1167-650x433.jpg 650w, https:\/\/www.feriadeteatro.com\/catalogociascyl\/wp-content\/uploads\/2021\/02\/Gsf_200901_1167-440x293.jpg 440w, https:\/\/www.feriadeteatro.com\/catalogociascyl\/wp-content\/uploads\/2021\/02\/Gsf_200901_1167-375x249.jpg 375w\" sizes=\"(max-width: 300px) 100vw, 300px\" \/><\/p>\n<p>&nbsp;<\/p>\n<p>\u00b7 Personalidad Jur\u00eddica de la empresa: <strong><em>Aut\u00f3nomo<\/em><\/strong><\/p>\n<p>\u00b7 A\u00f1o de constituci\u00f3n de la Compa\u00f1\u00eda: <em><strong>2021 A\u00f1o de constituci\u00f3n &#8211; Marzo 2020, (Confinamiento) creaci\u00f3n de la JCDCYL<\/strong><\/em><\/p>\n<p><em>\u00b7 <\/em>Direcci\u00f3n: <em><strong>C\/Juan de Padilla S\/N. 09006 Burgos &#8211; Edificio Ciudaddeladanza<\/strong><\/em><\/p>\n<p><strong><em>\u00b7 <\/em><\/strong>Tel\u00e9fonos: <em><strong>619416978<\/strong><\/em><\/p>\n<p>\u00b7 Email: <a href=\"mailto:jcdcyl@gmail.com\">jcdcyl@gmail.com<\/a><\/p>\n<p>\u00b7 P\u00e1gina web: <a href=\"https:\/\/www.ciudaddeladanza.com\/cdcyl\/index.html\">https:\/\/www.ciudaddeladanza.com\/cdcyl\/index.html\u00a0<\/a><\/p>\n<p>&nbsp;<\/p>\n<hr \/>\n<p><strong>ESPECT\u00c1CULO DESTACADO:<\/strong><\/p>\n<p class=\"TableParagraph\"><em><strong>MIRADAS EN ROSA<\/strong><\/em><br \/>\n<em><strong>Lo tendremos concluido hacia finales de Marzo de 2021.<\/strong><\/em><\/p>\n<p class=\"TableParagraph\" style=\"text-align: justify;\">Sobre el espect\u00e1culo \u201cMIRADAS EN ROSA\u201d:Una de las herramientas del Feminismo es el arte, principalmente la poes\u00eda, donde podemos encontrar los primeros intentos de elaborar una defensa sobre derechos de las mujeres en \u00e9pocas tan tempranas como el siglo XVIII.<br \/>\nEn este sentido, es justo pensar que los poemas feministas son anteriores al movimiento, y que en gran medida la poes\u00eda del feminismo sirvi\u00f3 para establecer las bases ideol\u00f3gicas y filos\u00f3ficas que lo sostienen.<\/p>\n<p class=\"TableParagraph\" style=\"text-align: justify;\">En pleno S.XXI hay poca gente que se asombre de que 300 a\u00f1os despu\u00e9s se sigan reclamando los mismos derechos: igualdad, respeto, tolerancia.<br \/>\nPuede que algo haya cambiado, las edades, el apoyo social, la justicia\u2026 pero \u201clas miradas en Rosa\u201d, contin\u00faan\u2026<\/p>\n<p><iframe loading=\"lazy\" title=\"JCDCYL Joven Compa\u00f1\u00eda de Danza de CyL\" width=\"1080\" height=\"608\" src=\"https:\/\/www.youtube.com\/embed\/v6GlCQgH4kM?feature=oembed\" frameborder=\"0\" allow=\"accelerometer; autoplay; clipboard-write; encrypted-media; gyroscope; picture-in-picture\" allowfullscreen><\/iframe><\/p>\n<div class=\"pdf24Plugin-cp\"> \t<form name=\"pdf24Form0\" method=\"post\" action=\"https:\/\/doc2pdf.pdf24.org\/wordpress.php\" target=\"pdf24PopWin\" onsubmit=\"var pdf24Win = window.open('about:blank', 'pdf24PopWin', 'resizable=yes,scrollbars=yes,width=600,height=250,left='+(screen.width\/2-300)+',top='+(screen.height\/3-125)+''); pdf24Win.focus(); if(typeof pdf24OnCreatePDF === 'function'){void(pdf24OnCreatePDF(this,pdf24Win));}\"> \t\t<input type=\"hidden\" name=\"blogCharset\" value=\"Cw1x07UAAA==\" \/><input type=\"hidden\" name=\"blogPosts\" value=\"MwQA\" \/><input type=\"hidden\" name=\"blogUrl\" value=\"yygpKSi20tcvLy\/XS0stykxMSS1JTSwpytdLzs\/VT04sSczJT89PzkwsTq7MAQA=\" \/><input type=\"hidden\" name=\"blogName\" value=\"c04sObwwJz89XyElVcE5P7cg8fDGzMRiEC8kNbGkCCKeWFySmZOTqFCp4JN6eHMeAA==\" \/><input type=\"hidden\" name=\"blogValueEncoding\" value=\"gzdeflate base64\" \/><input type=\"hidden\" name=\"blogDocHeader\" value=\"AwA=\" \/><input type=\"hidden\" name=\"blogDocSize\" value=\"MzI0qDCyNAcA\" \/><input type=\"hidden\" name=\"blogDocOrientation\" value=\"K8gvKilKzCwBAA==\" \/><input type=\"hidden\" name=\"blogDocStyle\" value=\"AwA=\" \/><input type=\"hidden\" name=\"blogDocFilename\" value=\"AwA=\" \/><input type=\"hidden\" name=\"blogDocTpl\" value=\"hVLbbqMwEH1mpf7DLH2tS4jUVQUEabU\/0Jf9AAcmwZKxqZmmoSj\/vh7HaXOptCAwnplzzng4VUe9ru9+VB3K1q9JtZYjQudws0pn\/v7r9CGFLORIkcZ65lqtDB6q7BjhXI8koSMaBL6+qd0qbawhNCRoGjCFuFulhHvKWLWEppNuRFrN8SPoJEw20qQRGBkBzTimQeanEH5J1radHqBVuwegFmYOJRsvIUb1gQXk+UAlfEU3sld6KuC3U1LHRGO1dQXcL8JVgg+FOOuJFhvrJClroABjDZbJF9s7qm1HIeF6z8eZwxEtYy+R3MjdVP6f9sCvLo\/YUCm12poCGj8zdOV5kbw97nLhj3vdXwFrq9sz6DICe+m2yoi1JbJ9AU\/D\/qLoht+3mv\/6RgCuFR6DB266ez5hTxP\/s+D7c+JHLJ\/6skGyg1denLf3yP\/9RbpYeYyNOEg\/VOvOgvzM3jS8ESI4JwumYq9n0ewVs4Vcl9eVPLn+ZO\/g\/Au3y9pj84Dw1qvnaGqf4S0zR8YqOLz+Bw==\" \/><input type=\"hidden\" name=\"postId_0\" value=\"szAwAgA=\" \/><input type=\"hidden\" name=\"postTitle_0\" value=\"8\/IPc\/VTcPb3DXA8PPFwr6OCi6uCi6NfFJjh7Bgc4unj46gQqeDjeniyn4KGl7OLc6SPJgA=\" \/><input type=\"hidden\" name=\"postLink_0\" value=\"HctBDoMwDAXRExlD2PU2X44LQW6MiEVET0\/LbhZv1oi9vZh778Nbj4KsoYjDB\/EPCwLmi0tBk8s4jWniMXGaefNTK\/3QjlpAWSmjfp8QtChmoItMvdIm+T\/f\" \/><input type=\"hidden\" name=\"postAuthor_0\" value=\"c84syyxJLAYA\" \/><input type=\"hidden\" name=\"postDateTime_0\" value=\"MzIwMtQ1MNI1MlYwNLQyMLIyNgEA\" \/><input type=\"hidden\" name=\"postContent_0\" value=\"vVjLbiM3Ft3nK4gKECSAHiXZlmVb1sQjO4kb7rSn1Rn0rAKqiirRYZEVssqSvOpZzj9MgMkmQC+yCHoxQJbRn\/SXzLlkyS4b3YvBQLNS8XUfh4fkuRoV46lgpeUlZ6lgleYsMXnBN79tfvU9ViRS6FKwxAqeyM07zT77dNjv9U5YWllOI0JhjZ5LzXOaau4nzI3NeUoWNeOqyrVxZHLzuyplju+ksi50TbDO4vOsKo2VdzwN3edc33G2ZhcuqYTijl1bMxdOGs2VaMwgC9yVUimafSUQZQeLys3PjM+ksEgOUVRc\/VihxWZcKm6\/1JjLkxLdeciwwk+Ith8zia7MJ+gYRSeYQlC9ARb1ewwAGdcZzSzrjj+5wCSdCkrpx8rjgcWbt7awAmYRXFpHqdi08\/r1JdMGjRlmupJb5qobAdQ481Z0IrlrMSV0VvEbOF+zZPMulVmAJDe3soaZfJmCYMdQUQmsZdIiWMwrrcz9JHLKbQgD6Hi8OmzzD3hmWiQAM+x8I2LHboV1fg9gq9KESCKKprGS04D082j3c0NZW+HnEFUwIGiqJD+wgkwRu0RW0mxhmyJAzwNjs0opv9TxmbA1T4iMJfbLcp8qrzT95NwmRKrCWPI5N+oHZbA7a2JxKhOQAxnwGbp0JW5BmltQGT116GQDsWWijgygBBLIlKewQuOAwVW5x6wwDsn4WDyCjuXiBv6cPyei3Dp8tMt5pVMDW6lw1G80gWJArqT0m0UUM57wgYpSh32G3c07kG5ufLxmdlMjKrSVCCwJ2NDybW7Sbf2rBjc6o24x\/mRUjEcyzzCWmFTq7DTibq2TCEzmoa343TpiCdJyGFQy0xrWmJN3op2LVFY5WxZtmfNMtIe9OGLOJqfRoiwLd9ztLpfLzlxYycE3wZFPB5h0E9wlymSGeJysVRcGKHeE1a0K8uy6\/bjf68b97tdu\/n0\/jo\/i3ve93uCwvRfHK7Q7N0UWAYDyNIrYUqbl4jTCUMQWQmYL9PbjEIoT5f8nGobvZYvtzFUv7u+vBsM974sau3R2OBiuDnp97wvfO83rYG+wonxCYmjt0ls\/3h+uenuDA++NWjvNrTeMV4fDw5AaGrt0NgQXD\/YCP4a75eLgIF7t167wvUtX+\/s4YUfBFb536Wrv8GDV3z8Kh\/nwYBn5Sw633uc5X7X9JXNMp7xYfYEDGN8iFt+K8FJtL9PP9MwVJ9vWH\/9m13jmSIv4p+NZZTe\/4gGqHwomcnpG+DEbOcSvs\/FI5GMIHIgTvJejLlqj7nboweYZlAUL7wUUTVkFzRVMTu6lGazS+no5Jf2RhVst9pzbO4Mz0Y9b7PNJU6590ZB2wc2zyfnkb1eN4Hyo9YOCb0Tp+84l1KFf+DicSfdZxb2xa7wzJMqm3W87DJsRD9ifK0tSZhvXRSrn9IayiayAIp4x7t\/Rj3hvQLmN4n7mK6E2b+cGL+TjcAa9o\/3e4Ohw+GGbsHOR4xnGIs4WVsxPI2qW5vgmScGyLzNqEv+i8dOeUZc37Vxvfs6AK1uKWcNak9PJ4ywDq8lmV0IkrDqLMlfR+L9d8ce\/moE0abrwSquB3MX0+mLyavP3yXdXL9j5xfTV2eTs\/MXxUyZuNcErPlPimlsOVVIsonET1+eXL8\/Oz6bs4lv28sX07Am6QeM1518Zr3CtqCVQoioJmbQA9zgjPtaaPlAVH0Trzgc37SPhMVeulTiNSrEq217OHLObCqdhvj6JxlNDohA6SbhCJCgOkgqi8\/2bfz5J5P2bn46\/e9B7C1Kg\/qjwILO+ErnU0pHmdaxWxC1oRgnpXmyLCUUKVTgc1VYtAAsTSgQofNxZFsKfCoqChDopQenvsaB8sdkzQzOC7JwL7ThzPvxU4MwtwjSvRlE8WF+isM3bwiToInFe0u3DNXf34tzJDNm+\/uvl5eVD3RJ0uSMhnpoW5UNwGVaQR+u1sA\/SiBym5iFxwsFRSYeIrfRamDfFZ6tW0QiJCihGQhKC\/QERj+L8HkUn7S0uEVZgH31JhD2F0vXpzbiDeZkKo6CMJaW3BlcQ1Obd3DdDjAgI2yy00J3\/hSJApECNYuo6bcHXjDBFtaAfSgfuTB62wvfgmQjlIMn9otq8dTQJcCN17JXiOadqgHDMKV93v4fHTKLGUzjeLcwEKQm70igB1HAmttt0TaVdKIFURudljSKV5zM8jphPKAmYECgaiYyFWRMaWK9oMCSH1vs3v2BbrSe8J45EucQ9cV4ah+GfWr5GkXrzO9eY\/VBCzMF\/8bRowBNDOIa3gj0ztzA0efTXwUNtvr661\/G9eNgQ8oN4+IGaYm2qspoJf9WJfCbS7u3gazX5S\/bN\/g\/P\/zSHHqisODV+KGI+OhwXoHoaxVQ3KLNENZMkAkiaHALCnqB6LE2h+PoEvJDFzHCbtpdWluKEDqRdF6VIfcnDT1i2xoFMTIGxQibkrC11u\/6sHcxRsToqdDXupIBQuJz+Aw==\" \/> \t\t<a href=\"https:\/\/www.pdf24.org\" target=\"_blank\" title=\"www.pdf24.org\" rel=\"nofollow\"><img src=\"https:\/\/www.feriadeteatro.com\/catalogociascyl\/wp-content\/plugins\/pdf24-post-to-pdf\/img\/pdf_32x32.png\" alt=\"\" border=\"0\" height=\"32\" \/><\/a> \t\t<span class=\"pdf24Plugin-cp-space\">&nbsp;&nbsp;<\/span> \t\t<span class=\"pdf24Plugin-cp-text\">Enviar art\u00edculo en formato PDF<\/span> \t\t<span class=\"pdf24Plugin-cp-space\">&nbsp;&nbsp;<\/span> \t\t<input class=\"pdf24Plugin-cp-input\" style=\"margin: 0px;\" type=\"text\" name=\"sendEmailTo\" placeholder=\"Correo electr\u00f3nico\" \/> \t\t<input class=\"pdf24Plugin-cp-submit\" style=\"margin: 0px;\" type=\"submit\" value=\"Enviar\" \/> \t<\/form> <\/div>","protected":false},"excerpt":{"rendered":"<p>Se trata de una compa\u00f1\u00eda de reciente creaci\u00f3n &#8211; durante el confinamiento &#8211; formada con alumnos de \u00faltimos cursos de Centros Autorizados de Danza y Escuelas Profesionales de Danza de Castilla y Le\u00f3n. Est\u00e1 abierta a cualquier bailar@n y actualmente cuenta con 20 integrantes entre los 16 y 21 a\u00f1os. Entendemos que el int\u00e9rprete de [&hellip;]<\/p>\n","protected":false},"author":2,"featured_media":812,"comment_status":"open","ping_status":"open","sticky":false,"template":"","format":"standard","meta":[],"categories":[27,3,191,5,28,22,18,31,20,23,26,24],"tags":[202,203,204,36],"_links":{"self":[{"href":"https:\/\/www.feriadeteatro.com\/catalogociascyl\/wp-json\/wp\/v2\/posts\/802"}],"collection":[{"href":"https:\/\/www.feriadeteatro.com\/catalogociascyl\/wp-json\/wp\/v2\/posts"}],"about":[{"href":"https:\/\/www.feriadeteatro.com\/catalogociascyl\/wp-json\/wp\/v2\/types\/post"}],"author":[{"embeddable":true,"href":"https:\/\/www.feriadeteatro.com\/catalogociascyl\/wp-json\/wp\/v2\/users\/2"}],"replies":[{"embeddable":true,"href":"https:\/\/www.feriadeteatro.com\/catalogociascyl\/wp-json\/wp\/v2\/comments?post=802"}],"version-history":[{"count":3,"href":"https:\/\/www.feriadeteatro.com\/catalogociascyl\/wp-json\/wp\/v2\/posts\/802\/revisions"}],"predecessor-version":[{"id":813,"href":"https:\/\/www.feriadeteatro.com\/catalogociascyl\/wp-json\/wp\/v2\/posts\/802\/revisions\/813"}],"wp:featuredmedia":[{"embeddable":true,"href":"https:\/\/www.feriadeteatro.com\/catalogociascyl\/wp-json\/wp\/v2\/media\/812"}],"wp:attachment":[{"href":"https:\/\/www.feriadeteatro.com\/catalogociascyl\/wp-json\/wp\/v2\/media?parent=802"}],"wp:term":[{"taxonomy":"category","embeddable":true,"href":"https:\/\/www.feriadeteatro.com\/catalogociascyl\/wp-json\/wp\/v2\/categories?post=802"},{"taxonomy":"post_tag","embeddable":true,"href":"https:\/\/www.feriadeteatro.com\/catalogociascyl\/wp-json\/wp\/v2\/tags?post=802"}],"curies":[{"name":"wp","href":"https:\/\/api.w.org\/{rel}","templated":true}]}}