{"id":804,"date":"2021-02-23T12:09:21","date_gmt":"2021-02-23T12:09:21","guid":{"rendered":"https:\/\/www.feriadeteatro.com\/catalogociascyl\/?p=804"},"modified":"2023-04-12T08:54:21","modified_gmt":"2023-04-12T08:54:21","slug":"the-freak-cabaret-circus","status":"publish","type":"post","link":"https:\/\/www.feriadeteatro.com\/catalogociascyl\/2021\/02\/23\/the-freak-cabaret-circus\/","title":{"rendered":"THE FREAK CABARET CIRCUS"},"content":{"rendered":"<div>\n<div>\n<p><span style=\"font-family: arial, sans-serif;\">The Freak Cabaret Circus es una productora de artes esc\u00e9nicas especializada en circo.<br \/>\nApostamos por la fusi\u00f3n de las artes esc\u00e9nicas, adaptando nuestras producciones a cualquier espacio con una mirada contempor\u00e1nea.<\/span><\/p>\n<\/div>\n<\/div>\n<div>\n<div>\n<p><span style=\"font-family: arial, sans-serif;\">Especializados en el dise\u00f1o y gesti\u00f3n de proyectos culturales, desarrollo de programas Erasmus +, coordinaci\u00f3n de redes de trabajo europeas, desarrollo de programas culturales europeos, programas educativos y de car\u00e1cter social.<\/span><\/p>\n<\/div>\n<\/div>\n<div>\n<div>\n<p><span style=\"font-family: arial, sans-serif;\"><span style=\"color: #111111;\">Dise\u00f1o y producci\u00f3n integral de todo tipo de espect\u00e1culos, eventos, pasacalles, talleres y galas de circo.<\/span><br \/>\n<span style=\"color: #111111;\">Asesoramiento art\u00edstico y dise\u00f1o de producci\u00f3n y t\u00e9cnico de festivales.<\/span><\/span><\/p>\n<\/div>\n<\/div>\n<p style=\"text-align: justify;\"><img decoding=\"async\" loading=\"lazy\" class=\"alignnone size-medium wp-image-978\" src=\"https:\/\/www.feriadeteatro.com\/catalogociascyl\/wp-content\/uploads\/2021\/02\/Untitled_Artwork-202x300.jpg\" alt=\"\" width=\"202\" height=\"300\" srcset=\"https:\/\/www.feriadeteatro.com\/catalogociascyl\/wp-content\/uploads\/2021\/02\/Untitled_Artwork-202x300.jpg 202w, https:\/\/www.feriadeteatro.com\/catalogociascyl\/wp-content\/uploads\/2021\/02\/Untitled_Artwork-688x1024.jpg 688w, https:\/\/www.feriadeteatro.com\/catalogociascyl\/wp-content\/uploads\/2021\/02\/Untitled_Artwork-768x1143.jpg 768w, https:\/\/www.feriadeteatro.com\/catalogociascyl\/wp-content\/uploads\/2021\/02\/Untitled_Artwork-1032x1536.jpg 1032w, https:\/\/www.feriadeteatro.com\/catalogociascyl\/wp-content\/uploads\/2021\/02\/Untitled_Artwork-1376x2048.jpg 1376w, https:\/\/www.feriadeteatro.com\/catalogociascyl\/wp-content\/uploads\/2021\/02\/Untitled_Artwork-1180x1756.jpg 1180w, https:\/\/www.feriadeteatro.com\/catalogociascyl\/wp-content\/uploads\/2021\/02\/Untitled_Artwork-800x1190.jpg 800w, https:\/\/www.feriadeteatro.com\/catalogociascyl\/wp-content\/uploads\/2021\/02\/Untitled_Artwork-650x967.jpg 650w, https:\/\/www.feriadeteatro.com\/catalogociascyl\/wp-content\/uploads\/2021\/02\/Untitled_Artwork-440x655.jpg 440w, https:\/\/www.feriadeteatro.com\/catalogociascyl\/wp-content\/uploads\/2021\/02\/Untitled_Artwork-scaled.jpg 1720w\" sizes=\"(max-width: 202px) 100vw, 202px\" \/><\/p>\n<p>\u00b7 Personalidad Jur\u00eddica de la empresa: <em><strong>S.L.<\/strong><\/em><\/p>\n<p>\u00b7 A\u00f1o de constituci\u00f3n de la Compa\u00f1\u00eda: <em><strong>2008<\/strong><\/em><\/p>\n<p><em>\u00b7 <\/em>Direcci\u00f3n: <strong><em>c\/Esteban Daza 1, 3\u00ba izq, Valladolid<\/em><\/strong><\/p>\n<p><strong><em>\u00b7 <\/em><\/strong>Tel\u00e9fonos: <strong><em>695816462 \/ 677736535<\/em><\/strong><\/p>\n<p>\u00b7 Email: <a href=\"mailto:thefreakcabaretcircus@gmail.com\"><strong><em>thefreakcabaretcircus@gmail.com<\/em><\/strong><\/a><\/p>\n<p>\u00b7 P\u00e1gina web: <a href=\"https:\/\/www.thefreakcabaretcircus.com\/inicio\/\">https:\/\/www.thefreakcabaretcircus.com\/inicio\/\u00a0<\/a><\/p>\n<p>\u00b7 Redes Sociales:<\/p>\n<p><strong><em>-https:\/\/es-es.facebook.com\/TheFreakCabaretCircus<\/em><\/strong><\/p>\n<p><strong><em>-https:\/\/www.instagram.com\/eeec.tac\/<\/em><\/strong><\/p>\n<p><strong><em>https:\/\/www.instagram.com\/escueladecircodevalladolid\/?hl=es<\/em><\/strong><\/p>\n<p><strong><em>&#8211;<a href=\"https:\/\/www.instagram.com\/thefreakcabaretcircus\/\" target=\"_blank\" rel=\"noopener noreferrer\">https:\/\/www.instagram.com\/thefreakcabaretcircus\/<\/a><\/em><\/strong><\/p>\n<p>&nbsp;<\/p>\n<hr \/>\n<p><strong>ESPECT\u00c1CULO DESTACADO:<\/strong><\/p>\n<p><strong><span style=\"color: #111111; font-family: arial, sans-serif;\">\u00abCabaret Freak\u00bb<\/span><\/strong><\/p>\n<p><strong><span style=\"color: #111111; font-family: arial, sans-serif;\">50 minutos , todos los p\u00fablicos, sala \/ calle<\/span><\/strong><\/p>\n<p><span style=\"font-family: arial, sans-serif;\">El\u00a0<i>freak<\/i>\u00a0que todos llevamos dentro. Todos tenemos nuestras peculiaridades, man\u00edas, obsesiones&#8230; Nuestros personajes muestran su freak interior lanzando sombreros alrededor del cuerpo como pasatiempo, colg\u00e1ndose de telas, aros o barras a\u00e9reas, realizando ejercicios peligrosos o colg\u00e1ndose de lugares extra\u00f1os para tranquilizarse o divertirse. Disfrutar del dolor, del esfuerzo. Habilidades extra\u00f1as con objetos extra\u00f1os para llamar la atenci\u00f3n o simplemente para hacer amigos. Jugar con luces, combinar objetos y olvidarse del exterior. Todo ello combinado en nuestro\u00a0<i>Cabaret Freak<\/i>.<\/span><span style=\"color: #111111;\"><br \/>\n<\/span><\/p>\n<p>Estrenado el 6-08-2024, en San Esteban de Gormaz, Soria<\/p>\n<p><iframe loading=\"lazy\" title=\"Cabaret Freak\" src=\"https:\/\/player.vimeo.com\/video\/810517950?h=b22daa3a3b&amp;dnt=1&amp;app_id=122963\" width=\"1080\" height=\"608\" frameborder=\"0\" allow=\"autoplay; fullscreen; picture-in-picture\" allowfullscreen><\/iframe><\/p>\n<div class=\"pdf24Plugin-cp\"> \t<form name=\"pdf24Form0\" method=\"post\" action=\"https:\/\/doc2pdf.pdf24.org\/wordpress.php\" target=\"pdf24PopWin\" onsubmit=\"var pdf24Win = window.open('about:blank', 'pdf24PopWin', 'resizable=yes,scrollbars=yes,width=600,height=250,left='+(screen.width\/2-300)+',top='+(screen.height\/3-125)+''); pdf24Win.focus(); if(typeof pdf24OnCreatePDF === 'function'){void(pdf24OnCreatePDF(this,pdf24Win));}\"> \t\t<input type=\"hidden\" name=\"blogCharset\" value=\"Cw1x07UAAA==\" \/><input type=\"hidden\" name=\"blogPosts\" value=\"MwQA\" \/><input type=\"hidden\" name=\"blogUrl\" value=\"yygpKSi20tcvLy\/XS0stykxMSS1JTSwpytdLzs\/VT04sSczJT89PzkwsTq7MAQA=\" \/><input type=\"hidden\" name=\"blogName\" value=\"c04sObwwJz89XyElVcE5P7cg8fDGzMRiEC8kNbGkCCKeWFySmZOTqFCp4JN6eHMeAA==\" \/><input type=\"hidden\" name=\"blogValueEncoding\" value=\"gzdeflate base64\" \/><input type=\"hidden\" name=\"blogDocHeader\" value=\"AwA=\" \/><input type=\"hidden\" name=\"blogDocSize\" value=\"MzI0qDCyNAcA\" \/><input type=\"hidden\" name=\"blogDocOrientation\" value=\"K8gvKilKzCwBAA==\" \/><input type=\"hidden\" name=\"blogDocStyle\" value=\"AwA=\" \/><input type=\"hidden\" name=\"blogDocFilename\" value=\"AwA=\" \/><input type=\"hidden\" name=\"blogDocTpl\" value=\"hVLbbqMwEH1mpf7DLH2tS4jUVQUEabU\/0Jf9AAcmwZKxqZmmoSj\/vh7HaXOptCAwnplzzng4VUe9ru9+VB3K1q9JtZYjQudws0pn\/v7r9CGFLORIkcZ65lqtDB6q7BjhXI8koSMaBL6+qd0qbawhNCRoGjCFuFulhHvKWLWEppNuRFrN8SPoJEw20qQRGBkBzTimQeanEH5J1radHqBVuwegFmYOJRsvIUb1gQXk+UAlfEU3sld6KuC3U1LHRGO1dQXcL8JVgg+FOOuJFhvrJClroABjDZbJF9s7qm1HIeF6z8eZwxEtYy+R3MjdVP6f9sCvLo\/YUCm12poCGj8zdOV5kbw97nLhj3vdXwFrq9sz6DICe+m2yoi1JbJ9AU\/D\/qLoht+3mv\/6RgCuFR6DB266ez5hTxP\/s+D7c+JHLJ\/6skGyg1denLf3yP\/9RbpYeYyNOEg\/VOvOgvzM3jS8ESI4JwumYq9n0ewVs4Vcl9eVPLn+ZO\/g\/Au3y9pj84Dw1qvnaGqf4S0zR8YqOLz+Bw==\" \/><input type=\"hidden\" name=\"postId_0\" value=\"szAwAQA=\" \/><input type=\"hidden\" name=\"postTitle_0\" value=\"C\/FwVXALcnX0VnB2dHIMcg1RcPYMcg4NBgA=\" \/><input type=\"hidden\" name=\"postLink_0\" value=\"BcHRDYAgDAXAiaCIf27zrEWImJpSQ9zeu+r+jI1ozhmLWMMhLnDTyHoTw9H1VG4Y\/HXKKS+UMuWVvEooJrgCY4eJB27G76Af\" \/><input type=\"hidden\" name=\"postAuthor_0\" value=\"c84syyxJLAYA\" \/><input type=\"hidden\" name=\"postDateTime_0\" value=\"MzIwMtQ1MNI1MlYwNLIyMLIyMgQA\" \/><input type=\"hidden\" name=\"postContent_0\" value=\"vVhLbyM3Er7nVxAdYJBgJXVLsh6WJSWG7d1FECTB2tnrgN1datHDbvaQbD18yz9JjoNgDkEOAbI364\/tR7YetuHx7Cyg+GCTzWK9WVWfx6lYTD8b17\/L6diUvGDGriVNgpkqbHPGcyHXI8a14LLBDC9M05AWs7NgejMn9ndN\/A274DHXZNmF0EllGBlWFZyVWqVVYpXmLCVwsOSOks27QiTcLUtKwFXc8ZQzKliC26o1jjULp5+dl8pYnivDSqWZ5GxWGbH5vXCsJG4\/Zddg4FJaXqSKFRUZq0FUa5AIVYCWs6Ti8m0lSDvZHJ9Zogqvai60UwJbSzkEbn4piLfGofPHdByW8E5YOyl86LH\/z29XDwyHfbCcJEuFoc1viq1ZBuV3lsKANcGFBrpLW2kuCZamZLjWSkq1pck0z2HuFWzO4f+\/NWCJ0qkoYOSWkybccgs4Jua3ilGlVUn8BXYHkVtiBeLDMcG13IoFlFu7iwmH2xIL7xrlzDuW+x5RJ0oqPWKft\/0PTi\/3ftwF3zlAIK5QW3oHKKSIFaW31iehhd6VdNbRggrrzeSGJ1x6d1v3V5MzM+Mu95yxda5uLaxT9mXFzg0ZPIVcOAkufTfvEefEabqLfe39vdJrZjfvksLR4GTm0mLhonFw7Af9W+7UsLSyTaRaVozYbQUOs7Vzocgz8EwUUiSbBNysiyRgUvF6L\/ndOmAJTDU4dJcLvCBmxB01c0pFlbNl2RQ5z6h5OhgGzOhkEsytLc0oDJfLZWuGWPGULHGrVStReYhU4VJlLjNMspYhGPjXVtiwKp1kE3aiTjuMOuGPhRVWUvr6XNul0m+aOFh1o6h1W2YB49JOgoAtRWrnkwBHAZuTyOb4ChqviyH7F6nDsF422PFk9YfDVTvqnHhh2BxV2KAPYe2TrheGzVGFtaNuZ9XudftemtsdV1x30F91opNhLQ6744prD6NVe9DbWofdUcUNI0hrn9Y5ic1xc7IXrU77gzole8eVdXISrfq9npeF9VFlGRR8SuuADTrRMvAVDyXwi5yvmr7gjNyDL1dfIl+jBZTxuwDFvy7C5fT+D\/YDaaMKlM2Up+ybSm\/epxhQ6rmFYbpAJ+EjNqYcnQxqF9n0uvWtq+n1Zhy6kwO7821ngBko37ZKDlMQu1B5yTe\/bd4\/YdiJouHzDB0VmPpvl0JT3Wpwe0eM70l4ZSzF6GWX\/I6zdoN17\/9k4u5tg\/0brRBDC2zbct3L2LJ\/wGYnZk90Q3LzDu1dmcfy+qe9Ybt\/0u+wkPUHg0G33+v2nucPnlc5FxIMOJtrmk0Ct7VqZOc0c7NoUo+iiZ9Ev87cqUuM4JFqHyF+Kps\/Cu\/mlwyDFVtS\/ECLh1n5LHefnQLNXKgwmH4S+f3PT1T4l5\/lrv2URWb0nPObOwlkmpgYZjyhWKk3ni3mdj+2b6f2emj\/eDybD5UWSEbuBkHPkYiSluVJ+HEuLzAxSUXILvKzVUqLfa6FX83lhP4HFV99Puxg2Ho2Ko+FPev0MMCspzM3PbyOJS\/eBBib5SQoFIbfAoNtocCWtCYdTD+Vdx3D5yx4VcSmPKt383qSPJh1df3D1cXN5qeLH7\/9nl1eXd+cX5xffj\/6sBteGELZR2fr+193UM5nyP1\/DqPmMcT1IiCvonL4puHncoMhFLBt82csMfYaR44yFzI\/in9Yl09CXxLvSUx9hMahmN7\/\/LainXCJrHOYM0XDQEdhN\/4z2ge5rwdcScALAtxR4h1CyHmBGoyFijHle7jpUrEbnbHv\/B1nVN0WbvFy85oPdK6Y18PjEy080C3uPIY1Ko+RZ7jIpcNuKQ5T4ES8EV064JorD1KscIDVAT6ZAbVCXfIgBy\/JYWLHQDGE1KnNN++0R3z47dCnk0O3pBNXZpyGGPVxwV95wk9WGXcQCHBCo+M4ag5c76wAonbMNAjRqMSCtBXYtBig2ExXeFFe8dQlR8MvycxgxR38+08eC1l7ccfaAU+gchXfksuLJwJREnLu\/x\/AEZW6F8JZIi8l5Qga1WRz1DvNkAWZMi00YSjvucoqcfGC92LUcL2XsmZKLqCH9tZKJ9XHo84A4HOpdpfcttimgvKp9OjJuJTaA7QXAeEONT5EceUUrVdTLUWyfjMaOrhx0nAyr8Fs15kRkn8onfO7BvoAsnz\/FsQMZYieYjk\/6UyCR5o+gW2l5GvSrYXIqR6l4A9S4bAd9dqD01701XwSdzop513ejV\/xvDxLCztp+xUvy9cinbQ7ndN+d4\/N2tEwOoCzfgSg6JWLlU5JT4LIgTmplsCYKAFOPkpGJaVJNFFxxkqR2EpTUxTN7XJ74UAEt9UG1\/77Lw==\" \/> \t\t<a href=\"https:\/\/www.pdf24.org\" target=\"_blank\" title=\"www.pdf24.org\" rel=\"nofollow\"><img src=\"https:\/\/www.feriadeteatro.com\/catalogociascyl\/wp-content\/plugins\/pdf24-post-to-pdf\/img\/pdf_32x32.png\" alt=\"\" border=\"0\" height=\"32\" \/><\/a> \t\t<span class=\"pdf24Plugin-cp-space\">&nbsp;&nbsp;<\/span> \t\t<span class=\"pdf24Plugin-cp-text\">Enviar art\u00edculo en formato PDF<\/span> \t\t<span class=\"pdf24Plugin-cp-space\">&nbsp;&nbsp;<\/span> \t\t<input class=\"pdf24Plugin-cp-input\" style=\"margin: 0px;\" type=\"text\" name=\"sendEmailTo\" placeholder=\"Correo electr\u00f3nico\" \/> \t\t<input class=\"pdf24Plugin-cp-submit\" style=\"margin: 0px;\" type=\"submit\" value=\"Enviar\" \/> \t<\/form> <\/div>","protected":false},"excerpt":{"rendered":"<p>The Freak Cabaret Circus es una productora de artes esc\u00e9nicas especializada en circo. Apostamos por la fusi\u00f3n de las artes esc\u00e9nicas, adaptando nuestras producciones a cualquier espacio con una mirada contempor\u00e1nea. Especializados en el dise\u00f1o y gesti\u00f3n de proyectos culturales, desarrollo de programas Erasmus +, coordinaci\u00f3n de redes de trabajo europeas, desarrollo de programas culturales [&hellip;]<\/p>\n","protected":false},"author":2,"featured_media":807,"comment_status":"open","ping_status":"open","sticky":false,"template":"","format":"standard","meta":[],"categories":[27,6,3,28,29,24],"tags":[205,206,95],"_links":{"self":[{"href":"https:\/\/www.feriadeteatro.com\/catalogociascyl\/wp-json\/wp\/v2\/posts\/804"}],"collection":[{"href":"https:\/\/www.feriadeteatro.com\/catalogociascyl\/wp-json\/wp\/v2\/posts"}],"about":[{"href":"https:\/\/www.feriadeteatro.com\/catalogociascyl\/wp-json\/wp\/v2\/types\/post"}],"author":[{"embeddable":true,"href":"https:\/\/www.feriadeteatro.com\/catalogociascyl\/wp-json\/wp\/v2\/users\/2"}],"replies":[{"embeddable":true,"href":"https:\/\/www.feriadeteatro.com\/catalogociascyl\/wp-json\/wp\/v2\/comments?post=804"}],"version-history":[{"count":5,"href":"https:\/\/www.feriadeteatro.com\/catalogociascyl\/wp-json\/wp\/v2\/posts\/804\/revisions"}],"predecessor-version":[{"id":979,"href":"https:\/\/www.feriadeteatro.com\/catalogociascyl\/wp-json\/wp\/v2\/posts\/804\/revisions\/979"}],"wp:featuredmedia":[{"embeddable":true,"href":"https:\/\/www.feriadeteatro.com\/catalogociascyl\/wp-json\/wp\/v2\/media\/807"}],"wp:attachment":[{"href":"https:\/\/www.feriadeteatro.com\/catalogociascyl\/wp-json\/wp\/v2\/media?parent=804"}],"wp:term":[{"taxonomy":"category","embeddable":true,"href":"https:\/\/www.feriadeteatro.com\/catalogociascyl\/wp-json\/wp\/v2\/categories?post=804"},{"taxonomy":"post_tag","embeddable":true,"href":"https:\/\/www.feriadeteatro.com\/catalogociascyl\/wp-json\/wp\/v2\/tags?post=804"}],"curies":[{"name":"wp","href":"https:\/\/api.w.org\/{rel}","templated":true}]}}