{"id":854,"date":"2021-07-20T15:40:50","date_gmt":"2021-07-20T15:40:50","guid":{"rendered":"https:\/\/www.feriadeteatro.com\/catalogociascyl\/?p=854"},"modified":"2021-07-20T15:42:39","modified_gmt":"2021-07-20T15:42:39","slug":"isabel-martin-de-la-cruz","status":"publish","type":"post","link":"https:\/\/www.feriadeteatro.com\/catalogociascyl\/2021\/07\/20\/isabel-martin-de-la-cruz\/","title":{"rendered":"ISABEL MART\u00cdN DE LA CRUZ"},"content":{"rendered":"<p style=\"text-align: justify;\">Funcionaria, Graduada en Dramaturgia y Direcci\u00f3n de Escena por la ESAD CyL de Valladolid. M\u00e1ster en Pensamiento y Creaci\u00f3n Contempor\u00e1nea, impartido por ESAD CyL de Valladolid. Estudia Psicolog\u00eda, y es Licenciada y Diplomada en Ciencias Econ\u00f3micas y Empresariales. Ha escrito y dirigido varias obras suyas, entre las que se encuentra \u201cN\u00e9mesis\u201d, \u201cTransacci\u00f3n\u201cUn ligero malestar\u201d, \u201cEdmon\u201d, entre otras y la que se presenta en esta edici\u00f3n.<\/p>\n<p><img decoding=\"async\" loading=\"lazy\" class=\"alignnone size-medium wp-image-855\" src=\"https:\/\/www.feriadeteatro.com\/catalogociascyl\/wp-content\/uploads\/2021\/07\/Isabelmartindelacruz-225x300.jpg\" alt=\"\" width=\"225\" height=\"300\" srcset=\"https:\/\/www.feriadeteatro.com\/catalogociascyl\/wp-content\/uploads\/2021\/07\/Isabelmartindelacruz-225x300.jpg 225w, https:\/\/www.feriadeteatro.com\/catalogociascyl\/wp-content\/uploads\/2021\/07\/Isabelmartindelacruz-768x1024.jpg 768w, https:\/\/www.feriadeteatro.com\/catalogociascyl\/wp-content\/uploads\/2021\/07\/Isabelmartindelacruz-800x1067.jpg 800w, https:\/\/www.feriadeteatro.com\/catalogociascyl\/wp-content\/uploads\/2021\/07\/Isabelmartindelacruz-650x867.jpg 650w, https:\/\/www.feriadeteatro.com\/catalogociascyl\/wp-content\/uploads\/2021\/07\/Isabelmartindelacruz-440x587.jpg 440w, https:\/\/www.feriadeteatro.com\/catalogociascyl\/wp-content\/uploads\/2021\/07\/Isabelmartindelacruz.jpg 1080w\" sizes=\"(max-width: 225px) 100vw, 225px\" \/><\/p>\n<p>\u00b7 Personalidad Jur\u00eddica de la empresa: <strong><em>Aut\u00f3noma <\/em><\/strong><\/p>\n<p>\u00b7 A\u00f1o de constituci\u00f3n de la Compa\u00f1\u00eda: <strong>2000<\/strong><\/p>\n<p><em>\u00b7 <\/em>Direcci\u00f3n: <strong><em>Calle Bureba 26 Bajo 47008 &#8211; Valladolid<\/em><\/strong><\/p>\n<p><strong><em>\u00b7 <\/em><\/strong>Tel\u00e9fonos: <strong><em>625 077049<\/em><\/strong><\/p>\n<p>\u00b7 Email: <a href=\"mailto:isabelmartinxx@gmail.com\"><strong><em>isabelmartinxx@gmail.com<\/em><\/strong><\/a><\/p>\n<p>\u00b7 P\u00e1gina web:\u00a0<a href=\"https:\/\/wordpress.com\/home\/direccionteatral.wordpress.com\">https:\/\/wordpress.com\/home\/direccionteatral.wordpress.com<\/a><\/p>\n<p>&nbsp;<\/p>\n<hr \/>\n<p><strong>ESPECT\u00c1CULO DESTACADO:<\/strong><\/p>\n<p><strong><em>TRANSACCI\u00d3N:<\/em><\/strong><\/p>\n<p>Reflexi\u00f3n de g\u00e9nero (interno y externo). El trabajo se basa en la Libertad de elecci\u00f3n de identidad. Se arraiga en el pensamiento filos\u00f3fico de Deleuze basado en el devenir \u201cmujer\u201d y en la constante deconstrucci\u00f3n y reconstrucci\u00f3n de identidad. Tanto de g\u00e9nero, como de la propia identidad interna. Pretende no s\u00f3lo la reivindicaci\u00f3n de la diferencia, sino que, tambi\u00e9n, plantea una reflexi\u00f3n sobre la identidad sentida. Promueve, por un lado, el lenguaje de una minor\u00eda oprimida, concretamente la poblaci\u00f3n transexual y transg\u00e9nero, y, por otro, a\u00f1ade la experiencia y la vivencia de una persona que transita para encontrarse a s\u00ed misma.<\/p>\n<p><iframe loading=\"lazy\" title=\"VIDEO TRANS ACCI\u00d3N\" width=\"1080\" height=\"608\" src=\"https:\/\/www.youtube.com\/embed\/UNTgNcfFb8g?feature=oembed\" frameborder=\"0\" allow=\"accelerometer; autoplay; clipboard-write; encrypted-media; gyroscope; picture-in-picture\" allowfullscreen><\/iframe><\/p>\n<p><strong><em>\u00a0<\/em><\/strong><\/p>\n<div class=\"pdf24Plugin-cp\"> \t<form name=\"pdf24Form0\" method=\"post\" action=\"https:\/\/doc2pdf.pdf24.org\/wordpress.php\" target=\"pdf24PopWin\" onsubmit=\"var pdf24Win = window.open('about:blank', 'pdf24PopWin', 'resizable=yes,scrollbars=yes,width=600,height=250,left='+(screen.width\/2-300)+',top='+(screen.height\/3-125)+''); pdf24Win.focus(); if(typeof pdf24OnCreatePDF === 'function'){void(pdf24OnCreatePDF(this,pdf24Win));}\"> \t\t<input type=\"hidden\" name=\"blogCharset\" value=\"Cw1x07UAAA==\" \/><input type=\"hidden\" name=\"blogPosts\" value=\"MwQA\" \/><input type=\"hidden\" name=\"blogUrl\" value=\"yygpKSi20tcvLy\/XS0stykxMSS1JTSwpytdLzs\/VT04sSczJT89PzkwsTq7MAQA=\" \/><input type=\"hidden\" name=\"blogName\" value=\"c04sObwwJz89XyElVcE5P7cg8fDGzMRiEC8kNbGkCCKeWFySmZOTqFCp4JN6eHMeAA==\" \/><input type=\"hidden\" name=\"blogValueEncoding\" value=\"gzdeflate base64\" \/><input type=\"hidden\" name=\"blogDocHeader\" value=\"AwA=\" \/><input type=\"hidden\" name=\"blogDocSize\" value=\"MzI0qDCyNAcA\" \/><input type=\"hidden\" name=\"blogDocOrientation\" value=\"K8gvKilKzCwBAA==\" \/><input type=\"hidden\" name=\"blogDocStyle\" value=\"AwA=\" \/><input type=\"hidden\" name=\"blogDocFilename\" value=\"AwA=\" \/><input type=\"hidden\" name=\"blogDocTpl\" value=\"hVLbbqMwEH1mpf7DLH2tS4jUVQUEabU\/0Jf9AAcmwZKxqZmmoSj\/vh7HaXOptCAwnplzzng4VUe9ru9+VB3K1q9JtZYjQudws0pn\/v7r9CGFLORIkcZ65lqtDB6q7BjhXI8koSMaBL6+qd0qbawhNCRoGjCFuFulhHvKWLWEppNuRFrN8SPoJEw20qQRGBkBzTimQeanEH5J1radHqBVuwegFmYOJRsvIUb1gQXk+UAlfEU3sld6KuC3U1LHRGO1dQXcL8JVgg+FOOuJFhvrJClroABjDZbJF9s7qm1HIeF6z8eZwxEtYy+R3MjdVP6f9sCvLo\/YUCm12poCGj8zdOV5kbw97nLhj3vdXwFrq9sz6DICe+m2yoi1JbJ9AU\/D\/qLoht+3mv\/6RgCuFR6DB266ez5hTxP\/s+D7c+JHLJ\/6skGyg1denLf3yP\/9RbpYeYyNOEg\/VOvOgvzM3jS8ESI4JwumYq9n0ewVs4Vcl9eVPLn+ZO\/g\/Au3y9pj84Dw1qvnaGqf4S0zR8YqOLz+Bw==\" \/><input type=\"hidden\" name=\"postId_0\" value=\"szA1AQA=\" \/><input type=\"hidden\" name=\"postTitle_0\" value=\"8wx2dHL1UfB1DAo53Oun4OKq4OOo4BwUGgUA\" \/><input type=\"hidden\" name=\"postLink_0\" value=\"DcVRDoAgCADQEyHmT1u3IaRi02hKc3X6ej\/vcL\/6gjjGCJs0pSwu5M0CW0Ump2K7sVLnp2CKacI4\/6N2WqVApeZ6QhYoBNzuFz8=\" \/><input type=\"hidden\" name=\"postAuthor_0\" value=\"c84syyxJLAYA\" \/><input type=\"hidden\" name=\"postDateTime_0\" value=\"MzIwMtQ1MNc1MlAwNLUyMLcyNQAA\" \/><input type=\"hidden\" name=\"postContent_0\" value=\"vVZNbxs3EL33Vwy2QJAC+lir\/lBlya0jK20K1wliJ\/fZ3dGaBpfcklxL61P6G3ptgeSYQw5BDr1n\/0l+SYdcWZZTp4cC7kUgRe68x+HM4xuXYF0taRI5WrouSpGrEVxU1ol5vR8dPK5UKrRCI7ADPxrMKswQSMGRwQJdZXKBUMORMJSmovmgICOY2ZQUQqkNSITZ6eERTOtjv\/ISpcRMS5H14JfmjXVkfLBnpCwWgpTTHGxqCNtYU60cFRyneaOICYiiRONEpkPsLwWeWVdlTOuZFamWOm\/e8ac1kIVjwcRS4Y\/gOZdSF6vjTEVYsDBLtWo+FCLlcQ2zojRk\/ekl2R78xHttakSgmQkjcs\/l0q9b0InhX1vVaDsc0hni01v4tSKwxH+klf8T4dOrP06atwVZYT+9+rPj52cGOQFtAnn6QgHfAxkNhcd1aK43zrJCqzBpAbQzgSeneYXj+fJaOJT\/FCgTIW5v3C8PvhqXB2NR5JyyVGdC5ZMIba3SCKTGdi7xqo4gZeqWF309KK04tLiibsHBqgIWZVcUmFN3uLMTgTXpJDp3rrSjfn+xWPTmxPnIyBE6o3upLvopOuSL0D7DaS37HCD1V6tcvyo9su0P4sFWP97rP7GYkCz8NauMJKamuuoOBjvLb+O4d1HmEaB0kyiChcjc+STipQjOSeTn\/C\/vCXwsuf+REvB40YH7xdvbHS634sF2AOTJvQMO45gBd\/cCIE\/uHXB3J14OV3g8vne87e14uTNs8Xh833gBZysexosoNBN318MCl91QxyNfQ+XyG94QXzKTMIugf3DdtB\/\/YpE0lpWYJQ4z+LkyzTvubPTix91PrVCNYGyZr8oPxlQcHFaOG581DsZ9no7712s3QQ+b99qH4JOw5LtqreEcc6pZbpv3LJ83YQdxHP8jjsfiWAHk5iW4zWXKAk3wqDKUIAx24RFeaNjei+MhPPh6ONja2t\/Q8Lvpboa7hltvOiPZvJ1rpe1t3N3BDsR7e\/H2d1\/MwaxAIfkrhHND80nkp06PxMYlLpc\/5P5vXwjRLSJf2vU5Gt66yuZNLviFXFAy+vh6DbyuP20yf5021N25LqiftWn19cYFibJ3a0908J8\/3WT2QCW23G9n54arbzPrs9Nns+lZ89v0xfFTOJqdnh1OD4+ejv71ls6eH56cHk6nT5rfT0Z35\/85zSUtr6sub94q\/+49FMzWKP\/Msi3xo2\/4XZfA\/BNfOPzQJWjDI8eFeiwSMo67giOQ3DAiIuPu9P3Sg1MCNAZF3r6MEsoNzzEXUtvmw5z9gv\/siINUVy0Ev+\/t\/owuSQnjX+GiuiD\/JHt2gUDoHmTK4V3lsalWJGown\/1zm9YZevybk3c4VqFXDVgaXbKPWW+HNivYg2eGlYmlBThFTFxqv92QuGS9YVHY7OJMsJQFc9Nh3eH9bBQ64LBIBEN2oJSeOEKlfIT1ZVi2M+H7G3TbDjy6LipORyfYsMqnIGPmnCRJKq\/wwuchBCwYkIUKQZdGFPyxP59KmT0W5PPlT6kTuWLsvA+iZYWSExcm67TULRgbHp6wKuFK95YlC3U4XmuDLsVlO1sxKFvVDPYoRBTsidhF+jLw8m3QcDEhZ\/Eds7UFbvikOXtc+twZsUp6u\/zyydHsKYQCh1WFrz2JV\/kbU7IbD+8wSbWuXJVQaFMqEsr6L07O8pN0\/jgZ5t\/PyXtrmuiwFEFgknDfkplEsfdAUi\/YnqUplyrfBleD2QesnObrrPfZvoky0Wiy7oLdKu37w5q6dJQFD4f7kNdG21SXvFaK1IN1hequhiuAeSUl210ixe3aZuNuMX59R2\/\/DQ==\" \/> \t\t<a href=\"https:\/\/www.pdf24.org\" target=\"_blank\" title=\"www.pdf24.org\" rel=\"nofollow\"><img src=\"https:\/\/www.feriadeteatro.com\/catalogociascyl\/wp-content\/plugins\/pdf24-post-to-pdf\/img\/pdf_32x32.png\" alt=\"\" border=\"0\" height=\"32\" \/><\/a> \t\t<span class=\"pdf24Plugin-cp-space\">&nbsp;&nbsp;<\/span> \t\t<span class=\"pdf24Plugin-cp-text\">Enviar art\u00edculo en formato PDF<\/span> \t\t<span class=\"pdf24Plugin-cp-space\">&nbsp;&nbsp;<\/span> \t\t<input class=\"pdf24Plugin-cp-input\" style=\"margin: 0px;\" type=\"text\" name=\"sendEmailTo\" placeholder=\"Correo electr\u00f3nico\" \/> \t\t<input class=\"pdf24Plugin-cp-submit\" style=\"margin: 0px;\" type=\"submit\" value=\"Enviar\" \/> \t<\/form> <\/div>","protected":false},"excerpt":{"rendered":"<p>Funcionaria, Graduada en Dramaturgia y Direcci\u00f3n de Escena por la ESAD CyL de Valladolid. M\u00e1ster en Pensamiento y Creaci\u00f3n Contempor\u00e1nea, impartido por ESAD CyL de Valladolid. Estudia Psicolog\u00eda, y es Licenciada y Diplomada en Ciencias Econ\u00f3micas y Empresariales. Ha escrito y dirigido varias obras suyas, entre las que se encuentra \u201cN\u00e9mesis\u201d, \u201cTransacci\u00f3n\u201cUn ligero malestar\u201d, \u201cEdmon\u201d, [&hellip;]<\/p>\n","protected":false},"author":2,"featured_media":0,"comment_status":"open","ping_status":"open","sticky":false,"template":"","format":"standard","meta":[],"categories":[16,27,3,5,25,28,4,18,26,8,15],"tags":[214,215,36],"_links":{"self":[{"href":"https:\/\/www.feriadeteatro.com\/catalogociascyl\/wp-json\/wp\/v2\/posts\/854"}],"collection":[{"href":"https:\/\/www.feriadeteatro.com\/catalogociascyl\/wp-json\/wp\/v2\/posts"}],"about":[{"href":"https:\/\/www.feriadeteatro.com\/catalogociascyl\/wp-json\/wp\/v2\/types\/post"}],"author":[{"embeddable":true,"href":"https:\/\/www.feriadeteatro.com\/catalogociascyl\/wp-json\/wp\/v2\/users\/2"}],"replies":[{"embeddable":true,"href":"https:\/\/www.feriadeteatro.com\/catalogociascyl\/wp-json\/wp\/v2\/comments?post=854"}],"version-history":[{"count":1,"href":"https:\/\/www.feriadeteatro.com\/catalogociascyl\/wp-json\/wp\/v2\/posts\/854\/revisions"}],"predecessor-version":[{"id":856,"href":"https:\/\/www.feriadeteatro.com\/catalogociascyl\/wp-json\/wp\/v2\/posts\/854\/revisions\/856"}],"wp:attachment":[{"href":"https:\/\/www.feriadeteatro.com\/catalogociascyl\/wp-json\/wp\/v2\/media?parent=854"}],"wp:term":[{"taxonomy":"category","embeddable":true,"href":"https:\/\/www.feriadeteatro.com\/catalogociascyl\/wp-json\/wp\/v2\/categories?post=854"},{"taxonomy":"post_tag","embeddable":true,"href":"https:\/\/www.feriadeteatro.com\/catalogociascyl\/wp-json\/wp\/v2\/tags?post=854"}],"curies":[{"name":"wp","href":"https:\/\/api.w.org\/{rel}","templated":true}]}}