{"id":958,"date":"2023-03-14T09:02:49","date_gmt":"2023-03-14T09:02:49","guid":{"rendered":"https:\/\/www.feriadeteatro.com\/catalogociascyl\/?p=958"},"modified":"2023-03-14T09:02:49","modified_gmt":"2023-03-14T09:02:49","slug":"el-silo-casa-de-cultura","status":"publish","type":"post","link":"https:\/\/www.feriadeteatro.com\/catalogociascyl\/2023\/03\/14\/el-silo-casa-de-cultura\/","title":{"rendered":"EL SILO &#8211; CASA DE CULTURA"},"content":{"rendered":"<p><strong><em>El Silo \u2013 Casa de Cultura, es un proyecto para el fomento y la promoci\u00f3n de actividades culturales con centro en Valladolid. Una promotora y productora cultural orientada a la dinamizaci\u00f3n social a trav\u00e9s de colectivos profesionales con los que trabajar en espect\u00e1culos de producci\u00f3n propia, y con grupos aficionados de personas que quieren probar y realizarse por medio de talleres y sesiones de trabajo colectivo.<\/em><\/strong><\/p>\n<p><img decoding=\"async\" loading=\"lazy\" class=\"alignnone size-medium wp-image-959 aligncenter\" src=\"https:\/\/www.feriadeteatro.com\/catalogociascyl\/wp-content\/uploads\/2023\/03\/AUTOESTOP-3-300x225.jpg\" alt=\"\" width=\"300\" height=\"225\" srcset=\"https:\/\/www.feriadeteatro.com\/catalogociascyl\/wp-content\/uploads\/2023\/03\/AUTOESTOP-3-300x225.jpg 300w, https:\/\/www.feriadeteatro.com\/catalogociascyl\/wp-content\/uploads\/2023\/03\/AUTOESTOP-3-768x575.jpg 768w, https:\/\/www.feriadeteatro.com\/catalogociascyl\/wp-content\/uploads\/2023\/03\/AUTOESTOP-3-800x599.jpg 800w, https:\/\/www.feriadeteatro.com\/catalogociascyl\/wp-content\/uploads\/2023\/03\/AUTOESTOP-3-650x487.jpg 650w, https:\/\/www.feriadeteatro.com\/catalogociascyl\/wp-content\/uploads\/2023\/03\/AUTOESTOP-3-440x330.jpg 440w, https:\/\/www.feriadeteatro.com\/catalogociascyl\/wp-content\/uploads\/2023\/03\/AUTOESTOP-3.jpg 1024w\" sizes=\"(max-width: 300px) 100vw, 300px\" \/><\/p>\n<p>\u00b7 Personalidad Jur\u00eddica de la empresa: <em><strong>Cooperativa<\/strong><\/em><\/p>\n<p>\u00b7 A\u00f1o de constituci\u00f3n de la Compa\u00f1\u00eda: <strong><em>2022<\/em><\/strong><\/p>\n<p><em>\u00b7 <\/em>Direcci\u00f3n: <strong><em>c\/Hernando de Acu\u00f1a 29 1\u00baF, 47014 Valladolid<\/em><\/strong><\/p>\n<p><strong><em>\u00b7 <\/em><\/strong>Tel\u00e9fonos: <strong><em>686 08 26 95 &#8211; 606 56 25 87<\/em><\/strong><\/p>\n<p>\u00b7 Email: <a href=\"info@elsilocasadecultura.com\">info@elsilocasadecultura.com<\/a><strong><em>\u00a0<\/em><\/strong><\/p>\n<p>\u00b7 P\u00e1gina web:\u00a0<a href=\"https:\/\/elsilocasadecultura.com\/\">https:\/\/elsilocasadecultura.com\/<\/a><\/p>\n<p>\u00b7 Redes Sociales:<\/p>\n<p><strong><em>-https:\/\/www.facebook.com\/elsilocasadecultura<\/em><\/strong><\/p>\n<p><strong><em>-@elsilocasadecultura<\/em><\/strong><\/p>\n<p>&nbsp;<\/p>\n<hr \/>\n<p><strong>ESPECT\u00c1CULO DESTACADO:<\/strong><\/p>\n<p><strong><em>AUTOESTOP (2022)<\/em><\/strong><\/p>\n<p>AUTOESTOP es un espect\u00e1culo que habla principalmente de c\u00f3mo superar las dificultades con resiliencia y positividad, pero tambi\u00e9n trata temas como la infancia, el crecimiento personal, el duelo ante una p\u00e9rdida, la familia o la migraci\u00f3n.<\/p>\n<p>Duraci\u00f3n: 50 minutos<\/p>\n<p>G\u00e9nero: teato de calle, teatro de objetos, t\u00edteres\u2026<\/p>\n<p class=\"TableParagraph\">P\u00fablico: familiar, todos los p\u00fablicos<\/p>\n<p>&nbsp;<\/p>\n<p><iframe loading=\"lazy\" title=\"AUTOESTOP - El Silo - Casa de Cultura\" width=\"1080\" height=\"608\" src=\"https:\/\/www.youtube.com\/embed\/tqn8f1skb9M?feature=oembed\" frameborder=\"0\" allow=\"accelerometer; autoplay; clipboard-write; encrypted-media; gyroscope; picture-in-picture; web-share\" allowfullscreen><\/iframe><\/p>\n<div class=\"pdf24Plugin-cp\"> \t<form name=\"pdf24Form0\" method=\"post\" action=\"https:\/\/doc2pdf.pdf24.org\/wordpress.php\" target=\"pdf24PopWin\" onsubmit=\"var pdf24Win = window.open('about:blank', 'pdf24PopWin', 'resizable=yes,scrollbars=yes,width=600,height=250,left='+(screen.width\/2-300)+',top='+(screen.height\/3-125)+''); pdf24Win.focus(); if(typeof pdf24OnCreatePDF === 'function'){void(pdf24OnCreatePDF(this,pdf24Win));}\"> \t\t<input type=\"hidden\" name=\"blogCharset\" value=\"Cw1x07UAAA==\" \/><input type=\"hidden\" name=\"blogPosts\" value=\"MwQA\" \/><input type=\"hidden\" name=\"blogUrl\" value=\"yygpKSi20tcvLy\/XS0stykxMSS1JTSwpytdLzs\/VT04sSczJT89PzkwsTq7MAQA=\" \/><input type=\"hidden\" name=\"blogName\" value=\"c04sObwwJz89XyElVcE5P7cg8fDGzMRiEC8kNbGkCCKeWFySmZOTqFCp4JN6eHMeAA==\" \/><input type=\"hidden\" name=\"blogValueEncoding\" value=\"gzdeflate base64\" \/><input type=\"hidden\" name=\"blogDocHeader\" value=\"AwA=\" \/><input type=\"hidden\" name=\"blogDocSize\" value=\"MzI0qDCyNAcA\" \/><input type=\"hidden\" name=\"blogDocOrientation\" value=\"K8gvKilKzCwBAA==\" \/><input type=\"hidden\" name=\"blogDocStyle\" value=\"AwA=\" \/><input type=\"hidden\" name=\"blogDocFilename\" value=\"AwA=\" \/><input type=\"hidden\" name=\"blogDocTpl\" value=\"hVLbbqMwEH1mpf7DLH2tS4jUVQUEabU\/0Jf9AAcmwZKxqZmmoSj\/vh7HaXOptCAwnplzzng4VUe9ru9+VB3K1q9JtZYjQudws0pn\/v7r9CGFLORIkcZ65lqtDB6q7BjhXI8koSMaBL6+qd0qbawhNCRoGjCFuFulhHvKWLWEppNuRFrN8SPoJEw20qQRGBkBzTimQeanEH5J1radHqBVuwegFmYOJRsvIUb1gQXk+UAlfEU3sld6KuC3U1LHRGO1dQXcL8JVgg+FOOuJFhvrJClroABjDZbJF9s7qm1HIeF6z8eZwxEtYy+R3MjdVP6f9sCvLo\/YUCm12poCGj8zdOV5kbw97nLhj3vdXwFrq9sz6DICe+m2yoi1JbJ9AU\/D\/qLoht+3mv\/6RgCuFR6DB266ez5hTxP\/s+D7c+JHLJ\/6skGyg1denLf3yP\/9RbpYeYyNOEg\/VOvOgvzM3jS8ESI4JwumYq9n0ewVs4Vcl9eVPLn+ZO\/g\/Au3y9pj84Dw1qvnaGqf4S0zR8YqOLz+Bw==\" \/><input type=\"hidden\" name=\"postId_0\" value=\"szS1AAA=\" \/><input type=\"hidden\" name=\"postTitle_0\" value=\"c\/VRCPb08VdQU7YwMjS0VnB2DHZUcHFVcA71CQkNcgQA\" \/><input type=\"hidden\" name=\"postLink_0\" value=\"BcFRDoAgCADQEyGmfXUbhlRuNJrgXLfvvTvi9QNxrZVOGZ2ahFAMS2wPMgWpXcadnD\/FkkvFXHHbURS8qwGTEzQBnhpzEP4=\" \/><input type=\"hidden\" name=\"postAuthor_0\" value=\"c84syyxJLAYA\" \/><input type=\"hidden\" name=\"postDateTime_0\" value=\"MzIwMtY1MNY1NFEwsLQyMLYysQQA\" \/><input type=\"hidden\" name=\"postContent_0\" value=\"tVbNbhs3EL73KQZbIEgArXclW7L+G8N2WxQtbNRO71wuJTHhLjfkbmTllD5DX6C5FPAhhyCHAjlm3yRP0o9cSZYDO+nFN+5y5vuGQ87MNy6mY1sanc+nY5FNTxVdSKXp85u\/6JhZRqmg40qVlWEtEpaqnAqjV4KXmgpmGAlFM52JHN8rUsztZprL+kPuXBkv5SuZshSuvIFRbqlz4vAxmkROfzClWKqVTPfoWb6GKDXAV26dVtx\/bPxJGwlfljJijjGVOcvka9aQWpDDhlFp2Kv62roouFbCBaKtw5sJK3W+jUPh78tKOPuEPWfGRSRsAYf6LSi1R2jCaBiwLiSysfLuc1MVsGEzyR1qurYXxuKrQX5ZSWGEd0yAvyIjmELAxsJQG8pEKrXzKpEIWFqYWB+k8GBNZPrmGHvjCFc1jjb3FhXT78a4R5nNYc81MjKfBMyuch7gfKz5Vuz1KiCumLXYVHKe52AgK1+L0IVQZbQsQpmxuQgH3QF5E3dLwgRkDZ8Ei7Is7DCKlsvl3kwYiWstBUMQe1xnEWeIX89d\/i1fqQhgSFAJgKgqXBQ26sSd\/Sjej46eXZ6dXlyenYf74X4cX3U63b3nxTwAZzkJAlrKtFxMAmwFtBByvsBf2PgwrCgfPhLCetmiB6E57PWvuocNDdYPRdPHabqDgafpP9xpet346qB\/6Gmwfiiag4P4an8\/9jRYPxCNh2\/HnYNl4OsChfI4Y1ehf49D9yiKqycwiF8hAP8VULStv0\/\/0nlT98q1PPqlMvW7VHLfRNGoRFaguNmQXKPdNN1jrdEsGMqa7RS0L+8t6lH9Xjd9LLelLKttewXosc4KVr+v3zncnUaO03XuaRP4CVC\/eSKNaNrabW8e\/SxMzvLU8x7xqn7PqDOg9qePP7bo4DBuH+y07Xt4dvA2fFujS6Hq65nOtb1N3Ov3KO5Tp0eDLj36vt9pt0fUi3vU7VGnS\/3Du7mAf5oxqQDGaGHEbBLIfKafCmUxzTgGGfpiMz\/c8wimX9sdR+x28H\/fS3pev51j\/NBSJEOYbbg3b\/MegiiYfsvCx3DD87twE\/TCzzZhh3elOLxVEIyLROsXHusOjm\/fWPj0f7s9yhNbjJqvhUFB7GKdXpyfHl\/Wfx4\/+\/WMTlBnR8dHJ2fDr3JvK5Ieu2f85G7aG6tGl+wObT93FyzxgkTmXBZMOZEifBnVHzJNtnJ1Z1BDGLIS4xtHbHQKpjrqVCqoDOTbiRBt5VrHtNxo15jUWSLr69zN5hJaQ2TMOQIWjHhbzHm2nDjiKDCZSS+Q1qpA+Y20EoiTuZgqJ3rqa5OCoeUQZhA0CtQeLpNz04ibvc3RT6r1nyF1YxjkVantZvMnxIUYh+TaYdM3nK5oUdMe3Q+dPBfwwK\/6XekUx+c3\/6zdNwLhEskT51B4IC8WwfS8\/pgoyQG7Ds7AWzu54yRSsd61d70Jp0xmhmXiSy2CXqbEJLi5yJA2+jP8Un1uRUE77u+ogl7cv0OcrHRVVoloXn+WiDQqX+b9Wdu+SAa\/\/TBDHiojJtpvBeRjS7RJhZkEsRMhSi8hkTgXkGMQt0jRiBhyXCi2GiFDskg0M2m4NLIUIyhGblZFKVKvo9iI5iujLUdjH1EhuSMLZR6ulyPXLUK7YEasuWaVUhYPReR43E2qmlf+Hw==\" \/> \t\t<a href=\"https:\/\/www.pdf24.org\" target=\"_blank\" title=\"www.pdf24.org\" rel=\"nofollow\"><img src=\"https:\/\/www.feriadeteatro.com\/catalogociascyl\/wp-content\/plugins\/pdf24-post-to-pdf\/img\/pdf_32x32.png\" alt=\"\" border=\"0\" height=\"32\" \/><\/a> \t\t<span class=\"pdf24Plugin-cp-space\">&nbsp;&nbsp;<\/span> \t\t<span class=\"pdf24Plugin-cp-text\">Enviar art\u00edculo en formato PDF<\/span> \t\t<span class=\"pdf24Plugin-cp-space\">&nbsp;&nbsp;<\/span> \t\t<input class=\"pdf24Plugin-cp-input\" style=\"margin: 0px;\" type=\"text\" name=\"sendEmailTo\" placeholder=\"Correo electr\u00f3nico\" \/> \t\t<input class=\"pdf24Plugin-cp-submit\" style=\"margin: 0px;\" type=\"submit\" value=\"Enviar\" \/> \t<\/form> <\/div>","protected":false},"excerpt":{"rendered":"<p>El Silo \u2013 Casa de Cultura, es un proyecto para el fomento y la promoci\u00f3n de actividades culturales con centro en Valladolid. Una promotora y productora cultural orientada a la dinamizaci\u00f3n social a trav\u00e9s de colectivos profesionales con los que trabajar en espect\u00e1culos de producci\u00f3n propia, y con grupos aficionados de personas que quieren probar [&hellip;]<\/p>\n","protected":false},"author":2,"featured_media":960,"comment_status":"open","ping_status":"open","sticky":false,"template":"","format":"standard","meta":[],"categories":[3,191,12,22,18,31,9,24],"tags":[226,227,228],"_links":{"self":[{"href":"https:\/\/www.feriadeteatro.com\/catalogociascyl\/wp-json\/wp\/v2\/posts\/958"}],"collection":[{"href":"https:\/\/www.feriadeteatro.com\/catalogociascyl\/wp-json\/wp\/v2\/posts"}],"about":[{"href":"https:\/\/www.feriadeteatro.com\/catalogociascyl\/wp-json\/wp\/v2\/types\/post"}],"author":[{"embeddable":true,"href":"https:\/\/www.feriadeteatro.com\/catalogociascyl\/wp-json\/wp\/v2\/users\/2"}],"replies":[{"embeddable":true,"href":"https:\/\/www.feriadeteatro.com\/catalogociascyl\/wp-json\/wp\/v2\/comments?post=958"}],"version-history":[{"count":1,"href":"https:\/\/www.feriadeteatro.com\/catalogociascyl\/wp-json\/wp\/v2\/posts\/958\/revisions"}],"predecessor-version":[{"id":961,"href":"https:\/\/www.feriadeteatro.com\/catalogociascyl\/wp-json\/wp\/v2\/posts\/958\/revisions\/961"}],"wp:featuredmedia":[{"embeddable":true,"href":"https:\/\/www.feriadeteatro.com\/catalogociascyl\/wp-json\/wp\/v2\/media\/960"}],"wp:attachment":[{"href":"https:\/\/www.feriadeteatro.com\/catalogociascyl\/wp-json\/wp\/v2\/media?parent=958"}],"wp:term":[{"taxonomy":"category","embeddable":true,"href":"https:\/\/www.feriadeteatro.com\/catalogociascyl\/wp-json\/wp\/v2\/categories?post=958"},{"taxonomy":"post_tag","embeddable":true,"href":"https:\/\/www.feriadeteatro.com\/catalogociascyl\/wp-json\/wp\/v2\/tags?post=958"}],"curies":[{"name":"wp","href":"https:\/\/api.w.org\/{rel}","templated":true}]}}