{"id":6751,"date":"2021-11-18T15:50:39","date_gmt":"2021-11-18T15:50:39","guid":{"rendered":"https:\/\/www.feriadeteatro.com\/feria2021\/?p=6739"},"modified":"2021-12-15T10:43:28","modified_gmt":"2021-12-15T10:43:28","slug":"i-festival-de-teatro-familiar-provincia-a-escena-recorre-la-provincia-de-salamanca","status":"publish","type":"post","link":"https:\/\/www.feriadeteatro.com\/feria2022\/2021\/11\/18\/i-festival-de-teatro-familiar-provincia-a-escena-recorre-la-provincia-de-salamanca\/","title":{"rendered":"I FESTIVAL DE TEATRO FAMILIAR \u00abPROVINCIA A ESCENA\u00bb RECORRE 58 MUNICIPIOS Y LLEGA A M\u00c1S DE 3000 ESPECTADORES\/AS"},"content":{"rendered":"<p>El I Festival Familiar de Artes Esc\u00e9nicas \u201cProvincia a Escena\u201d, organizado por el \u00c1rea de Cultura de la Diputaci\u00f3n con la colaboraci\u00f3n de la Consejer\u00eda de Cultura y Turismo de la Junta de Castilla y Le\u00f3n y gestionado por el equipo de Civitas Animaci\u00f3n y de la Feria de Teatro de Castilla y Le\u00f3n concluye llegando a 58 municipios y a m\u00e1s de 3.000 espectadores\/as de todas las edades. <\/p>\n<p>Esta iniciativa promovida por la Diputaci\u00f3n de Salamanca a trav\u00e9s de su \u00e1rea de cultura, que ha contado con la colaboraci\u00f3n de la Junta de Castilla y Le\u00f3n, as\u00ed como de los ayuntamientos y centros escolares participantes comenz\u00f3 el pasado 30 de octubre en el municipio de Santa Marta de Tormes y concluy\u00f3 el pasado domingo, 5 de diciembre, en Villarino de los Aires. Quince compa\u00f1\u00edas profesionales, la mitad de ellas salmantinas, junto a otras procedentes de Castilla y Le\u00f3n, Galicia, Catalu\u00f1a y Cantabria han participado en esta propuesta.<\/p>\n<p>La actividad principal de este festival familiar de artes esc\u00e9nicas se ha desarrollado durante los fines de semana entre el 30 de octubre y el 5 de diciembre, con programaci\u00f3n en 15 localidades diferentes que acogieron propuestas esc\u00e9nicas de larga trayectoria y reconocimiento, con el objetivo de ofrecer espect\u00e1culos de calidad para todos los p\u00fablicos y reforzar la intenci\u00f3n de fortalecer la programaci\u00f3n cultural de los diferentes municipios. La calidad e inter\u00e9s de los espect\u00e1culos se constata en los m\u00e1s de 2000 espectadores registrados en Santa Marta de Tormes, Alba de Tormes, Lumbrales, Villamayor de la Armu\u00f1a, Macotera, Sancti-Spiritus, La Alberca, Aldead\u00e1vila, B\u00e9jar, Guijuelo, Sequeros, Ciudad Rodrigo, Villoria, Pe\u00f1aranda y Villarino de los Aires, que contaron adem\u00e1s con p\u00fablico de municipios pr\u00f3ximos.<\/p>\n<p>Por otra parte, Provincia a Escena contemplaba otras acciones culturales en los colegios rurales agrupados de la provincia, institutos de educaci\u00f3n secundaria y otros colectivos singulares, llegando a m\u00e1s de 1.000 escolares entre los 3 y 16 a\u00f1os. En este marco de la Escuela Rural de Espectadores se han desarrollado 26 actuaciones, cinco de ellas en institutos rurales ofreciendo un montaje esc\u00e9nico con contenidos para la educaci\u00f3n en Igualdad y una actividad de coloquio posterior; montaje en el que tambi\u00e9n participaron los usuarios de los proyectos de ASPRODES en B\u00e9jar asistiendo a una representaci\u00f3n en Candelario organizada con motivo del D\u00eda Internacional de la Discapacidad.<\/p>\n<p>Las actividades y actuaciones de la Escuela Rural de Espectadores de Provincia a Escena se han implementado en 21 CRA de la provincia con extensi\u00f3n a otros colegios de su influencia, en los que se realizaron m\u00e1s de una veintena de sesiones l\u00fadico educativas con una metodolog\u00eda participativa desarrollada con juegos y din\u00e1micas de grupo que han introducido a los escolares en el conocimiento de las artes esc\u00e9nicas, y otras tantas actuaciones de teatro y t\u00edteres de peque\u00f1o formato en los propios colegios o en diferentes espacios comunitarios de los pueblos cabecera de CRA. El desarrollo de las actividades ha sido destacado por los equipos docentes que han agradecido esta iniciativa de la Diputaci\u00f3n de Salamanca al poder realizar nuevamente actividades culturales en sus centros educativos.<\/p>\n<p>ARCHIVADO EN:<\/p>\n","protected":false},"excerpt":{"rendered":"<p>El I Festival Familiar de Artes Esc\u00e9nicas \u201cProvincia a Escena\u201d, organizado por el \u00c1rea de Cultura de la [&hellip;]<\/p>\n","protected":false},"author":2,"featured_media":7024,"comment_status":"closed","ping_status":"closed","sticky":false,"template":"","format":"standard","meta":{"footnotes":""},"categories":[7,8],"tags":[12,53,54],"class_list":["post-6751","post","type-post","status-publish","format-standard","has-post-thumbnail","hentry","category-notas-de-prensa","category-noticias","tag-artesescenicas","tag-escuelaruraldeespectadoresyespectadoras","tag-teatrofamiliar"],"_links":{"self":[{"href":"https:\/\/www.feriadeteatro.com\/feria2022\/wp-json\/wp\/v2\/posts\/6751","targetHints":{"allow":["GET"]}}],"collection":[{"href":"https:\/\/www.feriadeteatro.com\/feria2022\/wp-json\/wp\/v2\/posts"}],"about":[{"href":"https:\/\/www.feriadeteatro.com\/feria2022\/wp-json\/wp\/v2\/types\/post"}],"author":[{"embeddable":true,"href":"https:\/\/www.feriadeteatro.com\/feria2022\/wp-json\/wp\/v2\/users\/2"}],"replies":[{"embeddable":true,"href":"https:\/\/www.feriadeteatro.com\/feria2022\/wp-json\/wp\/v2\/comments?post=6751"}],"version-history":[{"count":2,"href":"https:\/\/www.feriadeteatro.com\/feria2022\/wp-json\/wp\/v2\/posts\/6751\/revisions"}],"predecessor-version":[{"id":7025,"href":"https:\/\/www.feriadeteatro.com\/feria2022\/wp-json\/wp\/v2\/posts\/6751\/revisions\/7025"}],"wp:featuredmedia":[{"embeddable":true,"href":"https:\/\/www.feriadeteatro.com\/feria2022\/wp-json\/wp\/v2\/media\/7024"}],"wp:attachment":[{"href":"https:\/\/www.feriadeteatro.com\/feria2022\/wp-json\/wp\/v2\/media?parent=6751"}],"wp:term":[{"taxonomy":"category","embeddable":true,"href":"https:\/\/www.feriadeteatro.com\/feria2022\/wp-json\/wp\/v2\/categories?post=6751"},{"taxonomy":"post_tag","embeddable":true,"href":"https:\/\/www.feriadeteatro.com\/feria2022\/wp-json\/wp\/v2\/tags?post=6751"}],"curies":[{"name":"wp","href":"https:\/\/api.w.org\/{rel}","templated":true}]}}