{"id":7018,"date":"2021-12-15T10:34:51","date_gmt":"2021-12-15T10:34:51","guid":{"rendered":"https:\/\/www.feriadeteatro.com\/feria2022\/?p=7018"},"modified":"2021-12-15T10:34:51","modified_gmt":"2021-12-15T10:34:51","slug":"abierto-el-plazo-de-presentacion-de-propuestas-para-la-25o-edicion-de-la-feria-de-teatro-de-castilla-y-leon","status":"publish","type":"post","link":"https:\/\/www.feriadeteatro.com\/feria2022\/2021\/12\/15\/abierto-el-plazo-de-presentacion-de-propuestas-para-la-25o-edicion-de-la-feria-de-teatro-de-castilla-y-leon\/","title":{"rendered":"ABIERTO EL PLAZO DE PRESENTACI\u00d3N DE PROPUESTAS PARA LA 25\u00ba EDICI\u00d3N DE LA FERIA DE TEATRO DE CASTILLA Y LE\u00d3N."},"content":{"rendered":"<p>Toda la informaci\u00f3n para la inscripci\u00f3n de espect\u00e1culos se encuentra ya en la web www.feriadeteatro.es (criterios de selecci\u00f3n, compromisos a adquirir en caso de ser seleccionados, material a enviar,\u2026) as\u00ed como la ficha de inscripci\u00f3n. Solo se admitir\u00e1n inscripciones enviadas a trav\u00e9s del formulario disponible en la web.  Os recomendamos una lectura detallada de todos los apartados antes de formalizar y enviar vuestra inscripci\u00f3n.<\/p>\n<p>Del 23 al 27 de agosto la Feria de Teatro de Castilla y Le\u00f3n\/Ciudad Rodrigo celebrar\u00e1 sus 25 a\u00f1os, convirti\u00e9ndose de nuevo en un escenario incomparable para que las compa\u00f1\u00edas profesionales muestren sus \u00faltimas creaciones ante los y las profesionales del sector,  as\u00ed como ante el numeroso p\u00fablico que cada a\u00f1o participa en esta cita, ya ineludible, en el panorama teatral.<br \/>\nA lo largo de 5 d\u00edas se programan alrededor de cuarenta compa\u00f1\u00edas con espect\u00e1culos de cualquier formato, g\u00e9nero y para todo tipo de p\u00fablicos. La Feria de Teatro de Castilla y Le\u00f3n es una feria  multidisciplinar, diversa, generalista, amable y con una fuerte implicaci\u00f3n de p\u00fablico; intentando siempre priorizar la programaci\u00f3n de espect\u00e1culos novedosos en el mercado.<\/p>\n<p>Esperamos que esta informaci\u00f3n os resulte interesante y que Ciudad Rodrigo vuelva a convertirse en un punto de encuentro y trabajo compartido, contribuyendo una vez m\u00e1s a poner en valor el trabajo art\u00edstico y creativo de las empresas del sector de las artes esc\u00e9nicas.<\/p>\n<p>El plazo de presentaci\u00f3n de propuestas concluye el 1 de marzo de 2022<\/p>\n","protected":false},"excerpt":{"rendered":"<p>Toda la informaci\u00f3n para la inscripci\u00f3n de espect\u00e1culos se encuentra ya en la web www.feriadeteatro.es (criterios de selecci\u00f3n, [&hellip;]<\/p>\n","protected":false},"author":2,"featured_media":7019,"comment_status":"open","ping_status":"open","sticky":false,"template":"","format":"standard","meta":{"footnotes":""},"categories":[7,8],"tags":[],"class_list":["post-7018","post","type-post","status-publish","format-standard","has-post-thumbnail","hentry","category-notas-de-prensa","category-noticias"],"_links":{"self":[{"href":"https:\/\/www.feriadeteatro.com\/feria2022\/wp-json\/wp\/v2\/posts\/7018","targetHints":{"allow":["GET"]}}],"collection":[{"href":"https:\/\/www.feriadeteatro.com\/feria2022\/wp-json\/wp\/v2\/posts"}],"about":[{"href":"https:\/\/www.feriadeteatro.com\/feria2022\/wp-json\/wp\/v2\/types\/post"}],"author":[{"embeddable":true,"href":"https:\/\/www.feriadeteatro.com\/feria2022\/wp-json\/wp\/v2\/users\/2"}],"replies":[{"embeddable":true,"href":"https:\/\/www.feriadeteatro.com\/feria2022\/wp-json\/wp\/v2\/comments?post=7018"}],"version-history":[{"count":1,"href":"https:\/\/www.feriadeteatro.com\/feria2022\/wp-json\/wp\/v2\/posts\/7018\/revisions"}],"predecessor-version":[{"id":7020,"href":"https:\/\/www.feriadeteatro.com\/feria2022\/wp-json\/wp\/v2\/posts\/7018\/revisions\/7020"}],"wp:featuredmedia":[{"embeddable":true,"href":"https:\/\/www.feriadeteatro.com\/feria2022\/wp-json\/wp\/v2\/media\/7019"}],"wp:attachment":[{"href":"https:\/\/www.feriadeteatro.com\/feria2022\/wp-json\/wp\/v2\/media?parent=7018"}],"wp:term":[{"taxonomy":"category","embeddable":true,"href":"https:\/\/www.feriadeteatro.com\/feria2022\/wp-json\/wp\/v2\/categories?post=7018"},{"taxonomy":"post_tag","embeddable":true,"href":"https:\/\/www.feriadeteatro.com\/feria2022\/wp-json\/wp\/v2\/tags?post=7018"}],"curies":[{"name":"wp","href":"https:\/\/api.w.org\/{rel}","templated":true}]}}