{"id":7052,"date":"2022-02-07T12:10:32","date_gmt":"2022-02-07T12:10:32","guid":{"rendered":"https:\/\/www.feriadeteatro.com\/feria2022\/?p=7052"},"modified":"2022-02-07T12:10:32","modified_gmt":"2022-02-07T12:10:32","slug":"el-20-de-febrero-concluye-el-plazo-de-presentacion-de-propuestas-artisticas-de-la-feria-iberica-de-teatro-de-fundao-para-companias-profesionales","status":"publish","type":"post","link":"https:\/\/www.feriadeteatro.com\/feria2022\/2022\/02\/07\/el-20-de-febrero-concluye-el-plazo-de-presentacion-de-propuestas-artisticas-de-la-feria-iberica-de-teatro-de-fundao-para-companias-profesionales\/","title":{"rendered":"EL 20 DE FEBRERO CONCLUYE EL PLAZO DE PRESENTACI\u00d3N DE PROPUESTAS ART\u00cdSTICAS  DE LA FERIA IB\u00c9RICA DE TEATRO DE FUND\u00c3O PARA COMPA\u00d1\u00cdAS PROFESIONALES."},"content":{"rendered":"<p>La III edici\u00f3n de la  Feria Ib\u00e9rica de Teatro de Fund\u00e3o se celebrar\u00e1 en la ciudad portuguesa del 29 de junio al 2 de julio de 2022. En su web est\u00e1 disponible la informaci\u00f3n sobre los requisitos y el formulario de inscripci\u00f3n para participar en la convocatoria de presentaci\u00f3n de propuestas art\u00edsticas por parte de compa\u00f1\u00edas de teatro. El plazo est\u00e1 abierto hasta el 20 de febrero de 2022<br \/>\nhttps:\/\/www.feiraiberica.pt<\/p>\n","protected":false},"excerpt":{"rendered":"<p>La III edici\u00f3n de la Feria Ib\u00e9rica de Teatro de Fund\u00e3o se celebrar\u00e1 en la ciudad portuguesa del [&hellip;]<\/p>\n","protected":false},"author":2,"featured_media":7053,"comment_status":"open","ping_status":"open","sticky":false,"template":"","format":"standard","meta":{"footnotes":""},"categories":[8],"tags":[12,13,55,26],"class_list":["post-7052","post","type-post","status-publish","format-standard","has-post-thumbnail","hentry","category-noticias","tag-artesescenicas","tag-companias","tag-occidente","tag-portugal"],"_links":{"self":[{"href":"https:\/\/www.feriadeteatro.com\/feria2022\/wp-json\/wp\/v2\/posts\/7052","targetHints":{"allow":["GET"]}}],"collection":[{"href":"https:\/\/www.feriadeteatro.com\/feria2022\/wp-json\/wp\/v2\/posts"}],"about":[{"href":"https:\/\/www.feriadeteatro.com\/feria2022\/wp-json\/wp\/v2\/types\/post"}],"author":[{"embeddable":true,"href":"https:\/\/www.feriadeteatro.com\/feria2022\/wp-json\/wp\/v2\/users\/2"}],"replies":[{"embeddable":true,"href":"https:\/\/www.feriadeteatro.com\/feria2022\/wp-json\/wp\/v2\/comments?post=7052"}],"version-history":[{"count":1,"href":"https:\/\/www.feriadeteatro.com\/feria2022\/wp-json\/wp\/v2\/posts\/7052\/revisions"}],"predecessor-version":[{"id":7054,"href":"https:\/\/www.feriadeteatro.com\/feria2022\/wp-json\/wp\/v2\/posts\/7052\/revisions\/7054"}],"wp:featuredmedia":[{"embeddable":true,"href":"https:\/\/www.feriadeteatro.com\/feria2022\/wp-json\/wp\/v2\/media\/7053"}],"wp:attachment":[{"href":"https:\/\/www.feriadeteatro.com\/feria2022\/wp-json\/wp\/v2\/media?parent=7052"}],"wp:term":[{"taxonomy":"category","embeddable":true,"href":"https:\/\/www.feriadeteatro.com\/feria2022\/wp-json\/wp\/v2\/categories?post=7052"},{"taxonomy":"post_tag","embeddable":true,"href":"https:\/\/www.feriadeteatro.com\/feria2022\/wp-json\/wp\/v2\/tags?post=7052"}],"curies":[{"name":"wp","href":"https:\/\/api.w.org\/{rel}","templated":true}]}}