{"id":7091,"date":"2022-04-06T09:04:45","date_gmt":"2022-04-06T09:04:45","guid":{"rendered":"https:\/\/www.feriadeteatro.com\/feria2022\/?p=7091"},"modified":"2022-04-06T09:04:45","modified_gmt":"2022-04-06T09:04:45","slug":"11o-premios-rosa-maria-garcia-cano-convocatoria-abierta","status":"publish","type":"post","link":"https:\/\/www.feriadeteatro.com\/feria2022\/2022\/04\/06\/11o-premios-rosa-maria-garcia-cano-convocatoria-abierta\/","title":{"rendered":"11\u00ba PREMIOS ROSA MARIA GARC\u00cdA CANO.  CONVOCATORIA ABIERTA"},"content":{"rendered":"<p>Hasta el 24 de junio permanecer\u00e1 abierta la convocatoria para presentar candidaturas a la 11\u00ba edici\u00f3n de los Premios Rosa Mar\u00eda Garc\u00eda Cano. Estos premios est\u00e1n ligados a iniciativas culturales y de desarrollos social y art\u00edstico dirigidos a personas colectivos e instituciones que se distingan por su trayectoria en el fomento, promoci\u00f3n y desarrollo cultural en Espa\u00f1a y Portugal. <\/p>\n<p>Con estos premios, se quiere recordar y reconocer la figura de Rosa Mar\u00eda Garc\u00eda Cano, fundadora de la Feria de Teatro de Castilla y Le\u00f3n-Ciudad Rodrigo, y de la Asociaci\u00f3n CIVITAS (entidad que organiza y otorga los premios) y reconociendo su labor y empe\u00f1o por fomentar el desarrollo social, cultural, econ\u00f3mico y educativo de la sociedad desde las artes esc\u00e9nicas.<\/p>\n<p>Toda la informaci\u00f3n sobre la convocatoria disponible en:<br \/>\n<a href=\"https:\/\/www.feriadeteatro.com\/feria2022\/premios-rosa-maria-garcia-cano-convocatoria-2022\/\" rel=\"noopener\" target=\"_blank\">PREMIOS ROSA MAR\u00cdA GARC\u00cdA CANO &#8211; INFORMACI\u00d3N Y BASES<\/a>  <\/p>\n","protected":false},"excerpt":{"rendered":"<p>Hasta el 24 de junio permanecer\u00e1 abierta la convocatoria para presentar candidaturas a la 11\u00ba edici\u00f3n de los [&hellip;]<\/p>\n","protected":false},"author":2,"featured_media":7092,"comment_status":"open","ping_status":"open","sticky":false,"template":"","format":"standard","meta":{"footnotes":""},"categories":[7,8],"tags":[12,57,59,26,27,28],"class_list":["post-7091","post","type-post","status-publish","format-standard","has-post-thumbnail","hentry","category-notas-de-prensa","category-noticias","tag-artesescenicas","tag-cultura","tag-espana","tag-portugal","tag-premios","tag-premiosrosa"],"_links":{"self":[{"href":"https:\/\/www.feriadeteatro.com\/feria2022\/wp-json\/wp\/v2\/posts\/7091","targetHints":{"allow":["GET"]}}],"collection":[{"href":"https:\/\/www.feriadeteatro.com\/feria2022\/wp-json\/wp\/v2\/posts"}],"about":[{"href":"https:\/\/www.feriadeteatro.com\/feria2022\/wp-json\/wp\/v2\/types\/post"}],"author":[{"embeddable":true,"href":"https:\/\/www.feriadeteatro.com\/feria2022\/wp-json\/wp\/v2\/users\/2"}],"replies":[{"embeddable":true,"href":"https:\/\/www.feriadeteatro.com\/feria2022\/wp-json\/wp\/v2\/comments?post=7091"}],"version-history":[{"count":1,"href":"https:\/\/www.feriadeteatro.com\/feria2022\/wp-json\/wp\/v2\/posts\/7091\/revisions"}],"predecessor-version":[{"id":7093,"href":"https:\/\/www.feriadeteatro.com\/feria2022\/wp-json\/wp\/v2\/posts\/7091\/revisions\/7093"}],"wp:featuredmedia":[{"embeddable":true,"href":"https:\/\/www.feriadeteatro.com\/feria2022\/wp-json\/wp\/v2\/media\/7092"}],"wp:attachment":[{"href":"https:\/\/www.feriadeteatro.com\/feria2022\/wp-json\/wp\/v2\/media?parent=7091"}],"wp:term":[{"taxonomy":"category","embeddable":true,"href":"https:\/\/www.feriadeteatro.com\/feria2022\/wp-json\/wp\/v2\/categories?post=7091"},{"taxonomy":"post_tag","embeddable":true,"href":"https:\/\/www.feriadeteatro.com\/feria2022\/wp-json\/wp\/v2\/tags?post=7091"}],"curies":[{"name":"wp","href":"https:\/\/api.w.org\/{rel}","templated":true}]}}