{"id":7096,"date":"2022-05-16T10:15:28","date_gmt":"2022-05-16T10:15:28","guid":{"rendered":"https:\/\/www.feriadeteatro.com\/feria2022\/?p=7096"},"modified":"2022-05-16T10:16:03","modified_gmt":"2022-05-16T10:16:03","slug":"la-exposicion-invasion-escenica-monumental-de-la-feria-de-teatro-viaja-a-san-martin-del-castanar","status":"publish","type":"post","link":"https:\/\/www.feriadeteatro.com\/feria2022\/2022\/05\/16\/la-exposicion-invasion-escenica-monumental-de-la-feria-de-teatro-viaja-a-san-martin-del-castanar\/","title":{"rendered":"LA EXPOSICI\u00d3N \u201cINVASI\u00d3N ESC\u00c9NICA MONUMENTAL\u201d DE LA FERIA DE TEATRO VIAJA A SAN MART\u00cdN DEL CASTA\u00d1AR."},"content":{"rendered":"<p>La exposici\u00f3n, con m\u00e1s de 30 fotograf\u00edas, realizadas a lo largo de las distintas ediciones de la Feria por nuestro fot\u00f3grafo oficial Jos\u00e9 Vicente, realiza un recorrido por los escenarios m\u00e1s emblem\u00e1ticos de la Feria de Teatro de Ciudad Rodrigo realizando una conjunci\u00f3n perfecta con su maravilloso patrimonio monumental. <\/p>\n<p>Estar\u00e1 disponible hasta el 29 de mayo en la Sala de arte Bolosea del Castillo de la Biosfera de San Mart\u00edn del Casta\u00f1ar. Horario de Jueves a Domingo de 11.00h a 14.00h y de 17.00h a 20.00h. La entrada es gratuita.<\/p>\n","protected":false},"excerpt":{"rendered":"<p>La exposici\u00f3n, con m\u00e1s de 30 fotograf\u00edas, realizadas a lo largo de las distintas ediciones de la Feria [&hellip;]<\/p>\n","protected":false},"author":2,"featured_media":7097,"comment_status":"open","ping_status":"open","sticky":false,"template":"","format":"standard","meta":{"footnotes":""},"categories":[7,8],"tags":[12,61,57,58,60],"class_list":["post-7096","post","type-post","status-publish","format-standard","has-post-thumbnail","hentry","category-notas-de-prensa","category-noticias","tag-artesescenicas","tag-ciudadrodrigo","tag-cultura","tag-feriadeteatro","tag-patrimonioycultura"],"_links":{"self":[{"href":"https:\/\/www.feriadeteatro.com\/feria2022\/wp-json\/wp\/v2\/posts\/7096","targetHints":{"allow":["GET"]}}],"collection":[{"href":"https:\/\/www.feriadeteatro.com\/feria2022\/wp-json\/wp\/v2\/posts"}],"about":[{"href":"https:\/\/www.feriadeteatro.com\/feria2022\/wp-json\/wp\/v2\/types\/post"}],"author":[{"embeddable":true,"href":"https:\/\/www.feriadeteatro.com\/feria2022\/wp-json\/wp\/v2\/users\/2"}],"replies":[{"embeddable":true,"href":"https:\/\/www.feriadeteatro.com\/feria2022\/wp-json\/wp\/v2\/comments?post=7096"}],"version-history":[{"count":1,"href":"https:\/\/www.feriadeteatro.com\/feria2022\/wp-json\/wp\/v2\/posts\/7096\/revisions"}],"predecessor-version":[{"id":7098,"href":"https:\/\/www.feriadeteatro.com\/feria2022\/wp-json\/wp\/v2\/posts\/7096\/revisions\/7098"}],"wp:featuredmedia":[{"embeddable":true,"href":"https:\/\/www.feriadeteatro.com\/feria2022\/wp-json\/wp\/v2\/media\/7097"}],"wp:attachment":[{"href":"https:\/\/www.feriadeteatro.com\/feria2022\/wp-json\/wp\/v2\/media?parent=7096"}],"wp:term":[{"taxonomy":"category","embeddable":true,"href":"https:\/\/www.feriadeteatro.com\/feria2022\/wp-json\/wp\/v2\/categories?post=7096"},{"taxonomy":"post_tag","embeddable":true,"href":"https:\/\/www.feriadeteatro.com\/feria2022\/wp-json\/wp\/v2\/tags?post=7096"}],"curies":[{"name":"wp","href":"https:\/\/api.w.org\/{rel}","templated":true}]}}