{"id":7099,"date":"2022-05-16T10:20:43","date_gmt":"2022-05-16T10:20:43","guid":{"rendered":"https:\/\/www.feriadeteatro.com\/feria2022\/?p=7099"},"modified":"2022-05-16T10:20:55","modified_gmt":"2022-05-16T10:20:55","slug":"8-espectaculos-de-la-ultima-feria-han-obtenido-la-r-de-recomendados-por-redescena-y-3-espectaculos-de-circo-programados-por-la-feria-aparecen-en-el-catalogo-de-circo-circo-a-escena","status":"publish","type":"post","link":"https:\/\/www.feriadeteatro.com\/feria2022\/2022\/05\/16\/8-espectaculos-de-la-ultima-feria-han-obtenido-la-r-de-recomendados-por-redescena-y-3-espectaculos-de-circo-programados-por-la-feria-aparecen-en-el-catalogo-de-circo-circo-a-escena\/","title":{"rendered":"8 ESPECT\u00c1CULOS DE LA \u00daLTIMA FERIA HAN OBTENIDO LA R DE RECOMENDADOS POR REDESCENA. Y 3 ESPECT\u00c1CULOS DE CIRCO PROGRAMADOS POR LA FERIA APARECEN EN EL CAT\u00c1LOGO DE CIRCO, CIRCO A ESCENA"},"content":{"rendered":"<p>8 ESPECT\u00c1CULOS DE LA \u00daLTIMA FERIA HAN OBTENIDO LA R DE RECOMENDADOS POR REDESCENA. Y 3 ESPECT\u00c1CULOS DE CIRCO PROGRAMADOS POR LA FERIA APARECEN EN EL CAT\u00c1LOGO DE CIRCO, CIRCO A ESCENA<\/p>\n","protected":false},"excerpt":{"rendered":"<p>8 ESPECT\u00c1CULOS DE LA \u00daLTIMA FERIA HAN OBTENIDO LA R DE RECOMENDADOS POR REDESCENA. Y 3 ESPECT\u00c1CULOS DE [&hellip;]<\/p>\n","protected":false},"author":2,"featured_media":7100,"comment_status":"open","ping_status":"open","sticky":false,"template":"","format":"standard","meta":{"footnotes":""},"categories":[7,8],"tags":[12,13,29],"class_list":["post-7099","post","type-post","status-publish","format-standard","has-post-thumbnail","hentry","category-notas-de-prensa","category-noticias","tag-artesescenicas","tag-companias","tag-reconocmientos"],"_links":{"self":[{"href":"https:\/\/www.feriadeteatro.com\/feria2022\/wp-json\/wp\/v2\/posts\/7099","targetHints":{"allow":["GET"]}}],"collection":[{"href":"https:\/\/www.feriadeteatro.com\/feria2022\/wp-json\/wp\/v2\/posts"}],"about":[{"href":"https:\/\/www.feriadeteatro.com\/feria2022\/wp-json\/wp\/v2\/types\/post"}],"author":[{"embeddable":true,"href":"https:\/\/www.feriadeteatro.com\/feria2022\/wp-json\/wp\/v2\/users\/2"}],"replies":[{"embeddable":true,"href":"https:\/\/www.feriadeteatro.com\/feria2022\/wp-json\/wp\/v2\/comments?post=7099"}],"version-history":[{"count":1,"href":"https:\/\/www.feriadeteatro.com\/feria2022\/wp-json\/wp\/v2\/posts\/7099\/revisions"}],"predecessor-version":[{"id":7101,"href":"https:\/\/www.feriadeteatro.com\/feria2022\/wp-json\/wp\/v2\/posts\/7099\/revisions\/7101"}],"wp:featuredmedia":[{"embeddable":true,"href":"https:\/\/www.feriadeteatro.com\/feria2022\/wp-json\/wp\/v2\/media\/7100"}],"wp:attachment":[{"href":"https:\/\/www.feriadeteatro.com\/feria2022\/wp-json\/wp\/v2\/media?parent=7099"}],"wp:term":[{"taxonomy":"category","embeddable":true,"href":"https:\/\/www.feriadeteatro.com\/feria2022\/wp-json\/wp\/v2\/categories?post=7099"},{"taxonomy":"post_tag","embeddable":true,"href":"https:\/\/www.feriadeteatro.com\/feria2022\/wp-json\/wp\/v2\/tags?post=7099"}],"curies":[{"name":"wp","href":"https:\/\/api.w.org\/{rel}","templated":true}]}}